{"id":76481,"date":"2013-11-24T17:05:11","date_gmt":"2013-11-24T16:05:11","guid":{"rendered":"http:\/\/www.visit-ulcinj.com\/blog\/?p=76481"},"modified":"2013-11-25T17:56:20","modified_gmt":"2013-11-25T16:56:20","slug":"kuzhinieri-senad-malokraja-dekorohet-me-medaljen-e-bronzit-foto","status":"publish","type":"post","link":"https:\/\/www.visit-ulcinj.com\/blog\/2013\/11\/24\/kuzhinieri-senad-malokraja-dekorohet-me-medaljen-e-bronzit-foto\/","title":{"rendered":"Kuzhinieri Senad Malokraja dekorohet me medaljen e bronzit + Foto"},"content":{"rendered":"<p><a href=\"http:\/\/www.visit-ulcinj.com\/blog\/wp-content\/uploads\/2013\/11\/Senad-Malokraja-International-Sarajevo-Gastronomy-Festival-Bosanski-Dukat.jpg\"><img loading=\"lazy\" class=\"alignleft  wp-image-76482\" alt=\"Senad Malokraja-International Sarajevo Gastronomy Festival 'Bosanski Dukat\" src=\"http:\/\/www.visit-ulcinj.com\/blog\/wp-content\/uploads\/2013\/11\/Senad-Malokraja-International-Sarajevo-Gastronomy-Festival-Bosanski-Dukat.jpg\" width=\"508\" height=\"360\" \/><\/a>Me rastin e festivalit te dyte nderkombetar te gastronomis ne Sarajeve &#8220;Bosanski Dukat&#8221; mori pjese edhe kuzhinjeri jone ulqinak Senad Malokraja me Shoqaten e kuzhinjerve nga Mali i Zi, e cila u mundesua nga sponzori jone i njohur Cungu &amp; Co. Edhe pse pjesemarresit ishin pothuajse nga te gjitha vendet e Evropes, Senadi mori medaljen e bronzit per specialitetet e tij te kuzhines gurmet.<br \/>\n<a href=\"http:\/\/www.visit-ulcinj.com\/blog\/wp-content\/uploads\/2013\/11\/Senad-Malokraja-International-Sarajevo-Gastronomy-Festival-Bosanski-Dukat-1.jpg\"><img loading=\"lazy\" class=\"alignleft  wp-image-76483\" alt=\"Senad Malokraja-International Sarajevo Gastronomy Festival 'Bosanski Dukat-1\" src=\"http:\/\/www.visit-ulcinj.com\/blog\/wp-content\/uploads\/2013\/11\/Senad-Malokraja-International-Sarajevo-Gastronomy-Festival-Bosanski-Dukat-1.jpg\" width=\"508\" height=\"360\" \/><\/a><\/p>\n<p>FestivalI &#8221; International Sarajevo Gastronomy Festival &#8216;Bosanski Dukat&#8221; \u00ebsht\u00eb pjes\u00eb e muajit t\u00eb ushqimit t\u00eb mir\u00eb, t\u00eb organizuar n\u00eb Sarajeve gjat\u00eb muajit n\u00ebntor. Seri aktivitetesh, q\u00eb p\u00ebrfshijn\u00eb shfaqje gatimi me pjesmarrjen e shefave t\u00eb guzhin\u00ebs t\u00eb njohur bot\u00ebrisht, banketet e ushqimit me prodhime vendore dhe en\u00ebt prov\u00eb p\u00ebr pjesmarr\u00ebsit nga e gjith\u00eb bota. K\u00ebt\u00eb vit kuzhinieri i famsh\u00ebm Senad Malokraja \u00a0suprizoj\u00eb audienc\u00ebn me prova e surpriza ushqimi p\u00ebr t\u00eb zbuluar disa nga sekretet q\u00eb \u00e7uan at\u00eb n\u00eb krye t\u00eb shefave t\u00eb kuzhin\u00ebs.<\/p>\n<p>Kuzhinieri i njohur n\u00eb Senad Malokraja administron restorantin t\u00eb nivelit t\u00eb lart\u00eb n\u00eb Ulqin, restorantin &#8220;Grand&#8221;.\/Lajme nga Ulqini\/<br \/>\n<!--YouTube Error: bad URL entered--><br \/>\n\n\t\t<style type=\"text\/css\">\n\t\t\t#gallery-1 {\n\t\t\t\tmargin: auto;\n\t\t\t}\n\t\t\t#gallery-1 .gallery-item {\n\t\t\t\tfloat: left;\n\t\t\t\tmargin-top: 10px;\n\t\t\t\ttext-align: center;\n\t\t\t\twidth: 33%;\n\t\t\t}\n\t\t\t#gallery-1 img {\n\t\t\t\tborder: 2px solid #cfcfcf;\n\t\t\t}\n\t\t\t#gallery-1 .gallery-caption {\n\t\t\t\tmargin-left: 0;\n\t\t\t}\n\t\t\t\/* see gallery_shortcode() in wp-includes\/media.php *\/\n\t\t<\/style>\n\t\t<div id='gallery-1' class='gallery galleryid-76481 gallery-columns-3 gallery-size-thumbnail'><dl class='gallery-item'>\n\t\t\t<dt class='gallery-icon portrait'>\n\t\t\t\t<a href='https:\/\/www.visit-ulcinj.com\/blog\/2013\/11\/24\/kuzhinieri-senad-malokraja-dekorohet-me-medaljen-e-bronzit-foto\/senad-malokraja-international-sarajevo-gastronomy-festival-bosanski-dukat-2\/'><img width=\"150\" height=\"150\" src=\"https:\/\/www.visit-ulcinj.com\/blog\/wp-content\/uploads\/2013\/11\/Senad-Malokraja-International-Sarajevo-Gastronomy-Festival-Bosanski-Dukat-2-150x150.jpg\" class=\"attachment-thumbnail size-thumbnail\" alt=\"\" loading=\"lazy\" \/><\/a>\n\t\t\t<\/dt><\/dl><dl class='gallery-item'>\n\t\t\t<dt class='gallery-icon landscape'>\n\t\t\t\t<a href='https:\/\/www.visit-ulcinj.com\/blog\/2013\/11\/24\/kuzhinieri-senad-malokraja-dekorohet-me-medaljen-e-bronzit-foto\/senad-malokraja-international-sarajevo-gastronomy-festival-bosanski-dukat-3\/'><img width=\"150\" height=\"150\" src=\"https:\/\/www.visit-ulcinj.com\/blog\/wp-content\/uploads\/2013\/11\/Senad-Malokraja-International-Sarajevo-Gastronomy-Festival-Bosanski-Dukat-3-150x150.jpg\" class=\"attachment-thumbnail size-thumbnail\" alt=\"\" loading=\"lazy\" \/><\/a>\n\t\t\t<\/dt><\/dl><dl class='gallery-item'>\n\t\t\t<dt class='gallery-icon landscape'>\n\t\t\t\t<a href='https:\/\/www.visit-ulcinj.com\/blog\/2013\/11\/24\/kuzhinieri-senad-malokraja-dekorohet-me-medaljen-e-bronzit-foto\/senad-malokraja-international-sarajevo-gastronomy-festival-bosanski-dukat-4\/'><img width=\"150\" height=\"150\" src=\"https:\/\/www.visit-ulcinj.com\/blog\/wp-content\/uploads\/2013\/11\/Senad-Malokraja-International-Sarajevo-Gastronomy-Festival-Bosanski-Dukat-4-150x150.jpg\" class=\"attachment-thumbnail size-thumbnail\" alt=\"\" loading=\"lazy\" \/><\/a>\n\t\t\t<\/dt><\/dl><br style=\"clear: both\" \/><dl class='gallery-item'>\n\t\t\t<dt class='gallery-icon landscape'>\n\t\t\t\t<a href='https:\/\/www.visit-ulcinj.com\/blog\/2013\/11\/24\/kuzhinieri-senad-malokraja-dekorohet-me-medaljen-e-bronzit-foto\/senad-malokraja-international-sarajevo-gastronomy-festival-bosanski-dukat-5\/'><img width=\"150\" height=\"150\" src=\"https:\/\/www.visit-ulcinj.com\/blog\/wp-content\/uploads\/2013\/11\/Senad-Malokraja-International-Sarajevo-Gastronomy-Festival-Bosanski-Dukat-5-150x150.jpg\" class=\"attachment-thumbnail size-thumbnail\" alt=\"\" loading=\"lazy\" \/><\/a>\n\t\t\t<\/dt><\/dl><dl class='gallery-item'>\n\t\t\t<dt class='gallery-icon landscape'>\n\t\t\t\t<a href='https:\/\/www.visit-ulcinj.com\/blog\/2013\/11\/24\/kuzhinieri-senad-malokraja-dekorohet-me-medaljen-e-bronzit-foto\/senad-malokraja-international-sarajevo-gastronomy-festival-bosanski-dukat-6\/'><img width=\"150\" height=\"150\" src=\"https:\/\/www.visit-ulcinj.com\/blog\/wp-content\/uploads\/2013\/11\/Senad-Malokraja-International-Sarajevo-Gastronomy-Festival-Bosanski-Dukat-6-150x150.jpg\" class=\"attachment-thumbnail size-thumbnail\" alt=\"\" loading=\"lazy\" \/><\/a>\n\t\t\t<\/dt><\/dl><dl class='gallery-item'>\n\t\t\t<dt class='gallery-icon portrait'>\n\t\t\t\t<a href='https:\/\/www.visit-ulcinj.com\/blog\/2013\/11\/24\/kuzhinieri-senad-malokraja-dekorohet-me-medaljen-e-bronzit-foto\/senad-malokraja-international-sarajevo-gastronomy-festival-bosanski-dukat-7\/'><img width=\"150\" height=\"150\" src=\"https:\/\/www.visit-ulcinj.com\/blog\/wp-content\/uploads\/2013\/11\/Senad-Malokraja-International-Sarajevo-Gastronomy-Festival-Bosanski-Dukat-7-150x150.jpg\" class=\"attachment-thumbnail size-thumbnail\" alt=\"\" loading=\"lazy\" \/><\/a>\n\t\t\t<\/dt><\/dl><br style=\"clear: both\" \/><dl class='gallery-item'>\n\t\t\t<dt class='gallery-icon portrait'>\n\t\t\t\t<a href='https:\/\/www.visit-ulcinj.com\/blog\/2013\/11\/24\/kuzhinieri-senad-malokraja-dekorohet-me-medaljen-e-bronzit-foto\/senad-malokraja-international-sarajevo-gastronomy-festival-bosanski-dukat-8\/'><img width=\"150\" height=\"150\" src=\"https:\/\/www.visit-ulcinj.com\/blog\/wp-content\/uploads\/2013\/11\/Senad-Malokraja-International-Sarajevo-Gastronomy-Festival-Bosanski-Dukat-8-150x150.jpg\" class=\"attachment-thumbnail size-thumbnail\" alt=\"\" loading=\"lazy\" \/><\/a>\n\t\t\t<\/dt><\/dl><dl class='gallery-item'>\n\t\t\t<dt class='gallery-icon portrait'>\n\t\t\t\t<a href='https:\/\/www.visit-ulcinj.com\/blog\/2013\/11\/24\/kuzhinieri-senad-malokraja-dekorohet-me-medaljen-e-bronzit-foto\/senad-malokraja-international-sarajevo-gastronomy-festival-bosanski-dukat-9\/'><img width=\"150\" height=\"150\" src=\"https:\/\/www.visit-ulcinj.com\/blog\/wp-content\/uploads\/2013\/11\/Senad-Malokraja-International-Sarajevo-Gastronomy-Festival-Bosanski-Dukat-9-150x150.jpg\" class=\"attachment-thumbnail size-thumbnail\" alt=\"\" loading=\"lazy\" \/><\/a>\n\t\t\t<\/dt><\/dl><dl class='gallery-item'>\n\t\t\t<dt class='gallery-icon landscape'>\n\t\t\t\t<a href='https:\/\/www.visit-ulcinj.com\/blog\/2013\/11\/24\/kuzhinieri-senad-malokraja-dekorohet-me-medaljen-e-bronzit-foto\/senad-malokraja-international-sarajevo-gastronomy-festival-bosanski-dukat-10\/'><img width=\"150\" height=\"150\" src=\"https:\/\/www.visit-ulcinj.com\/blog\/wp-content\/uploads\/2013\/11\/Senad-Malokraja-International-Sarajevo-Gastronomy-Festival-Bosanski-Dukat-10-150x150.jpg\" class=\"attachment-thumbnail size-thumbnail\" alt=\"\" loading=\"lazy\" srcset=\"https:\/\/www.visit-ulcinj.com\/blog\/wp-content\/uploads\/2013\/11\/Senad-Malokraja-International-Sarajevo-Gastronomy-Festival-Bosanski-Dukat-10-150x150.jpg 150w, https:\/\/www.visit-ulcinj.com\/blog\/wp-content\/uploads\/2013\/11\/Senad-Malokraja-International-Sarajevo-Gastronomy-Festival-Bosanski-Dukat-10-300x300.jpg 300w, https:\/\/www.visit-ulcinj.com\/blog\/wp-content\/uploads\/2013\/11\/Senad-Malokraja-International-Sarajevo-Gastronomy-Festival-Bosanski-Dukat-10.jpg 960w\" sizes=\"(max-width: 150px) 100vw, 150px\" \/><\/a>\n\t\t\t<\/dt><\/dl><br style=\"clear: both\" \/>\n\t\t<\/div>\n<\/p>\n","protected":false},"excerpt":{"rendered":"<p>Me rastin e festivalit te dyte nderkombetar te gastronomis ne Sarajeve &#8220;Bosanski Dukat&#8221; mori pjese edhe kuzhinjeri jone ulqinak Senad Malokraja me Shoqaten e kuzhinjerve nga Mali i Zi, e cila u mundesua nga sponzori jone i njohur Cungu &amp; Co. Edhe pse pjesemarresit ishin pothuajse nga te gjitha vendet e Evropes, Senadi mori medaljen [&hellip;]<\/p>\n","protected":false},"author":1,"featured_media":0,"comment_status":"closed","ping_status":"closed","sticky":false,"template":"","format":"standard","meta":{"spay_email":"","jetpack_publicize_message":"","jetpack_is_tweetstorm":false,"jetpack_publicize_feature_enabled":true},"categories":[1,15],"tags":[],"jetpack_publicize_connections":[],"yoast_head":"<!-- This site is optimized with the Yoast SEO plugin v19.1 - https:\/\/yoast.com\/wordpress\/plugins\/seo\/ -->\n<title>Kuzhinieri Senad Malokraja dekorohet me medaljen e bronzit + Foto - Lajme nga Ulqini<\/title>\n<meta name=\"description\" content=\"Me rastin e festivalit te dyte nderkombetar te gastronomis ne Sarajeve &quot;Bosanski Dukat&quot; mori pjese edhe kuzhinjeri jone ulqinak Senad Malokraja me\" \/>\n<meta name=\"robots\" content=\"index, follow, max-snippet:-1, max-image-preview:large, max-video-preview:-1\" \/>\n<link rel=\"canonical\" href=\"https:\/\/www.visit-ulcinj.com\/blog\/2013\/11\/24\/kuzhinieri-senad-malokraja-dekorohet-me-medaljen-e-bronzit-foto\/\" \/>\n<meta property=\"og:locale\" content=\"en_US\" \/>\n<meta property=\"og:type\" content=\"article\" \/>\n<meta property=\"og:title\" content=\"Kuzhinieri Senad Malokraja dekorohet me medaljen e bronzit + Foto - Lajme nga Ulqini\" \/>\n<meta property=\"og:description\" content=\"Me rastin e festivalit te dyte nderkombetar te gastronomis ne Sarajeve &quot;Bosanski Dukat&quot; mori pjese edhe kuzhinjeri jone ulqinak Senad Malokraja me\" \/>\n<meta property=\"og:url\" content=\"https:\/\/www.visit-ulcinj.com\/blog\/2013\/11\/24\/kuzhinieri-senad-malokraja-dekorohet-me-medaljen-e-bronzit-foto\/\" \/>\n<meta property=\"og:site_name\" content=\"Lajme nga Ulqini\" \/>\n<meta property=\"article:published_time\" content=\"2013-11-24T16:05:11+00:00\" \/>\n<meta property=\"article:modified_time\" content=\"2013-11-25T16:56:20+00:00\" \/>\n<meta property=\"og:image\" content=\"https:\/\/www.visit-ulcinj.com\/blog\/wp-content\/uploads\/2013\/11\/Senad-Malokraja-International-Sarajevo-Gastronomy-Festival-Bosanski-Dukat-2-150x150.jpg\" \/>\n<meta name=\"twitter:label1\" content=\"Written by\" \/>\n\t<meta name=\"twitter:data1\" content=\"ulqini\" \/>\n\t<meta name=\"twitter:label2\" content=\"Est. reading time\" \/>\n\t<meta name=\"twitter:data2\" content=\"1 minute\" \/>\n<script type=\"application\/ld+json\" class=\"yoast-schema-graph\">{\"@context\":\"https:\/\/schema.org\",\"@graph\":[{\"@type\":\"WebSite\",\"@id\":\"https:\/\/www.visit-ulcinj.com\/blog\/#website\",\"url\":\"https:\/\/www.visit-ulcinj.com\/blog\/\",\"name\":\"Lajme nga Ulqini\",\"description\":\"Lajme,Vijesti,Ulqini,Ulqin,Crna Gora,Mali i Zi\",\"potentialAction\":[{\"@type\":\"SearchAction\",\"target\":{\"@type\":\"EntryPoint\",\"urlTemplate\":\"https:\/\/www.visit-ulcinj.com\/blog\/?s={search_term_string}\"},\"query-input\":\"required name=search_term_string\"}],\"inLanguage\":\"en-US\"},{\"@type\":\"ImageObject\",\"inLanguage\":\"en-US\",\"@id\":\"https:\/\/www.visit-ulcinj.com\/blog\/2013\/11\/24\/kuzhinieri-senad-malokraja-dekorohet-me-medaljen-e-bronzit-foto\/#primaryimage\",\"url\":\"https:\/\/www.visit-ulcinj.com\/blog\/wp-content\/uploads\/2013\/11\/Senad-Malokraja-International-Sarajevo-Gastronomy-Festival-Bosanski-Dukat.jpg\",\"contentUrl\":\"https:\/\/www.visit-ulcinj.com\/blog\/wp-content\/uploads\/2013\/11\/Senad-Malokraja-International-Sarajevo-Gastronomy-Festival-Bosanski-Dukat.jpg\",\"width\":960,\"height\":717},{\"@type\":\"WebPage\",\"@id\":\"https:\/\/www.visit-ulcinj.com\/blog\/2013\/11\/24\/kuzhinieri-senad-malokraja-dekorohet-me-medaljen-e-bronzit-foto\/#webpage\",\"url\":\"https:\/\/www.visit-ulcinj.com\/blog\/2013\/11\/24\/kuzhinieri-senad-malokraja-dekorohet-me-medaljen-e-bronzit-foto\/\",\"name\":\"Kuzhinieri Senad Malokraja dekorohet me medaljen e bronzit + Foto - Lajme nga Ulqini\",\"isPartOf\":{\"@id\":\"https:\/\/www.visit-ulcinj.com\/blog\/#website\"},\"primaryImageOfPage\":{\"@id\":\"https:\/\/www.visit-ulcinj.com\/blog\/2013\/11\/24\/kuzhinieri-senad-malokraja-dekorohet-me-medaljen-e-bronzit-foto\/#primaryimage\"},\"datePublished\":\"2013-11-24T16:05:11+00:00\",\"dateModified\":\"2013-11-25T16:56:20+00:00\",\"author\":{\"@id\":\"https:\/\/www.visit-ulcinj.com\/blog\/#\/schema\/person\/dcab619c614d3038751c63bc2aadc06d\"},\"description\":\"Me rastin e festivalit te dyte nderkombetar te gastronomis ne Sarajeve \\\"Bosanski Dukat\\\" mori pjese edhe kuzhinjeri jone ulqinak Senad Malokraja me\",\"breadcrumb\":{\"@id\":\"https:\/\/www.visit-ulcinj.com\/blog\/2013\/11\/24\/kuzhinieri-senad-malokraja-dekorohet-me-medaljen-e-bronzit-foto\/#breadcrumb\"},\"inLanguage\":\"en-US\",\"potentialAction\":[{\"@type\":\"ReadAction\",\"target\":[\"https:\/\/www.visit-ulcinj.com\/blog\/2013\/11\/24\/kuzhinieri-senad-malokraja-dekorohet-me-medaljen-e-bronzit-foto\/\"]}]},{\"@type\":\"BreadcrumbList\",\"@id\":\"https:\/\/www.visit-ulcinj.com\/blog\/2013\/11\/24\/kuzhinieri-senad-malokraja-dekorohet-me-medaljen-e-bronzit-foto\/#breadcrumb\",\"itemListElement\":[{\"@type\":\"ListItem\",\"position\":1,\"name\":\"Kuzhinieri Senad Malokraja dekorohet me medaljen e bronzit + Foto\"}]},{\"@type\":\"Person\",\"@id\":\"https:\/\/www.visit-ulcinj.com\/blog\/#\/schema\/person\/dcab619c614d3038751c63bc2aadc06d\",\"name\":\"ulqini\",\"sameAs\":[\"http:\/\/www.visit-ulcinj.com\"],\"url\":\"https:\/\/www.visit-ulcinj.com\/blog\/author\/admin\/\"}]}<\/script>\n<!-- \/ Yoast SEO plugin. -->","yoast_head_json":{"title":"Kuzhinieri Senad Malokraja dekorohet me medaljen e bronzit + Foto - Lajme nga Ulqini","description":"Me rastin e festivalit te dyte nderkombetar te gastronomis ne Sarajeve \"Bosanski Dukat\" mori pjese edhe kuzhinjeri jone ulqinak Senad Malokraja me","robots":{"index":"index","follow":"follow","max-snippet":"max-snippet:-1","max-image-preview":"max-image-preview:large","max-video-preview":"max-video-preview:-1"},"canonical":"https:\/\/www.visit-ulcinj.com\/blog\/2013\/11\/24\/kuzhinieri-senad-malokraja-dekorohet-me-medaljen-e-bronzit-foto\/","og_locale":"en_US","og_type":"article","og_title":"Kuzhinieri Senad Malokraja dekorohet me medaljen e bronzit + Foto - Lajme nga Ulqini","og_description":"Me rastin e festivalit te dyte nderkombetar te gastronomis ne Sarajeve \"Bosanski Dukat\" mori pjese edhe kuzhinjeri jone ulqinak Senad Malokraja me","og_url":"https:\/\/www.visit-ulcinj.com\/blog\/2013\/11\/24\/kuzhinieri-senad-malokraja-dekorohet-me-medaljen-e-bronzit-foto\/","og_site_name":"Lajme nga Ulqini","article_published_time":"2013-11-24T16:05:11+00:00","article_modified_time":"2013-11-25T16:56:20+00:00","og_image":[{"url":"https:\/\/www.visit-ulcinj.com\/blog\/wp-content\/uploads\/2013\/11\/Senad-Malokraja-International-Sarajevo-Gastronomy-Festival-Bosanski-Dukat-2-150x150.jpg"}],"twitter_misc":{"Written by":"ulqini","Est. reading time":"1 minute"},"schema":{"@context":"https:\/\/schema.org","@graph":[{"@type":"WebSite","@id":"https:\/\/www.visit-ulcinj.com\/blog\/#website","url":"https:\/\/www.visit-ulcinj.com\/blog\/","name":"Lajme nga Ulqini","description":"Lajme,Vijesti,Ulqini,Ulqin,Crna Gora,Mali i Zi","potentialAction":[{"@type":"SearchAction","target":{"@type":"EntryPoint","urlTemplate":"https:\/\/www.visit-ulcinj.com\/blog\/?s={search_term_string}"},"query-input":"required name=search_term_string"}],"inLanguage":"en-US"},{"@type":"ImageObject","inLanguage":"en-US","@id":"https:\/\/www.visit-ulcinj.com\/blog\/2013\/11\/24\/kuzhinieri-senad-malokraja-dekorohet-me-medaljen-e-bronzit-foto\/#primaryimage","url":"https:\/\/www.visit-ulcinj.com\/blog\/wp-content\/uploads\/2013\/11\/Senad-Malokraja-International-Sarajevo-Gastronomy-Festival-Bosanski-Dukat.jpg","contentUrl":"https:\/\/www.visit-ulcinj.com\/blog\/wp-content\/uploads\/2013\/11\/Senad-Malokraja-International-Sarajevo-Gastronomy-Festival-Bosanski-Dukat.jpg","width":960,"height":717},{"@type":"WebPage","@id":"https:\/\/www.visit-ulcinj.com\/blog\/2013\/11\/24\/kuzhinieri-senad-malokraja-dekorohet-me-medaljen-e-bronzit-foto\/#webpage","url":"https:\/\/www.visit-ulcinj.com\/blog\/2013\/11\/24\/kuzhinieri-senad-malokraja-dekorohet-me-medaljen-e-bronzit-foto\/","name":"Kuzhinieri Senad Malokraja dekorohet me medaljen e bronzit + Foto - Lajme nga Ulqini","isPartOf":{"@id":"https:\/\/www.visit-ulcinj.com\/blog\/#website"},"primaryImageOfPage":{"@id":"https:\/\/www.visit-ulcinj.com\/blog\/2013\/11\/24\/kuzhinieri-senad-malokraja-dekorohet-me-medaljen-e-bronzit-foto\/#primaryimage"},"datePublished":"2013-11-24T16:05:11+00:00","dateModified":"2013-11-25T16:56:20+00:00","author":{"@id":"https:\/\/www.visit-ulcinj.com\/blog\/#\/schema\/person\/dcab619c614d3038751c63bc2aadc06d"},"description":"Me rastin e festivalit te dyte nderkombetar te gastronomis ne Sarajeve \"Bosanski Dukat\" mori pjese edhe kuzhinjeri jone ulqinak Senad Malokraja me","breadcrumb":{"@id":"https:\/\/www.visit-ulcinj.com\/blog\/2013\/11\/24\/kuzhinieri-senad-malokraja-dekorohet-me-medaljen-e-bronzit-foto\/#breadcrumb"},"inLanguage":"en-US","potentialAction":[{"@type":"ReadAction","target":["https:\/\/www.visit-ulcinj.com\/blog\/2013\/11\/24\/kuzhinieri-senad-malokraja-dekorohet-me-medaljen-e-bronzit-foto\/"]}]},{"@type":"BreadcrumbList","@id":"https:\/\/www.visit-ulcinj.com\/blog\/2013\/11\/24\/kuzhinieri-senad-malokraja-dekorohet-me-medaljen-e-bronzit-foto\/#breadcrumb","itemListElement":[{"@type":"ListItem","position":1,"name":"Kuzhinieri Senad Malokraja dekorohet me medaljen e bronzit + Foto"}]},{"@type":"Person","@id":"https:\/\/www.visit-ulcinj.com\/blog\/#\/schema\/person\/dcab619c614d3038751c63bc2aadc06d","name":"ulqini","sameAs":["http:\/\/www.visit-ulcinj.com"],"url":"https:\/\/www.visit-ulcinj.com\/blog\/author\/admin\/"}]}},"jetpack_featured_media_url":"","jetpack_sharing_enabled":true,"jetpack_shortlink":"https:\/\/wp.me\/pe6lTn-jTz","_links":{"self":[{"href":"https:\/\/www.visit-ulcinj.com\/blog\/wp-json\/wp\/v2\/posts\/76481"}],"collection":[{"href":"https:\/\/www.visit-ulcinj.com\/blog\/wp-json\/wp\/v2\/posts"}],"about":[{"href":"https:\/\/www.visit-ulcinj.com\/blog\/wp-json\/wp\/v2\/types\/post"}],"author":[{"embeddable":true,"href":"https:\/\/www.visit-ulcinj.com\/blog\/wp-json\/wp\/v2\/users\/1"}],"replies":[{"embeddable":true,"href":"https:\/\/www.visit-ulcinj.com\/blog\/wp-json\/wp\/v2\/comments?post=76481"}],"version-history":[{"count":3,"href":"https:\/\/www.visit-ulcinj.com\/blog\/wp-json\/wp\/v2\/posts\/76481\/revisions"}],"predecessor-version":[{"id":76509,"href":"https:\/\/www.visit-ulcinj.com\/blog\/wp-json\/wp\/v2\/posts\/76481\/revisions\/76509"}],"wp:attachment":[{"href":"https:\/\/www.visit-ulcinj.com\/blog\/wp-json\/wp\/v2\/media?parent=76481"}],"wp:term":[{"taxonomy":"category","embeddable":true,"href":"https:\/\/www.visit-ulcinj.com\/blog\/wp-json\/wp\/v2\/categories?post=76481"},{"taxonomy":"post_tag","embeddable":true,"href":"https:\/\/www.visit-ulcinj.com\/blog\/wp-json\/wp\/v2\/tags?post=76481"}],"curies":[{"name":"wp","href":"https:\/\/api.w.org\/{rel}","templated":true}]}}