{"id":76495,"date":"2013-11-24T17:15:22","date_gmt":"2013-11-24T16:15:22","guid":{"rendered":"http:\/\/www.visit-ulcinj.com\/blog\/?p=76495"},"modified":"2013-11-24T17:16:05","modified_gmt":"2013-11-24T16:16:05","slug":"plakati-ja-sam-bitanga-osvanuli-na-ulicama-podgorice-bara-ulcinja-tuzi","status":"publish","type":"post","link":"https:\/\/www.visit-ulcinj.com\/blog\/2013\/11\/24\/plakati-ja-sam-bitanga-osvanuli-na-ulicama-podgorice-bara-ulcinja-tuzi\/","title":{"rendered":"Plakati &#8220;I ja sam bitanga&#8221; osvanuli na ulicama Podgorice, Bara, Ulcinja i Tuzi"},"content":{"rendered":"<p>Podgorica, Bar, Ulcinj i Tuzi osvanuli su 23. novembra oblijepljeni plakatima sa porukom \u201cI ja sam bitanga\u201d kao odgovor na to \u0161to je premijer Milo \u0110ukanovi\u0107 na premijerskom satu bitangom nazvao Poslanika Pozitivne Crne Gore Dritana Abazovi\u0107a.<\/p>\n<p>&#8220;Vijesti nedjeljom&#8221; nisu mogle da od Pozitivne dobiju potvrdu da li je lijepljenje ovih poruka djelo njihovih aktivista.<\/p>\n<p>Tako se mo\u017ee zaklju\u010diti s obzirom da su plakati \u0161tampani u narand\u017eastoj boji koja je za\u0161titni znak Pozitvne Crne Gore.<\/p>\n<p><strong><a href=\"http:\/\/www.vijesti.me\/\">Izvor: Vijesti online<\/a><\/strong><\/p>\n\n\t\t<style type=\"text\/css\">\n\t\t\t#gallery-1 {\n\t\t\t\tmargin: auto;\n\t\t\t}\n\t\t\t#gallery-1 .gallery-item {\n\t\t\t\tfloat: left;\n\t\t\t\tmargin-top: 10px;\n\t\t\t\ttext-align: center;\n\t\t\t\twidth: 33%;\n\t\t\t}\n\t\t\t#gallery-1 img {\n\t\t\t\tborder: 2px solid #cfcfcf;\n\t\t\t}\n\t\t\t#gallery-1 .gallery-caption {\n\t\t\t\tmargin-left: 0;\n\t\t\t}\n\t\t\t\/* see gallery_shortcode() in wp-includes\/media.php *\/\n\t\t<\/style>\n\t\t<div id='gallery-1' class='gallery galleryid-76495 gallery-columns-3 gallery-size-thumbnail'><dl class='gallery-item'>\n\t\t\t<dt class='gallery-icon portrait'>\n\t\t\t\t<a href='https:\/\/www.visit-ulcinj.com\/blog\/2013\/11\/24\/plakati-ja-sam-bitanga-osvanuli-na-ulicama-podgorice-bara-ulcinja-tuzi\/plakati-podrske-abazovicu\/'><img width=\"150\" height=\"150\" src=\"https:\/\/www.visit-ulcinj.com\/blog\/wp-content\/uploads\/2013\/11\/Plakati-podrske-Abazovicu-150x150.jpg\" class=\"attachment-thumbnail size-thumbnail\" alt=\"\" loading=\"lazy\" \/><\/a>\n\t\t\t<\/dt><\/dl><dl class='gallery-item'>\n\t\t\t<dt class='gallery-icon portrait'>\n\t\t\t\t<a href='https:\/\/www.visit-ulcinj.com\/blog\/2013\/11\/24\/plakati-ja-sam-bitanga-osvanuli-na-ulicama-podgorice-bara-ulcinja-tuzi\/plakati-podrske-abazovicu-2\/'><img width=\"150\" height=\"150\" src=\"https:\/\/www.visit-ulcinj.com\/blog\/wp-content\/uploads\/2013\/11\/Plakati-podrske-Abazovicu-2-150x150.jpg\" class=\"attachment-thumbnail size-thumbnail\" alt=\"\" loading=\"lazy\" \/><\/a>\n\t\t\t<\/dt><\/dl><dl class='gallery-item'>\n\t\t\t<dt class='gallery-icon portrait'>\n\t\t\t\t<a href='https:\/\/www.visit-ulcinj.com\/blog\/2013\/11\/24\/plakati-ja-sam-bitanga-osvanuli-na-ulicama-podgorice-bara-ulcinja-tuzi\/plakati-podrske-abazovicu-1\/'><img width=\"150\" height=\"150\" src=\"https:\/\/www.visit-ulcinj.com\/blog\/wp-content\/uploads\/2013\/11\/Plakati-podrske-Abazovicu-1-150x150.jpg\" class=\"attachment-thumbnail size-thumbnail\" alt=\"\" loading=\"lazy\" \/><\/a>\n\t\t\t<\/dt><\/dl><br style=\"clear: both\" \/>\n\t\t<\/div>\n\n","protected":false},"excerpt":{"rendered":"<p>Podgorica, Bar, Ulcinj i Tuzi osvanuli su 23. novembra oblijepljeni plakatima sa porukom \u201cI ja sam bitanga\u201d kao odgovor na to \u0161to je premijer Milo \u0110ukanovi\u0107 na premijerskom satu bitangom nazvao Poslanika Pozitivne Crne Gore Dritana Abazovi\u0107a. &#8220;Vijesti nedjeljom&#8221; nisu mogle da od Pozitivne dobiju potvrdu da li je lijepljenje ovih poruka djelo njihovih aktivista. [&hellip;]<\/p>\n","protected":false},"author":1,"featured_media":0,"comment_status":"closed","ping_status":"closed","sticky":false,"template":"","format":"standard","meta":{"spay_email":"","jetpack_publicize_message":"","jetpack_is_tweetstorm":false,"jetpack_publicize_feature_enabled":true},"categories":[8337],"tags":[],"jetpack_publicize_connections":[],"yoast_head":"<!-- This site is optimized with the Yoast SEO plugin v19.1 - https:\/\/yoast.com\/wordpress\/plugins\/seo\/ -->\n<title>Plakati &quot;I ja sam bitanga&quot; osvanuli na ulicama Podgorice, Bara, Ulcinja i Tuzi - Lajme nga Ulqini<\/title>\n<meta name=\"description\" content=\"Podgorica, Bar, Ulcinj i Tuzi osvanuli su 23. novembra oblijepljeni plakatima sa porukom \u201cI ja sam bitanga\u201d kao odgovor na to \u0161to je premijer Milo\" \/>\n<meta name=\"robots\" content=\"index, follow, max-snippet:-1, max-image-preview:large, max-video-preview:-1\" \/>\n<link rel=\"canonical\" href=\"https:\/\/www.visit-ulcinj.com\/blog\/2013\/11\/24\/plakati-ja-sam-bitanga-osvanuli-na-ulicama-podgorice-bara-ulcinja-tuzi\/\" \/>\n<meta property=\"og:locale\" content=\"en_US\" \/>\n<meta property=\"og:type\" content=\"article\" \/>\n<meta property=\"og:title\" content=\"Plakati &quot;I ja sam bitanga&quot; osvanuli na ulicama Podgorice, Bara, Ulcinja i Tuzi - Lajme nga Ulqini\" \/>\n<meta property=\"og:description\" content=\"Podgorica, Bar, Ulcinj i Tuzi osvanuli su 23. novembra oblijepljeni plakatima sa porukom \u201cI ja sam bitanga\u201d kao odgovor na to \u0161to je premijer Milo\" \/>\n<meta property=\"og:url\" content=\"https:\/\/www.visit-ulcinj.com\/blog\/2013\/11\/24\/plakati-ja-sam-bitanga-osvanuli-na-ulicama-podgorice-bara-ulcinja-tuzi\/\" \/>\n<meta property=\"og:site_name\" content=\"Lajme nga Ulqini\" \/>\n<meta property=\"article:published_time\" content=\"2013-11-24T16:15:22+00:00\" \/>\n<meta property=\"article:modified_time\" content=\"2013-11-24T16:16:05+00:00\" \/>\n<meta property=\"og:image\" content=\"https:\/\/www.visit-ulcinj.com\/blog\/wp-content\/uploads\/2013\/11\/Plakati-podrske-Abazovicu-150x150.jpg\" \/>\n<meta name=\"twitter:label1\" content=\"Written by\" \/>\n\t<meta name=\"twitter:data1\" content=\"ulqini\" \/>\n<script type=\"application\/ld+json\" class=\"yoast-schema-graph\">{\"@context\":\"https:\/\/schema.org\",\"@graph\":[{\"@type\":\"WebSite\",\"@id\":\"https:\/\/www.visit-ulcinj.com\/blog\/#website\",\"url\":\"https:\/\/www.visit-ulcinj.com\/blog\/\",\"name\":\"Lajme nga Ulqini\",\"description\":\"Lajme,Vijesti,Ulqini,Ulqin,Crna Gora,Mali i Zi\",\"potentialAction\":[{\"@type\":\"SearchAction\",\"target\":{\"@type\":\"EntryPoint\",\"urlTemplate\":\"https:\/\/www.visit-ulcinj.com\/blog\/?s={search_term_string}\"},\"query-input\":\"required name=search_term_string\"}],\"inLanguage\":\"en-US\"},{\"@type\":\"WebPage\",\"@id\":\"https:\/\/www.visit-ulcinj.com\/blog\/2013\/11\/24\/plakati-ja-sam-bitanga-osvanuli-na-ulicama-podgorice-bara-ulcinja-tuzi\/#webpage\",\"url\":\"https:\/\/www.visit-ulcinj.com\/blog\/2013\/11\/24\/plakati-ja-sam-bitanga-osvanuli-na-ulicama-podgorice-bara-ulcinja-tuzi\/\",\"name\":\"Plakati \\\"I ja sam bitanga\\\" osvanuli na ulicama Podgorice, Bara, Ulcinja i Tuzi - Lajme nga Ulqini\",\"isPartOf\":{\"@id\":\"https:\/\/www.visit-ulcinj.com\/blog\/#website\"},\"datePublished\":\"2013-11-24T16:15:22+00:00\",\"dateModified\":\"2013-11-24T16:16:05+00:00\",\"author\":{\"@id\":\"https:\/\/www.visit-ulcinj.com\/blog\/#\/schema\/person\/dcab619c614d3038751c63bc2aadc06d\"},\"description\":\"Podgorica, Bar, Ulcinj i Tuzi osvanuli su 23. novembra oblijepljeni plakatima sa porukom \u201cI ja sam bitanga\u201d kao odgovor na to \u0161to je premijer Milo\",\"breadcrumb\":{\"@id\":\"https:\/\/www.visit-ulcinj.com\/blog\/2013\/11\/24\/plakati-ja-sam-bitanga-osvanuli-na-ulicama-podgorice-bara-ulcinja-tuzi\/#breadcrumb\"},\"inLanguage\":\"en-US\",\"potentialAction\":[{\"@type\":\"ReadAction\",\"target\":[\"https:\/\/www.visit-ulcinj.com\/blog\/2013\/11\/24\/plakati-ja-sam-bitanga-osvanuli-na-ulicama-podgorice-bara-ulcinja-tuzi\/\"]}]},{\"@type\":\"BreadcrumbList\",\"@id\":\"https:\/\/www.visit-ulcinj.com\/blog\/2013\/11\/24\/plakati-ja-sam-bitanga-osvanuli-na-ulicama-podgorice-bara-ulcinja-tuzi\/#breadcrumb\",\"itemListElement\":[{\"@type\":\"ListItem\",\"position\":1,\"name\":\"Plakati &#8220;I ja sam bitanga&#8221; osvanuli na ulicama Podgorice, Bara, Ulcinja i Tuzi\"}]},{\"@type\":\"Person\",\"@id\":\"https:\/\/www.visit-ulcinj.com\/blog\/#\/schema\/person\/dcab619c614d3038751c63bc2aadc06d\",\"name\":\"ulqini\",\"sameAs\":[\"http:\/\/www.visit-ulcinj.com\"],\"url\":\"https:\/\/www.visit-ulcinj.com\/blog\/author\/admin\/\"}]}<\/script>\n<!-- \/ Yoast SEO plugin. -->","yoast_head_json":{"title":"Plakati \"I ja sam bitanga\" osvanuli na ulicama Podgorice, Bara, Ulcinja i Tuzi - Lajme nga Ulqini","description":"Podgorica, Bar, Ulcinj i Tuzi osvanuli su 23. novembra oblijepljeni plakatima sa porukom \u201cI ja sam bitanga\u201d kao odgovor na to \u0161to je premijer Milo","robots":{"index":"index","follow":"follow","max-snippet":"max-snippet:-1","max-image-preview":"max-image-preview:large","max-video-preview":"max-video-preview:-1"},"canonical":"https:\/\/www.visit-ulcinj.com\/blog\/2013\/11\/24\/plakati-ja-sam-bitanga-osvanuli-na-ulicama-podgorice-bara-ulcinja-tuzi\/","og_locale":"en_US","og_type":"article","og_title":"Plakati \"I ja sam bitanga\" osvanuli na ulicama Podgorice, Bara, Ulcinja i Tuzi - Lajme nga Ulqini","og_description":"Podgorica, Bar, Ulcinj i Tuzi osvanuli su 23. novembra oblijepljeni plakatima sa porukom \u201cI ja sam bitanga\u201d kao odgovor na to \u0161to je premijer Milo","og_url":"https:\/\/www.visit-ulcinj.com\/blog\/2013\/11\/24\/plakati-ja-sam-bitanga-osvanuli-na-ulicama-podgorice-bara-ulcinja-tuzi\/","og_site_name":"Lajme nga Ulqini","article_published_time":"2013-11-24T16:15:22+00:00","article_modified_time":"2013-11-24T16:16:05+00:00","og_image":[{"url":"https:\/\/www.visit-ulcinj.com\/blog\/wp-content\/uploads\/2013\/11\/Plakati-podrske-Abazovicu-150x150.jpg"}],"twitter_misc":{"Written by":"ulqini"},"schema":{"@context":"https:\/\/schema.org","@graph":[{"@type":"WebSite","@id":"https:\/\/www.visit-ulcinj.com\/blog\/#website","url":"https:\/\/www.visit-ulcinj.com\/blog\/","name":"Lajme nga Ulqini","description":"Lajme,Vijesti,Ulqini,Ulqin,Crna Gora,Mali i Zi","potentialAction":[{"@type":"SearchAction","target":{"@type":"EntryPoint","urlTemplate":"https:\/\/www.visit-ulcinj.com\/blog\/?s={search_term_string}"},"query-input":"required name=search_term_string"}],"inLanguage":"en-US"},{"@type":"WebPage","@id":"https:\/\/www.visit-ulcinj.com\/blog\/2013\/11\/24\/plakati-ja-sam-bitanga-osvanuli-na-ulicama-podgorice-bara-ulcinja-tuzi\/#webpage","url":"https:\/\/www.visit-ulcinj.com\/blog\/2013\/11\/24\/plakati-ja-sam-bitanga-osvanuli-na-ulicama-podgorice-bara-ulcinja-tuzi\/","name":"Plakati \"I ja sam bitanga\" osvanuli na ulicama Podgorice, Bara, Ulcinja i Tuzi - Lajme nga Ulqini","isPartOf":{"@id":"https:\/\/www.visit-ulcinj.com\/blog\/#website"},"datePublished":"2013-11-24T16:15:22+00:00","dateModified":"2013-11-24T16:16:05+00:00","author":{"@id":"https:\/\/www.visit-ulcinj.com\/blog\/#\/schema\/person\/dcab619c614d3038751c63bc2aadc06d"},"description":"Podgorica, Bar, Ulcinj i Tuzi osvanuli su 23. novembra oblijepljeni plakatima sa porukom \u201cI ja sam bitanga\u201d kao odgovor na to \u0161to je premijer Milo","breadcrumb":{"@id":"https:\/\/www.visit-ulcinj.com\/blog\/2013\/11\/24\/plakati-ja-sam-bitanga-osvanuli-na-ulicama-podgorice-bara-ulcinja-tuzi\/#breadcrumb"},"inLanguage":"en-US","potentialAction":[{"@type":"ReadAction","target":["https:\/\/www.visit-ulcinj.com\/blog\/2013\/11\/24\/plakati-ja-sam-bitanga-osvanuli-na-ulicama-podgorice-bara-ulcinja-tuzi\/"]}]},{"@type":"BreadcrumbList","@id":"https:\/\/www.visit-ulcinj.com\/blog\/2013\/11\/24\/plakati-ja-sam-bitanga-osvanuli-na-ulicama-podgorice-bara-ulcinja-tuzi\/#breadcrumb","itemListElement":[{"@type":"ListItem","position":1,"name":"Plakati &#8220;I ja sam bitanga&#8221; osvanuli na ulicama Podgorice, Bara, Ulcinja i Tuzi"}]},{"@type":"Person","@id":"https:\/\/www.visit-ulcinj.com\/blog\/#\/schema\/person\/dcab619c614d3038751c63bc2aadc06d","name":"ulqini","sameAs":["http:\/\/www.visit-ulcinj.com"],"url":"https:\/\/www.visit-ulcinj.com\/blog\/author\/admin\/"}]}},"jetpack_featured_media_url":"","jetpack_sharing_enabled":true,"jetpack_shortlink":"https:\/\/wp.me\/pe6lTn-jTN","_links":{"self":[{"href":"https:\/\/www.visit-ulcinj.com\/blog\/wp-json\/wp\/v2\/posts\/76495"}],"collection":[{"href":"https:\/\/www.visit-ulcinj.com\/blog\/wp-json\/wp\/v2\/posts"}],"about":[{"href":"https:\/\/www.visit-ulcinj.com\/blog\/wp-json\/wp\/v2\/types\/post"}],"author":[{"embeddable":true,"href":"https:\/\/www.visit-ulcinj.com\/blog\/wp-json\/wp\/v2\/users\/1"}],"replies":[{"embeddable":true,"href":"https:\/\/www.visit-ulcinj.com\/blog\/wp-json\/wp\/v2\/comments?post=76495"}],"version-history":[{"count":2,"href":"https:\/\/www.visit-ulcinj.com\/blog\/wp-json\/wp\/v2\/posts\/76495\/revisions"}],"predecessor-version":[{"id":76500,"href":"https:\/\/www.visit-ulcinj.com\/blog\/wp-json\/wp\/v2\/posts\/76495\/revisions\/76500"}],"wp:attachment":[{"href":"https:\/\/www.visit-ulcinj.com\/blog\/wp-json\/wp\/v2\/media?parent=76495"}],"wp:term":[{"taxonomy":"category","embeddable":true,"href":"https:\/\/www.visit-ulcinj.com\/blog\/wp-json\/wp\/v2\/categories?post=76495"},{"taxonomy":"post_tag","embeddable":true,"href":"https:\/\/www.visit-ulcinj.com\/blog\/wp-json\/wp\/v2\/tags?post=76495"}],"curies":[{"name":"wp","href":"https:\/\/api.w.org\/{rel}","templated":true}]}}