{"id":76510,"date":"2013-11-24T21:04:08","date_gmt":"2013-11-24T20:04:08","guid":{"rendered":"http:\/\/www.visit-ulcinj.com\/blog\/?p=76510"},"modified":"2013-11-24T21:04:08","modified_gmt":"2013-11-24T20:04:08","slug":"nimanbegu-zastave-bez-zabrane","status":"publish","type":"post","link":"https:\/\/www.visit-ulcinj.com\/blog\/2013\/11\/24\/nimanbegu-zastave-bez-zabrane\/","title":{"rendered":"Nimanbegu: Zastave bez zabrane"},"content":{"rendered":"<p><a href=\"http:\/\/www.visit-ulcinj.com\/blog\/wp-content\/uploads\/2013\/11\/Genci-Nimanbegu-albanska-zastava.jpg\"><img loading=\"lazy\" class=\"alignleft  wp-image-76511\" alt=\"Genci-Nimanbegu-albanska-zastava\" src=\"http:\/\/www.visit-ulcinj.com\/blog\/wp-content\/uploads\/2013\/11\/Genci-Nimanbegu-albanska-zastava.jpg\" width=\"508\" height=\"360\" \/><\/a>Nacionalni savjet Albanaca zatra\u017eio je da se zakonom defini\u0161e da je upotreba nacionalnih simbola slobodna i bez ikakvih ograni\u010denja. To je u primjedbama na Nacrt zakona o izboru, upotrebi i javnom isticanju nacionalnih simbola naveo predsjednik Nacionalnog savjeta Albanaca Genci Nimanbegu.<br \/>\nOn smatra da etalon grba i zastave treba da utvrdi Nacionalni savjet i da se zakonom propi\u0161e da se ta odluka ne mo\u017ee promijeniti ili potvr\u0111ivati u bilo kojem drugom organu.<br \/>\n\u2013 Ograni\u010denje upotrebe u jedinicama lokalne samouprave uvo\u0111enjem procenata dovelo bi do diskriminacije me\u0111u pripadnicima manjinskih nacionalnih zajednica. Stoga smatramo da treba uvesti kriterijum autohtonosti nacionalne zajednice. U slu\u010daju Albanaca to su op\u0161tine Ulcinj, Bar, Podgorica \u2013 do punopravnosti op\u0161tine Tuzi, Plav i Ro\u017eaje \u2013 istakao je Nimanbegu.<br \/>\nPo njegovom sudu upotrebu nacionalnih simbola treba uvesti kao imperativnu i u ekspoziturama dr\u017eavnih organa, u obrazovnim ustanovama i lokalnim upravama gdje je jedna nacionalna manjinska zajednica autohtona.<br \/>\n\u2013 Institucije lokalne samouprave i dr\u017eavnih organa treba da imaju obavezu isticanja nacionalnih simbola i protiv odgovornih lica koja ne primjenjuju zakon predvidjeti da podle\u017eu proceduri smjenjivanja sa rukovode\u0107eg mjesta \u2013 predla\u017ee Nimanbegu.<br \/>\nSmatra da treba predvidjeti i isticanje nacionalnih simbola u Skup\u0161tini. Iz Hrvatskog nacionalnog vije\u0107a (HNV) imaju primjedbu na previsok procenat od 15 odsto u\u010de\u0161\u0107a manjinskog naroda u ukupnom stanovni\u0161tvu u lokalnim sredinama koji je postavljen kao uslov za upotrebu i isticanje nacionalnih simbola. Predlo\u017eili su da taj procenat bude pet odsto.<br \/>\nPredsjednik Matice muslimanske Avdul Kurpejovi\u0107 predlo\u017eio je da se zakonom, kao \u0161to je slu\u010daj i sa va\u017ee\u0107im, zabrani preuzimanje dr\u017eavnih simbola drugih dr\u017eava za simbole manjinskog naroda, bez obzira \u0161to u tim dr\u017eavama \u017eivi ve\u0107i broj pripadnika neke nacionalnosti, odnosno manjinskog naroda.<\/p>\n<p><strong>V.R.<\/strong><br \/>\n<strong>Izvor: DAN<\/strong><\/p>\n","protected":false},"excerpt":{"rendered":"<p>Nacionalni savjet Albanaca zatra\u017eio je da se zakonom defini\u0161e da je upotreba nacionalnih simbola slobodna i bez ikakvih ograni\u010denja. To je u primjedbama na Nacrt zakona o izboru, upotrebi i javnom isticanju nacionalnih simbola naveo predsjednik Nacionalnog savjeta Albanaca Genci Nimanbegu. On smatra da etalon grba i zastave treba da utvrdi Nacionalni savjet i da [&hellip;]<\/p>\n","protected":false},"author":1,"featured_media":0,"comment_status":"closed","ping_status":"closed","sticky":false,"template":"","format":"standard","meta":{"spay_email":"","jetpack_publicize_message":"","jetpack_is_tweetstorm":false,"jetpack_publicize_feature_enabled":true},"categories":[8337],"tags":[],"jetpack_publicize_connections":[],"yoast_head":"<!-- This site is optimized with the Yoast SEO plugin v19.1 - https:\/\/yoast.com\/wordpress\/plugins\/seo\/ -->\n<title>Nimanbegu: Zastave bez zabrane - Lajme nga Ulqini<\/title>\n<meta name=\"description\" content=\"Nacionalni savjet Albanaca zatra\u017eio je da se zakonom defini\u0161e da je upotreba nacionalnih simbola slobodna i bez ikakvih ograni\u010denja. To je u primjedbama\" \/>\n<meta name=\"robots\" content=\"index, follow, max-snippet:-1, max-image-preview:large, max-video-preview:-1\" \/>\n<link rel=\"canonical\" href=\"https:\/\/www.visit-ulcinj.com\/blog\/2013\/11\/24\/nimanbegu-zastave-bez-zabrane\/\" \/>\n<meta property=\"og:locale\" content=\"en_US\" \/>\n<meta property=\"og:type\" content=\"article\" \/>\n<meta property=\"og:title\" content=\"Nimanbegu: Zastave bez zabrane - Lajme nga Ulqini\" \/>\n<meta property=\"og:description\" content=\"Nacionalni savjet Albanaca zatra\u017eio je da se zakonom defini\u0161e da je upotreba nacionalnih simbola slobodna i bez ikakvih ograni\u010denja. To je u primjedbama\" \/>\n<meta property=\"og:url\" content=\"https:\/\/www.visit-ulcinj.com\/blog\/2013\/11\/24\/nimanbegu-zastave-bez-zabrane\/\" \/>\n<meta property=\"og:site_name\" content=\"Lajme nga Ulqini\" \/>\n<meta property=\"article:published_time\" content=\"2013-11-24T20:04:08+00:00\" \/>\n<meta property=\"og:image\" content=\"http:\/\/www.visit-ulcinj.com\/blog\/wp-content\/uploads\/2013\/11\/Genci-Nimanbegu-albanska-zastava.jpg\" \/>\n<meta name=\"twitter:label1\" content=\"Written by\" \/>\n\t<meta name=\"twitter:data1\" content=\"ulqini\" \/>\n\t<meta name=\"twitter:label2\" content=\"Est. reading time\" \/>\n\t<meta name=\"twitter:data2\" content=\"2 minutes\" \/>\n<script type=\"application\/ld+json\" class=\"yoast-schema-graph\">{\"@context\":\"https:\/\/schema.org\",\"@graph\":[{\"@type\":\"WebSite\",\"@id\":\"https:\/\/www.visit-ulcinj.com\/blog\/#website\",\"url\":\"https:\/\/www.visit-ulcinj.com\/blog\/\",\"name\":\"Lajme nga Ulqini\",\"description\":\"Lajme,Vijesti,Ulqini,Ulqin,Crna Gora,Mali i Zi\",\"potentialAction\":[{\"@type\":\"SearchAction\",\"target\":{\"@type\":\"EntryPoint\",\"urlTemplate\":\"https:\/\/www.visit-ulcinj.com\/blog\/?s={search_term_string}\"},\"query-input\":\"required name=search_term_string\"}],\"inLanguage\":\"en-US\"},{\"@type\":\"ImageObject\",\"inLanguage\":\"en-US\",\"@id\":\"https:\/\/www.visit-ulcinj.com\/blog\/2013\/11\/24\/nimanbegu-zastave-bez-zabrane\/#primaryimage\",\"url\":\"https:\/\/www.visit-ulcinj.com\/blog\/wp-content\/uploads\/2013\/11\/Genci-Nimanbegu-albanska-zastava.jpg\",\"contentUrl\":\"https:\/\/www.visit-ulcinj.com\/blog\/wp-content\/uploads\/2013\/11\/Genci-Nimanbegu-albanska-zastava.jpg\",\"width\":960,\"height\":720},{\"@type\":\"WebPage\",\"@id\":\"https:\/\/www.visit-ulcinj.com\/blog\/2013\/11\/24\/nimanbegu-zastave-bez-zabrane\/#webpage\",\"url\":\"https:\/\/www.visit-ulcinj.com\/blog\/2013\/11\/24\/nimanbegu-zastave-bez-zabrane\/\",\"name\":\"Nimanbegu: Zastave bez zabrane - Lajme nga Ulqini\",\"isPartOf\":{\"@id\":\"https:\/\/www.visit-ulcinj.com\/blog\/#website\"},\"primaryImageOfPage\":{\"@id\":\"https:\/\/www.visit-ulcinj.com\/blog\/2013\/11\/24\/nimanbegu-zastave-bez-zabrane\/#primaryimage\"},\"datePublished\":\"2013-11-24T20:04:08+00:00\",\"dateModified\":\"2013-11-24T20:04:08+00:00\",\"author\":{\"@id\":\"https:\/\/www.visit-ulcinj.com\/blog\/#\/schema\/person\/dcab619c614d3038751c63bc2aadc06d\"},\"description\":\"Nacionalni savjet Albanaca zatra\u017eio je da se zakonom defini\u0161e da je upotreba nacionalnih simbola slobodna i bez ikakvih ograni\u010denja. To je u primjedbama\",\"breadcrumb\":{\"@id\":\"https:\/\/www.visit-ulcinj.com\/blog\/2013\/11\/24\/nimanbegu-zastave-bez-zabrane\/#breadcrumb\"},\"inLanguage\":\"en-US\",\"potentialAction\":[{\"@type\":\"ReadAction\",\"target\":[\"https:\/\/www.visit-ulcinj.com\/blog\/2013\/11\/24\/nimanbegu-zastave-bez-zabrane\/\"]}]},{\"@type\":\"BreadcrumbList\",\"@id\":\"https:\/\/www.visit-ulcinj.com\/blog\/2013\/11\/24\/nimanbegu-zastave-bez-zabrane\/#breadcrumb\",\"itemListElement\":[{\"@type\":\"ListItem\",\"position\":1,\"name\":\"Nimanbegu: Zastave bez zabrane\"}]},{\"@type\":\"Person\",\"@id\":\"https:\/\/www.visit-ulcinj.com\/blog\/#\/schema\/person\/dcab619c614d3038751c63bc2aadc06d\",\"name\":\"ulqini\",\"sameAs\":[\"http:\/\/www.visit-ulcinj.com\"],\"url\":\"https:\/\/www.visit-ulcinj.com\/blog\/author\/admin\/\"}]}<\/script>\n<!-- \/ Yoast SEO plugin. -->","yoast_head_json":{"title":"Nimanbegu: Zastave bez zabrane - Lajme nga Ulqini","description":"Nacionalni savjet Albanaca zatra\u017eio je da se zakonom defini\u0161e da je upotreba nacionalnih simbola slobodna i bez ikakvih ograni\u010denja. To je u primjedbama","robots":{"index":"index","follow":"follow","max-snippet":"max-snippet:-1","max-image-preview":"max-image-preview:large","max-video-preview":"max-video-preview:-1"},"canonical":"https:\/\/www.visit-ulcinj.com\/blog\/2013\/11\/24\/nimanbegu-zastave-bez-zabrane\/","og_locale":"en_US","og_type":"article","og_title":"Nimanbegu: Zastave bez zabrane - Lajme nga Ulqini","og_description":"Nacionalni savjet Albanaca zatra\u017eio je da se zakonom defini\u0161e da je upotreba nacionalnih simbola slobodna i bez ikakvih ograni\u010denja. To je u primjedbama","og_url":"https:\/\/www.visit-ulcinj.com\/blog\/2013\/11\/24\/nimanbegu-zastave-bez-zabrane\/","og_site_name":"Lajme nga Ulqini","article_published_time":"2013-11-24T20:04:08+00:00","og_image":[{"url":"http:\/\/www.visit-ulcinj.com\/blog\/wp-content\/uploads\/2013\/11\/Genci-Nimanbegu-albanska-zastava.jpg"}],"twitter_misc":{"Written by":"ulqini","Est. reading time":"2 minutes"},"schema":{"@context":"https:\/\/schema.org","@graph":[{"@type":"WebSite","@id":"https:\/\/www.visit-ulcinj.com\/blog\/#website","url":"https:\/\/www.visit-ulcinj.com\/blog\/","name":"Lajme nga Ulqini","description":"Lajme,Vijesti,Ulqini,Ulqin,Crna Gora,Mali i Zi","potentialAction":[{"@type":"SearchAction","target":{"@type":"EntryPoint","urlTemplate":"https:\/\/www.visit-ulcinj.com\/blog\/?s={search_term_string}"},"query-input":"required name=search_term_string"}],"inLanguage":"en-US"},{"@type":"ImageObject","inLanguage":"en-US","@id":"https:\/\/www.visit-ulcinj.com\/blog\/2013\/11\/24\/nimanbegu-zastave-bez-zabrane\/#primaryimage","url":"https:\/\/www.visit-ulcinj.com\/blog\/wp-content\/uploads\/2013\/11\/Genci-Nimanbegu-albanska-zastava.jpg","contentUrl":"https:\/\/www.visit-ulcinj.com\/blog\/wp-content\/uploads\/2013\/11\/Genci-Nimanbegu-albanska-zastava.jpg","width":960,"height":720},{"@type":"WebPage","@id":"https:\/\/www.visit-ulcinj.com\/blog\/2013\/11\/24\/nimanbegu-zastave-bez-zabrane\/#webpage","url":"https:\/\/www.visit-ulcinj.com\/blog\/2013\/11\/24\/nimanbegu-zastave-bez-zabrane\/","name":"Nimanbegu: Zastave bez zabrane - Lajme nga Ulqini","isPartOf":{"@id":"https:\/\/www.visit-ulcinj.com\/blog\/#website"},"primaryImageOfPage":{"@id":"https:\/\/www.visit-ulcinj.com\/blog\/2013\/11\/24\/nimanbegu-zastave-bez-zabrane\/#primaryimage"},"datePublished":"2013-11-24T20:04:08+00:00","dateModified":"2013-11-24T20:04:08+00:00","author":{"@id":"https:\/\/www.visit-ulcinj.com\/blog\/#\/schema\/person\/dcab619c614d3038751c63bc2aadc06d"},"description":"Nacionalni savjet Albanaca zatra\u017eio je da se zakonom defini\u0161e da je upotreba nacionalnih simbola slobodna i bez ikakvih ograni\u010denja. To je u primjedbama","breadcrumb":{"@id":"https:\/\/www.visit-ulcinj.com\/blog\/2013\/11\/24\/nimanbegu-zastave-bez-zabrane\/#breadcrumb"},"inLanguage":"en-US","potentialAction":[{"@type":"ReadAction","target":["https:\/\/www.visit-ulcinj.com\/blog\/2013\/11\/24\/nimanbegu-zastave-bez-zabrane\/"]}]},{"@type":"BreadcrumbList","@id":"https:\/\/www.visit-ulcinj.com\/blog\/2013\/11\/24\/nimanbegu-zastave-bez-zabrane\/#breadcrumb","itemListElement":[{"@type":"ListItem","position":1,"name":"Nimanbegu: Zastave bez zabrane"}]},{"@type":"Person","@id":"https:\/\/www.visit-ulcinj.com\/blog\/#\/schema\/person\/dcab619c614d3038751c63bc2aadc06d","name":"ulqini","sameAs":["http:\/\/www.visit-ulcinj.com"],"url":"https:\/\/www.visit-ulcinj.com\/blog\/author\/admin\/"}]}},"jetpack_featured_media_url":"","jetpack_sharing_enabled":true,"jetpack_shortlink":"https:\/\/wp.me\/pe6lTn-jU2","_links":{"self":[{"href":"https:\/\/www.visit-ulcinj.com\/blog\/wp-json\/wp\/v2\/posts\/76510"}],"collection":[{"href":"https:\/\/www.visit-ulcinj.com\/blog\/wp-json\/wp\/v2\/posts"}],"about":[{"href":"https:\/\/www.visit-ulcinj.com\/blog\/wp-json\/wp\/v2\/types\/post"}],"author":[{"embeddable":true,"href":"https:\/\/www.visit-ulcinj.com\/blog\/wp-json\/wp\/v2\/users\/1"}],"replies":[{"embeddable":true,"href":"https:\/\/www.visit-ulcinj.com\/blog\/wp-json\/wp\/v2\/comments?post=76510"}],"version-history":[{"count":1,"href":"https:\/\/www.visit-ulcinj.com\/blog\/wp-json\/wp\/v2\/posts\/76510\/revisions"}],"predecessor-version":[{"id":76512,"href":"https:\/\/www.visit-ulcinj.com\/blog\/wp-json\/wp\/v2\/posts\/76510\/revisions\/76512"}],"wp:attachment":[{"href":"https:\/\/www.visit-ulcinj.com\/blog\/wp-json\/wp\/v2\/media?parent=76510"}],"wp:term":[{"taxonomy":"category","embeddable":true,"href":"https:\/\/www.visit-ulcinj.com\/blog\/wp-json\/wp\/v2\/categories?post=76510"},{"taxonomy":"post_tag","embeddable":true,"href":"https:\/\/www.visit-ulcinj.com\/blog\/wp-json\/wp\/v2\/tags?post=76510"}],"curies":[{"name":"wp","href":"https:\/\/api.w.org\/{rel}","templated":true}]}}