{"id":7652,"date":"2008-12-25T14:45:57","date_gmt":"2008-12-25T13:45:57","guid":{"rendered":"http:\/\/www.visit-ulcinj.com\/blog\/?p=7652"},"modified":"2008-12-30T10:07:34","modified_gmt":"2008-12-30T09:07:34","slug":"rasprava-o-budzetu-ulcinja-za-2009","status":"publish","type":"post","link":"https:\/\/www.visit-ulcinj.com\/blog\/2008\/12\/25\/rasprava-o-budzetu-ulcinja-za-2009\/","title":{"rendered":"Video &#8211; Rasprava o bud\u017eetu Ulcinja za 2009."},"content":{"rendered":"<p><strong><a href=\"http:\/\/www.visit-ulcinj.com\/blog\/wp-content\/uploads\/2008\/12\/buxheti-i-ulqinit-2009.jpg\" target=\"_self\"><img loading=\"lazy\" class=\"alignleft size-full wp-image-7653\" title=\"buxheti-i-ulqinit-2009\" src=\"http:\/\/www.visit-ulcinj.com\/blog\/wp-content\/uploads\/2008\/12\/buxheti-i-ulqinit-2009.jpg\" alt=\"buxheti-i-ulqinit-2009\" width=\"364\" height=\"175\" \/><\/a>Ula\u017eu 9,5 miliona<\/strong><br \/>\nUlcinj \u2013 Odbornici u ulcinjskom parlamentu usvojili su ju?e rebalans bud\u017eeta za 2008. i po?eli raspravu o bud\u017eetu za 2009. Kao predlaga? rebalansa gradona?elnik Gzim Hajdinaga u zavr\u0161noj rije?i pozvao je na saradnju i demantovao navode pojedinih odbornika da su maslinjaci u Valdanosu izgubljeni za biv\u0161e vlasnike nakon \u0161to je Vlada objavila tender za valorizaciju te atraktivne uvale.<br \/>\nRebalansom, bud\u017eet za ovu godinu, umjesto planiranih 11 miliona sveden je na 7,35 miliona eura. U obrazlo\u017eenju odluke, nadle\u017eni sekretarijat je naveo da je to rezultat odustajanja od prodaje nepokretnosti koja je bila planirana na nivou od 3.700.000 eura. Bud\u017eet za 2009. godinu planiran je u iznosu od 16.170.800 eura. Prihod od prodaje imovine planirani su na 8.200.000 dok bud\u017eet za kapitalne investicije iznosi 9.500.000 eura.<br \/>\nNakon pauze, koja je neplanirano trajala sat i po du\u017ee, u sali nije bilo opozicije, predsjednik Komisije za bud\u017eet finansije i privredu Red\u017eep Taganovi? saop\u0161tio je da je to skup\u0161tinsko tijelo prihvatilo da dio predlo\u017eenih amandmana Force bude sastavni dio bud\u017eeta. Zbog nepostojanja kvoruma, sjednica je prekinuta i nastavak je zakazan za ponedjeljak.<br \/>\n<strong>S.A.<br \/>\nIzvor \/ Vijesti<\/strong><br \/>\n<!--YouTube Error: bad URL entered--> <a href=\"http:\/\/www.visit-ulcinj.com\/blog\/wp-content\/uploads\/2008\/12\/garden-of-eatin-restaurant.jpg\"><img loading=\"lazy\" class=\"aligncenter size-full wp-image-7630\" title=\"garden-of-eatin-restaurant\" src=\"http:\/\/www.visit-ulcinj.com\/blog\/wp-content\/uploads\/2008\/12\/garden-of-eatin-restaurant.jpg\" alt=\" Pritja e Vitit Te Ri 2009 me Kengetar\u00eb te ndryshme n\u00eb Garden of Eatin Restaurant - Contact Ahmet Zeka  215-499-6146\" width=\"428\" height=\"555\" \/><\/a><\/p>\n","protected":false},"excerpt":{"rendered":"<p>Ula\u017eu 9,5 miliona Ulcinj \u2013 Odbornici u ulcinjskom parlamentu usvojili su ju?e rebalans bud\u017eeta za 2008. i po?eli raspravu o bud\u017eetu za 2009. Kao predlaga? rebalansa gradona?elnik Gzim Hajdinaga u zavr\u0161noj rije?i pozvao je na saradnju i demantovao navode pojedinih odbornika da su maslinjaci u Valdanosu izgubljeni za biv\u0161e vlasnike nakon \u0161to je Vlada objavila [&hellip;]<\/p>\n","protected":false},"author":1,"featured_media":0,"comment_status":"open","ping_status":"closed","sticky":false,"template":"","format":"standard","meta":{"spay_email":"","jetpack_publicize_message":"","jetpack_is_tweetstorm":false,"jetpack_publicize_feature_enabled":true},"categories":[6],"tags":[5369,2775,5336],"jetpack_publicize_connections":[],"yoast_head":"<!-- This site is optimized with the Yoast SEO plugin v19.1 - https:\/\/yoast.com\/wordpress\/plugins\/seo\/ -->\n<title>Video - Rasprava o bud\u017eetu Ulcinja za 2009. - Lajme nga Ulqini<\/title>\n<meta name=\"description\" content=\"Ula\u017eu 9,5 miliona Ulcinj \u2013 Odbornici u ulcinjskom parlamentu usvojili su ju?e rebalans bud\u017eeta za 2008. i po?eli raspravu o bud\u017eetu za 2009. Kao predlaga?\" \/>\n<meta name=\"robots\" content=\"index, follow, max-snippet:-1, max-image-preview:large, max-video-preview:-1\" \/>\n<link rel=\"canonical\" href=\"https:\/\/www.visit-ulcinj.com\/blog\/2008\/12\/25\/rasprava-o-budzetu-ulcinja-za-2009\/\" \/>\n<meta property=\"og:locale\" content=\"en_US\" \/>\n<meta property=\"og:type\" content=\"article\" \/>\n<meta property=\"og:title\" content=\"Video - Rasprava o bud\u017eetu Ulcinja za 2009. - Lajme nga Ulqini\" \/>\n<meta property=\"og:description\" content=\"Ula\u017eu 9,5 miliona Ulcinj \u2013 Odbornici u ulcinjskom parlamentu usvojili su ju?e rebalans bud\u017eeta za 2008. i po?eli raspravu o bud\u017eetu za 2009. Kao predlaga?\" \/>\n<meta property=\"og:url\" content=\"https:\/\/www.visit-ulcinj.com\/blog\/2008\/12\/25\/rasprava-o-budzetu-ulcinja-za-2009\/\" \/>\n<meta property=\"og:site_name\" content=\"Lajme nga Ulqini\" \/>\n<meta property=\"article:published_time\" content=\"2008-12-25T13:45:57+00:00\" \/>\n<meta property=\"article:modified_time\" content=\"2008-12-30T09:07:34+00:00\" \/>\n<meta property=\"og:image\" content=\"http:\/\/www.visit-ulcinj.com\/blog\/wp-content\/uploads\/2008\/12\/buxheti-i-ulqinit-2009.jpg\" \/>\n<meta name=\"twitter:label1\" content=\"Written by\" \/>\n\t<meta name=\"twitter:data1\" content=\"ulqini\" \/>\n\t<meta name=\"twitter:label2\" content=\"Est. reading time\" \/>\n\t<meta name=\"twitter:data2\" content=\"1 minute\" \/>\n<script type=\"application\/ld+json\" class=\"yoast-schema-graph\">{\"@context\":\"https:\/\/schema.org\",\"@graph\":[{\"@type\":\"WebSite\",\"@id\":\"https:\/\/www.visit-ulcinj.com\/blog\/#website\",\"url\":\"https:\/\/www.visit-ulcinj.com\/blog\/\",\"name\":\"Lajme nga Ulqini\",\"description\":\"Lajme,Vijesti,Ulqini,Ulqin,Crna Gora,Mali i Zi\",\"potentialAction\":[{\"@type\":\"SearchAction\",\"target\":{\"@type\":\"EntryPoint\",\"urlTemplate\":\"https:\/\/www.visit-ulcinj.com\/blog\/?s={search_term_string}\"},\"query-input\":\"required name=search_term_string\"}],\"inLanguage\":\"en-US\"},{\"@type\":\"ImageObject\",\"inLanguage\":\"en-US\",\"@id\":\"https:\/\/www.visit-ulcinj.com\/blog\/2008\/12\/25\/rasprava-o-budzetu-ulcinja-za-2009\/#primaryimage\",\"url\":\"https:\/\/www.visit-ulcinj.com\/blog\/wp-content\/uploads\/2008\/12\/buxheti-i-ulqinit-2009.jpg\",\"contentUrl\":\"https:\/\/www.visit-ulcinj.com\/blog\/wp-content\/uploads\/2008\/12\/buxheti-i-ulqinit-2009.jpg\",\"width\":\"400\",\"height\":\"137\"},{\"@type\":\"WebPage\",\"@id\":\"https:\/\/www.visit-ulcinj.com\/blog\/2008\/12\/25\/rasprava-o-budzetu-ulcinja-za-2009\/#webpage\",\"url\":\"https:\/\/www.visit-ulcinj.com\/blog\/2008\/12\/25\/rasprava-o-budzetu-ulcinja-za-2009\/\",\"name\":\"Video - Rasprava o bud\u017eetu Ulcinja za 2009. - Lajme nga Ulqini\",\"isPartOf\":{\"@id\":\"https:\/\/www.visit-ulcinj.com\/blog\/#website\"},\"primaryImageOfPage\":{\"@id\":\"https:\/\/www.visit-ulcinj.com\/blog\/2008\/12\/25\/rasprava-o-budzetu-ulcinja-za-2009\/#primaryimage\"},\"datePublished\":\"2008-12-25T13:45:57+00:00\",\"dateModified\":\"2008-12-30T09:07:34+00:00\",\"author\":{\"@id\":\"https:\/\/www.visit-ulcinj.com\/blog\/#\/schema\/person\/dcab619c614d3038751c63bc2aadc06d\"},\"description\":\"Ula\u017eu 9,5 miliona Ulcinj \u2013 Odbornici u ulcinjskom parlamentu usvojili su ju?e rebalans bud\u017eeta za 2008. i po?eli raspravu o bud\u017eetu za 2009. Kao predlaga?\",\"breadcrumb\":{\"@id\":\"https:\/\/www.visit-ulcinj.com\/blog\/2008\/12\/25\/rasprava-o-budzetu-ulcinja-za-2009\/#breadcrumb\"},\"inLanguage\":\"en-US\",\"potentialAction\":[{\"@type\":\"ReadAction\",\"target\":[\"https:\/\/www.visit-ulcinj.com\/blog\/2008\/12\/25\/rasprava-o-budzetu-ulcinja-za-2009\/\"]}]},{\"@type\":\"BreadcrumbList\",\"@id\":\"https:\/\/www.visit-ulcinj.com\/blog\/2008\/12\/25\/rasprava-o-budzetu-ulcinja-za-2009\/#breadcrumb\",\"itemListElement\":[{\"@type\":\"ListItem\",\"position\":1,\"name\":\"Video &#8211; Rasprava o bud\u017eetu Ulcinja za 2009.\"}]},{\"@type\":\"Person\",\"@id\":\"https:\/\/www.visit-ulcinj.com\/blog\/#\/schema\/person\/dcab619c614d3038751c63bc2aadc06d\",\"name\":\"ulqini\",\"sameAs\":[\"http:\/\/www.visit-ulcinj.com\"],\"url\":\"https:\/\/www.visit-ulcinj.com\/blog\/author\/admin\/\"}]}<\/script>\n<!-- \/ Yoast SEO plugin. -->","yoast_head_json":{"title":"Video - Rasprava o bud\u017eetu Ulcinja za 2009. - Lajme nga Ulqini","description":"Ula\u017eu 9,5 miliona Ulcinj \u2013 Odbornici u ulcinjskom parlamentu usvojili su ju?e rebalans bud\u017eeta za 2008. i po?eli raspravu o bud\u017eetu za 2009. Kao predlaga?","robots":{"index":"index","follow":"follow","max-snippet":"max-snippet:-1","max-image-preview":"max-image-preview:large","max-video-preview":"max-video-preview:-1"},"canonical":"https:\/\/www.visit-ulcinj.com\/blog\/2008\/12\/25\/rasprava-o-budzetu-ulcinja-za-2009\/","og_locale":"en_US","og_type":"article","og_title":"Video - Rasprava o bud\u017eetu Ulcinja za 2009. - Lajme nga Ulqini","og_description":"Ula\u017eu 9,5 miliona Ulcinj \u2013 Odbornici u ulcinjskom parlamentu usvojili su ju?e rebalans bud\u017eeta za 2008. i po?eli raspravu o bud\u017eetu za 2009. Kao predlaga?","og_url":"https:\/\/www.visit-ulcinj.com\/blog\/2008\/12\/25\/rasprava-o-budzetu-ulcinja-za-2009\/","og_site_name":"Lajme nga Ulqini","article_published_time":"2008-12-25T13:45:57+00:00","article_modified_time":"2008-12-30T09:07:34+00:00","og_image":[{"url":"http:\/\/www.visit-ulcinj.com\/blog\/wp-content\/uploads\/2008\/12\/buxheti-i-ulqinit-2009.jpg"}],"twitter_misc":{"Written by":"ulqini","Est. reading time":"1 minute"},"schema":{"@context":"https:\/\/schema.org","@graph":[{"@type":"WebSite","@id":"https:\/\/www.visit-ulcinj.com\/blog\/#website","url":"https:\/\/www.visit-ulcinj.com\/blog\/","name":"Lajme nga Ulqini","description":"Lajme,Vijesti,Ulqini,Ulqin,Crna Gora,Mali i Zi","potentialAction":[{"@type":"SearchAction","target":{"@type":"EntryPoint","urlTemplate":"https:\/\/www.visit-ulcinj.com\/blog\/?s={search_term_string}"},"query-input":"required name=search_term_string"}],"inLanguage":"en-US"},{"@type":"ImageObject","inLanguage":"en-US","@id":"https:\/\/www.visit-ulcinj.com\/blog\/2008\/12\/25\/rasprava-o-budzetu-ulcinja-za-2009\/#primaryimage","url":"https:\/\/www.visit-ulcinj.com\/blog\/wp-content\/uploads\/2008\/12\/buxheti-i-ulqinit-2009.jpg","contentUrl":"https:\/\/www.visit-ulcinj.com\/blog\/wp-content\/uploads\/2008\/12\/buxheti-i-ulqinit-2009.jpg","width":"400","height":"137"},{"@type":"WebPage","@id":"https:\/\/www.visit-ulcinj.com\/blog\/2008\/12\/25\/rasprava-o-budzetu-ulcinja-za-2009\/#webpage","url":"https:\/\/www.visit-ulcinj.com\/blog\/2008\/12\/25\/rasprava-o-budzetu-ulcinja-za-2009\/","name":"Video - Rasprava o bud\u017eetu Ulcinja za 2009. - Lajme nga Ulqini","isPartOf":{"@id":"https:\/\/www.visit-ulcinj.com\/blog\/#website"},"primaryImageOfPage":{"@id":"https:\/\/www.visit-ulcinj.com\/blog\/2008\/12\/25\/rasprava-o-budzetu-ulcinja-za-2009\/#primaryimage"},"datePublished":"2008-12-25T13:45:57+00:00","dateModified":"2008-12-30T09:07:34+00:00","author":{"@id":"https:\/\/www.visit-ulcinj.com\/blog\/#\/schema\/person\/dcab619c614d3038751c63bc2aadc06d"},"description":"Ula\u017eu 9,5 miliona Ulcinj \u2013 Odbornici u ulcinjskom parlamentu usvojili su ju?e rebalans bud\u017eeta za 2008. i po?eli raspravu o bud\u017eetu za 2009. Kao predlaga?","breadcrumb":{"@id":"https:\/\/www.visit-ulcinj.com\/blog\/2008\/12\/25\/rasprava-o-budzetu-ulcinja-za-2009\/#breadcrumb"},"inLanguage":"en-US","potentialAction":[{"@type":"ReadAction","target":["https:\/\/www.visit-ulcinj.com\/blog\/2008\/12\/25\/rasprava-o-budzetu-ulcinja-za-2009\/"]}]},{"@type":"BreadcrumbList","@id":"https:\/\/www.visit-ulcinj.com\/blog\/2008\/12\/25\/rasprava-o-budzetu-ulcinja-za-2009\/#breadcrumb","itemListElement":[{"@type":"ListItem","position":1,"name":"Video &#8211; Rasprava o bud\u017eetu Ulcinja za 2009."}]},{"@type":"Person","@id":"https:\/\/www.visit-ulcinj.com\/blog\/#\/schema\/person\/dcab619c614d3038751c63bc2aadc06d","name":"ulqini","sameAs":["http:\/\/www.visit-ulcinj.com"],"url":"https:\/\/www.visit-ulcinj.com\/blog\/author\/admin\/"}]}},"jetpack_featured_media_url":"","jetpack_sharing_enabled":true,"jetpack_shortlink":"https:\/\/wp.me\/pe6lTn-1Zq","_links":{"self":[{"href":"https:\/\/www.visit-ulcinj.com\/blog\/wp-json\/wp\/v2\/posts\/7652"}],"collection":[{"href":"https:\/\/www.visit-ulcinj.com\/blog\/wp-json\/wp\/v2\/posts"}],"about":[{"href":"https:\/\/www.visit-ulcinj.com\/blog\/wp-json\/wp\/v2\/types\/post"}],"author":[{"embeddable":true,"href":"https:\/\/www.visit-ulcinj.com\/blog\/wp-json\/wp\/v2\/users\/1"}],"replies":[{"embeddable":true,"href":"https:\/\/www.visit-ulcinj.com\/blog\/wp-json\/wp\/v2\/comments?post=7652"}],"version-history":[{"count":0,"href":"https:\/\/www.visit-ulcinj.com\/blog\/wp-json\/wp\/v2\/posts\/7652\/revisions"}],"wp:attachment":[{"href":"https:\/\/www.visit-ulcinj.com\/blog\/wp-json\/wp\/v2\/media?parent=7652"}],"wp:term":[{"taxonomy":"category","embeddable":true,"href":"https:\/\/www.visit-ulcinj.com\/blog\/wp-json\/wp\/v2\/categories?post=7652"},{"taxonomy":"post_tag","embeddable":true,"href":"https:\/\/www.visit-ulcinj.com\/blog\/wp-json\/wp\/v2\/tags?post=7652"}],"curies":[{"name":"wp","href":"https:\/\/api.w.org\/{rel}","templated":true}]}}