{"id":76533,"date":"2013-11-25T18:39:37","date_gmt":"2013-11-25T17:39:37","guid":{"rendered":"http:\/\/www.visit-ulcinj.com\/blog\/?p=76533"},"modified":"2013-11-25T18:47:16","modified_gmt":"2013-11-25T17:47:16","slug":"ramadan-krasniqi-live-per-vitin-e-ri-ne-ulqin","status":"publish","type":"post","link":"https:\/\/www.visit-ulcinj.com\/blog\/2013\/11\/25\/ramadan-krasniqi-live-per-vitin-e-ri-ne-ulqin\/","title":{"rendered":"Ramadan Krasniqi LIVE per vitin e ri ne Ulqin"},"content":{"rendered":"<p>K\u00ebng\u00ebtari preferuar i shum\u00eb shqiptar\u00ebve Ramadan Krasniqi &#8220;Dani&#8221; p\u00ebrmes \u00a0faqes zyrtare n\u00eb Facebook \u00a0ka b\u00ebr\u00eb me dije se aj\u00eb do t\u00eb k\u00ebndoj me 31 dhjetor 2013 n\u00eb Discoteken &#8220;GO&#8221; t\u00eb hotel Albatrosit n\u00eb Ulqin. P\u00ebr fansat e tij\u00eb t\u00eb shumt\u00eb, ku do ta beje spektaklin e tij\u00eb dhe spektakli i Balerinave t\u00eb Prishtin\u00ebs dhe grupit vall\u00ebzues Porta di Danza nga Ulqini, ku do ta trodisin publikun n\u00eb n\u00eb Discoteken &#8220;GO&#8221; t\u00eb hotel Albatrosit n\u00eb Ulqin.<br \/>\n<a href=\"http:\/\/www.visit-ulcinj.com\/blog\/wp-content\/uploads\/2013\/11\/Ramadan-Krasniqi-LIVE-per-vitin-e-ri-ne-Ulqin.jpg\"><img loading=\"lazy\" class=\"alignleft  wp-image-76534\" alt=\"Ramadan Krasniqi LIVE per vitin e ri ne Ulqin\" src=\"http:\/\/www.visit-ulcinj.com\/blog\/wp-content\/uploads\/2013\/11\/Ramadan-Krasniqi-LIVE-per-vitin-e-ri-ne-Ulqin.jpg\" width=\"508\" height=\"600\" \/><\/a><\/p>\n<p>Besoj se do te jete nje manifestim madheshtor, ku do mbledhet gjith\u00eb diaspora shqiptare dhe gjithashtu gjithe Ulqini, Maqedonia, Shqip\u00ebria dhe Kosova, ku Dani do ta bej\u00eb prezantimin \u2018live\u2019 p\u00ebr vitin e ri\u00a0 2014 n\u00eb Ulqin.<\/p>\n<p>Duhet cekur se n\u00eb n\u00eb Discoteken &#8220;GO&#8221; t\u00eb hotel Albatrosit n\u00eb Ulqin behen spektakle muzikore p\u00ebr \u00e7do nat\u00eb, me pjesemarrjen e jashtezakonshme te emrave me te njohur t\u00eb estrad\u00ebs Shqip\u00ebtare.\/Lajme nga Ulqini\/<\/p>\n<p><strong>Organizator i k\u00ebtij\u00eb spektakli Charlie LOUNGE PUB<\/strong><\/p>\n<!--YouTube Error: bad URL entered-->\n","protected":false},"excerpt":{"rendered":"<p>K\u00ebng\u00ebtari preferuar i shum\u00eb shqiptar\u00ebve Ramadan Krasniqi &#8220;Dani&#8221; p\u00ebrmes \u00a0faqes zyrtare n\u00eb Facebook \u00a0ka b\u00ebr\u00eb me dije se aj\u00eb do t\u00eb k\u00ebndoj me 31 dhjetor 2013 n\u00eb Discoteken &#8220;GO&#8221; t\u00eb hotel Albatrosit n\u00eb Ulqin. P\u00ebr fansat e tij\u00eb t\u00eb shumt\u00eb, ku do ta beje spektaklin e tij\u00eb dhe spektakli i Balerinave t\u00eb Prishtin\u00ebs dhe grupit [&hellip;]<\/p>\n","protected":false},"author":1,"featured_media":0,"comment_status":"closed","ping_status":"closed","sticky":false,"template":"","format":"standard","meta":{"spay_email":"","jetpack_publicize_message":"","jetpack_is_tweetstorm":false,"jetpack_publicize_feature_enabled":true},"categories":[1],"tags":[],"jetpack_publicize_connections":[],"yoast_head":"<!-- This site is optimized with the Yoast SEO plugin v19.1 - https:\/\/yoast.com\/wordpress\/plugins\/seo\/ -->\n<title>Ramadan Krasniqi LIVE per vitin e ri ne Ulqin - Lajme nga Ulqini<\/title>\n<meta name=\"description\" content=\"K\u00ebng\u00ebtari preferuar i shum\u00eb shqiptar\u00ebve Ramadan Krasniqi &quot;Dani&quot; p\u00ebrmes \u00a0faqes zyrtare n\u00eb Facebook \u00a0ka b\u00ebr\u00eb me dije se aj\u00eb do t\u00eb k\u00ebndoj me 31 dhjetor 2013\" \/>\n<meta name=\"robots\" content=\"index, follow, max-snippet:-1, max-image-preview:large, max-video-preview:-1\" \/>\n<link rel=\"canonical\" href=\"https:\/\/www.visit-ulcinj.com\/blog\/2013\/11\/25\/ramadan-krasniqi-live-per-vitin-e-ri-ne-ulqin\/\" \/>\n<meta property=\"og:locale\" content=\"en_US\" \/>\n<meta property=\"og:type\" content=\"article\" \/>\n<meta property=\"og:title\" content=\"Ramadan Krasniqi LIVE per vitin e ri ne Ulqin - Lajme nga Ulqini\" \/>\n<meta property=\"og:description\" content=\"K\u00ebng\u00ebtari preferuar i shum\u00eb shqiptar\u00ebve Ramadan Krasniqi &quot;Dani&quot; p\u00ebrmes \u00a0faqes zyrtare n\u00eb Facebook \u00a0ka b\u00ebr\u00eb me dije se aj\u00eb do t\u00eb k\u00ebndoj me 31 dhjetor 2013\" \/>\n<meta property=\"og:url\" content=\"https:\/\/www.visit-ulcinj.com\/blog\/2013\/11\/25\/ramadan-krasniqi-live-per-vitin-e-ri-ne-ulqin\/\" \/>\n<meta property=\"og:site_name\" content=\"Lajme nga Ulqini\" \/>\n<meta property=\"article:published_time\" content=\"2013-11-25T17:39:37+00:00\" \/>\n<meta property=\"article:modified_time\" content=\"2013-11-25T17:47:16+00:00\" \/>\n<meta property=\"og:image\" content=\"http:\/\/www.visit-ulcinj.com\/blog\/wp-content\/uploads\/2013\/11\/Ramadan-Krasniqi-LIVE-per-vitin-e-ri-ne-Ulqin.jpg\" \/>\n<meta name=\"twitter:label1\" content=\"Written by\" \/>\n\t<meta name=\"twitter:data1\" content=\"ulqini\" \/>\n\t<meta name=\"twitter:label2\" content=\"Est. reading time\" \/>\n\t<meta name=\"twitter:data2\" content=\"1 minute\" \/>\n<script type=\"application\/ld+json\" class=\"yoast-schema-graph\">{\"@context\":\"https:\/\/schema.org\",\"@graph\":[{\"@type\":\"WebSite\",\"@id\":\"https:\/\/www.visit-ulcinj.com\/blog\/#website\",\"url\":\"https:\/\/www.visit-ulcinj.com\/blog\/\",\"name\":\"Lajme nga Ulqini\",\"description\":\"Lajme,Vijesti,Ulqini,Ulqin,Crna Gora,Mali i Zi\",\"potentialAction\":[{\"@type\":\"SearchAction\",\"target\":{\"@type\":\"EntryPoint\",\"urlTemplate\":\"https:\/\/www.visit-ulcinj.com\/blog\/?s={search_term_string}\"},\"query-input\":\"required name=search_term_string\"}],\"inLanguage\":\"en-US\"},{\"@type\":\"ImageObject\",\"inLanguage\":\"en-US\",\"@id\":\"https:\/\/www.visit-ulcinj.com\/blog\/2013\/11\/25\/ramadan-krasniqi-live-per-vitin-e-ri-ne-ulqin\/#primaryimage\",\"url\":\"https:\/\/www.visit-ulcinj.com\/blog\/wp-content\/uploads\/2013\/11\/Ramadan-Krasniqi-LIVE-per-vitin-e-ri-ne-Ulqin.jpg\",\"contentUrl\":\"https:\/\/www.visit-ulcinj.com\/blog\/wp-content\/uploads\/2013\/11\/Ramadan-Krasniqi-LIVE-per-vitin-e-ri-ne-Ulqin.jpg\",\"width\":630,\"height\":960},{\"@type\":\"WebPage\",\"@id\":\"https:\/\/www.visit-ulcinj.com\/blog\/2013\/11\/25\/ramadan-krasniqi-live-per-vitin-e-ri-ne-ulqin\/#webpage\",\"url\":\"https:\/\/www.visit-ulcinj.com\/blog\/2013\/11\/25\/ramadan-krasniqi-live-per-vitin-e-ri-ne-ulqin\/\",\"name\":\"Ramadan Krasniqi LIVE per vitin e ri ne Ulqin - Lajme nga Ulqini\",\"isPartOf\":{\"@id\":\"https:\/\/www.visit-ulcinj.com\/blog\/#website\"},\"primaryImageOfPage\":{\"@id\":\"https:\/\/www.visit-ulcinj.com\/blog\/2013\/11\/25\/ramadan-krasniqi-live-per-vitin-e-ri-ne-ulqin\/#primaryimage\"},\"datePublished\":\"2013-11-25T17:39:37+00:00\",\"dateModified\":\"2013-11-25T17:47:16+00:00\",\"author\":{\"@id\":\"https:\/\/www.visit-ulcinj.com\/blog\/#\/schema\/person\/dcab619c614d3038751c63bc2aadc06d\"},\"description\":\"K\u00ebng\u00ebtari preferuar i shum\u00eb shqiptar\u00ebve Ramadan Krasniqi \\\"Dani\\\" p\u00ebrmes \u00a0faqes zyrtare n\u00eb Facebook \u00a0ka b\u00ebr\u00eb me dije se aj\u00eb do t\u00eb k\u00ebndoj me 31 dhjetor 2013\",\"breadcrumb\":{\"@id\":\"https:\/\/www.visit-ulcinj.com\/blog\/2013\/11\/25\/ramadan-krasniqi-live-per-vitin-e-ri-ne-ulqin\/#breadcrumb\"},\"inLanguage\":\"en-US\",\"potentialAction\":[{\"@type\":\"ReadAction\",\"target\":[\"https:\/\/www.visit-ulcinj.com\/blog\/2013\/11\/25\/ramadan-krasniqi-live-per-vitin-e-ri-ne-ulqin\/\"]}]},{\"@type\":\"BreadcrumbList\",\"@id\":\"https:\/\/www.visit-ulcinj.com\/blog\/2013\/11\/25\/ramadan-krasniqi-live-per-vitin-e-ri-ne-ulqin\/#breadcrumb\",\"itemListElement\":[{\"@type\":\"ListItem\",\"position\":1,\"name\":\"Ramadan Krasniqi LIVE per vitin e ri ne Ulqin\"}]},{\"@type\":\"Person\",\"@id\":\"https:\/\/www.visit-ulcinj.com\/blog\/#\/schema\/person\/dcab619c614d3038751c63bc2aadc06d\",\"name\":\"ulqini\",\"sameAs\":[\"http:\/\/www.visit-ulcinj.com\"],\"url\":\"https:\/\/www.visit-ulcinj.com\/blog\/author\/admin\/\"}]}<\/script>\n<!-- \/ Yoast SEO plugin. -->","yoast_head_json":{"title":"Ramadan Krasniqi LIVE per vitin e ri ne Ulqin - Lajme nga Ulqini","description":"K\u00ebng\u00ebtari preferuar i shum\u00eb shqiptar\u00ebve Ramadan Krasniqi \"Dani\" p\u00ebrmes \u00a0faqes zyrtare n\u00eb Facebook \u00a0ka b\u00ebr\u00eb me dije se aj\u00eb do t\u00eb k\u00ebndoj me 31 dhjetor 2013","robots":{"index":"index","follow":"follow","max-snippet":"max-snippet:-1","max-image-preview":"max-image-preview:large","max-video-preview":"max-video-preview:-1"},"canonical":"https:\/\/www.visit-ulcinj.com\/blog\/2013\/11\/25\/ramadan-krasniqi-live-per-vitin-e-ri-ne-ulqin\/","og_locale":"en_US","og_type":"article","og_title":"Ramadan Krasniqi LIVE per vitin e ri ne Ulqin - Lajme nga Ulqini","og_description":"K\u00ebng\u00ebtari preferuar i shum\u00eb shqiptar\u00ebve Ramadan Krasniqi \"Dani\" p\u00ebrmes \u00a0faqes zyrtare n\u00eb Facebook \u00a0ka b\u00ebr\u00eb me dije se aj\u00eb do t\u00eb k\u00ebndoj me 31 dhjetor 2013","og_url":"https:\/\/www.visit-ulcinj.com\/blog\/2013\/11\/25\/ramadan-krasniqi-live-per-vitin-e-ri-ne-ulqin\/","og_site_name":"Lajme nga Ulqini","article_published_time":"2013-11-25T17:39:37+00:00","article_modified_time":"2013-11-25T17:47:16+00:00","og_image":[{"url":"http:\/\/www.visit-ulcinj.com\/blog\/wp-content\/uploads\/2013\/11\/Ramadan-Krasniqi-LIVE-per-vitin-e-ri-ne-Ulqin.jpg"}],"twitter_misc":{"Written by":"ulqini","Est. reading time":"1 minute"},"schema":{"@context":"https:\/\/schema.org","@graph":[{"@type":"WebSite","@id":"https:\/\/www.visit-ulcinj.com\/blog\/#website","url":"https:\/\/www.visit-ulcinj.com\/blog\/","name":"Lajme nga Ulqini","description":"Lajme,Vijesti,Ulqini,Ulqin,Crna Gora,Mali i Zi","potentialAction":[{"@type":"SearchAction","target":{"@type":"EntryPoint","urlTemplate":"https:\/\/www.visit-ulcinj.com\/blog\/?s={search_term_string}"},"query-input":"required name=search_term_string"}],"inLanguage":"en-US"},{"@type":"ImageObject","inLanguage":"en-US","@id":"https:\/\/www.visit-ulcinj.com\/blog\/2013\/11\/25\/ramadan-krasniqi-live-per-vitin-e-ri-ne-ulqin\/#primaryimage","url":"https:\/\/www.visit-ulcinj.com\/blog\/wp-content\/uploads\/2013\/11\/Ramadan-Krasniqi-LIVE-per-vitin-e-ri-ne-Ulqin.jpg","contentUrl":"https:\/\/www.visit-ulcinj.com\/blog\/wp-content\/uploads\/2013\/11\/Ramadan-Krasniqi-LIVE-per-vitin-e-ri-ne-Ulqin.jpg","width":630,"height":960},{"@type":"WebPage","@id":"https:\/\/www.visit-ulcinj.com\/blog\/2013\/11\/25\/ramadan-krasniqi-live-per-vitin-e-ri-ne-ulqin\/#webpage","url":"https:\/\/www.visit-ulcinj.com\/blog\/2013\/11\/25\/ramadan-krasniqi-live-per-vitin-e-ri-ne-ulqin\/","name":"Ramadan Krasniqi LIVE per vitin e ri ne Ulqin - Lajme nga Ulqini","isPartOf":{"@id":"https:\/\/www.visit-ulcinj.com\/blog\/#website"},"primaryImageOfPage":{"@id":"https:\/\/www.visit-ulcinj.com\/blog\/2013\/11\/25\/ramadan-krasniqi-live-per-vitin-e-ri-ne-ulqin\/#primaryimage"},"datePublished":"2013-11-25T17:39:37+00:00","dateModified":"2013-11-25T17:47:16+00:00","author":{"@id":"https:\/\/www.visit-ulcinj.com\/blog\/#\/schema\/person\/dcab619c614d3038751c63bc2aadc06d"},"description":"K\u00ebng\u00ebtari preferuar i shum\u00eb shqiptar\u00ebve Ramadan Krasniqi \"Dani\" p\u00ebrmes \u00a0faqes zyrtare n\u00eb Facebook \u00a0ka b\u00ebr\u00eb me dije se aj\u00eb do t\u00eb k\u00ebndoj me 31 dhjetor 2013","breadcrumb":{"@id":"https:\/\/www.visit-ulcinj.com\/blog\/2013\/11\/25\/ramadan-krasniqi-live-per-vitin-e-ri-ne-ulqin\/#breadcrumb"},"inLanguage":"en-US","potentialAction":[{"@type":"ReadAction","target":["https:\/\/www.visit-ulcinj.com\/blog\/2013\/11\/25\/ramadan-krasniqi-live-per-vitin-e-ri-ne-ulqin\/"]}]},{"@type":"BreadcrumbList","@id":"https:\/\/www.visit-ulcinj.com\/blog\/2013\/11\/25\/ramadan-krasniqi-live-per-vitin-e-ri-ne-ulqin\/#breadcrumb","itemListElement":[{"@type":"ListItem","position":1,"name":"Ramadan Krasniqi LIVE per vitin e ri ne Ulqin"}]},{"@type":"Person","@id":"https:\/\/www.visit-ulcinj.com\/blog\/#\/schema\/person\/dcab619c614d3038751c63bc2aadc06d","name":"ulqini","sameAs":["http:\/\/www.visit-ulcinj.com"],"url":"https:\/\/www.visit-ulcinj.com\/blog\/author\/admin\/"}]}},"jetpack_featured_media_url":"","jetpack_sharing_enabled":true,"jetpack_shortlink":"https:\/\/wp.me\/pe6lTn-jUp","_links":{"self":[{"href":"https:\/\/www.visit-ulcinj.com\/blog\/wp-json\/wp\/v2\/posts\/76533"}],"collection":[{"href":"https:\/\/www.visit-ulcinj.com\/blog\/wp-json\/wp\/v2\/posts"}],"about":[{"href":"https:\/\/www.visit-ulcinj.com\/blog\/wp-json\/wp\/v2\/types\/post"}],"author":[{"embeddable":true,"href":"https:\/\/www.visit-ulcinj.com\/blog\/wp-json\/wp\/v2\/users\/1"}],"replies":[{"embeddable":true,"href":"https:\/\/www.visit-ulcinj.com\/blog\/wp-json\/wp\/v2\/comments?post=76533"}],"version-history":[{"count":3,"href":"https:\/\/www.visit-ulcinj.com\/blog\/wp-json\/wp\/v2\/posts\/76533\/revisions"}],"predecessor-version":[{"id":76537,"href":"https:\/\/www.visit-ulcinj.com\/blog\/wp-json\/wp\/v2\/posts\/76533\/revisions\/76537"}],"wp:attachment":[{"href":"https:\/\/www.visit-ulcinj.com\/blog\/wp-json\/wp\/v2\/media?parent=76533"}],"wp:term":[{"taxonomy":"category","embeddable":true,"href":"https:\/\/www.visit-ulcinj.com\/blog\/wp-json\/wp\/v2\/categories?post=76533"},{"taxonomy":"post_tag","embeddable":true,"href":"https:\/\/www.visit-ulcinj.com\/blog\/wp-json\/wp\/v2\/tags?post=76533"}],"curies":[{"name":"wp","href":"https:\/\/api.w.org\/{rel}","templated":true}]}}