{"id":76538,"date":"2013-11-25T19:37:01","date_gmt":"2013-11-25T18:37:01","guid":{"rendered":"http:\/\/www.visit-ulcinj.com\/blog\/?p=76538"},"modified":"2013-11-26T19:26:06","modified_gmt":"2013-11-26T18:26:06","slug":"po-zhvendosen-disa-tornado-turme-ne-detin-e-ulqinit","status":"publish","type":"post","link":"https:\/\/www.visit-ulcinj.com\/blog\/2013\/11\/25\/po-zhvendosen-disa-tornado-turme-ne-detin-e-ulqinit\/","title":{"rendered":"Po zhvendosen disa tornado (turm\u00eb) n\u00eb detin e Ulqinit"},"content":{"rendered":"<p>Shpesh her\u00eb ne gjuh\u00ebn lokale, ne Ulqinak\u00ebt p\u00ebrdorim nj\u00eb shprehje nga trashig\u00ebmija e jon\u00eb, si\u00e7 \u00ebsht\u00eb kjo p\u00ebr ta p\u00ebrshkruar detin dhe motin e dob\u00ebt. Kjo \u00ebsht\u00eb nj\u00eb fjal\u00eb t\u00eb cil\u00ebn nuk mund ta gjeni askund tjet\u00ebr, nj\u00eb shprehje e rall\u00eb, nj\u00eb lokaliz\u00ebm i ve\u00e7ant\u00eb p\u00ebr Ulqin. Detar\u00ebt dhe kapidan\u00ebt gjithmon\u00eb kan\u00eb p\u00ebrdor\u00eb shprehjen, &#8220;\u00ebsht\u00eb ba deti si Kulshed\u00ebr&#8221;. Kjo ndodh\u00eb gjithmon\u00eb kur\u00eb \u00ebsht\u00eb moti me shi, dhe deti \u00ebsht\u00eb i &#8220;trazuar&#8221;, lokaliz\u00ebm, kur &#8220;\u00e7ohet deti&#8221; dhe jan\u00eb valet, deri mbi 5 metra t\u00eb lart\u00eb.<\/p>\n<p><a href=\"http:\/\/www.visit-ulcinj.com\/blog\/wp-content\/uploads\/2013\/11\/Tornado-turm\u00eb-n\u00eb-detin-e-Ulqinit.jpg\"><img loading=\"lazy\" class=\"alignleft  wp-image-76540\" alt=\"Tornado- turm\u00eb -n\u00eb detin e Ulqinit\" src=\"http:\/\/www.visit-ulcinj.com\/blog\/wp-content\/uploads\/2013\/11\/Tornado-turm\u00eb-n\u00eb-detin-e-Ulqinit.jpg\" width=\"508\" height=\"408\" \/><\/a><\/p>\n<div>Nga nj\u00eb her\u00eb nga deti, nga horizonti na vjen\u00eb edhe ndonj\u00eb &#8220;Trum\u00eb&#8221; e cila shpesh her\u00eb kalon edhe mbi qytet\u00eb, duke shkaktua edhe dame materijale&#8230;.Por, pavar\u00ebsisht se sa mund t\u00eb jet\u00eb e rrezik\u00ebshme, ajo \u00ebsht\u00eb nj\u00eb dukuri e bukur natyrore. Rall\u00eb na godit\u00eb, pasi q\u00eb duke u afruar bedeneve t\u00eb Kalas\u00eb, fillon t\u00eb dob\u00ebsohet dhe t\u00eb zvoglohet, k\u00ebshtu q\u00eb kalon si nj\u00eb &#8220;duhme&#8221; ere, kalimi i &#8220;f\u00ebrton\u00ebs&#8221;. Prandaj, edhe &#8220;Trumat&#8221; t\u00eb cilat jan\u00eb t\u00eb ralla tek ne, jan\u00eb nj\u00eb pjes\u00eb e jet\u00ebs ton\u00eb. Nga deti k\u00ebtij qytet\u00eb, gjithmon\u00eb i kan\u00eb ardhur t\u00eb mirat, por edhe ato t\u00eb kqijat&#8230;<strong><a id=\"js_191\" href=\"https:\/\/www.facebook.com\/ismet.karamanaga\" data-hovercard=\"\/ajax\/hovercard\/user.php?id=1359492972\">Ismet Karamanaga Facebook<\/a><\/strong><\/p>\n<\/div>\n","protected":false},"excerpt":{"rendered":"<p>Shpesh her\u00eb ne gjuh\u00ebn lokale, ne Ulqinak\u00ebt p\u00ebrdorim nj\u00eb shprehje nga trashig\u00ebmija e jon\u00eb, si\u00e7 \u00ebsht\u00eb kjo p\u00ebr ta p\u00ebrshkruar detin dhe motin e dob\u00ebt. Kjo \u00ebsht\u00eb nj\u00eb fjal\u00eb t\u00eb cil\u00ebn nuk mund ta gjeni askund tjet\u00ebr, nj\u00eb shprehje e rall\u00eb, nj\u00eb lokaliz\u00ebm i ve\u00e7ant\u00eb p\u00ebr Ulqin. Detar\u00ebt dhe kapidan\u00ebt gjithmon\u00eb kan\u00eb p\u00ebrdor\u00eb shprehjen, &#8220;\u00ebsht\u00eb [&hellip;]<\/p>\n","protected":false},"author":1,"featured_media":0,"comment_status":"closed","ping_status":"closed","sticky":false,"template":"","format":"standard","meta":{"spay_email":"","jetpack_publicize_message":"","jetpack_is_tweetstorm":false,"jetpack_publicize_feature_enabled":true},"categories":[13],"tags":[],"jetpack_publicize_connections":[],"yoast_head":"<!-- This site is optimized with the Yoast SEO plugin v19.1 - https:\/\/yoast.com\/wordpress\/plugins\/seo\/ -->\n<title>Po zhvendosen disa tornado (turm\u00eb) n\u00eb detin e Ulqinit - Lajme nga Ulqini<\/title>\n<meta name=\"description\" content=\"Shpesh her\u00eb ne gjuh\u00ebn lokale, ne Ulqinak\u00ebt p\u00ebrdorim nj\u00eb shprehje nga trashig\u00ebmija e jon\u00eb, si\u00e7 \u00ebsht\u00eb kjo p\u00ebr ta p\u00ebrshkruar detin dhe motin e dob\u00ebt. Kjo\" \/>\n<meta name=\"robots\" content=\"index, follow, max-snippet:-1, max-image-preview:large, max-video-preview:-1\" \/>\n<link rel=\"canonical\" href=\"https:\/\/www.visit-ulcinj.com\/blog\/2013\/11\/25\/po-zhvendosen-disa-tornado-turme-ne-detin-e-ulqinit\/\" \/>\n<meta property=\"og:locale\" content=\"en_US\" \/>\n<meta property=\"og:type\" content=\"article\" \/>\n<meta property=\"og:title\" content=\"Po zhvendosen disa tornado (turm\u00eb) n\u00eb detin e Ulqinit - Lajme nga Ulqini\" \/>\n<meta property=\"og:description\" content=\"Shpesh her\u00eb ne gjuh\u00ebn lokale, ne Ulqinak\u00ebt p\u00ebrdorim nj\u00eb shprehje nga trashig\u00ebmija e jon\u00eb, si\u00e7 \u00ebsht\u00eb kjo p\u00ebr ta p\u00ebrshkruar detin dhe motin e dob\u00ebt. Kjo\" \/>\n<meta property=\"og:url\" content=\"https:\/\/www.visit-ulcinj.com\/blog\/2013\/11\/25\/po-zhvendosen-disa-tornado-turme-ne-detin-e-ulqinit\/\" \/>\n<meta property=\"og:site_name\" content=\"Lajme nga Ulqini\" \/>\n<meta property=\"article:published_time\" content=\"2013-11-25T18:37:01+00:00\" \/>\n<meta property=\"article:modified_time\" content=\"2013-11-26T18:26:06+00:00\" \/>\n<meta name=\"twitter:label1\" content=\"Written by\" \/>\n\t<meta name=\"twitter:data1\" content=\"ulqini\" \/>\n\t<meta name=\"twitter:label2\" content=\"Est. reading time\" \/>\n\t<meta name=\"twitter:data2\" content=\"1 minute\" \/>\n<script type=\"application\/ld+json\" class=\"yoast-schema-graph\">{\"@context\":\"https:\/\/schema.org\",\"@graph\":[{\"@type\":\"WebSite\",\"@id\":\"https:\/\/www.visit-ulcinj.com\/blog\/#website\",\"url\":\"https:\/\/www.visit-ulcinj.com\/blog\/\",\"name\":\"Lajme nga Ulqini\",\"description\":\"Lajme,Vijesti,Ulqini,Ulqin,Crna Gora,Mali i Zi\",\"potentialAction\":[{\"@type\":\"SearchAction\",\"target\":{\"@type\":\"EntryPoint\",\"urlTemplate\":\"https:\/\/www.visit-ulcinj.com\/blog\/?s={search_term_string}\"},\"query-input\":\"required name=search_term_string\"}],\"inLanguage\":\"en-US\"},{\"@type\":\"WebPage\",\"@id\":\"https:\/\/www.visit-ulcinj.com\/blog\/2013\/11\/25\/po-zhvendosen-disa-tornado-turme-ne-detin-e-ulqinit\/#webpage\",\"url\":\"https:\/\/www.visit-ulcinj.com\/blog\/2013\/11\/25\/po-zhvendosen-disa-tornado-turme-ne-detin-e-ulqinit\/\",\"name\":\"Po zhvendosen disa tornado (turm\u00eb) n\u00eb detin e Ulqinit - Lajme nga Ulqini\",\"isPartOf\":{\"@id\":\"https:\/\/www.visit-ulcinj.com\/blog\/#website\"},\"datePublished\":\"2013-11-25T18:37:01+00:00\",\"dateModified\":\"2013-11-26T18:26:06+00:00\",\"author\":{\"@id\":\"https:\/\/www.visit-ulcinj.com\/blog\/#\/schema\/person\/dcab619c614d3038751c63bc2aadc06d\"},\"description\":\"Shpesh her\u00eb ne gjuh\u00ebn lokale, ne Ulqinak\u00ebt p\u00ebrdorim nj\u00eb shprehje nga trashig\u00ebmija e jon\u00eb, si\u00e7 \u00ebsht\u00eb kjo p\u00ebr ta p\u00ebrshkruar detin dhe motin e dob\u00ebt. Kjo\",\"breadcrumb\":{\"@id\":\"https:\/\/www.visit-ulcinj.com\/blog\/2013\/11\/25\/po-zhvendosen-disa-tornado-turme-ne-detin-e-ulqinit\/#breadcrumb\"},\"inLanguage\":\"en-US\",\"potentialAction\":[{\"@type\":\"ReadAction\",\"target\":[\"https:\/\/www.visit-ulcinj.com\/blog\/2013\/11\/25\/po-zhvendosen-disa-tornado-turme-ne-detin-e-ulqinit\/\"]}]},{\"@type\":\"BreadcrumbList\",\"@id\":\"https:\/\/www.visit-ulcinj.com\/blog\/2013\/11\/25\/po-zhvendosen-disa-tornado-turme-ne-detin-e-ulqinit\/#breadcrumb\",\"itemListElement\":[{\"@type\":\"ListItem\",\"position\":1,\"name\":\"Po zhvendosen disa tornado (turm\u00eb) n\u00eb detin e Ulqinit\"}]},{\"@type\":\"Person\",\"@id\":\"https:\/\/www.visit-ulcinj.com\/blog\/#\/schema\/person\/dcab619c614d3038751c63bc2aadc06d\",\"name\":\"ulqini\",\"sameAs\":[\"http:\/\/www.visit-ulcinj.com\"],\"url\":\"https:\/\/www.visit-ulcinj.com\/blog\/author\/admin\/\"}]}<\/script>\n<!-- \/ Yoast SEO plugin. -->","yoast_head_json":{"title":"Po zhvendosen disa tornado (turm\u00eb) n\u00eb detin e Ulqinit - Lajme nga Ulqini","description":"Shpesh her\u00eb ne gjuh\u00ebn lokale, ne Ulqinak\u00ebt p\u00ebrdorim nj\u00eb shprehje nga trashig\u00ebmija e jon\u00eb, si\u00e7 \u00ebsht\u00eb kjo p\u00ebr ta p\u00ebrshkruar detin dhe motin e dob\u00ebt. Kjo","robots":{"index":"index","follow":"follow","max-snippet":"max-snippet:-1","max-image-preview":"max-image-preview:large","max-video-preview":"max-video-preview:-1"},"canonical":"https:\/\/www.visit-ulcinj.com\/blog\/2013\/11\/25\/po-zhvendosen-disa-tornado-turme-ne-detin-e-ulqinit\/","og_locale":"en_US","og_type":"article","og_title":"Po zhvendosen disa tornado (turm\u00eb) n\u00eb detin e Ulqinit - Lajme nga Ulqini","og_description":"Shpesh her\u00eb ne gjuh\u00ebn lokale, ne Ulqinak\u00ebt p\u00ebrdorim nj\u00eb shprehje nga trashig\u00ebmija e jon\u00eb, si\u00e7 \u00ebsht\u00eb kjo p\u00ebr ta p\u00ebrshkruar detin dhe motin e dob\u00ebt. Kjo","og_url":"https:\/\/www.visit-ulcinj.com\/blog\/2013\/11\/25\/po-zhvendosen-disa-tornado-turme-ne-detin-e-ulqinit\/","og_site_name":"Lajme nga Ulqini","article_published_time":"2013-11-25T18:37:01+00:00","article_modified_time":"2013-11-26T18:26:06+00:00","twitter_misc":{"Written by":"ulqini","Est. reading time":"1 minute"},"schema":{"@context":"https:\/\/schema.org","@graph":[{"@type":"WebSite","@id":"https:\/\/www.visit-ulcinj.com\/blog\/#website","url":"https:\/\/www.visit-ulcinj.com\/blog\/","name":"Lajme nga Ulqini","description":"Lajme,Vijesti,Ulqini,Ulqin,Crna Gora,Mali i Zi","potentialAction":[{"@type":"SearchAction","target":{"@type":"EntryPoint","urlTemplate":"https:\/\/www.visit-ulcinj.com\/blog\/?s={search_term_string}"},"query-input":"required name=search_term_string"}],"inLanguage":"en-US"},{"@type":"WebPage","@id":"https:\/\/www.visit-ulcinj.com\/blog\/2013\/11\/25\/po-zhvendosen-disa-tornado-turme-ne-detin-e-ulqinit\/#webpage","url":"https:\/\/www.visit-ulcinj.com\/blog\/2013\/11\/25\/po-zhvendosen-disa-tornado-turme-ne-detin-e-ulqinit\/","name":"Po zhvendosen disa tornado (turm\u00eb) n\u00eb detin e Ulqinit - Lajme nga Ulqini","isPartOf":{"@id":"https:\/\/www.visit-ulcinj.com\/blog\/#website"},"datePublished":"2013-11-25T18:37:01+00:00","dateModified":"2013-11-26T18:26:06+00:00","author":{"@id":"https:\/\/www.visit-ulcinj.com\/blog\/#\/schema\/person\/dcab619c614d3038751c63bc2aadc06d"},"description":"Shpesh her\u00eb ne gjuh\u00ebn lokale, ne Ulqinak\u00ebt p\u00ebrdorim nj\u00eb shprehje nga trashig\u00ebmija e jon\u00eb, si\u00e7 \u00ebsht\u00eb kjo p\u00ebr ta p\u00ebrshkruar detin dhe motin e dob\u00ebt. Kjo","breadcrumb":{"@id":"https:\/\/www.visit-ulcinj.com\/blog\/2013\/11\/25\/po-zhvendosen-disa-tornado-turme-ne-detin-e-ulqinit\/#breadcrumb"},"inLanguage":"en-US","potentialAction":[{"@type":"ReadAction","target":["https:\/\/www.visit-ulcinj.com\/blog\/2013\/11\/25\/po-zhvendosen-disa-tornado-turme-ne-detin-e-ulqinit\/"]}]},{"@type":"BreadcrumbList","@id":"https:\/\/www.visit-ulcinj.com\/blog\/2013\/11\/25\/po-zhvendosen-disa-tornado-turme-ne-detin-e-ulqinit\/#breadcrumb","itemListElement":[{"@type":"ListItem","position":1,"name":"Po zhvendosen disa tornado (turm\u00eb) n\u00eb detin e Ulqinit"}]},{"@type":"Person","@id":"https:\/\/www.visit-ulcinj.com\/blog\/#\/schema\/person\/dcab619c614d3038751c63bc2aadc06d","name":"ulqini","sameAs":["http:\/\/www.visit-ulcinj.com"],"url":"https:\/\/www.visit-ulcinj.com\/blog\/author\/admin\/"}]}},"jetpack_featured_media_url":"","jetpack_sharing_enabled":true,"jetpack_shortlink":"https:\/\/wp.me\/pe6lTn-jUu","_links":{"self":[{"href":"https:\/\/www.visit-ulcinj.com\/blog\/wp-json\/wp\/v2\/posts\/76538"}],"collection":[{"href":"https:\/\/www.visit-ulcinj.com\/blog\/wp-json\/wp\/v2\/posts"}],"about":[{"href":"https:\/\/www.visit-ulcinj.com\/blog\/wp-json\/wp\/v2\/types\/post"}],"author":[{"embeddable":true,"href":"https:\/\/www.visit-ulcinj.com\/blog\/wp-json\/wp\/v2\/users\/1"}],"replies":[{"embeddable":true,"href":"https:\/\/www.visit-ulcinj.com\/blog\/wp-json\/wp\/v2\/comments?post=76538"}],"version-history":[{"count":4,"href":"https:\/\/www.visit-ulcinj.com\/blog\/wp-json\/wp\/v2\/posts\/76538\/revisions"}],"predecessor-version":[{"id":76597,"href":"https:\/\/www.visit-ulcinj.com\/blog\/wp-json\/wp\/v2\/posts\/76538\/revisions\/76597"}],"wp:attachment":[{"href":"https:\/\/www.visit-ulcinj.com\/blog\/wp-json\/wp\/v2\/media?parent=76538"}],"wp:term":[{"taxonomy":"category","embeddable":true,"href":"https:\/\/www.visit-ulcinj.com\/blog\/wp-json\/wp\/v2\/categories?post=76538"},{"taxonomy":"post_tag","embeddable":true,"href":"https:\/\/www.visit-ulcinj.com\/blog\/wp-json\/wp\/v2\/tags?post=76538"}],"curies":[{"name":"wp","href":"https:\/\/api.w.org\/{rel}","templated":true}]}}