{"id":76564,"date":"2013-11-25T20:12:33","date_gmt":"2013-11-25T19:12:33","guid":{"rendered":"http:\/\/www.visit-ulcinj.com\/blog\/?p=76564"},"modified":"2013-11-25T20:13:09","modified_gmt":"2013-11-25T19:13:09","slug":"shfaqet-me-sukses-dokumentari-dije-dhe-profesion-ne-ulqin","status":"publish","type":"post","link":"https:\/\/www.visit-ulcinj.com\/blog\/2013\/11\/25\/shfaqet-me-sukses-dokumentari-dije-dhe-profesion-ne-ulqin\/","title":{"rendered":"Shfaqet me sukses dokumentari &#8220;Dije dhe profesion&#8221; n\u00eb Ulqin"},"content":{"rendered":"<p><strong><a href=\"http:\/\/www.visit-ulcinj.com\/blog\/wp-content\/uploads\/2013\/11\/Dije-dhe-profesion-Ulqin.jpg\"><img loading=\"lazy\" class=\"alignleft  wp-image-76565\" alt=\"Dije dhe profesion -Ulqin\" src=\"http:\/\/www.visit-ulcinj.com\/blog\/wp-content\/uploads\/2013\/11\/Dije-dhe-profesion-Ulqin.jpg\" width=\"508\" height=\"360\" \/><\/a>\u201cDije dhe profesion\u201d<\/strong> \u00ebsht\u00eb dokumentari i cili u prezantua t\u00eb shtun\u00ebn n\u00eb Galerin\u00eb e arteve n\u00eb Qendr\u00ebn e kulturore \u00a0i financuar nga Fondi p\u00ebr mbrojtjen dhe realizimin e drejtave t\u00eb pakicave n\u00eb Mal t\u00eb Zi,realizuar nga SOS -telefoni p\u00ebr femra dhe f\u00ebmij\u00eb viktima t\u00eb dhun\u00ebs n\u00eb Ulqin .Dokumentari n\u00eb fjal\u00eb perfshin\u00eb veshjet popullore karakteristike t\u00eb komun\u00ebs s\u00eb Ulqinit, e q\u00eb prezantohen nga grat\u00eb t\u00eb cilat me vite b\u00ebjn\u00eb punime dore ,dhe n\u00eb nj\u00ebfar\u00eb m\u00ebnyre mundohen t\u00eb ruajn\u00eb vlerat kulturore \u00a0dhe tradit\u00ebn shekullore t\u00eb Komunes se Ulqinit<\/p>\n<p>Dokumentari <strong>\u201cDije dhe profesion \u201c<\/strong>ka n\u00eb fokus\u00a0 gruan,promovimin e aktivizimit fem\u00ebror dhe kreativitetin e saj\u00eb at\u00eb se cfar\u00eb ajo punon me shum\u00eb dashuri dhe p\u00ebrkushtim duke ruajtur me shume fanatiz\u00ebm kultur\u00ebn e vet trashigimore edhe p\u00ebrkund\u00ebr perballjeve t\u00eb shumta q\u00eb ka hasur n\u00eb rrethana t\u00eb pafavorshme socilale dhe ekonomike, u shpreh para nj\u00eb auditoriumi\u00a0 t\u00eb gj\u00ebr\u00eb \u00a0Ardita Kova\u00e7i ,e cila nj\u00ebherit \u00ebsht\u00eb edhe psikologe pran\u00eb SOS telefonit<\/p>\n<p>P\u00ebr vlerat e k\u00ebtij dokumnetari foli edhe Gazmend Govaci njoh\u00ebs i mir\u00eb i vlerave t\u00eb etnografis\u00eb dhe trashigimis\u00eb kulturore,duke shtuar se promovimi i dokumnetarit \u00ebsht\u00eb nj\u00eb realizim q\u00eb mbart vler\u00ebn e autencitetit dhe origjinalitetit \u00a0si dhe p\u00ebr vlerat e r\u00ebnd\u00ebsishme p\u00ebr shkenc\u00ebn e etnografis\u00eb,historis\u00eb dhe gjuh\u00ebsis\u00eb.Kjo d\u00ebshmon se ende sot e k\u00ebsaj dite n\u00eb trevat tona veshjet komb\u00ebtare p\u00ebrdoren ,dhe ende vishen nga t\u00eb moshuarat ,por edhe n\u00eb raste t\u00eb vecanta nga t\u00eb rejat e sodit,u shpreh Z Kova\u00e7i .<\/p>\n<p><a href=\"http:\/\/www.visit-ulcinj.com\/blog\/wp-content\/uploads\/2013\/11\/Dije-dhe-profesion-Ulqin-1.jpg\"><img loading=\"lazy\" class=\"alignleft  wp-image-76566\" alt=\"Dije dhe profesion -Ulqin-1\" src=\"http:\/\/www.visit-ulcinj.com\/blog\/wp-content\/uploads\/2013\/11\/Dije-dhe-profesion-Ulqin-1.jpg\" width=\"508\" height=\"360\" \/><\/a><\/p>\n<p>Qellimi i projektit \u201cDije dhe profesion\u201d \u00ebsht\u00eb njoftimi i opinionit me grat\u00eb e radha t\u00eb cilat merren me k\u00ebt\u00eb krijimtari , si dhe prezantimi i veshjeve popullore\u00a0 duke inspiruar edhe moshat e reja nga k\u00ebto gra t\u00eb cilat me vite kan\u00eb ruajtur k\u00ebt\u00eb tradit\u00eb q\u00eb edhe me tej t\u00eb vazhdoj\u00eb ne te ardhmen t\u00eb kultivojn\u00eb vlerat kulturore t\u00eb kombit ton\u00eb. shprehet autorja e ketij dokumentari, nj\u00ebherit edhe drejtoresh\u00eb e SOS &#8211; telefonit Hatixhe Nelaj<\/p>\n<p>Dokumetrai n\u00eb p\u00ebrgjith\u00ebsi \u00ebsht\u00eb pritur mir\u00eb nga t\u00eb pranishmit ,dhe me k\u00ebt\u00eb rast si shenj\u00eb falend\u00ebrimi ,solidarizimi dhe mirenjoheje p\u00ebr k\u00ebto gra artiste q\u00eb me dinjitet kan\u00eb ruajtur vler\u00ebn e trashigimise son\u00eb dhe p\u00ebr pun\u00ebn e tyre t\u00eb palodhme drejtoresha e Ndermarrjes Publike p\u00ebr pastrim dhe gjelbrim\u00a0 ju dhuroi\u00a0 nga nje buqet lulesh,dhe me pas per te gjith\u00eb te pranishmit u organizua nje koktei rasti.<\/p>\n<p>&nbsp;<\/p>\n","protected":false},"excerpt":{"rendered":"<p>\u201cDije dhe profesion\u201d \u00ebsht\u00eb dokumentari i cili u prezantua t\u00eb shtun\u00ebn n\u00eb Galerin\u00eb e arteve n\u00eb Qendr\u00ebn e kulturore \u00a0i financuar nga Fondi p\u00ebr mbrojtjen dhe realizimin e drejtave t\u00eb pakicave n\u00eb Mal t\u00eb Zi,realizuar nga SOS -telefoni p\u00ebr femra dhe f\u00ebmij\u00eb viktima t\u00eb dhun\u00ebs n\u00eb Ulqin .Dokumentari n\u00eb fjal\u00eb perfshin\u00eb veshjet popullore karakteristike t\u00eb [&hellip;]<\/p>\n","protected":false},"author":1,"featured_media":0,"comment_status":"closed","ping_status":"closed","sticky":false,"template":"","format":"standard","meta":{"spay_email":"","jetpack_publicize_message":"","jetpack_is_tweetstorm":false,"jetpack_publicize_feature_enabled":true},"categories":[4],"tags":[],"jetpack_publicize_connections":[],"yoast_head":"<!-- This site is optimized with the Yoast SEO plugin v19.1 - https:\/\/yoast.com\/wordpress\/plugins\/seo\/ -->\n<title>Shfaqet me sukses dokumentari &quot;Dije dhe profesion&quot; n\u00eb Ulqin - Lajme nga Ulqini<\/title>\n<meta name=\"description\" content=\"\u201cDije dhe profesion\u201d \u00ebsht\u00eb dokumentari i cili u prezantua t\u00eb shtun\u00ebn n\u00eb Galerin\u00eb e arteve n\u00eb Qendr\u00ebn e kulturore \u00a0i financuar nga Fondi p\u00ebr mbrojtjen dhe\" \/>\n<meta name=\"robots\" content=\"index, follow, max-snippet:-1, max-image-preview:large, max-video-preview:-1\" \/>\n<link rel=\"canonical\" href=\"https:\/\/www.visit-ulcinj.com\/blog\/2013\/11\/25\/shfaqet-me-sukses-dokumentari-dije-dhe-profesion-ne-ulqin\/\" \/>\n<meta property=\"og:locale\" content=\"en_US\" \/>\n<meta property=\"og:type\" content=\"article\" \/>\n<meta property=\"og:title\" content=\"Shfaqet me sukses dokumentari &quot;Dije dhe profesion&quot; n\u00eb Ulqin - Lajme nga Ulqini\" \/>\n<meta property=\"og:description\" content=\"\u201cDije dhe profesion\u201d \u00ebsht\u00eb dokumentari i cili u prezantua t\u00eb shtun\u00ebn n\u00eb Galerin\u00eb e arteve n\u00eb Qendr\u00ebn e kulturore \u00a0i financuar nga Fondi p\u00ebr mbrojtjen dhe\" \/>\n<meta property=\"og:url\" content=\"https:\/\/www.visit-ulcinj.com\/blog\/2013\/11\/25\/shfaqet-me-sukses-dokumentari-dije-dhe-profesion-ne-ulqin\/\" \/>\n<meta property=\"og:site_name\" content=\"Lajme nga Ulqini\" \/>\n<meta property=\"article:published_time\" content=\"2013-11-25T19:12:33+00:00\" \/>\n<meta property=\"article:modified_time\" content=\"2013-11-25T19:13:09+00:00\" \/>\n<meta property=\"og:image\" content=\"http:\/\/www.visit-ulcinj.com\/blog\/wp-content\/uploads\/2013\/11\/Dije-dhe-profesion-Ulqin.jpg\" \/>\n<meta name=\"twitter:label1\" content=\"Written by\" \/>\n\t<meta name=\"twitter:data1\" content=\"ulqini\" \/>\n\t<meta name=\"twitter:label2\" content=\"Est. reading time\" \/>\n\t<meta name=\"twitter:data2\" content=\"2 minutes\" \/>\n<script type=\"application\/ld+json\" class=\"yoast-schema-graph\">{\"@context\":\"https:\/\/schema.org\",\"@graph\":[{\"@type\":\"WebSite\",\"@id\":\"https:\/\/www.visit-ulcinj.com\/blog\/#website\",\"url\":\"https:\/\/www.visit-ulcinj.com\/blog\/\",\"name\":\"Lajme nga Ulqini\",\"description\":\"Lajme,Vijesti,Ulqini,Ulqin,Crna Gora,Mali i Zi\",\"potentialAction\":[{\"@type\":\"SearchAction\",\"target\":{\"@type\":\"EntryPoint\",\"urlTemplate\":\"https:\/\/www.visit-ulcinj.com\/blog\/?s={search_term_string}\"},\"query-input\":\"required name=search_term_string\"}],\"inLanguage\":\"en-US\"},{\"@type\":\"ImageObject\",\"inLanguage\":\"en-US\",\"@id\":\"https:\/\/www.visit-ulcinj.com\/blog\/2013\/11\/25\/shfaqet-me-sukses-dokumentari-dije-dhe-profesion-ne-ulqin\/#primaryimage\",\"url\":\"https:\/\/www.visit-ulcinj.com\/blog\/wp-content\/uploads\/2013\/11\/Dije-dhe-profesion-Ulqin.jpg\",\"contentUrl\":\"https:\/\/www.visit-ulcinj.com\/blog\/wp-content\/uploads\/2013\/11\/Dije-dhe-profesion-Ulqin.jpg\",\"width\":629,\"height\":503},{\"@type\":\"WebPage\",\"@id\":\"https:\/\/www.visit-ulcinj.com\/blog\/2013\/11\/25\/shfaqet-me-sukses-dokumentari-dije-dhe-profesion-ne-ulqin\/#webpage\",\"url\":\"https:\/\/www.visit-ulcinj.com\/blog\/2013\/11\/25\/shfaqet-me-sukses-dokumentari-dije-dhe-profesion-ne-ulqin\/\",\"name\":\"Shfaqet me sukses dokumentari \\\"Dije dhe profesion\\\" n\u00eb Ulqin - Lajme nga Ulqini\",\"isPartOf\":{\"@id\":\"https:\/\/www.visit-ulcinj.com\/blog\/#website\"},\"primaryImageOfPage\":{\"@id\":\"https:\/\/www.visit-ulcinj.com\/blog\/2013\/11\/25\/shfaqet-me-sukses-dokumentari-dije-dhe-profesion-ne-ulqin\/#primaryimage\"},\"datePublished\":\"2013-11-25T19:12:33+00:00\",\"dateModified\":\"2013-11-25T19:13:09+00:00\",\"author\":{\"@id\":\"https:\/\/www.visit-ulcinj.com\/blog\/#\/schema\/person\/dcab619c614d3038751c63bc2aadc06d\"},\"description\":\"\u201cDije dhe profesion\u201d \u00ebsht\u00eb dokumentari i cili u prezantua t\u00eb shtun\u00ebn n\u00eb Galerin\u00eb e arteve n\u00eb Qendr\u00ebn e kulturore \u00a0i financuar nga Fondi p\u00ebr mbrojtjen dhe\",\"breadcrumb\":{\"@id\":\"https:\/\/www.visit-ulcinj.com\/blog\/2013\/11\/25\/shfaqet-me-sukses-dokumentari-dije-dhe-profesion-ne-ulqin\/#breadcrumb\"},\"inLanguage\":\"en-US\",\"potentialAction\":[{\"@type\":\"ReadAction\",\"target\":[\"https:\/\/www.visit-ulcinj.com\/blog\/2013\/11\/25\/shfaqet-me-sukses-dokumentari-dije-dhe-profesion-ne-ulqin\/\"]}]},{\"@type\":\"BreadcrumbList\",\"@id\":\"https:\/\/www.visit-ulcinj.com\/blog\/2013\/11\/25\/shfaqet-me-sukses-dokumentari-dije-dhe-profesion-ne-ulqin\/#breadcrumb\",\"itemListElement\":[{\"@type\":\"ListItem\",\"position\":1,\"name\":\"Shfaqet me sukses dokumentari &#8220;Dije dhe profesion&#8221; n\u00eb Ulqin\"}]},{\"@type\":\"Person\",\"@id\":\"https:\/\/www.visit-ulcinj.com\/blog\/#\/schema\/person\/dcab619c614d3038751c63bc2aadc06d\",\"name\":\"ulqini\",\"sameAs\":[\"http:\/\/www.visit-ulcinj.com\"],\"url\":\"https:\/\/www.visit-ulcinj.com\/blog\/author\/admin\/\"}]}<\/script>\n<!-- \/ Yoast SEO plugin. -->","yoast_head_json":{"title":"Shfaqet me sukses dokumentari \"Dije dhe profesion\" n\u00eb Ulqin - Lajme nga Ulqini","description":"\u201cDije dhe profesion\u201d \u00ebsht\u00eb dokumentari i cili u prezantua t\u00eb shtun\u00ebn n\u00eb Galerin\u00eb e arteve n\u00eb Qendr\u00ebn e kulturore \u00a0i financuar nga Fondi p\u00ebr mbrojtjen dhe","robots":{"index":"index","follow":"follow","max-snippet":"max-snippet:-1","max-image-preview":"max-image-preview:large","max-video-preview":"max-video-preview:-1"},"canonical":"https:\/\/www.visit-ulcinj.com\/blog\/2013\/11\/25\/shfaqet-me-sukses-dokumentari-dije-dhe-profesion-ne-ulqin\/","og_locale":"en_US","og_type":"article","og_title":"Shfaqet me sukses dokumentari \"Dije dhe profesion\" n\u00eb Ulqin - Lajme nga Ulqini","og_description":"\u201cDije dhe profesion\u201d \u00ebsht\u00eb dokumentari i cili u prezantua t\u00eb shtun\u00ebn n\u00eb Galerin\u00eb e arteve n\u00eb Qendr\u00ebn e kulturore \u00a0i financuar nga Fondi p\u00ebr mbrojtjen dhe","og_url":"https:\/\/www.visit-ulcinj.com\/blog\/2013\/11\/25\/shfaqet-me-sukses-dokumentari-dije-dhe-profesion-ne-ulqin\/","og_site_name":"Lajme nga Ulqini","article_published_time":"2013-11-25T19:12:33+00:00","article_modified_time":"2013-11-25T19:13:09+00:00","og_image":[{"url":"http:\/\/www.visit-ulcinj.com\/blog\/wp-content\/uploads\/2013\/11\/Dije-dhe-profesion-Ulqin.jpg"}],"twitter_misc":{"Written by":"ulqini","Est. reading time":"2 minutes"},"schema":{"@context":"https:\/\/schema.org","@graph":[{"@type":"WebSite","@id":"https:\/\/www.visit-ulcinj.com\/blog\/#website","url":"https:\/\/www.visit-ulcinj.com\/blog\/","name":"Lajme nga Ulqini","description":"Lajme,Vijesti,Ulqini,Ulqin,Crna Gora,Mali i Zi","potentialAction":[{"@type":"SearchAction","target":{"@type":"EntryPoint","urlTemplate":"https:\/\/www.visit-ulcinj.com\/blog\/?s={search_term_string}"},"query-input":"required name=search_term_string"}],"inLanguage":"en-US"},{"@type":"ImageObject","inLanguage":"en-US","@id":"https:\/\/www.visit-ulcinj.com\/blog\/2013\/11\/25\/shfaqet-me-sukses-dokumentari-dije-dhe-profesion-ne-ulqin\/#primaryimage","url":"https:\/\/www.visit-ulcinj.com\/blog\/wp-content\/uploads\/2013\/11\/Dije-dhe-profesion-Ulqin.jpg","contentUrl":"https:\/\/www.visit-ulcinj.com\/blog\/wp-content\/uploads\/2013\/11\/Dije-dhe-profesion-Ulqin.jpg","width":629,"height":503},{"@type":"WebPage","@id":"https:\/\/www.visit-ulcinj.com\/blog\/2013\/11\/25\/shfaqet-me-sukses-dokumentari-dije-dhe-profesion-ne-ulqin\/#webpage","url":"https:\/\/www.visit-ulcinj.com\/blog\/2013\/11\/25\/shfaqet-me-sukses-dokumentari-dije-dhe-profesion-ne-ulqin\/","name":"Shfaqet me sukses dokumentari \"Dije dhe profesion\" n\u00eb Ulqin - Lajme nga Ulqini","isPartOf":{"@id":"https:\/\/www.visit-ulcinj.com\/blog\/#website"},"primaryImageOfPage":{"@id":"https:\/\/www.visit-ulcinj.com\/blog\/2013\/11\/25\/shfaqet-me-sukses-dokumentari-dije-dhe-profesion-ne-ulqin\/#primaryimage"},"datePublished":"2013-11-25T19:12:33+00:00","dateModified":"2013-11-25T19:13:09+00:00","author":{"@id":"https:\/\/www.visit-ulcinj.com\/blog\/#\/schema\/person\/dcab619c614d3038751c63bc2aadc06d"},"description":"\u201cDije dhe profesion\u201d \u00ebsht\u00eb dokumentari i cili u prezantua t\u00eb shtun\u00ebn n\u00eb Galerin\u00eb e arteve n\u00eb Qendr\u00ebn e kulturore \u00a0i financuar nga Fondi p\u00ebr mbrojtjen dhe","breadcrumb":{"@id":"https:\/\/www.visit-ulcinj.com\/blog\/2013\/11\/25\/shfaqet-me-sukses-dokumentari-dije-dhe-profesion-ne-ulqin\/#breadcrumb"},"inLanguage":"en-US","potentialAction":[{"@type":"ReadAction","target":["https:\/\/www.visit-ulcinj.com\/blog\/2013\/11\/25\/shfaqet-me-sukses-dokumentari-dije-dhe-profesion-ne-ulqin\/"]}]},{"@type":"BreadcrumbList","@id":"https:\/\/www.visit-ulcinj.com\/blog\/2013\/11\/25\/shfaqet-me-sukses-dokumentari-dije-dhe-profesion-ne-ulqin\/#breadcrumb","itemListElement":[{"@type":"ListItem","position":1,"name":"Shfaqet me sukses dokumentari &#8220;Dije dhe profesion&#8221; n\u00eb Ulqin"}]},{"@type":"Person","@id":"https:\/\/www.visit-ulcinj.com\/blog\/#\/schema\/person\/dcab619c614d3038751c63bc2aadc06d","name":"ulqini","sameAs":["http:\/\/www.visit-ulcinj.com"],"url":"https:\/\/www.visit-ulcinj.com\/blog\/author\/admin\/"}]}},"jetpack_featured_media_url":"","jetpack_sharing_enabled":true,"jetpack_shortlink":"https:\/\/wp.me\/pe6lTn-jUU","_links":{"self":[{"href":"https:\/\/www.visit-ulcinj.com\/blog\/wp-json\/wp\/v2\/posts\/76564"}],"collection":[{"href":"https:\/\/www.visit-ulcinj.com\/blog\/wp-json\/wp\/v2\/posts"}],"about":[{"href":"https:\/\/www.visit-ulcinj.com\/blog\/wp-json\/wp\/v2\/types\/post"}],"author":[{"embeddable":true,"href":"https:\/\/www.visit-ulcinj.com\/blog\/wp-json\/wp\/v2\/users\/1"}],"replies":[{"embeddable":true,"href":"https:\/\/www.visit-ulcinj.com\/blog\/wp-json\/wp\/v2\/comments?post=76564"}],"version-history":[{"count":2,"href":"https:\/\/www.visit-ulcinj.com\/blog\/wp-json\/wp\/v2\/posts\/76564\/revisions"}],"predecessor-version":[{"id":76568,"href":"https:\/\/www.visit-ulcinj.com\/blog\/wp-json\/wp\/v2\/posts\/76564\/revisions\/76568"}],"wp:attachment":[{"href":"https:\/\/www.visit-ulcinj.com\/blog\/wp-json\/wp\/v2\/media?parent=76564"}],"wp:term":[{"taxonomy":"category","embeddable":true,"href":"https:\/\/www.visit-ulcinj.com\/blog\/wp-json\/wp\/v2\/categories?post=76564"},{"taxonomy":"post_tag","embeddable":true,"href":"https:\/\/www.visit-ulcinj.com\/blog\/wp-json\/wp\/v2\/tags?post=76564"}],"curies":[{"name":"wp","href":"https:\/\/api.w.org\/{rel}","templated":true}]}}