{"id":76571,"date":"2013-11-26T16:48:57","date_gmt":"2013-11-26T15:48:57","guid":{"rendered":"http:\/\/www.visit-ulcinj.com\/blog\/?p=76571"},"modified":"2013-11-27T07:49:29","modified_gmt":"2013-11-27T06:49:29","slug":"harasani-anarki-ligjore-ne-komunen-e-ulqinit","status":"publish","type":"post","link":"https:\/\/www.visit-ulcinj.com\/blog\/2013\/11\/26\/harasani-anarki-ligjore-ne-komunen-e-ulqinit\/","title":{"rendered":"Harasani: Anarki Ligjore ne komunen e Ulqinit"},"content":{"rendered":"<p>Anarkia si fjal\u00eb dhe si teori kryesisht haset n\u00eb t\u00eb kaluaren,\u00a0 kurse sot n\u00eb k\u00ebt\u00eb koncept mvishen\u00a0 shtetet e pazhvilluara, organizatat dhe grupacionet e pa p\u00ebrfillshm\u00ebris ligjore. Por kjo fjal\u00eb s\u00eb fundi \u00ebsht\u00eb aktuale dhe n\u00eb qytetin ton\u00eb, dhe at\u00eb si pasoj\u00eb e veprimeve t\u00eb udh\u00ebheq\u00ebsis\u00eb s\u00eb organeve t\u00eb vetqeverisjes lokale.<br \/>\n<a href=\"http:\/\/www.visit-ulcinj.com\/blog\/wp-content\/uploads\/2013\/11\/Ilir-Harasani-Ulqin.jpg\"><img loading=\"lazy\" class=\"alignleft  wp-image-76572\" alt=\"Ilir-Harasani-Ulqin\" src=\"http:\/\/www.visit-ulcinj.com\/blog\/wp-content\/uploads\/2013\/11\/Ilir-Harasani-Ulqin.jpg\" width=\"508\" height=\"400\" \/><\/a><\/p>\n<p>Sistemet demokratike p\u00ebrher\u00eb jan\u00eb orientuar dhe kan\u00eb synuar q\u00eb qytetar\u00ebt vet\u00eb ta ushtrojn\u00eb pushtetin. K\u00ebt\u00eb mund\u00ebsi e ka ofruar vet\u00ebqeverisja lokale, qoft\u00eb n\u00eb m\u00ebnyr\u00eb direkte, qoft\u00eb p\u00ebrmes p\u00ebrfaqsuesve t\u00eb qytetar\u00ebve t\u00eb zgjedhur nga vet ata. Synimi \u00ebsht\u00eb q\u00eb qytetar\u00ebt ta ushtrojn\u00eb nj\u00eb pjes\u00eb t\u00eb pushtetit, i cili decentralizohet nga organet e pushtetit q\u00ebndror n\u00eb ato vendore. Vetqeverisja lokale pra paraqet nj\u00eb element t\u00eb r\u00ebnd\u00ebsish\u00ebm t\u00eb demokratizimit t\u00eb sistemit politik. Por \u00e7far ndodh\u00eb kur ajo nuk ushtrohet si\u00e7 duhet? \u00c7far ndodh\u00eb kur p\u00ebrfaq\u00ebsuesit e zgjedhur vetshpallen &#8220;t\u00eb paaft\u00eb&#8221; p\u00ebr ta ushtruar detyr\u00ebn q\u00eb ju ka besuar qytetari i Ulqinit?? N\u00ebse tani jan\u00eb t\u00eb till a duhet pritur q\u00eb do &#8220;t\u00eb aft\u00ebsohen&#8221; p\u00ebr mandatin e ardhsh\u00ebm?<\/p>\n<p>Anarkia n\u00eb komunen e Ulqinit ka t\u00eb b\u00ebj me at\u00eb q\u00eb periudha e udh\u00ebheqjes qeveris\u00ebse \u00ebsht\u00eb b\u00ebr shpesh jasht\u00eb juridiksionit n\u00eb fuqi.\u00a0 konkretisht jo konform\u00eb Ligjit mbi vetqeverisjen lokale dhe vet statutit t\u00eb komunes, dhe at\u00eb nga dy organet e\u00a0 komun\u00ebs s\u00eb\u00a0 Ulqinit: organit\u00a0 p\u00ebrfaq\u00ebsues-ligjv\u00ebn\u00ebs Kuvendit, dhe organin eksekutiv\u00a0 kryetarit\u00a0 t\u00eb \u00a0Komun\u00ebs.<\/p>\n<p>N\u00eb Kuvendin komunal disa muaj\u00a0 ka mbretruar mospajtueshmeria, grindja dhe n\u00eb fund\u00a0 heshtja e zymt\u00eb, mosvijueshmeria\u00a0 e k\u00ebshilltar\u00ebve ka qen\u00eb pasoj q\u00eb kemi pasur zbrazdir\u00eb juridike n\u00eb komun\u00eb, mos miratimi i disa aktve t\u00eb rendesishme , e q\u00eb t\u00ebrthorazi kan\u00eb\u00a0 ndikuar n\u00eb zhvillimin e qytetit. Duke mos mjaftuar kjo k\u00ebshilltart\u00ebt\u00a0 shkurtojn\u00eb mandatin, duke mos p\u00ebrmbush afatin e parapar me ligj dhe n\u00eb k\u00ebt\u00eb m\u00ebnyr\u00eb shfaqen jo serioz\u00eb dhe jo p\u00ebrgjegj\u00ebs ndaj qytetarve q\u00eb i kan\u00eb p\u00ebrzgjedhur.<\/p>\n<p>N\u00eb nenin 7 t\u00eb statutit t\u00eb Komun\u00ebs thuhet q\u00eb Komuna ka cil\u00ebsin e p\u00ebrsonit juridik,\u00a0 ky etiketim juridik p\u00ebr Komun\u00ebn shpesh \u00ebsht\u00eb l\u00ebkundur me veprimet kontraverse dhe vetanake t\u00eb p\u00ebrsonit fizik-kryetarit t\u00eb Komun\u00ebs, ku krijohet p\u00ebrshtyja se kush \u00ebsht\u00eb p\u00ebrson fizik e kush juridik. Si organ ekzekutiv kryetrai i komun\u00ebs ka nd\u00ebrrmarr\u00eb disa veprime t\u00eb pap\u00ebrgjegjshme dhe anti ligjore: nuk ka shtruar raportin e vet\u00eb para Kuvendit q\u00eb e ka obligim ligjor (sipas Ligjit mbi vet\u00ebqeverisje lokale neni 57 p.8, dhe sipas statutit t\u00eb komun\u00ebs neni 83 p.11.) s\u00eb paku nj\u00eb her\u00eb n\u00eb vit. Kryetari po ashtu bie ndesh me ligjin tek \u00e7\u00ebshtja e shkarkimit t\u00eb n\u00ebnkryetarit ku p\u00ebr shkarkimin e n\u00ebnkrytarit nuk merr\u00eb p\u00eblqimin e kuvendit nd\u00ebrsa me ligjin mbi vet\u00ebqeverisje lokale ceket ne nenin 57 p.6 dhe ne satutin e Komun\u00ebs neni 83 p.6 &#8221; Kryetari i Komun\u00ebs em\u00ebron dhe shkarkon n\u00ebnkryetarin e Komun\u00ebs me p\u00eblqimin e Kuvendit.&#8221;. V\u00ebrtetim i k\u00ebsaj \u00ebsht\u00eb dhe vendimi i fresk\u00ebt dhe i qart\u00eb i Gjykat\u00ebs Administrative Nr. 01-3801-13. Nga kjo anarki s\u2019do\u00a0 mungoj dhe \u00e7\u00ebshtja\u00a0 e mos pasurit kryeadministrator p\u00ebr 9 muaj, ku mund t\u00eb themi se \u00ebsht\u00eb shtylla kurrizore juridike e nj\u00eb\u00a0 Komune. K\u00ebt\u00eb shtyll\u00eb kurrizore jan\u00eb munduar ta b\u00ebjn\u00eb &#8220;operacion plastik&#8221; duke caktuar ushtrues detyre t\u00eb kryeadministratorit q\u00eb \u00ebsht\u00eb e paarsyeshme dhe jo funksionale.<\/p>\n<p>E gjith\u00eb\u00a0 kjo anarki e shfaqur n\u00eb sken\u00eb nga aktor\u00eb\u00a0 politik\u00eb, q\u00eb shfaqjen negative duan ta\u00a0\u00a0 zhveshin nga vetvetja\u00a0 ku \u00e7do nj\u00ebri akuzon tjetrin,\u00a0 me q\u00ebllim q\u00eb faji i shkaktuar t\u00eb mbes\u00eb jetim, pa e ditur q\u00eb jetim mbet\u00ebn publiku i cili i ka besuar aq shum\u00eb , dhe kjo\u00a0 s&#8217;\u00ebsht\u00eb asgj\u00eb tjeter ve\u00e7se politik\u00eb destruktive,\u00a0 jo produktive dhe prodhim i destabilitetirt politiko-ekonomiko n\u00eb qytet.<\/p>\n<p>Si epilog Zgjedhjet jan\u00eb n\u00eb prag,\u00a0 deri tani\u00a0 vet\u00ebdija e qytetarve n\u00eb baz\u00eb t\u00eb arsyes mbi t\u00eb kaluaren \u00ebsht\u00eb ngritur dhe me k\u00ebt\u00eb mund\u00eb t\u00eb shprehet vullneti real p\u00ebr p\u00ebrzgjedhje, por\u00a0 skepticiz\u00ebm \u00ebsht\u00eb se do mbetet po k\u00ebshtu deri tek caku i gar\u00ebs duke pasur parasysh presionin e partive politike dhe varshm\u00ebrin e qytetarve?\u00a0 A do\u00a0 kemi ndryshim t\u00eb figurave dhe\u00a0 skenes politike, apo p\u00ebrs\u00ebritje e t\u00eb t\u00eb nj\u00ebjt\u00ebve, kjo mbetet t\u00eb shihet..<\/p>\n<p><strong>Nga Ilir Harasani<\/strong><\/p>\n","protected":false},"excerpt":{"rendered":"<p>Anarkia si fjal\u00eb dhe si teori kryesisht haset n\u00eb t\u00eb kaluaren,\u00a0 kurse sot n\u00eb k\u00ebt\u00eb koncept mvishen\u00a0 shtetet e pazhvilluara, organizatat dhe grupacionet e pa p\u00ebrfillshm\u00ebris ligjore. Por kjo fjal\u00eb s\u00eb fundi \u00ebsht\u00eb aktuale dhe n\u00eb qytetin ton\u00eb, dhe at\u00eb si pasoj\u00eb e veprimeve t\u00eb udh\u00ebheq\u00ebsis\u00eb s\u00eb organeve t\u00eb vetqeverisjes lokale. Sistemet demokratike p\u00ebrher\u00eb jan\u00eb [&hellip;]<\/p>\n","protected":false},"author":1,"featured_media":0,"comment_status":"closed","ping_status":"closed","sticky":false,"template":"","format":"standard","meta":{"spay_email":"","jetpack_publicize_message":"","jetpack_is_tweetstorm":false,"jetpack_publicize_feature_enabled":true},"categories":[1,14249],"tags":[],"jetpack_publicize_connections":[],"yoast_head":"<!-- This site is optimized with the Yoast SEO plugin v19.1 - https:\/\/yoast.com\/wordpress\/plugins\/seo\/ -->\n<title>Harasani: Anarki Ligjore ne komunen e Ulqinit - Lajme nga Ulqini<\/title>\n<meta name=\"description\" content=\"Anarkia si fjal\u00eb dhe si teori kryesisht haset n\u00eb t\u00eb kaluaren,\u00a0 kurse sot n\u00eb k\u00ebt\u00eb koncept mvishen\u00a0 shtetet e pazhvilluara, organizatat dhe grupacionet e pa\" \/>\n<meta name=\"robots\" content=\"index, follow, max-snippet:-1, max-image-preview:large, max-video-preview:-1\" \/>\n<link rel=\"canonical\" href=\"https:\/\/www.visit-ulcinj.com\/blog\/2013\/11\/26\/harasani-anarki-ligjore-ne-komunen-e-ulqinit\/\" \/>\n<meta property=\"og:locale\" content=\"en_US\" \/>\n<meta property=\"og:type\" content=\"article\" \/>\n<meta property=\"og:title\" content=\"Harasani: Anarki Ligjore ne komunen e Ulqinit - Lajme nga Ulqini\" \/>\n<meta property=\"og:description\" content=\"Anarkia si fjal\u00eb dhe si teori kryesisht haset n\u00eb t\u00eb kaluaren,\u00a0 kurse sot n\u00eb k\u00ebt\u00eb koncept mvishen\u00a0 shtetet e pazhvilluara, organizatat dhe grupacionet e pa\" \/>\n<meta property=\"og:url\" content=\"https:\/\/www.visit-ulcinj.com\/blog\/2013\/11\/26\/harasani-anarki-ligjore-ne-komunen-e-ulqinit\/\" \/>\n<meta property=\"og:site_name\" content=\"Lajme nga Ulqini\" \/>\n<meta property=\"article:published_time\" content=\"2013-11-26T15:48:57+00:00\" \/>\n<meta property=\"article:modified_time\" content=\"2013-11-27T06:49:29+00:00\" \/>\n<meta property=\"og:image\" content=\"http:\/\/www.visit-ulcinj.com\/blog\/wp-content\/uploads\/2013\/11\/Ilir-Harasani-Ulqin.jpg\" \/>\n<meta name=\"twitter:label1\" content=\"Written by\" \/>\n\t<meta name=\"twitter:data1\" content=\"ulqini\" \/>\n\t<meta name=\"twitter:label2\" content=\"Est. reading time\" \/>\n\t<meta name=\"twitter:data2\" content=\"4 minutes\" \/>\n<script type=\"application\/ld+json\" class=\"yoast-schema-graph\">{\"@context\":\"https:\/\/schema.org\",\"@graph\":[{\"@type\":\"WebSite\",\"@id\":\"https:\/\/www.visit-ulcinj.com\/blog\/#website\",\"url\":\"https:\/\/www.visit-ulcinj.com\/blog\/\",\"name\":\"Lajme nga Ulqini\",\"description\":\"Lajme,Vijesti,Ulqini,Ulqin,Crna Gora,Mali i Zi\",\"potentialAction\":[{\"@type\":\"SearchAction\",\"target\":{\"@type\":\"EntryPoint\",\"urlTemplate\":\"https:\/\/www.visit-ulcinj.com\/blog\/?s={search_term_string}\"},\"query-input\":\"required name=search_term_string\"}],\"inLanguage\":\"en-US\"},{\"@type\":\"ImageObject\",\"inLanguage\":\"en-US\",\"@id\":\"https:\/\/www.visit-ulcinj.com\/blog\/2013\/11\/26\/harasani-anarki-ligjore-ne-komunen-e-ulqinit\/#primaryimage\",\"url\":\"https:\/\/www.visit-ulcinj.com\/blog\/wp-content\/uploads\/2013\/11\/Ilir-Harasani-Ulqin.jpg\",\"contentUrl\":\"https:\/\/www.visit-ulcinj.com\/blog\/wp-content\/uploads\/2013\/11\/Ilir-Harasani-Ulqin.jpg\",\"width\":721,\"height\":672},{\"@type\":\"WebPage\",\"@id\":\"https:\/\/www.visit-ulcinj.com\/blog\/2013\/11\/26\/harasani-anarki-ligjore-ne-komunen-e-ulqinit\/#webpage\",\"url\":\"https:\/\/www.visit-ulcinj.com\/blog\/2013\/11\/26\/harasani-anarki-ligjore-ne-komunen-e-ulqinit\/\",\"name\":\"Harasani: Anarki Ligjore ne komunen e Ulqinit - Lajme nga Ulqini\",\"isPartOf\":{\"@id\":\"https:\/\/www.visit-ulcinj.com\/blog\/#website\"},\"primaryImageOfPage\":{\"@id\":\"https:\/\/www.visit-ulcinj.com\/blog\/2013\/11\/26\/harasani-anarki-ligjore-ne-komunen-e-ulqinit\/#primaryimage\"},\"datePublished\":\"2013-11-26T15:48:57+00:00\",\"dateModified\":\"2013-11-27T06:49:29+00:00\",\"author\":{\"@id\":\"https:\/\/www.visit-ulcinj.com\/blog\/#\/schema\/person\/dcab619c614d3038751c63bc2aadc06d\"},\"description\":\"Anarkia si fjal\u00eb dhe si teori kryesisht haset n\u00eb t\u00eb kaluaren,\u00a0 kurse sot n\u00eb k\u00ebt\u00eb koncept mvishen\u00a0 shtetet e pazhvilluara, organizatat dhe grupacionet e pa\",\"breadcrumb\":{\"@id\":\"https:\/\/www.visit-ulcinj.com\/blog\/2013\/11\/26\/harasani-anarki-ligjore-ne-komunen-e-ulqinit\/#breadcrumb\"},\"inLanguage\":\"en-US\",\"potentialAction\":[{\"@type\":\"ReadAction\",\"target\":[\"https:\/\/www.visit-ulcinj.com\/blog\/2013\/11\/26\/harasani-anarki-ligjore-ne-komunen-e-ulqinit\/\"]}]},{\"@type\":\"BreadcrumbList\",\"@id\":\"https:\/\/www.visit-ulcinj.com\/blog\/2013\/11\/26\/harasani-anarki-ligjore-ne-komunen-e-ulqinit\/#breadcrumb\",\"itemListElement\":[{\"@type\":\"ListItem\",\"position\":1,\"name\":\"Harasani: Anarki Ligjore ne komunen e Ulqinit\"}]},{\"@type\":\"Person\",\"@id\":\"https:\/\/www.visit-ulcinj.com\/blog\/#\/schema\/person\/dcab619c614d3038751c63bc2aadc06d\",\"name\":\"ulqini\",\"sameAs\":[\"http:\/\/www.visit-ulcinj.com\"],\"url\":\"https:\/\/www.visit-ulcinj.com\/blog\/author\/admin\/\"}]}<\/script>\n<!-- \/ Yoast SEO plugin. -->","yoast_head_json":{"title":"Harasani: Anarki Ligjore ne komunen e Ulqinit - Lajme nga Ulqini","description":"Anarkia si fjal\u00eb dhe si teori kryesisht haset n\u00eb t\u00eb kaluaren,\u00a0 kurse sot n\u00eb k\u00ebt\u00eb koncept mvishen\u00a0 shtetet e pazhvilluara, organizatat dhe grupacionet e pa","robots":{"index":"index","follow":"follow","max-snippet":"max-snippet:-1","max-image-preview":"max-image-preview:large","max-video-preview":"max-video-preview:-1"},"canonical":"https:\/\/www.visit-ulcinj.com\/blog\/2013\/11\/26\/harasani-anarki-ligjore-ne-komunen-e-ulqinit\/","og_locale":"en_US","og_type":"article","og_title":"Harasani: Anarki Ligjore ne komunen e Ulqinit - Lajme nga Ulqini","og_description":"Anarkia si fjal\u00eb dhe si teori kryesisht haset n\u00eb t\u00eb kaluaren,\u00a0 kurse sot n\u00eb k\u00ebt\u00eb koncept mvishen\u00a0 shtetet e pazhvilluara, organizatat dhe grupacionet e pa","og_url":"https:\/\/www.visit-ulcinj.com\/blog\/2013\/11\/26\/harasani-anarki-ligjore-ne-komunen-e-ulqinit\/","og_site_name":"Lajme nga Ulqini","article_published_time":"2013-11-26T15:48:57+00:00","article_modified_time":"2013-11-27T06:49:29+00:00","og_image":[{"url":"http:\/\/www.visit-ulcinj.com\/blog\/wp-content\/uploads\/2013\/11\/Ilir-Harasani-Ulqin.jpg"}],"twitter_misc":{"Written by":"ulqini","Est. reading time":"4 minutes"},"schema":{"@context":"https:\/\/schema.org","@graph":[{"@type":"WebSite","@id":"https:\/\/www.visit-ulcinj.com\/blog\/#website","url":"https:\/\/www.visit-ulcinj.com\/blog\/","name":"Lajme nga Ulqini","description":"Lajme,Vijesti,Ulqini,Ulqin,Crna Gora,Mali i Zi","potentialAction":[{"@type":"SearchAction","target":{"@type":"EntryPoint","urlTemplate":"https:\/\/www.visit-ulcinj.com\/blog\/?s={search_term_string}"},"query-input":"required name=search_term_string"}],"inLanguage":"en-US"},{"@type":"ImageObject","inLanguage":"en-US","@id":"https:\/\/www.visit-ulcinj.com\/blog\/2013\/11\/26\/harasani-anarki-ligjore-ne-komunen-e-ulqinit\/#primaryimage","url":"https:\/\/www.visit-ulcinj.com\/blog\/wp-content\/uploads\/2013\/11\/Ilir-Harasani-Ulqin.jpg","contentUrl":"https:\/\/www.visit-ulcinj.com\/blog\/wp-content\/uploads\/2013\/11\/Ilir-Harasani-Ulqin.jpg","width":721,"height":672},{"@type":"WebPage","@id":"https:\/\/www.visit-ulcinj.com\/blog\/2013\/11\/26\/harasani-anarki-ligjore-ne-komunen-e-ulqinit\/#webpage","url":"https:\/\/www.visit-ulcinj.com\/blog\/2013\/11\/26\/harasani-anarki-ligjore-ne-komunen-e-ulqinit\/","name":"Harasani: Anarki Ligjore ne komunen e Ulqinit - Lajme nga Ulqini","isPartOf":{"@id":"https:\/\/www.visit-ulcinj.com\/blog\/#website"},"primaryImageOfPage":{"@id":"https:\/\/www.visit-ulcinj.com\/blog\/2013\/11\/26\/harasani-anarki-ligjore-ne-komunen-e-ulqinit\/#primaryimage"},"datePublished":"2013-11-26T15:48:57+00:00","dateModified":"2013-11-27T06:49:29+00:00","author":{"@id":"https:\/\/www.visit-ulcinj.com\/blog\/#\/schema\/person\/dcab619c614d3038751c63bc2aadc06d"},"description":"Anarkia si fjal\u00eb dhe si teori kryesisht haset n\u00eb t\u00eb kaluaren,\u00a0 kurse sot n\u00eb k\u00ebt\u00eb koncept mvishen\u00a0 shtetet e pazhvilluara, organizatat dhe grupacionet e pa","breadcrumb":{"@id":"https:\/\/www.visit-ulcinj.com\/blog\/2013\/11\/26\/harasani-anarki-ligjore-ne-komunen-e-ulqinit\/#breadcrumb"},"inLanguage":"en-US","potentialAction":[{"@type":"ReadAction","target":["https:\/\/www.visit-ulcinj.com\/blog\/2013\/11\/26\/harasani-anarki-ligjore-ne-komunen-e-ulqinit\/"]}]},{"@type":"BreadcrumbList","@id":"https:\/\/www.visit-ulcinj.com\/blog\/2013\/11\/26\/harasani-anarki-ligjore-ne-komunen-e-ulqinit\/#breadcrumb","itemListElement":[{"@type":"ListItem","position":1,"name":"Harasani: Anarki Ligjore ne komunen e Ulqinit"}]},{"@type":"Person","@id":"https:\/\/www.visit-ulcinj.com\/blog\/#\/schema\/person\/dcab619c614d3038751c63bc2aadc06d","name":"ulqini","sameAs":["http:\/\/www.visit-ulcinj.com"],"url":"https:\/\/www.visit-ulcinj.com\/blog\/author\/admin\/"}]}},"jetpack_featured_media_url":"","jetpack_sharing_enabled":true,"jetpack_shortlink":"https:\/\/wp.me\/pe6lTn-jV1","_links":{"self":[{"href":"https:\/\/www.visit-ulcinj.com\/blog\/wp-json\/wp\/v2\/posts\/76571"}],"collection":[{"href":"https:\/\/www.visit-ulcinj.com\/blog\/wp-json\/wp\/v2\/posts"}],"about":[{"href":"https:\/\/www.visit-ulcinj.com\/blog\/wp-json\/wp\/v2\/types\/post"}],"author":[{"embeddable":true,"href":"https:\/\/www.visit-ulcinj.com\/blog\/wp-json\/wp\/v2\/users\/1"}],"replies":[{"embeddable":true,"href":"https:\/\/www.visit-ulcinj.com\/blog\/wp-json\/wp\/v2\/comments?post=76571"}],"version-history":[{"count":2,"href":"https:\/\/www.visit-ulcinj.com\/blog\/wp-json\/wp\/v2\/posts\/76571\/revisions"}],"predecessor-version":[{"id":76574,"href":"https:\/\/www.visit-ulcinj.com\/blog\/wp-json\/wp\/v2\/posts\/76571\/revisions\/76574"}],"wp:attachment":[{"href":"https:\/\/www.visit-ulcinj.com\/blog\/wp-json\/wp\/v2\/media?parent=76571"}],"wp:term":[{"taxonomy":"category","embeddable":true,"href":"https:\/\/www.visit-ulcinj.com\/blog\/wp-json\/wp\/v2\/categories?post=76571"},{"taxonomy":"post_tag","embeddable":true,"href":"https:\/\/www.visit-ulcinj.com\/blog\/wp-json\/wp\/v2\/tags?post=76571"}],"curies":[{"name":"wp","href":"https:\/\/api.w.org\/{rel}","templated":true}]}}