{"id":7658,"date":"2008-12-25T15:00:48","date_gmt":"2008-12-25T14:00:48","guid":{"rendered":"http:\/\/www.visit-ulcinj.com\/blog\/?p=7658"},"modified":"2008-12-25T18:18:22","modified_gmt":"2008-12-25T17:18:22","slug":"camaj-raegim-ndaj-tekstit-te-ferhat-dinoshes","status":"publish","type":"post","link":"https:\/\/www.visit-ulcinj.com\/blog\/2008\/12\/25\/camaj-raegim-ndaj-tekstit-te-ferhat-dinoshes\/","title":{"rendered":"Camaj: Raegim ndaj tekstit t\u00eb Ferhat Dinoshes"},"content":{"rendered":"<p><strong><a href=\"http:\/\/www.visit-ulcinj.com\/blog\/wp-content\/uploads\/2008\/12\/nikolle_camaj.jpg\" target=\"_self\"><img loading=\"lazy\" class=\"alignleft size-full wp-image-7659\" title=\"nikolle_camaj\" src=\"http:\/\/www.visit-ulcinj.com\/blog\/wp-content\/uploads\/2008\/12\/nikolle_camaj.jpg\" alt=\"nikolle_camaj\" width=\"259\" height=\"318\" srcset=\"https:\/\/www.visit-ulcinj.com\/blog\/wp-content\/uploads\/2008\/12\/nikolle_camaj.jpg 259w, https:\/\/www.visit-ulcinj.com\/blog\/wp-content\/uploads\/2008\/12\/nikolle_camaj-244x300.jpg 244w\" sizes=\"(max-width: 259px) 100vw, 259px\" \/><\/a>Raegim ndaj tekstit t\u00eb Ferhat Dinoshes \u201cPse digjen kat\u00ebr milion\u00eb euro\u201d, botuar n\u00eb Koha javore t\u00eb dat\u00ebs 18 dhjetor 2008<\/strong><\/p>\n<p><strong>KAT\u00cbR MILION\u00cbT &#8211; K\u00cbMB\u00cb DHELPRE N\u00cb MIELL<\/strong><\/p>\n<p>\u00cbsht\u00eb e v\u00ebrtet\u00eb se f\u00ebmija, p\u00ebr dy vite fillon t\u00eb ec\u00eb, t\u00eb flas\u00eb e t\u00eb tregoj\u00eb p\u00ebr nevojat q\u00eb i ka, por prindi i mir\u00eb ia di, s\u00eb paku, nevojat jetike, edhe para se t\u00eb lind. Ju, z. Dinosha, besoj se e dinit fort mir\u00eb se k\u00ebto nevoja i kishim t\u00eb njohura q\u00eb t\u00eb gjith\u00eb s\u00eb bashku, p\u00ebr \u201cf\u00ebmij\u00ebn\u201d q\u00eb e pritnim e duhej quajtur \u201ckomun\u00eb\u201d. Por dikush i harroi ato n\u00eb nj\u00eb moment vendimtar dhe, nga  dashuria e tij, e panatyrshme (me pushtetin n\u00eb Podgoric\u00eb) lindi surrogati i quajtur \u201dkomun\u00eb urbane\u201d, si femij\u00eb handikapat, q\u00eb ka nevoja krejt\u00ebsisht t\u00eb tjera. Ne q\u00eb nuk u pajtuam me nj\u00eb fat apo \u201cpag\u00ebzim\u201d t\u00eb k\u00ebtill\u00eb, fituam shumic\u00ebn e votave n\u00eb k\u00ebt\u00eb trev\u00eb, me shpres\u00eb se nd\u00ebrkoh\u00eb do t\u00eb na bashk\u00ebngjiten edhe ata t\u00eb cil\u00ebt, asokohe, nuk na p\u00ebrkrah\u00ebn.<br \/>\nDy vitet e kaluara e d\u00ebshmuan plot\u00ebsisht arsyetueshm\u00ebrin\u00eb e k\u00ebrkes\u00ebs son\u00eb p\u00ebr nj\u00eb vet\u00ebqeverisje t\u00eb plot\u00eb, pasiq\u00eb as nevojat elementare t\u00eb qytetar\u00ebve t\u00eb Mal\u00ebsis\u00eb, nuk arrit\u00ebm t\u2019i plot\u00ebsojm\u00eb ashtu si\u00e7 ishin pritjet e tyre. Dhe, sot me plot t\u00eb drejt\u00eb mund t\u00eb konstatojm\u00eb se qytetar\u00ebt ton\u00eb, nuk do ta hetonin duksh\u00ebm mosekzistimin e nj\u00eb \u201ckomune\u201d t\u00eb k\u00ebtill\u00eb, sa u p\u00ebrket nevojave dhe interesave t\u00eb tyre. Fakt se kemi nj\u00eb institucion q\u00eb vepron dhe tenton t\u00eb artikuloj\u00eb k\u00ebrkesat tona.<br \/>\nJu, si nj\u00ebri prej atyre q\u00eb e p\u00ebrkrah\u00ebt nj\u00eb projekt  t\u00eb k\u00ebtill\u00eb, n\u00ebse mund ta quaj \u201c\u00e7erek komun\u00eb\u201d, e dini shum\u00eb mir\u00eb se kush disponon me mjetet e parapara buxhetore p\u00ebr zhvillimin e Mal\u00ebsis\u00eb dhe p\u00ebr funksionimin e KU t\u00eb Tuzit. Besoj se shum\u00eb mir\u00eb e dini se xhirollogaria  e saj \u00ebsht\u00eb zero.<br \/>\nFort mir\u00eb e dini se deri m\u00eb sot ende askush nga strukturat e Kryeqytetit nuk na ka dh\u00ebn\u00eb kurrfar\u00eb llogarie p\u00ebr shum\u00ebn e shpenzuar, respektivisht p\u00ebr m\u00ebnyr\u00ebn e menaxhimit t\u00eb k\u00ebtyre mjeteve, edhe pse, po ashtu fort mir\u00eb e dini se kush \u00ebsht\u00eb p\u00ebrgjegj\u00ebs p\u00ebr llogarin\u00eb p\u00ebrfundimtare. Nuk dua t\u00eb bjerri shpirtin, por asnj\u00ebher\u00eb nuk d\u00ebgjova nga goja juaj t\u00eb k\u00ebrkoni nga pushteti i Podgoric\u00ebs, q\u00eb mjetet e parapara p\u00ebr k\u00ebt\u00eb trev\u00eb, t\u00eb investohen pik\u00ebrisht k\u00ebtu, n\u00eb vendin tim dhe tuajin, z. Dinosha. Andaj, mendoj se pyetjet dhe dilemat tuaja, sot, lidhur me k\u00ebt\u00eb \u00e7\u00ebshtje, nuk jan\u00eb mjaft t\u00eb q\u00eblluara.  Nuk dua t\u00eb besoj se ju, z. Dinosha, nuk e dini kush e ka fajin e djegies s\u00eb mjeteve, jo t\u00eb asaj sasie sa pohoni ju, por p\u00ebraf\u00ebrsisht. Edhe pse fjala \u00ebsht\u00eb p\u00ebr nj\u00eb milion m\u00eb pak, ajo nuk e zvog\u00eblon p\u00ebrgjegj\u00ebsin\u00eb, m\u00eb par\u00eb do t\u00eb thoja t\u00eb \u201carroganc\u00ebs s\u00eb Podgoric\u00ebs\u201d se sa t\u00eb  \u201cpaaft\u00ebsis\u00eb son\u00eb\u201d, p\u00ebr \u00e7ka ju keni dilem\u00eb. Po, hajt, le ta marrim si arsye edhe paaft\u00ebsin\u00eb ton\u00eb! Po si nuk doli dikush e t\u00eb arsyetoj\u00eb se i ka paguar mjetet n\u00eb xhirollogarin\u00eb e KU e t\u00eb k\u00ebrkoj\u00eb p\u00ebrgjegj\u00ebsi p\u00ebr mosshpenzimin adekuat t\u00eb tyre. N\u00ebse kjo nuk q\u00ebndron, e kujt \u00ebsht\u00eb arroganca, z. Dinosha? A thua ka nevoj\u00eb p\u00ebr ndonj\u00eb sqarim shtes\u00eb? Un\u00eb besoj se ju k\u00ebt\u00eb e kishit t\u00eb njohur edhe para se t\u00eb parshtronit dilem\u00ebn n\u00eb fjal\u00eb. Por, ani!  M\u00eb n\u00eb fund, e shihni edhe ju vet se kush ju mungon m\u00eb s\u00eb shumti, Mal\u00ebsia!<br \/>\nJu keni pohuar n\u00eb shkrimin tuaj se Mal\u00ebsia meriton zhvillim m\u00eb t\u00eb shpejt\u00eb. Natyrisht, z. Dinosha. K\u00ebtu duhet t\u00eb pajtohemi t\u00eb gjith\u00eb. Por, a thua tatimpaguesit nga kjo trev\u00eb, tashm\u00eb gati nj\u00eb shkeull t\u00eb plot, nuk e kan\u00eb merituar q\u00eb nj\u00eb pjes\u00eb e mjeteve t\u00eb tyre t\u00eb kthehet k\u00ebtu, n\u00eb Mal\u00ebsi? Q\u00eb s\u00eb paku ta dim\u00eb sa \u00ebsht\u00eb shuma e mjeteve nga tatimpaguesit nga Mal\u00ebsia q\u00eb shkon\u00eb n\u00eb ark\u00ebn shtet\u00ebrore dhe t\u00eb flasim me parametra t\u00eb sh\u00ebndosh\u00eb. Q\u00eb s\u00eb paku t\u00eb dim\u00eb, sa jan\u00eb t\u00eb ardhurat nga Plantacionet dhe, p\u00ebr hir t\u00eb korrkt\u00ebsis\u00eb, nj\u00eb p\u00ebrqindje e  vog\u00ebl e tyre t\u00eb investohet n\u00eb trev\u00ebn e Mal\u00ebsis\u00eb. Ta dim\u00eb sa derdhen n\u00eb ark\u00ebn e Podgoric\u00ebs nga bizneset, nga tregu, nga tagrat mbi patund\u00ebshm\u00ebrit\u00eb, nga automjetet etj. Por, nj\u00eb ligj shterp, q\u00eb madje nuk respektohet nga ata q\u00eb e kan\u00eb miratuar, nuk mund\u00ebson nj\u00eb gj\u00eb t\u00eb till\u00eb. Ju, me siguri i dini fort mir\u00eb t\u00eb gjitha anomalit\u00eb q\u00eb jan\u00eb pasoj\u00eb e zgjidhjes ligjore p\u00ebr statusin e KU t\u00eb Tuzit.<br \/>\nK\u00ebsaj radhe po i kap\u00ebrcej ato q\u00eb i kam elaboruar disa her\u00eb publikisht, lidhur me k\u00ebt\u00eb tem\u00eb, e po i kthehem asaj q\u00eb, m\u00eb n\u00eb fund e v\u00ebreni edhe ju vet\u00eb se pa veprimtari t\u00eb p\u00ebrbashk\u00ebt nuk mund t\u00eb prodhojm\u00eb zgjidhje t\u00eb duhur q\u00eb Mal\u00ebsia t\u00eb marr\u00eb frym\u00eb me mjetet e veta, si\u00e7 i p\u00ebrmenda m\u00eb lart. Un\u00eb, edhe n\u00eb shkrimet e mia t\u00eb m\u00ebparshme, n\u00eb faqet e \u201cKoh\u00ebs javore\u201d, duke par\u00eb nevoj\u00ebn e shqyrtimit t\u00eb k\u00ebtyre \u00e7\u00ebshtjeve n\u00eb m\u00ebnyr\u00eb transparente dhe q\u00ebllimmir\u00eb, kam k\u00ebrkuar, madje edhe nga Ju, q\u00eb ta shp\u00ebtojm\u00eb Mal\u00ebsin\u00eb s\u00eb bashku, pasiq\u00eb t\u00eb gjith\u00eb jemi t\u00eb bijt\u00eb e saj. \u201cSh\u00ebrimi mund t\u00eb arrihet vet\u00ebm n\u00ebse ne kemi nj\u00eb front t\u00eb p\u00ebrbashk\u00ebt shqiptar\u201d, ishte porosia nga shkresa ime e tetorit 2008, n\u00ebse ju kujtohet!<br \/>\nDhe ne, natyrisht se k\u00ebsaj nuk i ikim. Me, ose pa nd\u00ebrmjet\u00ebues! T\u00eb kthehemi aty, ku dikur ishim s\u00eb bashku. T\u00eb ulemi e t\u00eb flasim, n\u00eb radh\u00eb t\u00eb par\u00eb si njer\u00ebz dhe si struktura q\u00eb na takon, n\u00eb vij\u00ebn e asaj q\u00eb u kemi premtuar njer\u00ebzve ton\u00eb, pasi q\u00eb veprojm\u00eb n\u00eb k\u00ebto hap\u00ebsira. T\u00eb ulemi e t\u00eb shohim se cila do t\u00eb ishte zgjidhja m\u00eb e mir\u00eb, n\u00eb kuad\u00ebr t\u00eb ligjit ekzistues, apo t\u00eb nj\u00eb ligji tjet\u00ebr, dhe q\u00eb v\u00ebrtet\u00eb, mjetet e parapara p\u00ebr Mal\u00ebsin\u00eb, m\u00eb n\u00eb fund t\u00eb shpenzohen n\u00eb k\u00ebto treva, q\u00eb bashk\u00ebvedasit ton\u00eb ta hetojn\u00eb dhe g\u00ebzojn\u00eb t\u00eb mir\u00ebn nga ato mjete.<br \/>\nJu, p\u00ebrve\u00e7 an\u00ebs financiare, n\u00eb tekstin tuaj keni p\u00ebrmendur se pushteti n\u00eb Podgoric\u00eb \u00ebsht\u00eb i brisht\u00eb dhe se, me votat tona mund t\u2019i b\u00ebjm\u00eb shumic\u00ebn forcave qeveritare t\u00eb cilat kan\u00eb prodhuar pavar\u00ebsin\u00eb e Malit t\u00eb Zi dhe kan\u00eb njohur pavar\u00ebsin\u00eb e Kosov\u00ebs. Pastaj t\u00ebrheqni v\u00ebrejtjen se \u201cme Komun\u00eb t\u00eb plot\u00eb,  pa votat tona, do t\u00eb  mund t\u00eb ndodhte q\u00eb Podgorica t\u00eb binte n\u00eb duart e forcave serbe\u201d. Besoj se nuk \u00ebsht\u00eb m\u00eb koha q\u00eb ne t\u00eb qajm\u00eb dertet e Podgoric\u00ebs. \u00cbsht\u00eb koha q\u00eb Podgorica t\u00eb menaxhohet nga vullneti i banor\u00ebve t\u00eb saj e jo t\u00eb ndikohet nga ne! Madje, z. Dinosha, a s\u2019\u00ebsht\u00eb koha q\u00eb, m\u00eb n\u00eb fund Podgorica zyrtare, s\u00eb paku ta meritoj\u00eb vot\u00ebn ton\u00eb, duke na mund\u00ebsuar zhvillim t\u00eb drejt\u00eb dhe t\u00eb plot\u00eb, p\u00ebrmes realizimit t\u00eb mjeteve t\u00eb parapara nga buxheti i Podgoric\u00ebs, t\u00eb cilat do t\u2019i menaxhonim s\u00eb bashku, n\u00eb m\u00ebnyr\u00eb q\u00eb asnj\u00eb fshat i Mal\u00ebsis\u00eb t\u00eb mos lihet pasdore, si\u00e7 po ndodh deri m\u00eb tani.<br \/>\nTekefundit, a s\u2019\u00ebsht\u00eb koha t\u2019i kthehemi vetes, sepse \u201cuji rrjedh e zalli mbetet\u201d. Pastaj, kat\u00ebr milion\u00ebt, a nuk duken si k\u00ebmb\u00eb dhelpre me miell z. Dinosha. Un\u00eb besoj se Ju k\u00ebt\u00eb e dini, por s\u2019e shoh si shenj\u00eb t\u00eb mir\u00eb q\u00eb k\u00ebt\u00eb doni ta fshehni nga lexuesi. Gogla p\u00ebr fiq, i thon\u00eb k\u00ebsaj pun\u00eb, z. Dinosha. Do t\u00eb ishte mir\u00eb, q\u00eb t\u00eb mos na ndodh\u00eb, q\u00eb t\u00eb mos i njohim k\u00ebmb\u00ebt e dhelpr\u00ebs, sidomos kur nuk jan\u00eb t\u00eb futura n\u00eb miell, z. Dinosha!<br \/>\nSa i p\u00ebrket Berlinit e Shkodr\u00ebs, LD e njeh dhe respekton realitetin, por po ashtu e di se po i artikuluam, s\u00eb bashku e pa hile, kerkesat tona, ky realitet mund t\u00eb jet\u00eb m\u00eb i volitsh\u00ebm p\u00ebr ne. Pastaj LD e di edhe nj\u00eb gj\u00eb, se pak kontrata t\u00eb tilla kan\u00eb mbetur t\u00eb p\u00ebrjetshme! Perandoria Romake, Bizantine, Turke&#8230;<\/p>\n<p><strong>Nikoll\u00eb Camaj<br \/>\nKryetari i Kuvendit t\u00eb KU Tuz<\/strong><\/p>\n<p><strong>Burimi \/ MALESIA.ORG<\/strong><\/p>\n<p><strong><!--YouTube Error: bad URL entered--><\/strong><br \/>\n<a href=\"http:\/\/www.visit-ulcinj.com\/blog\/wp-content\/uploads\/2008\/12\/garden-of-eatin-restaurant.jpg\"><img loading=\"lazy\" class=\"aligncenter size-full wp-image-7630\" title=\"garden-of-eatin-restaurant\" src=\"http:\/\/www.visit-ulcinj.com\/blog\/wp-content\/uploads\/2008\/12\/garden-of-eatin-restaurant.jpg\" alt=\" Pritja e Vitit Te Ri 2009 me Kengetar\u00eb te ndryshme n\u00eb Garden of Eatin Restaurant - Contact Ahmet Zeka  215-499-6146\" width=\"428\" height=\"555\" \/><\/a><\/p>\n","protected":false},"excerpt":{"rendered":"<p>Raegim ndaj tekstit t\u00eb Ferhat Dinoshes \u201cPse digjen kat\u00ebr milion\u00eb euro\u201d, botuar n\u00eb Koha javore t\u00eb dat\u00ebs 18 dhjetor 2008 KAT\u00cbR MILION\u00cbT &#8211; K\u00cbMB\u00cb DHELPRE N\u00cb MIELL \u00cbsht\u00eb e v\u00ebrtet\u00eb se f\u00ebmija, p\u00ebr dy vite fillon t\u00eb ec\u00eb, t\u00eb flas\u00eb e t\u00eb tregoj\u00eb p\u00ebr nevojat q\u00eb i ka, por prindi i mir\u00eb ia di, s\u00eb [&hellip;]<\/p>\n","protected":false},"author":1,"featured_media":0,"comment_status":"open","ping_status":"closed","sticky":false,"template":"","format":"standard","meta":{"spay_email":"","jetpack_publicize_message":"","jetpack_is_tweetstorm":false,"jetpack_publicize_feature_enabled":true},"categories":[13],"tags":[97,5370,4678,130,189],"jetpack_publicize_connections":[],"yoast_head":"<!-- This site is optimized with the Yoast SEO plugin v19.1 - https:\/\/yoast.com\/wordpress\/plugins\/seo\/ -->\n<title>Camaj: Raegim ndaj tekstit t\u00eb Ferhat Dinoshes - Lajme nga Ulqini<\/title>\n<meta name=\"description\" content=\"Raegim ndaj tekstit t\u00eb Ferhat Dinoshes \u201cPse digjen kat\u00ebr milion\u00eb euro\u201d, botuar n\u00eb Koha javore t\u00eb dat\u00ebs 18 dhjetor 2008 KAT\u00cbR MILION\u00cbT - K\u00cbMB\u00cb DHELPRE N\u00cb\" \/>\n<meta name=\"robots\" content=\"index, follow, max-snippet:-1, max-image-preview:large, max-video-preview:-1\" \/>\n<link rel=\"canonical\" href=\"https:\/\/www.visit-ulcinj.com\/blog\/2008\/12\/25\/camaj-raegim-ndaj-tekstit-te-ferhat-dinoshes\/\" \/>\n<meta property=\"og:locale\" content=\"en_US\" \/>\n<meta property=\"og:type\" content=\"article\" \/>\n<meta property=\"og:title\" content=\"Camaj: Raegim ndaj tekstit t\u00eb Ferhat Dinoshes - Lajme nga Ulqini\" \/>\n<meta property=\"og:description\" content=\"Raegim ndaj tekstit t\u00eb Ferhat Dinoshes \u201cPse digjen kat\u00ebr milion\u00eb euro\u201d, botuar n\u00eb Koha javore t\u00eb dat\u00ebs 18 dhjetor 2008 KAT\u00cbR MILION\u00cbT - K\u00cbMB\u00cb DHELPRE N\u00cb\" \/>\n<meta property=\"og:url\" content=\"https:\/\/www.visit-ulcinj.com\/blog\/2008\/12\/25\/camaj-raegim-ndaj-tekstit-te-ferhat-dinoshes\/\" \/>\n<meta property=\"og:site_name\" content=\"Lajme nga Ulqini\" \/>\n<meta property=\"article:published_time\" content=\"2008-12-25T14:00:48+00:00\" \/>\n<meta property=\"article:modified_time\" content=\"2008-12-25T17:18:22+00:00\" \/>\n<meta property=\"og:image\" content=\"http:\/\/www.visit-ulcinj.com\/blog\/wp-content\/uploads\/2008\/12\/nikolle_camaj.jpg\" \/>\n<meta name=\"twitter:label1\" content=\"Written by\" \/>\n\t<meta name=\"twitter:data1\" content=\"ulqini\" \/>\n\t<meta name=\"twitter:label2\" content=\"Est. reading time\" \/>\n\t<meta name=\"twitter:data2\" content=\"7 minutes\" \/>\n<script type=\"application\/ld+json\" class=\"yoast-schema-graph\">{\"@context\":\"https:\/\/schema.org\",\"@graph\":[{\"@type\":\"WebSite\",\"@id\":\"https:\/\/www.visit-ulcinj.com\/blog\/#website\",\"url\":\"https:\/\/www.visit-ulcinj.com\/blog\/\",\"name\":\"Lajme nga Ulqini\",\"description\":\"Lajme,Vijesti,Ulqini,Ulqin,Crna Gora,Mali i Zi\",\"potentialAction\":[{\"@type\":\"SearchAction\",\"target\":{\"@type\":\"EntryPoint\",\"urlTemplate\":\"https:\/\/www.visit-ulcinj.com\/blog\/?s={search_term_string}\"},\"query-input\":\"required name=search_term_string\"}],\"inLanguage\":\"en-US\"},{\"@type\":\"ImageObject\",\"inLanguage\":\"en-US\",\"@id\":\"https:\/\/www.visit-ulcinj.com\/blog\/2008\/12\/25\/camaj-raegim-ndaj-tekstit-te-ferhat-dinoshes\/#primaryimage\",\"url\":\"https:\/\/www.visit-ulcinj.com\/blog\/wp-content\/uploads\/2008\/12\/nikolle_camaj.jpg\",\"contentUrl\":\"https:\/\/www.visit-ulcinj.com\/blog\/wp-content\/uploads\/2008\/12\/nikolle_camaj.jpg\",\"width\":\"259\",\"height\":\"318\"},{\"@type\":\"WebPage\",\"@id\":\"https:\/\/www.visit-ulcinj.com\/blog\/2008\/12\/25\/camaj-raegim-ndaj-tekstit-te-ferhat-dinoshes\/#webpage\",\"url\":\"https:\/\/www.visit-ulcinj.com\/blog\/2008\/12\/25\/camaj-raegim-ndaj-tekstit-te-ferhat-dinoshes\/\",\"name\":\"Camaj: Raegim ndaj tekstit t\u00eb Ferhat Dinoshes - Lajme nga Ulqini\",\"isPartOf\":{\"@id\":\"https:\/\/www.visit-ulcinj.com\/blog\/#website\"},\"primaryImageOfPage\":{\"@id\":\"https:\/\/www.visit-ulcinj.com\/blog\/2008\/12\/25\/camaj-raegim-ndaj-tekstit-te-ferhat-dinoshes\/#primaryimage\"},\"datePublished\":\"2008-12-25T14:00:48+00:00\",\"dateModified\":\"2008-12-25T17:18:22+00:00\",\"author\":{\"@id\":\"https:\/\/www.visit-ulcinj.com\/blog\/#\/schema\/person\/dcab619c614d3038751c63bc2aadc06d\"},\"description\":\"Raegim ndaj tekstit t\u00eb Ferhat Dinoshes \u201cPse digjen kat\u00ebr milion\u00eb euro\u201d, botuar n\u00eb Koha javore t\u00eb dat\u00ebs 18 dhjetor 2008 KAT\u00cbR MILION\u00cbT - K\u00cbMB\u00cb DHELPRE N\u00cb\",\"breadcrumb\":{\"@id\":\"https:\/\/www.visit-ulcinj.com\/blog\/2008\/12\/25\/camaj-raegim-ndaj-tekstit-te-ferhat-dinoshes\/#breadcrumb\"},\"inLanguage\":\"en-US\",\"potentialAction\":[{\"@type\":\"ReadAction\",\"target\":[\"https:\/\/www.visit-ulcinj.com\/blog\/2008\/12\/25\/camaj-raegim-ndaj-tekstit-te-ferhat-dinoshes\/\"]}]},{\"@type\":\"BreadcrumbList\",\"@id\":\"https:\/\/www.visit-ulcinj.com\/blog\/2008\/12\/25\/camaj-raegim-ndaj-tekstit-te-ferhat-dinoshes\/#breadcrumb\",\"itemListElement\":[{\"@type\":\"ListItem\",\"position\":1,\"name\":\"Camaj: Raegim ndaj tekstit t\u00eb Ferhat Dinoshes\"}]},{\"@type\":\"Person\",\"@id\":\"https:\/\/www.visit-ulcinj.com\/blog\/#\/schema\/person\/dcab619c614d3038751c63bc2aadc06d\",\"name\":\"ulqini\",\"sameAs\":[\"http:\/\/www.visit-ulcinj.com\"],\"url\":\"https:\/\/www.visit-ulcinj.com\/blog\/author\/admin\/\"}]}<\/script>\n<!-- \/ Yoast SEO plugin. -->","yoast_head_json":{"title":"Camaj: Raegim ndaj tekstit t\u00eb Ferhat Dinoshes - Lajme nga Ulqini","description":"Raegim ndaj tekstit t\u00eb Ferhat Dinoshes \u201cPse digjen kat\u00ebr milion\u00eb euro\u201d, botuar n\u00eb Koha javore t\u00eb dat\u00ebs 18 dhjetor 2008 KAT\u00cbR MILION\u00cbT - K\u00cbMB\u00cb DHELPRE N\u00cb","robots":{"index":"index","follow":"follow","max-snippet":"max-snippet:-1","max-image-preview":"max-image-preview:large","max-video-preview":"max-video-preview:-1"},"canonical":"https:\/\/www.visit-ulcinj.com\/blog\/2008\/12\/25\/camaj-raegim-ndaj-tekstit-te-ferhat-dinoshes\/","og_locale":"en_US","og_type":"article","og_title":"Camaj: Raegim ndaj tekstit t\u00eb Ferhat Dinoshes - Lajme nga Ulqini","og_description":"Raegim ndaj tekstit t\u00eb Ferhat Dinoshes \u201cPse digjen kat\u00ebr milion\u00eb euro\u201d, botuar n\u00eb Koha javore t\u00eb dat\u00ebs 18 dhjetor 2008 KAT\u00cbR MILION\u00cbT - K\u00cbMB\u00cb DHELPRE N\u00cb","og_url":"https:\/\/www.visit-ulcinj.com\/blog\/2008\/12\/25\/camaj-raegim-ndaj-tekstit-te-ferhat-dinoshes\/","og_site_name":"Lajme nga Ulqini","article_published_time":"2008-12-25T14:00:48+00:00","article_modified_time":"2008-12-25T17:18:22+00:00","og_image":[{"url":"http:\/\/www.visit-ulcinj.com\/blog\/wp-content\/uploads\/2008\/12\/nikolle_camaj.jpg"}],"twitter_misc":{"Written by":"ulqini","Est. reading time":"7 minutes"},"schema":{"@context":"https:\/\/schema.org","@graph":[{"@type":"WebSite","@id":"https:\/\/www.visit-ulcinj.com\/blog\/#website","url":"https:\/\/www.visit-ulcinj.com\/blog\/","name":"Lajme nga Ulqini","description":"Lajme,Vijesti,Ulqini,Ulqin,Crna Gora,Mali i Zi","potentialAction":[{"@type":"SearchAction","target":{"@type":"EntryPoint","urlTemplate":"https:\/\/www.visit-ulcinj.com\/blog\/?s={search_term_string}"},"query-input":"required name=search_term_string"}],"inLanguage":"en-US"},{"@type":"ImageObject","inLanguage":"en-US","@id":"https:\/\/www.visit-ulcinj.com\/blog\/2008\/12\/25\/camaj-raegim-ndaj-tekstit-te-ferhat-dinoshes\/#primaryimage","url":"https:\/\/www.visit-ulcinj.com\/blog\/wp-content\/uploads\/2008\/12\/nikolle_camaj.jpg","contentUrl":"https:\/\/www.visit-ulcinj.com\/blog\/wp-content\/uploads\/2008\/12\/nikolle_camaj.jpg","width":"259","height":"318"},{"@type":"WebPage","@id":"https:\/\/www.visit-ulcinj.com\/blog\/2008\/12\/25\/camaj-raegim-ndaj-tekstit-te-ferhat-dinoshes\/#webpage","url":"https:\/\/www.visit-ulcinj.com\/blog\/2008\/12\/25\/camaj-raegim-ndaj-tekstit-te-ferhat-dinoshes\/","name":"Camaj: Raegim ndaj tekstit t\u00eb Ferhat Dinoshes - Lajme nga Ulqini","isPartOf":{"@id":"https:\/\/www.visit-ulcinj.com\/blog\/#website"},"primaryImageOfPage":{"@id":"https:\/\/www.visit-ulcinj.com\/blog\/2008\/12\/25\/camaj-raegim-ndaj-tekstit-te-ferhat-dinoshes\/#primaryimage"},"datePublished":"2008-12-25T14:00:48+00:00","dateModified":"2008-12-25T17:18:22+00:00","author":{"@id":"https:\/\/www.visit-ulcinj.com\/blog\/#\/schema\/person\/dcab619c614d3038751c63bc2aadc06d"},"description":"Raegim ndaj tekstit t\u00eb Ferhat Dinoshes \u201cPse digjen kat\u00ebr milion\u00eb euro\u201d, botuar n\u00eb Koha javore t\u00eb dat\u00ebs 18 dhjetor 2008 KAT\u00cbR MILION\u00cbT - K\u00cbMB\u00cb DHELPRE N\u00cb","breadcrumb":{"@id":"https:\/\/www.visit-ulcinj.com\/blog\/2008\/12\/25\/camaj-raegim-ndaj-tekstit-te-ferhat-dinoshes\/#breadcrumb"},"inLanguage":"en-US","potentialAction":[{"@type":"ReadAction","target":["https:\/\/www.visit-ulcinj.com\/blog\/2008\/12\/25\/camaj-raegim-ndaj-tekstit-te-ferhat-dinoshes\/"]}]},{"@type":"BreadcrumbList","@id":"https:\/\/www.visit-ulcinj.com\/blog\/2008\/12\/25\/camaj-raegim-ndaj-tekstit-te-ferhat-dinoshes\/#breadcrumb","itemListElement":[{"@type":"ListItem","position":1,"name":"Camaj: Raegim ndaj tekstit t\u00eb Ferhat Dinoshes"}]},{"@type":"Person","@id":"https:\/\/www.visit-ulcinj.com\/blog\/#\/schema\/person\/dcab619c614d3038751c63bc2aadc06d","name":"ulqini","sameAs":["http:\/\/www.visit-ulcinj.com"],"url":"https:\/\/www.visit-ulcinj.com\/blog\/author\/admin\/"}]}},"jetpack_featured_media_url":"","jetpack_sharing_enabled":true,"jetpack_shortlink":"https:\/\/wp.me\/pe6lTn-1Zw","_links":{"self":[{"href":"https:\/\/www.visit-ulcinj.com\/blog\/wp-json\/wp\/v2\/posts\/7658"}],"collection":[{"href":"https:\/\/www.visit-ulcinj.com\/blog\/wp-json\/wp\/v2\/posts"}],"about":[{"href":"https:\/\/www.visit-ulcinj.com\/blog\/wp-json\/wp\/v2\/types\/post"}],"author":[{"embeddable":true,"href":"https:\/\/www.visit-ulcinj.com\/blog\/wp-json\/wp\/v2\/users\/1"}],"replies":[{"embeddable":true,"href":"https:\/\/www.visit-ulcinj.com\/blog\/wp-json\/wp\/v2\/comments?post=7658"}],"version-history":[{"count":0,"href":"https:\/\/www.visit-ulcinj.com\/blog\/wp-json\/wp\/v2\/posts\/7658\/revisions"}],"wp:attachment":[{"href":"https:\/\/www.visit-ulcinj.com\/blog\/wp-json\/wp\/v2\/media?parent=7658"}],"wp:term":[{"taxonomy":"category","embeddable":true,"href":"https:\/\/www.visit-ulcinj.com\/blog\/wp-json\/wp\/v2\/categories?post=7658"},{"taxonomy":"post_tag","embeddable":true,"href":"https:\/\/www.visit-ulcinj.com\/blog\/wp-json\/wp\/v2\/tags?post=7658"}],"curies":[{"name":"wp","href":"https:\/\/api.w.org\/{rel}","templated":true}]}}