{"id":76582,"date":"2013-11-26T18:07:14","date_gmt":"2013-11-26T17:07:14","guid":{"rendered":"http:\/\/www.visit-ulcinj.com\/blog\/?p=76582"},"modified":"2013-11-27T19:57:10","modified_gmt":"2013-11-27T18:57:10","slug":"abazoviq-mosmiratimi-rezolutes-eshte-mesazh-dobet-per-opinionin-nga-brukseli","status":"publish","type":"post","link":"https:\/\/www.visit-ulcinj.com\/blog\/2013\/11\/26\/abazoviq-mosmiratimi-rezolutes-eshte-mesazh-dobet-per-opinionin-nga-brukseli\/","title":{"rendered":"Abazoviq: Mosmiratimi i rezolut\u00ebs \u00ebsht\u00eb mesazh i dob\u00ebt p\u00ebr opinionin nga Brukseli"},"content":{"rendered":"<p>Me\u00a0 refuzimin e rezolut\u00ebs p\u00ebr integrimet evropiane n\u00eb Parlament, opinionit malazez\u00eb dhe Brukselit i d\u00ebrgohet mesazh i dob\u00ebt, ka deklaruar an\u00ebtari i k\u00ebshillit p\u00ebr integrimet evropiane Dritan Abazoviq, duke vler\u00ebsuar se Parlamenti duhet ta kontrolloj\u00eb procesin negociator t\u00eb cilin e udh\u00ebheq qeveria.<br \/>\n<a href=\"http:\/\/www.visit-ulcinj.com\/blog\/wp-content\/uploads\/2013\/11\/Dritan-Abazovic.jpg\"><img loading=\"lazy\" class=\"alignleft  wp-image-76583\" alt=\"Dritan-Abazovic\" src=\"http:\/\/www.visit-ulcinj.com\/blog\/wp-content\/uploads\/2013\/11\/Dritan-Abazovic.jpg\" width=\"508\" height=\"332\" \/><\/a><\/p>\n<p>N\u00ebnkryetari i parlamentit Branko Radulloviq e ka t\u00ebrheq rezolut\u00ebn nga procedura kuvendore, pasi q\u00eb nj\u00ebri nga propozuesit e k\u00ebtij dokumenti, Miodrag Vukoviq, ka paralajm\u00ebruar t\u00ebrheqjen e p\u00ebrkrahjes n\u00ebse deputet\u00ebt e miratojn\u00eb amendamentin e k\u00ebshillit baz\u00eb, i cili ka parapar\u00eb q\u00eb n\u00ebse ky trup jep mendim negativ ndaj pozicionit negociator, qeveria duhet ta rishqyrtoj\u00eb at\u00eb dhe ta kthej\u00eb brenda 30 dit\u00ebsh. Abazoviq ka theksuar se situata momentale \u00ebsht\u00eb e pa volitshme dhe se opinionit i d\u00ebrgohet mesazh i keq se partit\u00eb lidhur me \u00e7\u00ebshtjet p\u00ebr t\u00eb cilat deri tani ka ekzistuar koncenzus i plot\u00eb, tani nuk mund t\u00eb merren vesh. Abazoviq p\u00ebr agjencin\u00eb Mina ka theksuar se deputet\u00ebt pas t\u00ebrheqjes s\u00eb rezolut\u00ebs, n\u00eb takimin me ministrin p\u00ebr pun\u00eb t\u00eb jashtme dhe integrimet evropiane Igor Llukshiq, jan\u00eb p\u00ebrpjekur t\u00eb arrijn\u00eb zgjidhe t\u00eb p\u00ebrbashk\u00ebt, respektivisht t\u00eb shohin se \u00e7ka \u00ebsht\u00eb e pranueshme p\u00ebr qeverin\u00eb, mir\u00ebpo nuk kan\u00eb arritur marr\u00ebveshjen.<\/p>\n<p><strong>TVCG<\/strong><\/p>\n","protected":false},"excerpt":{"rendered":"<p>Me\u00a0 refuzimin e rezolut\u00ebs p\u00ebr integrimet evropiane n\u00eb Parlament, opinionit malazez\u00eb dhe Brukselit i d\u00ebrgohet mesazh i dob\u00ebt, ka deklaruar an\u00ebtari i k\u00ebshillit p\u00ebr integrimet evropiane Dritan Abazoviq, duke vler\u00ebsuar se Parlamenti duhet ta kontrolloj\u00eb procesin negociator t\u00eb cilin e udh\u00ebheq qeveria. N\u00ebnkryetari i parlamentit Branko Radulloviq e ka t\u00ebrheq rezolut\u00ebn nga procedura kuvendore, pasi [&hellip;]<\/p>\n","protected":false},"author":1,"featured_media":0,"comment_status":"closed","ping_status":"closed","sticky":false,"template":"","format":"standard","meta":{"spay_email":"","jetpack_publicize_message":"","jetpack_is_tweetstorm":false,"jetpack_publicize_feature_enabled":true},"categories":[13],"tags":[],"jetpack_publicize_connections":[],"yoast_head":"<!-- This site is optimized with the Yoast SEO plugin v19.1 - https:\/\/yoast.com\/wordpress\/plugins\/seo\/ -->\n<title>Abazoviq: Mosmiratimi i rezolut\u00ebs \u00ebsht\u00eb mesazh i dob\u00ebt p\u00ebr opinionin nga Brukseli - Lajme nga Ulqini<\/title>\n<meta name=\"description\" content=\"Me\u00a0 refuzimin e rezolut\u00ebs p\u00ebr integrimet evropiane n\u00eb Parlament, opinionit malazez\u00eb dhe Brukselit i d\u00ebrgohet mesazh i dob\u00ebt, ka deklaruar an\u00ebtari i\" \/>\n<meta name=\"robots\" content=\"index, follow, max-snippet:-1, max-image-preview:large, max-video-preview:-1\" \/>\n<link rel=\"canonical\" href=\"https:\/\/www.visit-ulcinj.com\/blog\/2013\/11\/26\/abazoviq-mosmiratimi-rezolutes-eshte-mesazh-dobet-per-opinionin-nga-brukseli\/\" \/>\n<meta property=\"og:locale\" content=\"en_US\" \/>\n<meta property=\"og:type\" content=\"article\" \/>\n<meta property=\"og:title\" content=\"Abazoviq: Mosmiratimi i rezolut\u00ebs \u00ebsht\u00eb mesazh i dob\u00ebt p\u00ebr opinionin nga Brukseli - Lajme nga Ulqini\" \/>\n<meta property=\"og:description\" content=\"Me\u00a0 refuzimin e rezolut\u00ebs p\u00ebr integrimet evropiane n\u00eb Parlament, opinionit malazez\u00eb dhe Brukselit i d\u00ebrgohet mesazh i dob\u00ebt, ka deklaruar an\u00ebtari i\" \/>\n<meta property=\"og:url\" content=\"https:\/\/www.visit-ulcinj.com\/blog\/2013\/11\/26\/abazoviq-mosmiratimi-rezolutes-eshte-mesazh-dobet-per-opinionin-nga-brukseli\/\" \/>\n<meta property=\"og:site_name\" content=\"Lajme nga Ulqini\" \/>\n<meta property=\"article:published_time\" content=\"2013-11-26T17:07:14+00:00\" \/>\n<meta property=\"article:modified_time\" content=\"2013-11-27T18:57:10+00:00\" \/>\n<meta property=\"og:image\" content=\"http:\/\/www.visit-ulcinj.com\/blog\/wp-content\/uploads\/2013\/11\/Dritan-Abazovic.jpg\" \/>\n<meta name=\"twitter:label1\" content=\"Written by\" \/>\n\t<meta name=\"twitter:data1\" content=\"ulqini\" \/>\n\t<meta name=\"twitter:label2\" content=\"Est. reading time\" \/>\n\t<meta name=\"twitter:data2\" content=\"1 minute\" \/>\n<script type=\"application\/ld+json\" class=\"yoast-schema-graph\">{\"@context\":\"https:\/\/schema.org\",\"@graph\":[{\"@type\":\"WebSite\",\"@id\":\"https:\/\/www.visit-ulcinj.com\/blog\/#website\",\"url\":\"https:\/\/www.visit-ulcinj.com\/blog\/\",\"name\":\"Lajme nga Ulqini\",\"description\":\"Lajme,Vijesti,Ulqini,Ulqin,Crna Gora,Mali i Zi\",\"potentialAction\":[{\"@type\":\"SearchAction\",\"target\":{\"@type\":\"EntryPoint\",\"urlTemplate\":\"https:\/\/www.visit-ulcinj.com\/blog\/?s={search_term_string}\"},\"query-input\":\"required name=search_term_string\"}],\"inLanguage\":\"en-US\"},{\"@type\":\"ImageObject\",\"inLanguage\":\"en-US\",\"@id\":\"https:\/\/www.visit-ulcinj.com\/blog\/2013\/11\/26\/abazoviq-mosmiratimi-rezolutes-eshte-mesazh-dobet-per-opinionin-nga-brukseli\/#primaryimage\",\"url\":\"https:\/\/www.visit-ulcinj.com\/blog\/wp-content\/uploads\/2013\/11\/Dritan-Abazovic.jpg\",\"contentUrl\":\"https:\/\/www.visit-ulcinj.com\/blog\/wp-content\/uploads\/2013\/11\/Dritan-Abazovic.jpg\",\"width\":500,\"height\":332},{\"@type\":\"WebPage\",\"@id\":\"https:\/\/www.visit-ulcinj.com\/blog\/2013\/11\/26\/abazoviq-mosmiratimi-rezolutes-eshte-mesazh-dobet-per-opinionin-nga-brukseli\/#webpage\",\"url\":\"https:\/\/www.visit-ulcinj.com\/blog\/2013\/11\/26\/abazoviq-mosmiratimi-rezolutes-eshte-mesazh-dobet-per-opinionin-nga-brukseli\/\",\"name\":\"Abazoviq: Mosmiratimi i rezolut\u00ebs \u00ebsht\u00eb mesazh i dob\u00ebt p\u00ebr opinionin nga Brukseli - Lajme nga Ulqini\",\"isPartOf\":{\"@id\":\"https:\/\/www.visit-ulcinj.com\/blog\/#website\"},\"primaryImageOfPage\":{\"@id\":\"https:\/\/www.visit-ulcinj.com\/blog\/2013\/11\/26\/abazoviq-mosmiratimi-rezolutes-eshte-mesazh-dobet-per-opinionin-nga-brukseli\/#primaryimage\"},\"datePublished\":\"2013-11-26T17:07:14+00:00\",\"dateModified\":\"2013-11-27T18:57:10+00:00\",\"author\":{\"@id\":\"https:\/\/www.visit-ulcinj.com\/blog\/#\/schema\/person\/dcab619c614d3038751c63bc2aadc06d\"},\"description\":\"Me\u00a0 refuzimin e rezolut\u00ebs p\u00ebr integrimet evropiane n\u00eb Parlament, opinionit malazez\u00eb dhe Brukselit i d\u00ebrgohet mesazh i dob\u00ebt, ka deklaruar an\u00ebtari i\",\"breadcrumb\":{\"@id\":\"https:\/\/www.visit-ulcinj.com\/blog\/2013\/11\/26\/abazoviq-mosmiratimi-rezolutes-eshte-mesazh-dobet-per-opinionin-nga-brukseli\/#breadcrumb\"},\"inLanguage\":\"en-US\",\"potentialAction\":[{\"@type\":\"ReadAction\",\"target\":[\"https:\/\/www.visit-ulcinj.com\/blog\/2013\/11\/26\/abazoviq-mosmiratimi-rezolutes-eshte-mesazh-dobet-per-opinionin-nga-brukseli\/\"]}]},{\"@type\":\"BreadcrumbList\",\"@id\":\"https:\/\/www.visit-ulcinj.com\/blog\/2013\/11\/26\/abazoviq-mosmiratimi-rezolutes-eshte-mesazh-dobet-per-opinionin-nga-brukseli\/#breadcrumb\",\"itemListElement\":[{\"@type\":\"ListItem\",\"position\":1,\"name\":\"Abazoviq: Mosmiratimi i rezolut\u00ebs \u00ebsht\u00eb mesazh i dob\u00ebt p\u00ebr opinionin nga Brukseli\"}]},{\"@type\":\"Person\",\"@id\":\"https:\/\/www.visit-ulcinj.com\/blog\/#\/schema\/person\/dcab619c614d3038751c63bc2aadc06d\",\"name\":\"ulqini\",\"sameAs\":[\"http:\/\/www.visit-ulcinj.com\"],\"url\":\"https:\/\/www.visit-ulcinj.com\/blog\/author\/admin\/\"}]}<\/script>\n<!-- \/ Yoast SEO plugin. -->","yoast_head_json":{"title":"Abazoviq: Mosmiratimi i rezolut\u00ebs \u00ebsht\u00eb mesazh i dob\u00ebt p\u00ebr opinionin nga Brukseli - Lajme nga Ulqini","description":"Me\u00a0 refuzimin e rezolut\u00ebs p\u00ebr integrimet evropiane n\u00eb Parlament, opinionit malazez\u00eb dhe Brukselit i d\u00ebrgohet mesazh i dob\u00ebt, ka deklaruar an\u00ebtari i","robots":{"index":"index","follow":"follow","max-snippet":"max-snippet:-1","max-image-preview":"max-image-preview:large","max-video-preview":"max-video-preview:-1"},"canonical":"https:\/\/www.visit-ulcinj.com\/blog\/2013\/11\/26\/abazoviq-mosmiratimi-rezolutes-eshte-mesazh-dobet-per-opinionin-nga-brukseli\/","og_locale":"en_US","og_type":"article","og_title":"Abazoviq: Mosmiratimi i rezolut\u00ebs \u00ebsht\u00eb mesazh i dob\u00ebt p\u00ebr opinionin nga Brukseli - Lajme nga Ulqini","og_description":"Me\u00a0 refuzimin e rezolut\u00ebs p\u00ebr integrimet evropiane n\u00eb Parlament, opinionit malazez\u00eb dhe Brukselit i d\u00ebrgohet mesazh i dob\u00ebt, ka deklaruar an\u00ebtari i","og_url":"https:\/\/www.visit-ulcinj.com\/blog\/2013\/11\/26\/abazoviq-mosmiratimi-rezolutes-eshte-mesazh-dobet-per-opinionin-nga-brukseli\/","og_site_name":"Lajme nga Ulqini","article_published_time":"2013-11-26T17:07:14+00:00","article_modified_time":"2013-11-27T18:57:10+00:00","og_image":[{"url":"http:\/\/www.visit-ulcinj.com\/blog\/wp-content\/uploads\/2013\/11\/Dritan-Abazovic.jpg"}],"twitter_misc":{"Written by":"ulqini","Est. reading time":"1 minute"},"schema":{"@context":"https:\/\/schema.org","@graph":[{"@type":"WebSite","@id":"https:\/\/www.visit-ulcinj.com\/blog\/#website","url":"https:\/\/www.visit-ulcinj.com\/blog\/","name":"Lajme nga Ulqini","description":"Lajme,Vijesti,Ulqini,Ulqin,Crna Gora,Mali i Zi","potentialAction":[{"@type":"SearchAction","target":{"@type":"EntryPoint","urlTemplate":"https:\/\/www.visit-ulcinj.com\/blog\/?s={search_term_string}"},"query-input":"required name=search_term_string"}],"inLanguage":"en-US"},{"@type":"ImageObject","inLanguage":"en-US","@id":"https:\/\/www.visit-ulcinj.com\/blog\/2013\/11\/26\/abazoviq-mosmiratimi-rezolutes-eshte-mesazh-dobet-per-opinionin-nga-brukseli\/#primaryimage","url":"https:\/\/www.visit-ulcinj.com\/blog\/wp-content\/uploads\/2013\/11\/Dritan-Abazovic.jpg","contentUrl":"https:\/\/www.visit-ulcinj.com\/blog\/wp-content\/uploads\/2013\/11\/Dritan-Abazovic.jpg","width":500,"height":332},{"@type":"WebPage","@id":"https:\/\/www.visit-ulcinj.com\/blog\/2013\/11\/26\/abazoviq-mosmiratimi-rezolutes-eshte-mesazh-dobet-per-opinionin-nga-brukseli\/#webpage","url":"https:\/\/www.visit-ulcinj.com\/blog\/2013\/11\/26\/abazoviq-mosmiratimi-rezolutes-eshte-mesazh-dobet-per-opinionin-nga-brukseli\/","name":"Abazoviq: Mosmiratimi i rezolut\u00ebs \u00ebsht\u00eb mesazh i dob\u00ebt p\u00ebr opinionin nga Brukseli - Lajme nga Ulqini","isPartOf":{"@id":"https:\/\/www.visit-ulcinj.com\/blog\/#website"},"primaryImageOfPage":{"@id":"https:\/\/www.visit-ulcinj.com\/blog\/2013\/11\/26\/abazoviq-mosmiratimi-rezolutes-eshte-mesazh-dobet-per-opinionin-nga-brukseli\/#primaryimage"},"datePublished":"2013-11-26T17:07:14+00:00","dateModified":"2013-11-27T18:57:10+00:00","author":{"@id":"https:\/\/www.visit-ulcinj.com\/blog\/#\/schema\/person\/dcab619c614d3038751c63bc2aadc06d"},"description":"Me\u00a0 refuzimin e rezolut\u00ebs p\u00ebr integrimet evropiane n\u00eb Parlament, opinionit malazez\u00eb dhe Brukselit i d\u00ebrgohet mesazh i dob\u00ebt, ka deklaruar an\u00ebtari i","breadcrumb":{"@id":"https:\/\/www.visit-ulcinj.com\/blog\/2013\/11\/26\/abazoviq-mosmiratimi-rezolutes-eshte-mesazh-dobet-per-opinionin-nga-brukseli\/#breadcrumb"},"inLanguage":"en-US","potentialAction":[{"@type":"ReadAction","target":["https:\/\/www.visit-ulcinj.com\/blog\/2013\/11\/26\/abazoviq-mosmiratimi-rezolutes-eshte-mesazh-dobet-per-opinionin-nga-brukseli\/"]}]},{"@type":"BreadcrumbList","@id":"https:\/\/www.visit-ulcinj.com\/blog\/2013\/11\/26\/abazoviq-mosmiratimi-rezolutes-eshte-mesazh-dobet-per-opinionin-nga-brukseli\/#breadcrumb","itemListElement":[{"@type":"ListItem","position":1,"name":"Abazoviq: Mosmiratimi i rezolut\u00ebs \u00ebsht\u00eb mesazh i dob\u00ebt p\u00ebr opinionin nga Brukseli"}]},{"@type":"Person","@id":"https:\/\/www.visit-ulcinj.com\/blog\/#\/schema\/person\/dcab619c614d3038751c63bc2aadc06d","name":"ulqini","sameAs":["http:\/\/www.visit-ulcinj.com"],"url":"https:\/\/www.visit-ulcinj.com\/blog\/author\/admin\/"}]}},"jetpack_featured_media_url":"","jetpack_sharing_enabled":true,"jetpack_shortlink":"https:\/\/wp.me\/pe6lTn-jVc","_links":{"self":[{"href":"https:\/\/www.visit-ulcinj.com\/blog\/wp-json\/wp\/v2\/posts\/76582"}],"collection":[{"href":"https:\/\/www.visit-ulcinj.com\/blog\/wp-json\/wp\/v2\/posts"}],"about":[{"href":"https:\/\/www.visit-ulcinj.com\/blog\/wp-json\/wp\/v2\/types\/post"}],"author":[{"embeddable":true,"href":"https:\/\/www.visit-ulcinj.com\/blog\/wp-json\/wp\/v2\/users\/1"}],"replies":[{"embeddable":true,"href":"https:\/\/www.visit-ulcinj.com\/blog\/wp-json\/wp\/v2\/comments?post=76582"}],"version-history":[{"count":1,"href":"https:\/\/www.visit-ulcinj.com\/blog\/wp-json\/wp\/v2\/posts\/76582\/revisions"}],"predecessor-version":[{"id":76584,"href":"https:\/\/www.visit-ulcinj.com\/blog\/wp-json\/wp\/v2\/posts\/76582\/revisions\/76584"}],"wp:attachment":[{"href":"https:\/\/www.visit-ulcinj.com\/blog\/wp-json\/wp\/v2\/media?parent=76582"}],"wp:term":[{"taxonomy":"category","embeddable":true,"href":"https:\/\/www.visit-ulcinj.com\/blog\/wp-json\/wp\/v2\/categories?post=76582"},{"taxonomy":"post_tag","embeddable":true,"href":"https:\/\/www.visit-ulcinj.com\/blog\/wp-json\/wp\/v2\/tags?post=76582"}],"curies":[{"name":"wp","href":"https:\/\/api.w.org\/{rel}","templated":true}]}}