{"id":76585,"date":"2013-11-26T18:21:48","date_gmt":"2013-11-26T17:21:48","guid":{"rendered":"http:\/\/www.visit-ulcinj.com\/blog\/?p=76585"},"modified":"2013-11-26T18:22:41","modified_gmt":"2013-11-26T17:22:41","slug":"canka-ekoloska-bomba-na-uscu-reke-bojane","status":"publish","type":"post","link":"https:\/\/www.visit-ulcinj.com\/blog\/2013\/11\/26\/canka-ekoloska-bomba-na-uscu-reke-bojane\/","title":{"rendered":"Canka: Ekolo\u0161ka bomba na u\u0161\u0107u reke Bojane"},"content":{"rendered":"<p><a href=\"http:\/\/www.visit-ulcinj.com\/blog\/wp-content\/uploads\/2013\/11\/Ekoloska-bomba-na-uscu-reke-Bojane-Ulcinj.jpg\"><img loading=\"lazy\" class=\"alignleft  wp-image-76586\" alt=\"Ekoloska bomba na uscu reke Bojane-Ulcinj\" src=\"http:\/\/www.visit-ulcinj.com\/blog\/wp-content\/uploads\/2013\/11\/Ekoloska-bomba-na-uscu-reke-Bojane-Ulcinj.jpg\" width=\"508\" height=\"360\" \/><\/a>Delta reke Bojane jedna je od najlep\u0161ih prirodnih celina na isto\u010dnoj obali Jadrana. Ali, svake jeseni na tom prostoru mogu se videti zastra\u0161uju\u0107i prizori.<\/p>\n<p>Na stotine tona sme\u0107a razbacanih na u\u0161\u0107u Bojane, na prekrasnom ostrvu Ada i na peskovitoj Velikoj pla\u017ei dugoj 12 kilometara, pru\u017eaju apokalipti\u010dnu sliku. Svega tu ima: od plastike, preko \u0161poreta i kreveta, do automobilskih \u0161asija.<\/p>\n<p>Taj otpad vi\u0161e ne sti\u017ee samo rekom Bojanom iz Albanije i Crne Gore, ve\u0107 i sa Kosova i iz Makedonije rekom Drim, \u010diji se jedan krak uliva u Bojanu. Problem je, dakle, postao me\u0111unarodni, a prethodnih godina se de\u0161avalo da, zbog kretanja morskih struja, sme\u0107e sa tog prostora stigne i do ju\u017ene Dalmacije, odnosno do poluostrva Pelje\u0161ac i ostrva Mljet. I oni su se na\u0161li u \u010dudu.<\/p>\n<p><b>Ugro\u017eeni ljudi, turizam, ptice&#8230;<\/b><\/p>\n<p>Novinar Miljan Kne\u017eevi\u0107 ka\u017ee za Doj\u010de vele da se stanje iz godine u godinu pogor\u0161ava. \u201eOno \u0161to posebno zabrinjava jesu velike koli\u010dine medicinskog otpada tako da na pla\u017eama mo\u017eete na\u0107i ostatke infuzionih rastvora, iskori\u0161\u0107ene \u0161priceve, tablete&#8230; Sve to zavr\u0161ava na obalama ulcinjskih pla\u017ea i to poslednjih godina postaje sve ve\u0107i i ve\u0107i problem\u201c, tvrdi Kne\u017eevi\u0107 i dodaje da je zbog zaga\u0111enja sve manje ribe u Bojani. Procene govore da u toj reci ima oko 50.000 tona \u010dvrstog otpada!<br \/>\n<a href=\"http:\/\/www.visit-ulcinj.com\/blog\/wp-content\/uploads\/2013\/11\/usce-reke-Bojane-ulcinj.jpg\"><img loading=\"lazy\" class=\"alignleft  wp-image-76587\" alt=\"usce reke Bojane-ulcinj\" src=\"http:\/\/www.visit-ulcinj.com\/blog\/wp-content\/uploads\/2013\/11\/usce-reke-Bojane-ulcinj.jpg\" width=\"508\" height=\"360\" \/><\/a><\/p>\n<p><b>Ekolo\u0161ki sat otkucava<\/b><\/p>\n<p>Napominju\u0107i da je potreban zajedni\u010dki napor svih dr\u017eavnih struktura Crne Gore i Albanije, lokalnih zajednica na pograni\u010dnom pojasu, civilnog sektora i medija, \u010delnik ekolo\u0161ke organizacije \u201eZeleni korak\u201c D\u017eelal Hod\u017ei\u0107 ka\u017ee za Doj\u010de vele da sme\u0107e u Bojani i na ulcinjskim pla\u017eama predstavlja ekolo\u0161ku bombu koja sve br\u017ee otkucava.<\/p>\n<p>\u201eAko se ovako nastavi, na\u0161i \u0107e se potomci ugu\u0161iti u sme\u0107u. Ono je, sada znamo, sirovina, a mi nismo tako bogati da bacamo sirovinu. Jer, ekologija nije tro\u0161ak: to je investicija u budu\u0107nost. Posebno to moramo raditi mi u Crnoj Gori zato \u0161to smo se deklarisali kao ekolo\u0161ka dr\u017eava. I postoje\u0107i zakoni su relativno dobri, ali se oni ne primenjuju\u201c, zaklju\u010duje Hod\u017ei\u0107.<\/p>\n<p>U svakom slu\u010daju, re\u0161enja za ovaj narastaju\u0107i problem nema ni na vidiku, a Ulcinjani sa zebnjom \u010dekaju nove ki\u0161e i nove gomile sme\u0107a.<\/p>\n<p><strong>Autor: Mustafa Canka, Ulcinj<\/strong><br \/>\n<strong> Odgovorni urednik: Ivan \u0110erkovi\u0107<\/strong><\/p>\n<p><strong>Deutsche Welle<\/strong><\/p>\n","protected":false},"excerpt":{"rendered":"<p>Delta reke Bojane jedna je od najlep\u0161ih prirodnih celina na isto\u010dnoj obali Jadrana. Ali, svake jeseni na tom prostoru mogu se videti zastra\u0161uju\u0107i prizori. Na stotine tona sme\u0107a razbacanih na u\u0161\u0107u Bojane, na prekrasnom ostrvu Ada i na peskovitoj Velikoj pla\u017ei dugoj 12 kilometara, pru\u017eaju apokalipti\u010dnu sliku. Svega tu ima: od plastike, preko \u0161poreta i [&hellip;]<\/p>\n","protected":false},"author":1,"featured_media":0,"comment_status":"closed","ping_status":"closed","sticky":false,"template":"","format":"standard","meta":{"spay_email":"","jetpack_publicize_message":"","jetpack_is_tweetstorm":false,"jetpack_publicize_feature_enabled":true},"categories":[6950],"tags":[],"jetpack_publicize_connections":[],"yoast_head":"<!-- This site is optimized with the Yoast SEO plugin v19.1 - https:\/\/yoast.com\/wordpress\/plugins\/seo\/ -->\n<title>Canka: Ekolo\u0161ka bomba na u\u0161\u0107u reke Bojane - Lajme nga Ulqini<\/title>\n<meta name=\"description\" content=\"Delta reke Bojane jedna je od najlep\u0161ih prirodnih celina na isto\u010dnoj obali Jadrana. Ali, svake jeseni na tom prostoru mogu se videti zastra\u0161uju\u0107i prizori.\" \/>\n<meta name=\"robots\" content=\"index, follow, max-snippet:-1, max-image-preview:large, max-video-preview:-1\" \/>\n<link rel=\"canonical\" href=\"https:\/\/www.visit-ulcinj.com\/blog\/2013\/11\/26\/canka-ekoloska-bomba-na-uscu-reke-bojane\/\" \/>\n<meta property=\"og:locale\" content=\"en_US\" \/>\n<meta property=\"og:type\" content=\"article\" \/>\n<meta property=\"og:title\" content=\"Canka: Ekolo\u0161ka bomba na u\u0161\u0107u reke Bojane - Lajme nga Ulqini\" \/>\n<meta property=\"og:description\" content=\"Delta reke Bojane jedna je od najlep\u0161ih prirodnih celina na isto\u010dnoj obali Jadrana. Ali, svake jeseni na tom prostoru mogu se videti zastra\u0161uju\u0107i prizori.\" \/>\n<meta property=\"og:url\" content=\"https:\/\/www.visit-ulcinj.com\/blog\/2013\/11\/26\/canka-ekoloska-bomba-na-uscu-reke-bojane\/\" \/>\n<meta property=\"og:site_name\" content=\"Lajme nga Ulqini\" \/>\n<meta property=\"article:published_time\" content=\"2013-11-26T17:21:48+00:00\" \/>\n<meta property=\"article:modified_time\" content=\"2013-11-26T17:22:41+00:00\" \/>\n<meta property=\"og:image\" content=\"http:\/\/www.visit-ulcinj.com\/blog\/wp-content\/uploads\/2013\/11\/Ekoloska-bomba-na-uscu-reke-Bojane-Ulcinj.jpg\" \/>\n<meta name=\"twitter:label1\" content=\"Written by\" \/>\n\t<meta name=\"twitter:data1\" content=\"ulqini\" \/>\n\t<meta name=\"twitter:label2\" content=\"Est. reading time\" \/>\n\t<meta name=\"twitter:data2\" content=\"2 minutes\" \/>\n<script type=\"application\/ld+json\" class=\"yoast-schema-graph\">{\"@context\":\"https:\/\/schema.org\",\"@graph\":[{\"@type\":\"WebSite\",\"@id\":\"https:\/\/www.visit-ulcinj.com\/blog\/#website\",\"url\":\"https:\/\/www.visit-ulcinj.com\/blog\/\",\"name\":\"Lajme nga Ulqini\",\"description\":\"Lajme,Vijesti,Ulqini,Ulqin,Crna Gora,Mali i Zi\",\"potentialAction\":[{\"@type\":\"SearchAction\",\"target\":{\"@type\":\"EntryPoint\",\"urlTemplate\":\"https:\/\/www.visit-ulcinj.com\/blog\/?s={search_term_string}\"},\"query-input\":\"required name=search_term_string\"}],\"inLanguage\":\"en-US\"},{\"@type\":\"ImageObject\",\"inLanguage\":\"en-US\",\"@id\":\"https:\/\/www.visit-ulcinj.com\/blog\/2013\/11\/26\/canka-ekoloska-bomba-na-uscu-reke-bojane\/#primaryimage\",\"url\":\"https:\/\/www.visit-ulcinj.com\/blog\/wp-content\/uploads\/2013\/11\/Ekoloska-bomba-na-uscu-reke-Bojane-Ulcinj.jpg\",\"contentUrl\":\"https:\/\/www.visit-ulcinj.com\/blog\/wp-content\/uploads\/2013\/11\/Ekoloska-bomba-na-uscu-reke-Bojane-Ulcinj.jpg\",\"width\":700,\"height\":394},{\"@type\":\"WebPage\",\"@id\":\"https:\/\/www.visit-ulcinj.com\/blog\/2013\/11\/26\/canka-ekoloska-bomba-na-uscu-reke-bojane\/#webpage\",\"url\":\"https:\/\/www.visit-ulcinj.com\/blog\/2013\/11\/26\/canka-ekoloska-bomba-na-uscu-reke-bojane\/\",\"name\":\"Canka: Ekolo\u0161ka bomba na u\u0161\u0107u reke Bojane - Lajme nga Ulqini\",\"isPartOf\":{\"@id\":\"https:\/\/www.visit-ulcinj.com\/blog\/#website\"},\"primaryImageOfPage\":{\"@id\":\"https:\/\/www.visit-ulcinj.com\/blog\/2013\/11\/26\/canka-ekoloska-bomba-na-uscu-reke-bojane\/#primaryimage\"},\"datePublished\":\"2013-11-26T17:21:48+00:00\",\"dateModified\":\"2013-11-26T17:22:41+00:00\",\"author\":{\"@id\":\"https:\/\/www.visit-ulcinj.com\/blog\/#\/schema\/person\/dcab619c614d3038751c63bc2aadc06d\"},\"description\":\"Delta reke Bojane jedna je od najlep\u0161ih prirodnih celina na isto\u010dnoj obali Jadrana. Ali, svake jeseni na tom prostoru mogu se videti zastra\u0161uju\u0107i prizori.\",\"breadcrumb\":{\"@id\":\"https:\/\/www.visit-ulcinj.com\/blog\/2013\/11\/26\/canka-ekoloska-bomba-na-uscu-reke-bojane\/#breadcrumb\"},\"inLanguage\":\"en-US\",\"potentialAction\":[{\"@type\":\"ReadAction\",\"target\":[\"https:\/\/www.visit-ulcinj.com\/blog\/2013\/11\/26\/canka-ekoloska-bomba-na-uscu-reke-bojane\/\"]}]},{\"@type\":\"BreadcrumbList\",\"@id\":\"https:\/\/www.visit-ulcinj.com\/blog\/2013\/11\/26\/canka-ekoloska-bomba-na-uscu-reke-bojane\/#breadcrumb\",\"itemListElement\":[{\"@type\":\"ListItem\",\"position\":1,\"name\":\"Canka: Ekolo\u0161ka bomba na u\u0161\u0107u reke Bojane\"}]},{\"@type\":\"Person\",\"@id\":\"https:\/\/www.visit-ulcinj.com\/blog\/#\/schema\/person\/dcab619c614d3038751c63bc2aadc06d\",\"name\":\"ulqini\",\"sameAs\":[\"http:\/\/www.visit-ulcinj.com\"],\"url\":\"https:\/\/www.visit-ulcinj.com\/blog\/author\/admin\/\"}]}<\/script>\n<!-- \/ Yoast SEO plugin. -->","yoast_head_json":{"title":"Canka: Ekolo\u0161ka bomba na u\u0161\u0107u reke Bojane - Lajme nga Ulqini","description":"Delta reke Bojane jedna je od najlep\u0161ih prirodnih celina na isto\u010dnoj obali Jadrana. Ali, svake jeseni na tom prostoru mogu se videti zastra\u0161uju\u0107i prizori.","robots":{"index":"index","follow":"follow","max-snippet":"max-snippet:-1","max-image-preview":"max-image-preview:large","max-video-preview":"max-video-preview:-1"},"canonical":"https:\/\/www.visit-ulcinj.com\/blog\/2013\/11\/26\/canka-ekoloska-bomba-na-uscu-reke-bojane\/","og_locale":"en_US","og_type":"article","og_title":"Canka: Ekolo\u0161ka bomba na u\u0161\u0107u reke Bojane - Lajme nga Ulqini","og_description":"Delta reke Bojane jedna je od najlep\u0161ih prirodnih celina na isto\u010dnoj obali Jadrana. Ali, svake jeseni na tom prostoru mogu se videti zastra\u0161uju\u0107i prizori.","og_url":"https:\/\/www.visit-ulcinj.com\/blog\/2013\/11\/26\/canka-ekoloska-bomba-na-uscu-reke-bojane\/","og_site_name":"Lajme nga Ulqini","article_published_time":"2013-11-26T17:21:48+00:00","article_modified_time":"2013-11-26T17:22:41+00:00","og_image":[{"url":"http:\/\/www.visit-ulcinj.com\/blog\/wp-content\/uploads\/2013\/11\/Ekoloska-bomba-na-uscu-reke-Bojane-Ulcinj.jpg"}],"twitter_misc":{"Written by":"ulqini","Est. reading time":"2 minutes"},"schema":{"@context":"https:\/\/schema.org","@graph":[{"@type":"WebSite","@id":"https:\/\/www.visit-ulcinj.com\/blog\/#website","url":"https:\/\/www.visit-ulcinj.com\/blog\/","name":"Lajme nga Ulqini","description":"Lajme,Vijesti,Ulqini,Ulqin,Crna Gora,Mali i Zi","potentialAction":[{"@type":"SearchAction","target":{"@type":"EntryPoint","urlTemplate":"https:\/\/www.visit-ulcinj.com\/blog\/?s={search_term_string}"},"query-input":"required name=search_term_string"}],"inLanguage":"en-US"},{"@type":"ImageObject","inLanguage":"en-US","@id":"https:\/\/www.visit-ulcinj.com\/blog\/2013\/11\/26\/canka-ekoloska-bomba-na-uscu-reke-bojane\/#primaryimage","url":"https:\/\/www.visit-ulcinj.com\/blog\/wp-content\/uploads\/2013\/11\/Ekoloska-bomba-na-uscu-reke-Bojane-Ulcinj.jpg","contentUrl":"https:\/\/www.visit-ulcinj.com\/blog\/wp-content\/uploads\/2013\/11\/Ekoloska-bomba-na-uscu-reke-Bojane-Ulcinj.jpg","width":700,"height":394},{"@type":"WebPage","@id":"https:\/\/www.visit-ulcinj.com\/blog\/2013\/11\/26\/canka-ekoloska-bomba-na-uscu-reke-bojane\/#webpage","url":"https:\/\/www.visit-ulcinj.com\/blog\/2013\/11\/26\/canka-ekoloska-bomba-na-uscu-reke-bojane\/","name":"Canka: Ekolo\u0161ka bomba na u\u0161\u0107u reke Bojane - Lajme nga Ulqini","isPartOf":{"@id":"https:\/\/www.visit-ulcinj.com\/blog\/#website"},"primaryImageOfPage":{"@id":"https:\/\/www.visit-ulcinj.com\/blog\/2013\/11\/26\/canka-ekoloska-bomba-na-uscu-reke-bojane\/#primaryimage"},"datePublished":"2013-11-26T17:21:48+00:00","dateModified":"2013-11-26T17:22:41+00:00","author":{"@id":"https:\/\/www.visit-ulcinj.com\/blog\/#\/schema\/person\/dcab619c614d3038751c63bc2aadc06d"},"description":"Delta reke Bojane jedna je od najlep\u0161ih prirodnih celina na isto\u010dnoj obali Jadrana. Ali, svake jeseni na tom prostoru mogu se videti zastra\u0161uju\u0107i prizori.","breadcrumb":{"@id":"https:\/\/www.visit-ulcinj.com\/blog\/2013\/11\/26\/canka-ekoloska-bomba-na-uscu-reke-bojane\/#breadcrumb"},"inLanguage":"en-US","potentialAction":[{"@type":"ReadAction","target":["https:\/\/www.visit-ulcinj.com\/blog\/2013\/11\/26\/canka-ekoloska-bomba-na-uscu-reke-bojane\/"]}]},{"@type":"BreadcrumbList","@id":"https:\/\/www.visit-ulcinj.com\/blog\/2013\/11\/26\/canka-ekoloska-bomba-na-uscu-reke-bojane\/#breadcrumb","itemListElement":[{"@type":"ListItem","position":1,"name":"Canka: Ekolo\u0161ka bomba na u\u0161\u0107u reke Bojane"}]},{"@type":"Person","@id":"https:\/\/www.visit-ulcinj.com\/blog\/#\/schema\/person\/dcab619c614d3038751c63bc2aadc06d","name":"ulqini","sameAs":["http:\/\/www.visit-ulcinj.com"],"url":"https:\/\/www.visit-ulcinj.com\/blog\/author\/admin\/"}]}},"jetpack_featured_media_url":"","jetpack_sharing_enabled":true,"jetpack_shortlink":"https:\/\/wp.me\/pe6lTn-jVf","_links":{"self":[{"href":"https:\/\/www.visit-ulcinj.com\/blog\/wp-json\/wp\/v2\/posts\/76585"}],"collection":[{"href":"https:\/\/www.visit-ulcinj.com\/blog\/wp-json\/wp\/v2\/posts"}],"about":[{"href":"https:\/\/www.visit-ulcinj.com\/blog\/wp-json\/wp\/v2\/types\/post"}],"author":[{"embeddable":true,"href":"https:\/\/www.visit-ulcinj.com\/blog\/wp-json\/wp\/v2\/users\/1"}],"replies":[{"embeddable":true,"href":"https:\/\/www.visit-ulcinj.com\/blog\/wp-json\/wp\/v2\/comments?post=76585"}],"version-history":[{"count":1,"href":"https:\/\/www.visit-ulcinj.com\/blog\/wp-json\/wp\/v2\/posts\/76585\/revisions"}],"predecessor-version":[{"id":76588,"href":"https:\/\/www.visit-ulcinj.com\/blog\/wp-json\/wp\/v2\/posts\/76585\/revisions\/76588"}],"wp:attachment":[{"href":"https:\/\/www.visit-ulcinj.com\/blog\/wp-json\/wp\/v2\/media?parent=76585"}],"wp:term":[{"taxonomy":"category","embeddable":true,"href":"https:\/\/www.visit-ulcinj.com\/blog\/wp-json\/wp\/v2\/categories?post=76585"},{"taxonomy":"post_tag","embeddable":true,"href":"https:\/\/www.visit-ulcinj.com\/blog\/wp-json\/wp\/v2\/tags?post=76585"}],"curies":[{"name":"wp","href":"https:\/\/api.w.org\/{rel}","templated":true}]}}