{"id":76592,"date":"2013-11-26T19:20:07","date_gmt":"2013-11-26T18:20:07","guid":{"rendered":"http:\/\/www.visit-ulcinj.com\/blog\/?p=76592"},"modified":"2013-11-26T19:20:07","modified_gmt":"2013-11-26T18:20:07","slug":"projekti-pastrimit-te-kanalit-port-milena","status":"publish","type":"post","link":"https:\/\/www.visit-ulcinj.com\/blog\/2013\/11\/26\/projekti-pastrimit-te-kanalit-port-milena\/","title":{"rendered":"Projekti i pastrimit te kanalit Port Milena"},"content":{"rendered":"<p><strong><a href=\"http:\/\/www.visit-ulcinj.com\/blog\/wp-content\/uploads\/2013\/11\/Projekti-i-pastrimit-t\u00eb-Port-Milen\u00ebs.jpg\"><img loading=\"lazy\" class=\"alignleft  wp-image-76593\" alt=\"Projekti i pastrimit t\u00eb Port Milen\u00ebs\" src=\"http:\/\/www.visit-ulcinj.com\/blog\/wp-content\/uploads\/2013\/11\/Projekti-i-pastrimit-t\u00eb-Port-Milen\u00ebs.jpg\" width=\"508\" height=\"360\" \/><\/a>Projekti i pastrimit t\u00eb Port Milen\u00ebs<\/strong><\/p>\n<p>Pas p\u00ebrfundimit t\u00eb analiz\u00ebs s\u00eb balt\u00ebs n\u00eb kanalin Port Milen\u00eb, sot \u00ebsht\u00eb mbajtur nj\u00eb takim me p\u00ebrfaq\u00ebsuesit e UNIDO \u2013 s, agjenci n\u00eb kuad\u00ebr t\u00eb Kombeve t\u00eb Bashkuara e specializuar p\u00ebr \u00e7\u00ebshtje ekologjike. N\u00eb takim \u00ebsht\u00eb prezantuar draft projekti Bartja e teknologjive ekologjikisht t\u00eb pranueshme (TEST) p\u00ebr pastrimin e Port Milen\u00ebs, projekt ky q\u00eb realizohet me mjete t\u00eb Qeveris\u00eb s\u00eb Sllovenis\u00eb n\u00eb shum\u00ebn prej 210 mij\u00eb Euro, p\u00ebr nj\u00eb periudh\u00eb prej dy vitesh dhe p\u00ebrb\u00ebhet prej tre komponent\u00ebve kryesore.<\/p>\n<p>Komponenti i par\u00eb, identifikimi i zonave t\u00eb ndotura, p\u00ebrfshin\u00eb: kualifikimin e ndotjeve nga burimet e ndryshme, kualifikimin e mbetjeve si dhe analiz\u00ebn e holl\u00ebsishme e ndot\u00ebsve t\u00eb sip\u00ebrfaqeve ujore. Komponenti i dyt\u00eb, qasja gjith\u00ebp\u00ebrfshir\u00ebse p\u00ebr TEST, p\u00ebrfshin\u00eb: konstatimin e ndotjeve (sip\u00ebrfaqes ujore) dhe ndotjet e kaluara si dhe trajtimin dhe riciklimin e mbetjeve (balt\u00ebs). Komponenti i tret\u00eb, Pilot eco-sanimi, p\u00ebrfshin\u00eb demonstrimin e pagueshm\u00ebris\u00eb.<br \/>\nKryetari Cungu ka theksuar q\u00eb ndotja e Port Milen\u00ebs mbetet nj\u00eb nd\u00ebr pengesat m\u00eb t\u00eb m\u00ebdha p\u00ebr zhvillimin e turizmit n\u00eb Ulqin dhe q\u00eb ky projekt paraqet mund\u00ebsi t\u00eb madhe p\u00ebr zgjidhjen e tij. Ai shtoj q\u00eb pasi me planin hap\u00ebsinor \u00ebsht\u00eb parashikuar nd\u00ebrtimi i marin\u00ebs n\u00eb port Milen\u00eb, projekti duhet t\u00eb p\u00ebrfshij\u00eb edhe p\u00ebrgatitjet dhe p\u00ebrshtatjen e terrenit p\u00ebr k\u00ebt\u00eb projekt p\u00ebr t\u00eb cilin shum\u00eb shpejt planifikohet p\u00ebrgatitja e studimit t\u00eb fizibilitetit.<\/p>\n<p>Nes\u00ebr pason takimi i UNIDO me Ministrin\u00eb p\u00ebr turiz\u00ebm dhe zhvillim t\u00eb q\u00ebndruesh\u00ebm lidhur me k\u00ebt\u00eb projekt ku p\u00ebrve\u00e7 k\u00ebtyre detajeve do t\u00eb shqyrtohet edhe m\u00ebnyra e lidhjes s\u00eb Port Milen\u00ebs me Bun\u00ebn q\u00eb \u00ebsht\u00eb element shum\u00eb me r\u00ebnd\u00ebsi p\u00ebr mund\u00ebsit e finasimit t\u00eb faz\u00ebs s\u00eb dyt\u00eb t\u00eb k\u00ebtij projekti.<\/p>\n","protected":false},"excerpt":{"rendered":"<p>Projekti i pastrimit t\u00eb Port Milen\u00ebs Pas p\u00ebrfundimit t\u00eb analiz\u00ebs s\u00eb balt\u00ebs n\u00eb kanalin Port Milen\u00eb, sot \u00ebsht\u00eb mbajtur nj\u00eb takim me p\u00ebrfaq\u00ebsuesit e UNIDO \u2013 s, agjenci n\u00eb kuad\u00ebr t\u00eb Kombeve t\u00eb Bashkuara e specializuar p\u00ebr \u00e7\u00ebshtje ekologjike. N\u00eb takim \u00ebsht\u00eb prezantuar draft projekti Bartja e teknologjive ekologjikisht t\u00eb pranueshme (TEST) p\u00ebr pastrimin e [&hellip;]<\/p>\n","protected":false},"author":1,"featured_media":0,"comment_status":"closed","ping_status":"closed","sticky":false,"template":"","format":"standard","meta":{"spay_email":"","jetpack_publicize_message":"","jetpack_is_tweetstorm":false,"jetpack_publicize_feature_enabled":true},"categories":[11],"tags":[],"jetpack_publicize_connections":[],"yoast_head":"<!-- This site is optimized with the Yoast SEO plugin v19.1 - https:\/\/yoast.com\/wordpress\/plugins\/seo\/ -->\n<title>Projekti i pastrimit te kanalit Port Milena - Lajme nga Ulqini<\/title>\n<meta name=\"description\" content=\"Projekti i pastrimit t\u00eb Port Milen\u00ebs Pas p\u00ebrfundimit t\u00eb analiz\u00ebs s\u00eb balt\u00ebs n\u00eb kanalin Port Milen\u00eb, sot \u00ebsht\u00eb mbajtur nj\u00eb takim me p\u00ebrfaq\u00ebsuesit e UNIDO \u2013\" \/>\n<meta name=\"robots\" content=\"index, follow, max-snippet:-1, max-image-preview:large, max-video-preview:-1\" \/>\n<link rel=\"canonical\" href=\"https:\/\/www.visit-ulcinj.com\/blog\/2013\/11\/26\/projekti-pastrimit-te-kanalit-port-milena\/\" \/>\n<meta property=\"og:locale\" content=\"en_US\" \/>\n<meta property=\"og:type\" content=\"article\" \/>\n<meta property=\"og:title\" content=\"Projekti i pastrimit te kanalit Port Milena - Lajme nga Ulqini\" \/>\n<meta property=\"og:description\" content=\"Projekti i pastrimit t\u00eb Port Milen\u00ebs Pas p\u00ebrfundimit t\u00eb analiz\u00ebs s\u00eb balt\u00ebs n\u00eb kanalin Port Milen\u00eb, sot \u00ebsht\u00eb mbajtur nj\u00eb takim me p\u00ebrfaq\u00ebsuesit e UNIDO \u2013\" \/>\n<meta property=\"og:url\" content=\"https:\/\/www.visit-ulcinj.com\/blog\/2013\/11\/26\/projekti-pastrimit-te-kanalit-port-milena\/\" \/>\n<meta property=\"og:site_name\" content=\"Lajme nga Ulqini\" \/>\n<meta property=\"article:published_time\" content=\"2013-11-26T18:20:07+00:00\" \/>\n<meta name=\"twitter:label1\" content=\"Written by\" \/>\n\t<meta name=\"twitter:data1\" content=\"ulqini\" \/>\n\t<meta name=\"twitter:label2\" content=\"Est. reading time\" \/>\n\t<meta name=\"twitter:data2\" content=\"2 minutes\" \/>\n<script type=\"application\/ld+json\" class=\"yoast-schema-graph\">{\"@context\":\"https:\/\/schema.org\",\"@graph\":[{\"@type\":\"WebSite\",\"@id\":\"https:\/\/www.visit-ulcinj.com\/blog\/#website\",\"url\":\"https:\/\/www.visit-ulcinj.com\/blog\/\",\"name\":\"Lajme nga Ulqini\",\"description\":\"Lajme,Vijesti,Ulqini,Ulqin,Crna Gora,Mali i Zi\",\"potentialAction\":[{\"@type\":\"SearchAction\",\"target\":{\"@type\":\"EntryPoint\",\"urlTemplate\":\"https:\/\/www.visit-ulcinj.com\/blog\/?s={search_term_string}\"},\"query-input\":\"required name=search_term_string\"}],\"inLanguage\":\"en-US\"},{\"@type\":\"WebPage\",\"@id\":\"https:\/\/www.visit-ulcinj.com\/blog\/2013\/11\/26\/projekti-pastrimit-te-kanalit-port-milena\/#webpage\",\"url\":\"https:\/\/www.visit-ulcinj.com\/blog\/2013\/11\/26\/projekti-pastrimit-te-kanalit-port-milena\/\",\"name\":\"Projekti i pastrimit te kanalit Port Milena - Lajme nga Ulqini\",\"isPartOf\":{\"@id\":\"https:\/\/www.visit-ulcinj.com\/blog\/#website\"},\"datePublished\":\"2013-11-26T18:20:07+00:00\",\"dateModified\":\"2013-11-26T18:20:07+00:00\",\"author\":{\"@id\":\"https:\/\/www.visit-ulcinj.com\/blog\/#\/schema\/person\/dcab619c614d3038751c63bc2aadc06d\"},\"description\":\"Projekti i pastrimit t\u00eb Port Milen\u00ebs Pas p\u00ebrfundimit t\u00eb analiz\u00ebs s\u00eb balt\u00ebs n\u00eb kanalin Port Milen\u00eb, sot \u00ebsht\u00eb mbajtur nj\u00eb takim me p\u00ebrfaq\u00ebsuesit e UNIDO \u2013\",\"breadcrumb\":{\"@id\":\"https:\/\/www.visit-ulcinj.com\/blog\/2013\/11\/26\/projekti-pastrimit-te-kanalit-port-milena\/#breadcrumb\"},\"inLanguage\":\"en-US\",\"potentialAction\":[{\"@type\":\"ReadAction\",\"target\":[\"https:\/\/www.visit-ulcinj.com\/blog\/2013\/11\/26\/projekti-pastrimit-te-kanalit-port-milena\/\"]}]},{\"@type\":\"BreadcrumbList\",\"@id\":\"https:\/\/www.visit-ulcinj.com\/blog\/2013\/11\/26\/projekti-pastrimit-te-kanalit-port-milena\/#breadcrumb\",\"itemListElement\":[{\"@type\":\"ListItem\",\"position\":1,\"name\":\"Projekti i pastrimit te kanalit Port Milena\"}]},{\"@type\":\"Person\",\"@id\":\"https:\/\/www.visit-ulcinj.com\/blog\/#\/schema\/person\/dcab619c614d3038751c63bc2aadc06d\",\"name\":\"ulqini\",\"sameAs\":[\"http:\/\/www.visit-ulcinj.com\"],\"url\":\"https:\/\/www.visit-ulcinj.com\/blog\/author\/admin\/\"}]}<\/script>\n<!-- \/ Yoast SEO plugin. -->","yoast_head_json":{"title":"Projekti i pastrimit te kanalit Port Milena - Lajme nga Ulqini","description":"Projekti i pastrimit t\u00eb Port Milen\u00ebs Pas p\u00ebrfundimit t\u00eb analiz\u00ebs s\u00eb balt\u00ebs n\u00eb kanalin Port Milen\u00eb, sot \u00ebsht\u00eb mbajtur nj\u00eb takim me p\u00ebrfaq\u00ebsuesit e UNIDO \u2013","robots":{"index":"index","follow":"follow","max-snippet":"max-snippet:-1","max-image-preview":"max-image-preview:large","max-video-preview":"max-video-preview:-1"},"canonical":"https:\/\/www.visit-ulcinj.com\/blog\/2013\/11\/26\/projekti-pastrimit-te-kanalit-port-milena\/","og_locale":"en_US","og_type":"article","og_title":"Projekti i pastrimit te kanalit Port Milena - Lajme nga Ulqini","og_description":"Projekti i pastrimit t\u00eb Port Milen\u00ebs Pas p\u00ebrfundimit t\u00eb analiz\u00ebs s\u00eb balt\u00ebs n\u00eb kanalin Port Milen\u00eb, sot \u00ebsht\u00eb mbajtur nj\u00eb takim me p\u00ebrfaq\u00ebsuesit e UNIDO \u2013","og_url":"https:\/\/www.visit-ulcinj.com\/blog\/2013\/11\/26\/projekti-pastrimit-te-kanalit-port-milena\/","og_site_name":"Lajme nga Ulqini","article_published_time":"2013-11-26T18:20:07+00:00","twitter_misc":{"Written by":"ulqini","Est. reading time":"2 minutes"},"schema":{"@context":"https:\/\/schema.org","@graph":[{"@type":"WebSite","@id":"https:\/\/www.visit-ulcinj.com\/blog\/#website","url":"https:\/\/www.visit-ulcinj.com\/blog\/","name":"Lajme nga Ulqini","description":"Lajme,Vijesti,Ulqini,Ulqin,Crna Gora,Mali i Zi","potentialAction":[{"@type":"SearchAction","target":{"@type":"EntryPoint","urlTemplate":"https:\/\/www.visit-ulcinj.com\/blog\/?s={search_term_string}"},"query-input":"required name=search_term_string"}],"inLanguage":"en-US"},{"@type":"WebPage","@id":"https:\/\/www.visit-ulcinj.com\/blog\/2013\/11\/26\/projekti-pastrimit-te-kanalit-port-milena\/#webpage","url":"https:\/\/www.visit-ulcinj.com\/blog\/2013\/11\/26\/projekti-pastrimit-te-kanalit-port-milena\/","name":"Projekti i pastrimit te kanalit Port Milena - Lajme nga Ulqini","isPartOf":{"@id":"https:\/\/www.visit-ulcinj.com\/blog\/#website"},"datePublished":"2013-11-26T18:20:07+00:00","dateModified":"2013-11-26T18:20:07+00:00","author":{"@id":"https:\/\/www.visit-ulcinj.com\/blog\/#\/schema\/person\/dcab619c614d3038751c63bc2aadc06d"},"description":"Projekti i pastrimit t\u00eb Port Milen\u00ebs Pas p\u00ebrfundimit t\u00eb analiz\u00ebs s\u00eb balt\u00ebs n\u00eb kanalin Port Milen\u00eb, sot \u00ebsht\u00eb mbajtur nj\u00eb takim me p\u00ebrfaq\u00ebsuesit e UNIDO \u2013","breadcrumb":{"@id":"https:\/\/www.visit-ulcinj.com\/blog\/2013\/11\/26\/projekti-pastrimit-te-kanalit-port-milena\/#breadcrumb"},"inLanguage":"en-US","potentialAction":[{"@type":"ReadAction","target":["https:\/\/www.visit-ulcinj.com\/blog\/2013\/11\/26\/projekti-pastrimit-te-kanalit-port-milena\/"]}]},{"@type":"BreadcrumbList","@id":"https:\/\/www.visit-ulcinj.com\/blog\/2013\/11\/26\/projekti-pastrimit-te-kanalit-port-milena\/#breadcrumb","itemListElement":[{"@type":"ListItem","position":1,"name":"Projekti i pastrimit te kanalit Port Milena"}]},{"@type":"Person","@id":"https:\/\/www.visit-ulcinj.com\/blog\/#\/schema\/person\/dcab619c614d3038751c63bc2aadc06d","name":"ulqini","sameAs":["http:\/\/www.visit-ulcinj.com"],"url":"https:\/\/www.visit-ulcinj.com\/blog\/author\/admin\/"}]}},"jetpack_featured_media_url":"","jetpack_sharing_enabled":true,"jetpack_shortlink":"https:\/\/wp.me\/pe6lTn-jVm","_links":{"self":[{"href":"https:\/\/www.visit-ulcinj.com\/blog\/wp-json\/wp\/v2\/posts\/76592"}],"collection":[{"href":"https:\/\/www.visit-ulcinj.com\/blog\/wp-json\/wp\/v2\/posts"}],"about":[{"href":"https:\/\/www.visit-ulcinj.com\/blog\/wp-json\/wp\/v2\/types\/post"}],"author":[{"embeddable":true,"href":"https:\/\/www.visit-ulcinj.com\/blog\/wp-json\/wp\/v2\/users\/1"}],"replies":[{"embeddable":true,"href":"https:\/\/www.visit-ulcinj.com\/blog\/wp-json\/wp\/v2\/comments?post=76592"}],"version-history":[{"count":1,"href":"https:\/\/www.visit-ulcinj.com\/blog\/wp-json\/wp\/v2\/posts\/76592\/revisions"}],"predecessor-version":[{"id":76594,"href":"https:\/\/www.visit-ulcinj.com\/blog\/wp-json\/wp\/v2\/posts\/76592\/revisions\/76594"}],"wp:attachment":[{"href":"https:\/\/www.visit-ulcinj.com\/blog\/wp-json\/wp\/v2\/media?parent=76592"}],"wp:term":[{"taxonomy":"category","embeddable":true,"href":"https:\/\/www.visit-ulcinj.com\/blog\/wp-json\/wp\/v2\/categories?post=76592"},{"taxonomy":"post_tag","embeddable":true,"href":"https:\/\/www.visit-ulcinj.com\/blog\/wp-json\/wp\/v2\/tags?post=76592"}],"curies":[{"name":"wp","href":"https:\/\/api.w.org\/{rel}","templated":true}]}}