{"id":7661,"date":"2008-12-25T15:14:49","date_gmt":"2008-12-25T14:14:49","guid":{"rendered":"http:\/\/www.visit-ulcinj.com\/blog\/?p=7661"},"modified":"2008-12-25T15:38:47","modified_gmt":"2008-12-25T14:38:47","slug":"krijohen-kushtet-per-avancimin-e-bashkepunimit","status":"publish","type":"post","link":"https:\/\/www.visit-ulcinj.com\/blog\/2008\/12\/25\/krijohen-kushtet-per-avancimin-e-bashkepunimit\/","title":{"rendered":"Krijohen kushtet p\u00ebr avancimin e bashk\u00ebpunimit"},"content":{"rendered":"<p><a href=\"http:\/\/www.visit-ulcinj.com\/blog\/wp-content\/uploads\/2008\/12\/dr-sreten-shkuletiq_fatos-beja.jpg\" target=\"_self\"><img loading=\"lazy\" class=\"alignleft size-full wp-image-7662\" title=\"dr-sreten-shkuletiq_fatos-beja\" src=\"http:\/\/www.visit-ulcinj.com\/blog\/wp-content\/uploads\/2008\/12\/dr-sreten-shkuletiq_fatos-beja.jpg\" alt=\"dr-sreten-shkuletiq_fatos-beja\" width=\"300\" height=\"193\" \/><\/a><strong>Qeveria e Malit t\u00eb Zi dhe ajo e Republik\u00ebs s\u00eb Shqip\u00ebris\u00eb n\u00ebnshkruan marr\u00ebveshjen mbi bashk\u00ebpunimin shkencor dhe tekonologjik<\/strong><br \/>\nPodgoric\u00eb &#8211; Marr\u00ebveshja mbi bashk\u00ebpunimin shkencor dhe teknologjik nd\u00ebrmjet Qeveris\u00eb s\u00eb Malit t\u00eb Zi dhe Qeveris\u00eb s\u00eb Republik\u00ebs s\u00eb Shqip\u00ebris\u00eb, e cila do t\u00eb krijoj\u00eb kushtet p\u00ebr avancimin e bashk\u00ebpunimit dypal\u00ebsh n\u00eb baz\u00eb t\u00eb dobis\u00eb dhe barazis\u00eb s\u00eb nd\u00ebrsjell\u00eb, u n\u00ebnshkrua t\u00eb mart\u00ebn n\u00eb Podgoric\u00eb.<br \/>\nMarr\u00ebveshja u n\u00ebnshkrua nga ministri i Arsimit dhe Shkenc\u00ebs i Malit t\u00eb Zi, prodf Dr. Sreten Shkuletiq, dhe homologu i tij shqiptar, Fatos Beja.<br \/>\nNga Qeveria e Malit t\u00eb Zi \u00ebsht\u00eb njoftuar se me Marr\u00ebveshje parashikohet avancimi i bashk\u00ebpunimit n\u00eb fushat e programeve dhe projekteve zhvillimore shkencore-teknologjike, shk\u00ebmbimit t\u00eb hulumtuesve dhe ekspert\u00ebve, shfryt\u00ebzimit t\u00eb p\u00ebrbashk\u00ebt t\u00eb pajisjeve dhe materialit t\u00eb domosdosh\u00ebm p\u00ebr realizimin e bashk\u00ebpunimit.<br \/>\nMarr\u00ebveshja do t\u00eb p\u00ebrmir\u00ebsoj\u00eb edhe mund\u00ebsin\u00eb e organizimit dhe pjes\u00ebmarrjes n\u00eb konferencat e p\u00ebrbashk\u00ebta shkencore, themelimit t\u00eb qendrave t\u00eb p\u00ebrbashk\u00ebta shkencore-hulumtuese dhe grupeve t\u00eb p\u00ebrkohshme shkencore-hulumtuese, si dhe formave t\u00eb tjera t\u00eb bashk\u00ebpunimit shkencor dhe teknologjik.<br \/>\n<strong>Kohapress<\/strong><\/p>\n","protected":false},"excerpt":{"rendered":"<p>Qeveria e Malit t\u00eb Zi dhe ajo e Republik\u00ebs s\u00eb Shqip\u00ebris\u00eb n\u00ebnshkruan marr\u00ebveshjen mbi bashk\u00ebpunimin shkencor dhe tekonologjik Podgoric\u00eb &#8211; Marr\u00ebveshja mbi bashk\u00ebpunimin shkencor dhe teknologjik nd\u00ebrmjet Qeveris\u00eb s\u00eb Malit t\u00eb Zi dhe Qeveris\u00eb s\u00eb Republik\u00ebs s\u00eb Shqip\u00ebris\u00eb, e cila do t\u00eb krijoj\u00eb kushtet p\u00ebr avancimin e bashk\u00ebpunimit dypal\u00ebsh n\u00eb baz\u00eb t\u00eb dobis\u00eb dhe barazis\u00eb [&hellip;]<\/p>\n","protected":false},"author":1,"featured_media":0,"comment_status":"open","ping_status":"closed","sticky":false,"template":"","format":"standard","meta":{"spay_email":"","jetpack_publicize_message":"","jetpack_is_tweetstorm":false,"jetpack_publicize_feature_enabled":true},"categories":[4],"tags":[5371,5372,5374,1813,5373],"jetpack_publicize_connections":[],"yoast_head":"<!-- This site is optimized with the Yoast SEO plugin v19.1 - https:\/\/yoast.com\/wordpress\/plugins\/seo\/ -->\n<title>Krijohen kushtet p\u00ebr avancimin e bashk\u00ebpunimit - Lajme nga Ulqini<\/title>\n<meta name=\"description\" content=\"Qeveria e Malit t\u00eb Zi dhe ajo e Republik\u00ebs s\u00eb Shqip\u00ebris\u00eb n\u00ebnshkruan marr\u00ebveshjen mbi bashk\u00ebpunimin shkencor dhe tekonologjik Podgoric\u00eb - Marr\u00ebveshja mbi\" \/>\n<meta name=\"robots\" content=\"index, follow, max-snippet:-1, max-image-preview:large, max-video-preview:-1\" \/>\n<link rel=\"canonical\" href=\"https:\/\/www.visit-ulcinj.com\/blog\/2008\/12\/25\/krijohen-kushtet-per-avancimin-e-bashkepunimit\/\" \/>\n<meta property=\"og:locale\" content=\"en_US\" \/>\n<meta property=\"og:type\" content=\"article\" \/>\n<meta property=\"og:title\" content=\"Krijohen kushtet p\u00ebr avancimin e bashk\u00ebpunimit - Lajme nga Ulqini\" \/>\n<meta property=\"og:description\" content=\"Qeveria e Malit t\u00eb Zi dhe ajo e Republik\u00ebs s\u00eb Shqip\u00ebris\u00eb n\u00ebnshkruan marr\u00ebveshjen mbi bashk\u00ebpunimin shkencor dhe tekonologjik Podgoric\u00eb - Marr\u00ebveshja mbi\" \/>\n<meta property=\"og:url\" content=\"https:\/\/www.visit-ulcinj.com\/blog\/2008\/12\/25\/krijohen-kushtet-per-avancimin-e-bashkepunimit\/\" \/>\n<meta property=\"og:site_name\" content=\"Lajme nga Ulqini\" \/>\n<meta property=\"article:published_time\" content=\"2008-12-25T14:14:49+00:00\" \/>\n<meta property=\"article:modified_time\" content=\"2008-12-25T14:38:47+00:00\" \/>\n<meta property=\"og:image\" content=\"http:\/\/www.visit-ulcinj.com\/blog\/wp-content\/uploads\/2008\/12\/dr-sreten-shkuletiq_fatos-beja.jpg\" \/>\n<meta name=\"twitter:label1\" content=\"Written by\" \/>\n\t<meta name=\"twitter:data1\" content=\"ulqini\" \/>\n\t<meta name=\"twitter:label2\" content=\"Est. reading time\" \/>\n\t<meta name=\"twitter:data2\" content=\"1 minute\" \/>\n<script type=\"application\/ld+json\" class=\"yoast-schema-graph\">{\"@context\":\"https:\/\/schema.org\",\"@graph\":[{\"@type\":\"WebSite\",\"@id\":\"https:\/\/www.visit-ulcinj.com\/blog\/#website\",\"url\":\"https:\/\/www.visit-ulcinj.com\/blog\/\",\"name\":\"Lajme nga Ulqini\",\"description\":\"Lajme,Vijesti,Ulqini,Ulqin,Crna Gora,Mali i Zi\",\"potentialAction\":[{\"@type\":\"SearchAction\",\"target\":{\"@type\":\"EntryPoint\",\"urlTemplate\":\"https:\/\/www.visit-ulcinj.com\/blog\/?s={search_term_string}\"},\"query-input\":\"required name=search_term_string\"}],\"inLanguage\":\"en-US\"},{\"@type\":\"ImageObject\",\"inLanguage\":\"en-US\",\"@id\":\"https:\/\/www.visit-ulcinj.com\/blog\/2008\/12\/25\/krijohen-kushtet-per-avancimin-e-bashkepunimit\/#primaryimage\",\"url\":\"https:\/\/www.visit-ulcinj.com\/blog\/wp-content\/uploads\/2008\/12\/dr-sreten-shkuletiq_fatos-beja.jpg\",\"contentUrl\":\"https:\/\/www.visit-ulcinj.com\/blog\/wp-content\/uploads\/2008\/12\/dr-sreten-shkuletiq_fatos-beja.jpg\",\"width\":\"300\",\"height\":\"193\"},{\"@type\":\"WebPage\",\"@id\":\"https:\/\/www.visit-ulcinj.com\/blog\/2008\/12\/25\/krijohen-kushtet-per-avancimin-e-bashkepunimit\/#webpage\",\"url\":\"https:\/\/www.visit-ulcinj.com\/blog\/2008\/12\/25\/krijohen-kushtet-per-avancimin-e-bashkepunimit\/\",\"name\":\"Krijohen kushtet p\u00ebr avancimin e bashk\u00ebpunimit - Lajme nga Ulqini\",\"isPartOf\":{\"@id\":\"https:\/\/www.visit-ulcinj.com\/blog\/#website\"},\"primaryImageOfPage\":{\"@id\":\"https:\/\/www.visit-ulcinj.com\/blog\/2008\/12\/25\/krijohen-kushtet-per-avancimin-e-bashkepunimit\/#primaryimage\"},\"datePublished\":\"2008-12-25T14:14:49+00:00\",\"dateModified\":\"2008-12-25T14:38:47+00:00\",\"author\":{\"@id\":\"https:\/\/www.visit-ulcinj.com\/blog\/#\/schema\/person\/dcab619c614d3038751c63bc2aadc06d\"},\"description\":\"Qeveria e Malit t\u00eb Zi dhe ajo e Republik\u00ebs s\u00eb Shqip\u00ebris\u00eb n\u00ebnshkruan marr\u00ebveshjen mbi bashk\u00ebpunimin shkencor dhe tekonologjik Podgoric\u00eb - Marr\u00ebveshja mbi\",\"breadcrumb\":{\"@id\":\"https:\/\/www.visit-ulcinj.com\/blog\/2008\/12\/25\/krijohen-kushtet-per-avancimin-e-bashkepunimit\/#breadcrumb\"},\"inLanguage\":\"en-US\",\"potentialAction\":[{\"@type\":\"ReadAction\",\"target\":[\"https:\/\/www.visit-ulcinj.com\/blog\/2008\/12\/25\/krijohen-kushtet-per-avancimin-e-bashkepunimit\/\"]}]},{\"@type\":\"BreadcrumbList\",\"@id\":\"https:\/\/www.visit-ulcinj.com\/blog\/2008\/12\/25\/krijohen-kushtet-per-avancimin-e-bashkepunimit\/#breadcrumb\",\"itemListElement\":[{\"@type\":\"ListItem\",\"position\":1,\"name\":\"Krijohen kushtet p\u00ebr avancimin e bashk\u00ebpunimit\"}]},{\"@type\":\"Person\",\"@id\":\"https:\/\/www.visit-ulcinj.com\/blog\/#\/schema\/person\/dcab619c614d3038751c63bc2aadc06d\",\"name\":\"ulqini\",\"sameAs\":[\"http:\/\/www.visit-ulcinj.com\"],\"url\":\"https:\/\/www.visit-ulcinj.com\/blog\/author\/admin\/\"}]}<\/script>\n<!-- \/ Yoast SEO plugin. -->","yoast_head_json":{"title":"Krijohen kushtet p\u00ebr avancimin e bashk\u00ebpunimit - Lajme nga Ulqini","description":"Qeveria e Malit t\u00eb Zi dhe ajo e Republik\u00ebs s\u00eb Shqip\u00ebris\u00eb n\u00ebnshkruan marr\u00ebveshjen mbi bashk\u00ebpunimin shkencor dhe tekonologjik Podgoric\u00eb - Marr\u00ebveshja mbi","robots":{"index":"index","follow":"follow","max-snippet":"max-snippet:-1","max-image-preview":"max-image-preview:large","max-video-preview":"max-video-preview:-1"},"canonical":"https:\/\/www.visit-ulcinj.com\/blog\/2008\/12\/25\/krijohen-kushtet-per-avancimin-e-bashkepunimit\/","og_locale":"en_US","og_type":"article","og_title":"Krijohen kushtet p\u00ebr avancimin e bashk\u00ebpunimit - Lajme nga Ulqini","og_description":"Qeveria e Malit t\u00eb Zi dhe ajo e Republik\u00ebs s\u00eb Shqip\u00ebris\u00eb n\u00ebnshkruan marr\u00ebveshjen mbi bashk\u00ebpunimin shkencor dhe tekonologjik Podgoric\u00eb - Marr\u00ebveshja mbi","og_url":"https:\/\/www.visit-ulcinj.com\/blog\/2008\/12\/25\/krijohen-kushtet-per-avancimin-e-bashkepunimit\/","og_site_name":"Lajme nga Ulqini","article_published_time":"2008-12-25T14:14:49+00:00","article_modified_time":"2008-12-25T14:38:47+00:00","og_image":[{"url":"http:\/\/www.visit-ulcinj.com\/blog\/wp-content\/uploads\/2008\/12\/dr-sreten-shkuletiq_fatos-beja.jpg"}],"twitter_misc":{"Written by":"ulqini","Est. reading time":"1 minute"},"schema":{"@context":"https:\/\/schema.org","@graph":[{"@type":"WebSite","@id":"https:\/\/www.visit-ulcinj.com\/blog\/#website","url":"https:\/\/www.visit-ulcinj.com\/blog\/","name":"Lajme nga Ulqini","description":"Lajme,Vijesti,Ulqini,Ulqin,Crna Gora,Mali i Zi","potentialAction":[{"@type":"SearchAction","target":{"@type":"EntryPoint","urlTemplate":"https:\/\/www.visit-ulcinj.com\/blog\/?s={search_term_string}"},"query-input":"required name=search_term_string"}],"inLanguage":"en-US"},{"@type":"ImageObject","inLanguage":"en-US","@id":"https:\/\/www.visit-ulcinj.com\/blog\/2008\/12\/25\/krijohen-kushtet-per-avancimin-e-bashkepunimit\/#primaryimage","url":"https:\/\/www.visit-ulcinj.com\/blog\/wp-content\/uploads\/2008\/12\/dr-sreten-shkuletiq_fatos-beja.jpg","contentUrl":"https:\/\/www.visit-ulcinj.com\/blog\/wp-content\/uploads\/2008\/12\/dr-sreten-shkuletiq_fatos-beja.jpg","width":"300","height":"193"},{"@type":"WebPage","@id":"https:\/\/www.visit-ulcinj.com\/blog\/2008\/12\/25\/krijohen-kushtet-per-avancimin-e-bashkepunimit\/#webpage","url":"https:\/\/www.visit-ulcinj.com\/blog\/2008\/12\/25\/krijohen-kushtet-per-avancimin-e-bashkepunimit\/","name":"Krijohen kushtet p\u00ebr avancimin e bashk\u00ebpunimit - Lajme nga Ulqini","isPartOf":{"@id":"https:\/\/www.visit-ulcinj.com\/blog\/#website"},"primaryImageOfPage":{"@id":"https:\/\/www.visit-ulcinj.com\/blog\/2008\/12\/25\/krijohen-kushtet-per-avancimin-e-bashkepunimit\/#primaryimage"},"datePublished":"2008-12-25T14:14:49+00:00","dateModified":"2008-12-25T14:38:47+00:00","author":{"@id":"https:\/\/www.visit-ulcinj.com\/blog\/#\/schema\/person\/dcab619c614d3038751c63bc2aadc06d"},"description":"Qeveria e Malit t\u00eb Zi dhe ajo e Republik\u00ebs s\u00eb Shqip\u00ebris\u00eb n\u00ebnshkruan marr\u00ebveshjen mbi bashk\u00ebpunimin shkencor dhe tekonologjik Podgoric\u00eb - Marr\u00ebveshja mbi","breadcrumb":{"@id":"https:\/\/www.visit-ulcinj.com\/blog\/2008\/12\/25\/krijohen-kushtet-per-avancimin-e-bashkepunimit\/#breadcrumb"},"inLanguage":"en-US","potentialAction":[{"@type":"ReadAction","target":["https:\/\/www.visit-ulcinj.com\/blog\/2008\/12\/25\/krijohen-kushtet-per-avancimin-e-bashkepunimit\/"]}]},{"@type":"BreadcrumbList","@id":"https:\/\/www.visit-ulcinj.com\/blog\/2008\/12\/25\/krijohen-kushtet-per-avancimin-e-bashkepunimit\/#breadcrumb","itemListElement":[{"@type":"ListItem","position":1,"name":"Krijohen kushtet p\u00ebr avancimin e bashk\u00ebpunimit"}]},{"@type":"Person","@id":"https:\/\/www.visit-ulcinj.com\/blog\/#\/schema\/person\/dcab619c614d3038751c63bc2aadc06d","name":"ulqini","sameAs":["http:\/\/www.visit-ulcinj.com"],"url":"https:\/\/www.visit-ulcinj.com\/blog\/author\/admin\/"}]}},"jetpack_featured_media_url":"","jetpack_sharing_enabled":true,"jetpack_shortlink":"https:\/\/wp.me\/pe6lTn-1Zz","_links":{"self":[{"href":"https:\/\/www.visit-ulcinj.com\/blog\/wp-json\/wp\/v2\/posts\/7661"}],"collection":[{"href":"https:\/\/www.visit-ulcinj.com\/blog\/wp-json\/wp\/v2\/posts"}],"about":[{"href":"https:\/\/www.visit-ulcinj.com\/blog\/wp-json\/wp\/v2\/types\/post"}],"author":[{"embeddable":true,"href":"https:\/\/www.visit-ulcinj.com\/blog\/wp-json\/wp\/v2\/users\/1"}],"replies":[{"embeddable":true,"href":"https:\/\/www.visit-ulcinj.com\/blog\/wp-json\/wp\/v2\/comments?post=7661"}],"version-history":[{"count":0,"href":"https:\/\/www.visit-ulcinj.com\/blog\/wp-json\/wp\/v2\/posts\/7661\/revisions"}],"wp:attachment":[{"href":"https:\/\/www.visit-ulcinj.com\/blog\/wp-json\/wp\/v2\/media?parent=7661"}],"wp:term":[{"taxonomy":"category","embeddable":true,"href":"https:\/\/www.visit-ulcinj.com\/blog\/wp-json\/wp\/v2\/categories?post=7661"},{"taxonomy":"post_tag","embeddable":true,"href":"https:\/\/www.visit-ulcinj.com\/blog\/wp-json\/wp\/v2\/tags?post=7661"}],"curies":[{"name":"wp","href":"https:\/\/api.w.org\/{rel}","templated":true}]}}