{"id":76625,"date":"2013-11-27T17:07:56","date_gmt":"2013-11-27T16:07:56","guid":{"rendered":"http:\/\/www.visit-ulcinj.com\/blog\/?p=76625"},"modified":"2013-11-29T22:15:26","modified_gmt":"2013-11-29T21:15:26","slug":"udsh-urime-dita-e-flamurit","status":"publish","type":"post","link":"https:\/\/www.visit-ulcinj.com\/blog\/2013\/11\/27\/udsh-urime-dita-e-flamurit\/","title":{"rendered":"UDSH: Urime Dita E Flamurit &#8211; Video"},"content":{"rendered":"<h3><a href=\"http:\/\/www.visit-ulcinj.com\/blog\/wp-content\/uploads\/2013\/11\/URIME_28nentori_UDSH_ja_ulqin.jpg\"><img loading=\"lazy\" class=\"alignleft  wp-image-76641\" alt=\"URIME_28nentori_UDSH_ja_ulqin\" src=\"http:\/\/www.visit-ulcinj.com\/blog\/wp-content\/uploads\/2013\/11\/URIME_28nentori_UDSH_ja_ulqin.jpg\" width=\"508\" height=\"360\" \/><\/a> UNIONI DEMOKRATIK I SHQIPTAR\u00cbVE<\/h3>\n<h3>DEMOKRATSKA UNIJA ALBANACA<\/h3>\n<h3><strong> THE DEMOCRATIC UNION OF ALBANIANS <\/strong><\/h3>\n<p>Ulqin, m\u00eb 28 n\u00ebntor 2013<\/p>\n<p>&nbsp;<\/p>\n<p style=\"text-align: center;\">\u00a0\u00a0\u00a0\u00a0\u00a0\u00a0\u00a0\u00a0\u00a0\u00a0\u00a0 \u00a0 \u00a0\u00a0\u00a0\u00a0\u00a0\u00a0\u00a0\u00a0\u00a0 <strong>\u00a0\u00a0\u00a0\u00a0\u00a0\u00a0\u00a0\u00a0\u00a0\u00a0\u00a0 \u00a0\u00a0Kumtes\u00eb p\u00ebr opinion<\/strong><\/p>\n<p>&nbsp;<\/p>\n<p>Unioni Demokratik i Shqiptar\u00ebve iu uron fest\u00ebn e madhe gjith\u00ebkomb\u00ebtare ,,Dit\u00ebn e Flamurit\u201d t\u00eb gjith\u00eb shqiptareve kudo q\u00eb jan\u00eb.<\/p>\n<p>Ne shqiptar\u00ebt na bashkon gjith\u00e7ka dhe nuk na ndan asgj\u00eb. Na bashkon gjaku, gjuha, flamuri dhe identiteti i nj\u00ebjt\u00eb; na bashkon historia dhe vlerat komb\u00ebtare.<\/p>\n<p>N\u00eb situat\u00ebn aktuale \u00ebsht\u00eb i domosdosh\u00ebm uniteti n\u00eb veprim t\u00eb realizimit t\u00eb t\u00eb gjitha aspiratave tona komb\u00ebtare. Kjo fest\u00eb do t\u00eb na motivoj q\u00eb t\u2019i shfryt\u00ebzojm\u00eb t\u00eb gjitha format e veprimit politik p\u00ebr t\u00eb realizuar t\u00eb gjitha t\u00eb drejtat tona komb\u00ebtare sipas standardeve m\u00eb t\u00eb larta nd\u00ebrkomb\u00ebtare.<\/p>\n<p>UDSH uron q\u00eb festa tjet\u00ebr e Flamurit t\u00eb na gjej\u00eb me \u00a0implementim t\u00eb plot\u00eb t\u00eb drejtave t\u00eb shqiptar\u00ebve n\u00eb Mal t\u00eb Zi, ashtu si parashohin standardet evropiane p\u00ebr pakicat nacionale n\u00eb demokracit\u00eb shumnacionale t\u00eb Evrop\u00ebs.<\/p>\n<p>Zoti e bekoft\u00eb\u00a0 Flamurin dhe shqiptaret kudo q\u00eb jan\u00eb !<\/p>\n<p>&nbsp;<\/p>\n<p>Sh\u00ebrbimi informativ t\u00eb UDSH-s\u00eb<\/p>\n<!--YouTube Error: bad URL entered-->\n","protected":false},"excerpt":{"rendered":"<p>UNIONI DEMOKRATIK I SHQIPTAR\u00cbVE DEMOKRATSKA UNIJA ALBANACA THE DEMOCRATIC UNION OF ALBANIANS Ulqin, m\u00eb 28 n\u00ebntor 2013 &nbsp; \u00a0\u00a0\u00a0\u00a0\u00a0\u00a0\u00a0\u00a0\u00a0\u00a0\u00a0 \u00a0 \u00a0\u00a0\u00a0\u00a0\u00a0\u00a0\u00a0\u00a0\u00a0 \u00a0\u00a0\u00a0\u00a0\u00a0\u00a0\u00a0\u00a0\u00a0\u00a0\u00a0 \u00a0\u00a0Kumtes\u00eb p\u00ebr opinion &nbsp; Unioni Demokratik i Shqiptar\u00ebve iu uron fest\u00ebn e madhe gjith\u00ebkomb\u00ebtare ,,Dit\u00ebn e Flamurit\u201d t\u00eb gjith\u00eb shqiptareve kudo q\u00eb jan\u00eb. Ne shqiptar\u00ebt na bashkon gjith\u00e7ka dhe nuk na ndan asgj\u00eb. [&hellip;]<\/p>\n","protected":false},"author":1,"featured_media":0,"comment_status":"closed","ping_status":"closed","sticky":false,"template":"","format":"standard","meta":{"spay_email":"","jetpack_publicize_message":"","jetpack_is_tweetstorm":false,"jetpack_publicize_feature_enabled":true},"categories":[1],"tags":[],"jetpack_publicize_connections":[],"yoast_head":"<!-- This site is optimized with the Yoast SEO plugin v19.1 - https:\/\/yoast.com\/wordpress\/plugins\/seo\/ -->\n<title>UDSH: Urime Dita E Flamurit - Video - Lajme nga Ulqini<\/title>\n<meta name=\"description\" content=\"UNIONI DEMOKRATIK I SHQIPTAR\u00cbVE DEMOKRATSKA UNIJA ALBANACA THE DEMOCRATIC UNION OF ALBANIANS Ulqin, m\u00eb 28 n\u00ebntor 2013 &nbsp; \u00a0\u00a0\u00a0\u00a0\u00a0\u00a0\u00a0\u00a0\u00a0\u00a0\u00a0 \u00a0 \u00a0\u00a0\u00a0\u00a0\u00a0\u00a0\u00a0\u00a0\u00a0\" \/>\n<meta name=\"robots\" content=\"index, follow, max-snippet:-1, max-image-preview:large, max-video-preview:-1\" \/>\n<link rel=\"canonical\" href=\"https:\/\/www.visit-ulcinj.com\/blog\/2013\/11\/27\/udsh-urime-dita-e-flamurit\/\" \/>\n<meta property=\"og:locale\" content=\"en_US\" \/>\n<meta property=\"og:type\" content=\"article\" \/>\n<meta property=\"og:title\" content=\"UDSH: Urime Dita E Flamurit - Video - Lajme nga Ulqini\" \/>\n<meta property=\"og:description\" content=\"UNIONI DEMOKRATIK I SHQIPTAR\u00cbVE DEMOKRATSKA UNIJA ALBANACA THE DEMOCRATIC UNION OF ALBANIANS Ulqin, m\u00eb 28 n\u00ebntor 2013 &nbsp; \u00a0\u00a0\u00a0\u00a0\u00a0\u00a0\u00a0\u00a0\u00a0\u00a0\u00a0 \u00a0 \u00a0\u00a0\u00a0\u00a0\u00a0\u00a0\u00a0\u00a0\u00a0\" \/>\n<meta property=\"og:url\" content=\"https:\/\/www.visit-ulcinj.com\/blog\/2013\/11\/27\/udsh-urime-dita-e-flamurit\/\" \/>\n<meta property=\"og:site_name\" content=\"Lajme nga Ulqini\" \/>\n<meta property=\"article:published_time\" content=\"2013-11-27T16:07:56+00:00\" \/>\n<meta property=\"article:modified_time\" content=\"2013-11-29T21:15:26+00:00\" \/>\n<meta property=\"og:image\" content=\"http:\/\/www.visit-ulcinj.com\/blog\/wp-content\/uploads\/2013\/11\/URIME_28nentori_UDSH_ja_ulqin.jpg\" \/>\n<meta name=\"twitter:label1\" content=\"Written by\" \/>\n\t<meta name=\"twitter:data1\" content=\"ulqini\" \/>\n\t<meta name=\"twitter:label2\" content=\"Est. reading time\" \/>\n\t<meta name=\"twitter:data2\" content=\"1 minute\" \/>\n<script type=\"application\/ld+json\" class=\"yoast-schema-graph\">{\"@context\":\"https:\/\/schema.org\",\"@graph\":[{\"@type\":\"WebSite\",\"@id\":\"https:\/\/www.visit-ulcinj.com\/blog\/#website\",\"url\":\"https:\/\/www.visit-ulcinj.com\/blog\/\",\"name\":\"Lajme nga Ulqini\",\"description\":\"Lajme,Vijesti,Ulqini,Ulqin,Crna Gora,Mali i Zi\",\"potentialAction\":[{\"@type\":\"SearchAction\",\"target\":{\"@type\":\"EntryPoint\",\"urlTemplate\":\"https:\/\/www.visit-ulcinj.com\/blog\/?s={search_term_string}\"},\"query-input\":\"required name=search_term_string\"}],\"inLanguage\":\"en-US\"},{\"@type\":\"ImageObject\",\"inLanguage\":\"en-US\",\"@id\":\"https:\/\/www.visit-ulcinj.com\/blog\/2013\/11\/27\/udsh-urime-dita-e-flamurit\/#primaryimage\",\"url\":\"https:\/\/www.visit-ulcinj.com\/blog\/wp-content\/uploads\/2013\/11\/URIME_28nentori_UDSH_ja_ulqin.jpg\",\"contentUrl\":\"https:\/\/www.visit-ulcinj.com\/blog\/wp-content\/uploads\/2013\/11\/URIME_28nentori_UDSH_ja_ulqin.jpg\",\"width\":1300,\"height\":950},{\"@type\":\"WebPage\",\"@id\":\"https:\/\/www.visit-ulcinj.com\/blog\/2013\/11\/27\/udsh-urime-dita-e-flamurit\/#webpage\",\"url\":\"https:\/\/www.visit-ulcinj.com\/blog\/2013\/11\/27\/udsh-urime-dita-e-flamurit\/\",\"name\":\"UDSH: Urime Dita E Flamurit - Video - Lajme nga Ulqini\",\"isPartOf\":{\"@id\":\"https:\/\/www.visit-ulcinj.com\/blog\/#website\"},\"primaryImageOfPage\":{\"@id\":\"https:\/\/www.visit-ulcinj.com\/blog\/2013\/11\/27\/udsh-urime-dita-e-flamurit\/#primaryimage\"},\"datePublished\":\"2013-11-27T16:07:56+00:00\",\"dateModified\":\"2013-11-29T21:15:26+00:00\",\"author\":{\"@id\":\"https:\/\/www.visit-ulcinj.com\/blog\/#\/schema\/person\/dcab619c614d3038751c63bc2aadc06d\"},\"description\":\"UNIONI DEMOKRATIK I SHQIPTAR\u00cbVE DEMOKRATSKA UNIJA ALBANACA THE DEMOCRATIC UNION OF ALBANIANS Ulqin, m\u00eb 28 n\u00ebntor 2013 &nbsp; \u00a0\u00a0\u00a0\u00a0\u00a0\u00a0\u00a0\u00a0\u00a0\u00a0\u00a0 \u00a0 \u00a0\u00a0\u00a0\u00a0\u00a0\u00a0\u00a0\u00a0\u00a0\",\"breadcrumb\":{\"@id\":\"https:\/\/www.visit-ulcinj.com\/blog\/2013\/11\/27\/udsh-urime-dita-e-flamurit\/#breadcrumb\"},\"inLanguage\":\"en-US\",\"potentialAction\":[{\"@type\":\"ReadAction\",\"target\":[\"https:\/\/www.visit-ulcinj.com\/blog\/2013\/11\/27\/udsh-urime-dita-e-flamurit\/\"]}]},{\"@type\":\"BreadcrumbList\",\"@id\":\"https:\/\/www.visit-ulcinj.com\/blog\/2013\/11\/27\/udsh-urime-dita-e-flamurit\/#breadcrumb\",\"itemListElement\":[{\"@type\":\"ListItem\",\"position\":1,\"name\":\"UDSH: Urime Dita E Flamurit &#8211; Video\"}]},{\"@type\":\"Person\",\"@id\":\"https:\/\/www.visit-ulcinj.com\/blog\/#\/schema\/person\/dcab619c614d3038751c63bc2aadc06d\",\"name\":\"ulqini\",\"sameAs\":[\"http:\/\/www.visit-ulcinj.com\"],\"url\":\"https:\/\/www.visit-ulcinj.com\/blog\/author\/admin\/\"}]}<\/script>\n<!-- \/ Yoast SEO plugin. -->","yoast_head_json":{"title":"UDSH: Urime Dita E Flamurit - Video - Lajme nga Ulqini","description":"UNIONI DEMOKRATIK I SHQIPTAR\u00cbVE DEMOKRATSKA UNIJA ALBANACA THE DEMOCRATIC UNION OF ALBANIANS Ulqin, m\u00eb 28 n\u00ebntor 2013 &nbsp; \u00a0\u00a0\u00a0\u00a0\u00a0\u00a0\u00a0\u00a0\u00a0\u00a0\u00a0 \u00a0 \u00a0\u00a0\u00a0\u00a0\u00a0\u00a0\u00a0\u00a0\u00a0","robots":{"index":"index","follow":"follow","max-snippet":"max-snippet:-1","max-image-preview":"max-image-preview:large","max-video-preview":"max-video-preview:-1"},"canonical":"https:\/\/www.visit-ulcinj.com\/blog\/2013\/11\/27\/udsh-urime-dita-e-flamurit\/","og_locale":"en_US","og_type":"article","og_title":"UDSH: Urime Dita E Flamurit - Video - Lajme nga Ulqini","og_description":"UNIONI DEMOKRATIK I SHQIPTAR\u00cbVE DEMOKRATSKA UNIJA ALBANACA THE DEMOCRATIC UNION OF ALBANIANS Ulqin, m\u00eb 28 n\u00ebntor 2013 &nbsp; \u00a0\u00a0\u00a0\u00a0\u00a0\u00a0\u00a0\u00a0\u00a0\u00a0\u00a0 \u00a0 \u00a0\u00a0\u00a0\u00a0\u00a0\u00a0\u00a0\u00a0\u00a0","og_url":"https:\/\/www.visit-ulcinj.com\/blog\/2013\/11\/27\/udsh-urime-dita-e-flamurit\/","og_site_name":"Lajme nga Ulqini","article_published_time":"2013-11-27T16:07:56+00:00","article_modified_time":"2013-11-29T21:15:26+00:00","og_image":[{"url":"http:\/\/www.visit-ulcinj.com\/blog\/wp-content\/uploads\/2013\/11\/URIME_28nentori_UDSH_ja_ulqin.jpg"}],"twitter_misc":{"Written by":"ulqini","Est. reading time":"1 minute"},"schema":{"@context":"https:\/\/schema.org","@graph":[{"@type":"WebSite","@id":"https:\/\/www.visit-ulcinj.com\/blog\/#website","url":"https:\/\/www.visit-ulcinj.com\/blog\/","name":"Lajme nga Ulqini","description":"Lajme,Vijesti,Ulqini,Ulqin,Crna Gora,Mali i Zi","potentialAction":[{"@type":"SearchAction","target":{"@type":"EntryPoint","urlTemplate":"https:\/\/www.visit-ulcinj.com\/blog\/?s={search_term_string}"},"query-input":"required name=search_term_string"}],"inLanguage":"en-US"},{"@type":"ImageObject","inLanguage":"en-US","@id":"https:\/\/www.visit-ulcinj.com\/blog\/2013\/11\/27\/udsh-urime-dita-e-flamurit\/#primaryimage","url":"https:\/\/www.visit-ulcinj.com\/blog\/wp-content\/uploads\/2013\/11\/URIME_28nentori_UDSH_ja_ulqin.jpg","contentUrl":"https:\/\/www.visit-ulcinj.com\/blog\/wp-content\/uploads\/2013\/11\/URIME_28nentori_UDSH_ja_ulqin.jpg","width":1300,"height":950},{"@type":"WebPage","@id":"https:\/\/www.visit-ulcinj.com\/blog\/2013\/11\/27\/udsh-urime-dita-e-flamurit\/#webpage","url":"https:\/\/www.visit-ulcinj.com\/blog\/2013\/11\/27\/udsh-urime-dita-e-flamurit\/","name":"UDSH: Urime Dita E Flamurit - Video - Lajme nga Ulqini","isPartOf":{"@id":"https:\/\/www.visit-ulcinj.com\/blog\/#website"},"primaryImageOfPage":{"@id":"https:\/\/www.visit-ulcinj.com\/blog\/2013\/11\/27\/udsh-urime-dita-e-flamurit\/#primaryimage"},"datePublished":"2013-11-27T16:07:56+00:00","dateModified":"2013-11-29T21:15:26+00:00","author":{"@id":"https:\/\/www.visit-ulcinj.com\/blog\/#\/schema\/person\/dcab619c614d3038751c63bc2aadc06d"},"description":"UNIONI DEMOKRATIK I SHQIPTAR\u00cbVE DEMOKRATSKA UNIJA ALBANACA THE DEMOCRATIC UNION OF ALBANIANS Ulqin, m\u00eb 28 n\u00ebntor 2013 &nbsp; \u00a0\u00a0\u00a0\u00a0\u00a0\u00a0\u00a0\u00a0\u00a0\u00a0\u00a0 \u00a0 \u00a0\u00a0\u00a0\u00a0\u00a0\u00a0\u00a0\u00a0\u00a0","breadcrumb":{"@id":"https:\/\/www.visit-ulcinj.com\/blog\/2013\/11\/27\/udsh-urime-dita-e-flamurit\/#breadcrumb"},"inLanguage":"en-US","potentialAction":[{"@type":"ReadAction","target":["https:\/\/www.visit-ulcinj.com\/blog\/2013\/11\/27\/udsh-urime-dita-e-flamurit\/"]}]},{"@type":"BreadcrumbList","@id":"https:\/\/www.visit-ulcinj.com\/blog\/2013\/11\/27\/udsh-urime-dita-e-flamurit\/#breadcrumb","itemListElement":[{"@type":"ListItem","position":1,"name":"UDSH: Urime Dita E Flamurit &#8211; Video"}]},{"@type":"Person","@id":"https:\/\/www.visit-ulcinj.com\/blog\/#\/schema\/person\/dcab619c614d3038751c63bc2aadc06d","name":"ulqini","sameAs":["http:\/\/www.visit-ulcinj.com"],"url":"https:\/\/www.visit-ulcinj.com\/blog\/author\/admin\/"}]}},"jetpack_featured_media_url":"","jetpack_sharing_enabled":true,"jetpack_shortlink":"https:\/\/wp.me\/pe6lTn-jVT","_links":{"self":[{"href":"https:\/\/www.visit-ulcinj.com\/blog\/wp-json\/wp\/v2\/posts\/76625"}],"collection":[{"href":"https:\/\/www.visit-ulcinj.com\/blog\/wp-json\/wp\/v2\/posts"}],"about":[{"href":"https:\/\/www.visit-ulcinj.com\/blog\/wp-json\/wp\/v2\/types\/post"}],"author":[{"embeddable":true,"href":"https:\/\/www.visit-ulcinj.com\/blog\/wp-json\/wp\/v2\/users\/1"}],"replies":[{"embeddable":true,"href":"https:\/\/www.visit-ulcinj.com\/blog\/wp-json\/wp\/v2\/comments?post=76625"}],"version-history":[{"count":4,"href":"https:\/\/www.visit-ulcinj.com\/blog\/wp-json\/wp\/v2\/posts\/76625\/revisions"}],"predecessor-version":[{"id":76642,"href":"https:\/\/www.visit-ulcinj.com\/blog\/wp-json\/wp\/v2\/posts\/76625\/revisions\/76642"}],"wp:attachment":[{"href":"https:\/\/www.visit-ulcinj.com\/blog\/wp-json\/wp\/v2\/media?parent=76625"}],"wp:term":[{"taxonomy":"category","embeddable":true,"href":"https:\/\/www.visit-ulcinj.com\/blog\/wp-json\/wp\/v2\/categories?post=76625"},{"taxonomy":"post_tag","embeddable":true,"href":"https:\/\/www.visit-ulcinj.com\/blog\/wp-json\/wp\/v2\/tags?post=76625"}],"curies":[{"name":"wp","href":"https:\/\/api.w.org\/{rel}","templated":true}]}}