{"id":76632,"date":"2013-11-27T17:20:06","date_gmt":"2013-11-27T16:20:06","guid":{"rendered":"http:\/\/www.visit-ulcinj.com\/blog\/?p=76632"},"modified":"2013-11-27T17:25:55","modified_gmt":"2013-11-27T16:25:55","slug":"izjava-za-javnost-ismet-karamanage","status":"publish","type":"post","link":"https:\/\/www.visit-ulcinj.com\/blog\/2013\/11\/27\/izjava-za-javnost-ismet-karamanage\/","title":{"rendered":"Izjava za javnost Ismet Karamanage"},"content":{"rendered":"<p><a href=\"http:\/\/www.visit-ulcinj.com\/blog\/wp-content\/uploads\/2013\/11\/Stari-grad-Ulcinj-Liman.jpg\"><img loading=\"lazy\" class=\"alignleft  wp-image-76633\" alt=\"Stari grad Ulcinj-Liman\" src=\"http:\/\/www.visit-ulcinj.com\/blog\/wp-content\/uploads\/2013\/11\/Stari-grad-Ulcinj-Liman.jpg\" width=\"508\" height=\"360\" \/><\/a><strong>Stari grad Ulcinja..pogled sa Limana<\/strong><\/p>\n<p>Povodom saop\u0161tenja DF objavljenom u je\u010dera\u0161njim Vijestima a u kome se pominjem ja i NVO Dru\u0161tvo prijatelja Starog grad &#8220;Kalaja&#8221;, imam potrebu da javnost upoznam sa slede\u0107im. Kao prvo, Ismet Karamanaga je \u010dovjek koji dolazi iz civilnog sektora, koji se bavi kulturom, turizmom, istorijom i tradicijom ovog grada, i na kraju, za\u0161titom dragulja jednog od najstarijih gradova na Jadranu. Pozivanje da iz Dru\u0161tva &#8220;izbacimo&#8221; na\u0161eg po\u010dasnog \u010dlana krajnje je cini\u010dno, jer kao \u0161to nam govori i samo ime NVO, mi smo tu svi prijatelji Starog grada. Tako\u0111e, zabrinjava da gospoda iz Demokratskog Fronta zloupotrebljavaju moju izjavu koja je data radi smirivanja tenzija nastalih nemilim incidentom u Republi\u010dkoj Skup\u0161tini, posebno ako znamo da niko i nikad od njih nije pomenuo Stari grad, a kamoli se zalo\u017eio da se neke stvari u njemu dovedu u red. Dakle, investiranje, restauraciju i revitalizaciju Starog grada, kao \u0161to je to ra\u0111eno u &#8220;Stare&#8221; gradove Kotora ili Budve.<\/p>\n<p>Podsje\u0107am da su skoro svi oni, koji sada \u010dine DF, i ranije bili tu gdje jesu, i u politici i u parlamentu. Premijer je, za razliku od njih, dao punu podr\u0161ku na\u0161em putu ka UNESCO-u, ali su gospoda iz na\u0161e Op\u0161tine nedovoljno uradili da se ta na\u0161a ideja realizuje. Dalji su mi u lokalnom Parlamentu mogu\u0107nost, da samo za pet minuta obrazlo\u017eim tu ideju, ali sam imao utisak da polovina od njih nije ni znala, niti razuijela o \u010demu pri\u010dam. Ona druga polovina nije ni mrdnula prstom , da ne\u0161to uradi, kako bi se ta ideja realizovala.<\/p>\n<p>Moj Projekat, napisan i predat nadle\u017enim slu\u017ebama o dodijeli sredstava za pripreme za konkurisanje za UNESCO je odbijen, pod motivacijom da nije bio dovoljno dobro napisan. Re\u0107i bilo kome tako ne\u0161to je krajnje nekulturno, dok re\u0107i to \u010dovjeku koji govori i pi\u0161e na puno jezika, je krajnje neukusno i cini\u010dno, posebno kada to dolazi od polupismenih ljudi.<br \/>\nNa kraju molim gospodu iz DF da u budu\u0107im saop\u0161tenjima a sve to u svrsi predizborne kampanje ne zloupotrebljavate moje, i ime Dru\u0161tva prijatelja Starog grada &#8220;Kalaja&#8221; , tim vi\u0161e \u0161to u na\u0161im redovima ima puno \u010dlanova koji su i iz DF, i iz drugih politi\u010dkih partija. Ja nijesam politi\u010dar niti se na\u0161e Udru\u017eenje bavi politikom. Ukoliko ho\u0107ete da nam pomognete da budemo konkurentniji na putu ka UNESCO-u, vrata su vam \u0161irom otvorena. Rado \u0107emo i sa zahvalno\u0161\u0107u prihvatiti va\u0161u pomo\u0107. Stari grad Ulcinja je svojina i bogatstvo sviju nas, dok mi samo u njemu \u017eivimo&#8230;<\/p>\n<p><strong><a id=\"js_26\" href=\"https:\/\/www.facebook.com\/ismet.karamanaga\" data-hovercard=\"\/ajax\/hovercard\/user.php?id=1359492972\">Ismet Karamanaga Facebook<\/a><\/strong><\/p>\n","protected":false},"excerpt":{"rendered":"<p>Stari grad Ulcinja..pogled sa Limana Povodom saop\u0161tenja DF objavljenom u je\u010dera\u0161njim Vijestima a u kome se pominjem ja i NVO Dru\u0161tvo prijatelja Starog grad &#8220;Kalaja&#8221;, imam potrebu da javnost upoznam sa slede\u0107im. Kao prvo, Ismet Karamanaga je \u010dovjek koji dolazi iz civilnog sektora, koji se bavi kulturom, turizmom, istorijom i tradicijom ovog grada, i na [&hellip;]<\/p>\n","protected":false},"author":1,"featured_media":0,"comment_status":"closed","ping_status":"closed","sticky":false,"template":"","format":"standard","meta":{"spay_email":"","jetpack_publicize_message":"","jetpack_is_tweetstorm":false,"jetpack_publicize_feature_enabled":true},"categories":[8337],"tags":[],"jetpack_publicize_connections":[],"yoast_head":"<!-- This site is optimized with the Yoast SEO plugin v19.1 - https:\/\/yoast.com\/wordpress\/plugins\/seo\/ -->\n<title>Izjava za javnost Ismet Karamanage - Lajme nga Ulqini<\/title>\n<meta name=\"description\" content=\"Stari grad Ulcinja..pogled sa Limana Povodom saop\u0161tenja DF objavljenom u je\u010dera\u0161njim Vijestima a u kome se pominjem ja i NVO Dru\u0161tvo prijatelja Starog\" \/>\n<meta name=\"robots\" content=\"index, follow, max-snippet:-1, max-image-preview:large, max-video-preview:-1\" \/>\n<link rel=\"canonical\" href=\"https:\/\/www.visit-ulcinj.com\/blog\/2013\/11\/27\/izjava-za-javnost-ismet-karamanage\/\" \/>\n<meta property=\"og:locale\" content=\"en_US\" \/>\n<meta property=\"og:type\" content=\"article\" \/>\n<meta property=\"og:title\" content=\"Izjava za javnost Ismet Karamanage - Lajme nga Ulqini\" \/>\n<meta property=\"og:description\" content=\"Stari grad Ulcinja..pogled sa Limana Povodom saop\u0161tenja DF objavljenom u je\u010dera\u0161njim Vijestima a u kome se pominjem ja i NVO Dru\u0161tvo prijatelja Starog\" \/>\n<meta property=\"og:url\" content=\"https:\/\/www.visit-ulcinj.com\/blog\/2013\/11\/27\/izjava-za-javnost-ismet-karamanage\/\" \/>\n<meta property=\"og:site_name\" content=\"Lajme nga Ulqini\" \/>\n<meta property=\"article:published_time\" content=\"2013-11-27T16:20:06+00:00\" \/>\n<meta property=\"article:modified_time\" content=\"2013-11-27T16:25:55+00:00\" \/>\n<meta property=\"og:image\" content=\"http:\/\/www.visit-ulcinj.com\/blog\/wp-content\/uploads\/2013\/11\/Stari-grad-Ulcinj-Liman.jpg\" \/>\n<meta name=\"twitter:label1\" content=\"Written by\" \/>\n\t<meta name=\"twitter:data1\" content=\"ulqini\" \/>\n\t<meta name=\"twitter:label2\" content=\"Est. reading time\" \/>\n\t<meta name=\"twitter:data2\" content=\"2 minutes\" \/>\n<script type=\"application\/ld+json\" class=\"yoast-schema-graph\">{\"@context\":\"https:\/\/schema.org\",\"@graph\":[{\"@type\":\"WebSite\",\"@id\":\"https:\/\/www.visit-ulcinj.com\/blog\/#website\",\"url\":\"https:\/\/www.visit-ulcinj.com\/blog\/\",\"name\":\"Lajme nga Ulqini\",\"description\":\"Lajme,Vijesti,Ulqini,Ulqin,Crna Gora,Mali i Zi\",\"potentialAction\":[{\"@type\":\"SearchAction\",\"target\":{\"@type\":\"EntryPoint\",\"urlTemplate\":\"https:\/\/www.visit-ulcinj.com\/blog\/?s={search_term_string}\"},\"query-input\":\"required name=search_term_string\"}],\"inLanguage\":\"en-US\"},{\"@type\":\"ImageObject\",\"inLanguage\":\"en-US\",\"@id\":\"https:\/\/www.visit-ulcinj.com\/blog\/2013\/11\/27\/izjava-za-javnost-ismet-karamanage\/#primaryimage\",\"url\":\"https:\/\/www.visit-ulcinj.com\/blog\/wp-content\/uploads\/2013\/11\/Stari-grad-Ulcinj-Liman.jpg\",\"contentUrl\":\"https:\/\/www.visit-ulcinj.com\/blog\/wp-content\/uploads\/2013\/11\/Stari-grad-Ulcinj-Liman.jpg\",\"width\":960,\"height\":720},{\"@type\":\"WebPage\",\"@id\":\"https:\/\/www.visit-ulcinj.com\/blog\/2013\/11\/27\/izjava-za-javnost-ismet-karamanage\/#webpage\",\"url\":\"https:\/\/www.visit-ulcinj.com\/blog\/2013\/11\/27\/izjava-za-javnost-ismet-karamanage\/\",\"name\":\"Izjava za javnost Ismet Karamanage - Lajme nga Ulqini\",\"isPartOf\":{\"@id\":\"https:\/\/www.visit-ulcinj.com\/blog\/#website\"},\"primaryImageOfPage\":{\"@id\":\"https:\/\/www.visit-ulcinj.com\/blog\/2013\/11\/27\/izjava-za-javnost-ismet-karamanage\/#primaryimage\"},\"datePublished\":\"2013-11-27T16:20:06+00:00\",\"dateModified\":\"2013-11-27T16:25:55+00:00\",\"author\":{\"@id\":\"https:\/\/www.visit-ulcinj.com\/blog\/#\/schema\/person\/dcab619c614d3038751c63bc2aadc06d\"},\"description\":\"Stari grad Ulcinja..pogled sa Limana Povodom saop\u0161tenja DF objavljenom u je\u010dera\u0161njim Vijestima a u kome se pominjem ja i NVO Dru\u0161tvo prijatelja Starog\",\"breadcrumb\":{\"@id\":\"https:\/\/www.visit-ulcinj.com\/blog\/2013\/11\/27\/izjava-za-javnost-ismet-karamanage\/#breadcrumb\"},\"inLanguage\":\"en-US\",\"potentialAction\":[{\"@type\":\"ReadAction\",\"target\":[\"https:\/\/www.visit-ulcinj.com\/blog\/2013\/11\/27\/izjava-za-javnost-ismet-karamanage\/\"]}]},{\"@type\":\"BreadcrumbList\",\"@id\":\"https:\/\/www.visit-ulcinj.com\/blog\/2013\/11\/27\/izjava-za-javnost-ismet-karamanage\/#breadcrumb\",\"itemListElement\":[{\"@type\":\"ListItem\",\"position\":1,\"name\":\"Izjava za javnost Ismet Karamanage\"}]},{\"@type\":\"Person\",\"@id\":\"https:\/\/www.visit-ulcinj.com\/blog\/#\/schema\/person\/dcab619c614d3038751c63bc2aadc06d\",\"name\":\"ulqini\",\"sameAs\":[\"http:\/\/www.visit-ulcinj.com\"],\"url\":\"https:\/\/www.visit-ulcinj.com\/blog\/author\/admin\/\"}]}<\/script>\n<!-- \/ Yoast SEO plugin. -->","yoast_head_json":{"title":"Izjava za javnost Ismet Karamanage - Lajme nga Ulqini","description":"Stari grad Ulcinja..pogled sa Limana Povodom saop\u0161tenja DF objavljenom u je\u010dera\u0161njim Vijestima a u kome se pominjem ja i NVO Dru\u0161tvo prijatelja Starog","robots":{"index":"index","follow":"follow","max-snippet":"max-snippet:-1","max-image-preview":"max-image-preview:large","max-video-preview":"max-video-preview:-1"},"canonical":"https:\/\/www.visit-ulcinj.com\/blog\/2013\/11\/27\/izjava-za-javnost-ismet-karamanage\/","og_locale":"en_US","og_type":"article","og_title":"Izjava za javnost Ismet Karamanage - Lajme nga Ulqini","og_description":"Stari grad Ulcinja..pogled sa Limana Povodom saop\u0161tenja DF objavljenom u je\u010dera\u0161njim Vijestima a u kome se pominjem ja i NVO Dru\u0161tvo prijatelja Starog","og_url":"https:\/\/www.visit-ulcinj.com\/blog\/2013\/11\/27\/izjava-za-javnost-ismet-karamanage\/","og_site_name":"Lajme nga Ulqini","article_published_time":"2013-11-27T16:20:06+00:00","article_modified_time":"2013-11-27T16:25:55+00:00","og_image":[{"url":"http:\/\/www.visit-ulcinj.com\/blog\/wp-content\/uploads\/2013\/11\/Stari-grad-Ulcinj-Liman.jpg"}],"twitter_misc":{"Written by":"ulqini","Est. reading time":"2 minutes"},"schema":{"@context":"https:\/\/schema.org","@graph":[{"@type":"WebSite","@id":"https:\/\/www.visit-ulcinj.com\/blog\/#website","url":"https:\/\/www.visit-ulcinj.com\/blog\/","name":"Lajme nga Ulqini","description":"Lajme,Vijesti,Ulqini,Ulqin,Crna Gora,Mali i Zi","potentialAction":[{"@type":"SearchAction","target":{"@type":"EntryPoint","urlTemplate":"https:\/\/www.visit-ulcinj.com\/blog\/?s={search_term_string}"},"query-input":"required name=search_term_string"}],"inLanguage":"en-US"},{"@type":"ImageObject","inLanguage":"en-US","@id":"https:\/\/www.visit-ulcinj.com\/blog\/2013\/11\/27\/izjava-za-javnost-ismet-karamanage\/#primaryimage","url":"https:\/\/www.visit-ulcinj.com\/blog\/wp-content\/uploads\/2013\/11\/Stari-grad-Ulcinj-Liman.jpg","contentUrl":"https:\/\/www.visit-ulcinj.com\/blog\/wp-content\/uploads\/2013\/11\/Stari-grad-Ulcinj-Liman.jpg","width":960,"height":720},{"@type":"WebPage","@id":"https:\/\/www.visit-ulcinj.com\/blog\/2013\/11\/27\/izjava-za-javnost-ismet-karamanage\/#webpage","url":"https:\/\/www.visit-ulcinj.com\/blog\/2013\/11\/27\/izjava-za-javnost-ismet-karamanage\/","name":"Izjava za javnost Ismet Karamanage - Lajme nga Ulqini","isPartOf":{"@id":"https:\/\/www.visit-ulcinj.com\/blog\/#website"},"primaryImageOfPage":{"@id":"https:\/\/www.visit-ulcinj.com\/blog\/2013\/11\/27\/izjava-za-javnost-ismet-karamanage\/#primaryimage"},"datePublished":"2013-11-27T16:20:06+00:00","dateModified":"2013-11-27T16:25:55+00:00","author":{"@id":"https:\/\/www.visit-ulcinj.com\/blog\/#\/schema\/person\/dcab619c614d3038751c63bc2aadc06d"},"description":"Stari grad Ulcinja..pogled sa Limana Povodom saop\u0161tenja DF objavljenom u je\u010dera\u0161njim Vijestima a u kome se pominjem ja i NVO Dru\u0161tvo prijatelja Starog","breadcrumb":{"@id":"https:\/\/www.visit-ulcinj.com\/blog\/2013\/11\/27\/izjava-za-javnost-ismet-karamanage\/#breadcrumb"},"inLanguage":"en-US","potentialAction":[{"@type":"ReadAction","target":["https:\/\/www.visit-ulcinj.com\/blog\/2013\/11\/27\/izjava-za-javnost-ismet-karamanage\/"]}]},{"@type":"BreadcrumbList","@id":"https:\/\/www.visit-ulcinj.com\/blog\/2013\/11\/27\/izjava-za-javnost-ismet-karamanage\/#breadcrumb","itemListElement":[{"@type":"ListItem","position":1,"name":"Izjava za javnost Ismet Karamanage"}]},{"@type":"Person","@id":"https:\/\/www.visit-ulcinj.com\/blog\/#\/schema\/person\/dcab619c614d3038751c63bc2aadc06d","name":"ulqini","sameAs":["http:\/\/www.visit-ulcinj.com"],"url":"https:\/\/www.visit-ulcinj.com\/blog\/author\/admin\/"}]}},"jetpack_featured_media_url":"","jetpack_sharing_enabled":true,"jetpack_shortlink":"https:\/\/wp.me\/pe6lTn-jW0","_links":{"self":[{"href":"https:\/\/www.visit-ulcinj.com\/blog\/wp-json\/wp\/v2\/posts\/76632"}],"collection":[{"href":"https:\/\/www.visit-ulcinj.com\/blog\/wp-json\/wp\/v2\/posts"}],"about":[{"href":"https:\/\/www.visit-ulcinj.com\/blog\/wp-json\/wp\/v2\/types\/post"}],"author":[{"embeddable":true,"href":"https:\/\/www.visit-ulcinj.com\/blog\/wp-json\/wp\/v2\/users\/1"}],"replies":[{"embeddable":true,"href":"https:\/\/www.visit-ulcinj.com\/blog\/wp-json\/wp\/v2\/comments?post=76632"}],"version-history":[{"count":5,"href":"https:\/\/www.visit-ulcinj.com\/blog\/wp-json\/wp\/v2\/posts\/76632\/revisions"}],"predecessor-version":[{"id":76638,"href":"https:\/\/www.visit-ulcinj.com\/blog\/wp-json\/wp\/v2\/posts\/76632\/revisions\/76638"}],"wp:attachment":[{"href":"https:\/\/www.visit-ulcinj.com\/blog\/wp-json\/wp\/v2\/media?parent=76632"}],"wp:term":[{"taxonomy":"category","embeddable":true,"href":"https:\/\/www.visit-ulcinj.com\/blog\/wp-json\/wp\/v2\/categories?post=76632"},{"taxonomy":"post_tag","embeddable":true,"href":"https:\/\/www.visit-ulcinj.com\/blog\/wp-json\/wp\/v2\/tags?post=76632"}],"curies":[{"name":"wp","href":"https:\/\/api.w.org\/{rel}","templated":true}]}}