{"id":7664,"date":"2008-12-25T15:32:14","date_gmt":"2008-12-25T14:32:14","guid":{"rendered":"http:\/\/www.visit-ulcinj.com\/blog\/?p=7664"},"modified":"2008-12-25T15:35:37","modified_gmt":"2008-12-25T14:35:37","slug":"shqiperia-e-ka-deren-hapur-per-shqiptaret-ne-mal-te-zi","status":"publish","type":"post","link":"https:\/\/www.visit-ulcinj.com\/blog\/2008\/12\/25\/shqiperia-e-ka-deren-hapur-per-shqiptaret-ne-mal-te-zi\/","title":{"rendered":"Shqip\u00ebria e ka der\u00ebn hapur p\u00ebr shqiptar\u00ebt n\u00eb Mal t\u00eb Zi"},"content":{"rendered":"<p><strong><a title=\"fatos beja\" href=\"http:\/\/www.visit-ulcinj.com\/blog\/wp-content\/uploads\/2008\/12\/fatos-beja.jpg\" target=\"_self\"><img loading=\"lazy\" class=\"alignleft size-full wp-image-7665\" title=\"fatos-beja\" src=\"http:\/\/www.visit-ulcinj.com\/blog\/wp-content\/uploads\/2008\/12\/fatos-beja.jpg\" alt=\"fatos-beja\" width=\"274\" height=\"424\" \/><\/a>Ministri i arsimit dhe shkenc\u00ebs i republik\u00ebs s\u00eb Shqip\u00ebris\u00eb, Fatos Beja, u takua me kryetarin e komun\u00ebs s\u00eb ulqinit, G\u00ebzim Hajdinaga<\/strong><br \/>\nUlqin &#8211; &#8220;Asnj\u00eb student shqiptar n\u00eb Mal t\u00eb Zi nuk ka mbetur pa u regjistruar k\u00ebt\u00eb vit akademik n\u00eb universitetet e Shqip\u00ebris\u00eb&#8221;, kan\u00eb vler\u00ebsuar ministri i Arsimit dhe Shkenc\u00ebs i Republik\u00ebs s\u00eb Shqip\u00ebris\u00eb, Fatos Beja, dhe kryetari i Komun\u00ebs s\u00eb Ulqinit, G\u00ebzim Hajdinaga, n\u00eb takimin q\u00eb zhvilluan t\u00eb mart\u00ebn.<br \/>\nMinistri shqiptar i Arsimit ka th\u00ebn\u00eb se Qeveria shqiptare e ka pasur gjithmon\u00eb objektiv t\u00eb saj q\u00eb ta mbaj\u00eb hapur der\u00ebn dhe ta forcoj\u00eb bashk\u00ebpunimin.<br \/>\n&#8220;Ne jemi t\u00eb prirur p\u00ebr t\u00eb forcuar bashk\u00ebpunimin n\u00eb m\u00ebnyr\u00eb q\u00eb shqiptar\u00ebt kudo q\u00eb jan\u00eb t\u00eb jen\u00eb t\u00eb kualifikuar n\u00eb m\u00ebnyr\u00eb t\u00eb lart\u00eb&#8221;, ka th\u00ebn\u00eb ministri Beja.<br \/>\nKryetari i Komun\u00ebs s\u00eb Ulqinit, G\u00ebzim Hajdinaga, ka th\u00ebn\u00eb se ka fal\u00ebnderuar &#8220;n\u00eb em\u00ebr t\u00eb t\u00eb gjith\u00eb shqiptar\u00ebve n\u00eb Mal t\u00eb Zi at\u00eb q\u00eb Qeveria e Shqip\u00ebris\u00eb ka b\u00ebr\u00eb dhe vazhdon ta b\u00ebj\u00eb p\u00ebr regjistrimin e student\u00ebve shqiptar\u00eb n\u00eb universitetet e Shqip\u00ebris\u00eb&#8221;.<br \/>\nAi ka shtuar se edhe ky takim &#8220;tregon qart\u00eb se shqiptar\u00ebt n\u00eb Mal t\u00eb Zi, e sidomos Ulqini n\u00eb ve\u00e7anti, \u00ebsht\u00eb ura kryesore e komunkimit nd\u00ebrmjet dy shteteve.&#8221;<br \/>\n<strong>I.Kallaba<br \/>\nKoha Javore<\/strong><\/p>\n","protected":false},"excerpt":{"rendered":"<p>Ministri i arsimit dhe shkenc\u00ebs i republik\u00ebs s\u00eb Shqip\u00ebris\u00eb, Fatos Beja, u takua me kryetarin e komun\u00ebs s\u00eb ulqinit, G\u00ebzim Hajdinaga Ulqin &#8211; &#8220;Asnj\u00eb student shqiptar n\u00eb Mal t\u00eb Zi nuk ka mbetur pa u regjistruar k\u00ebt\u00eb vit akademik n\u00eb universitetet e Shqip\u00ebris\u00eb&#8221;, kan\u00eb vler\u00ebsuar ministri i Arsimit dhe Shkenc\u00ebs i Republik\u00ebs s\u00eb Shqip\u00ebris\u00eb, Fatos [&hellip;]<\/p>\n","protected":false},"author":1,"featured_media":0,"comment_status":"open","ping_status":"closed","sticky":false,"template":"","format":"standard","meta":{"spay_email":"","jetpack_publicize_message":"","jetpack_is_tweetstorm":false,"jetpack_publicize_feature_enabled":true},"categories":[4],"tags":[5372,3095,5376,95,5375,200,18],"jetpack_publicize_connections":[],"yoast_head":"<!-- This site is optimized with the Yoast SEO plugin v19.1 - https:\/\/yoast.com\/wordpress\/plugins\/seo\/ -->\n<title>Shqip\u00ebria e ka der\u00ebn hapur p\u00ebr shqiptar\u00ebt n\u00eb Mal t\u00eb Zi - Lajme nga Ulqini<\/title>\n<meta name=\"description\" content=\"Ministri i arsimit dhe shkenc\u00ebs i republik\u00ebs s\u00eb Shqip\u00ebris\u00eb, Fatos Beja, u takua me kryetarin e komun\u00ebs s\u00eb ulqinit, G\u00ebzim Hajdinaga Ulqin - &quot;Asnj\u00eb student\" \/>\n<meta name=\"robots\" content=\"index, follow, max-snippet:-1, max-image-preview:large, max-video-preview:-1\" \/>\n<link rel=\"canonical\" href=\"https:\/\/www.visit-ulcinj.com\/blog\/2008\/12\/25\/shqiperia-e-ka-deren-hapur-per-shqiptaret-ne-mal-te-zi\/\" \/>\n<meta property=\"og:locale\" content=\"en_US\" \/>\n<meta property=\"og:type\" content=\"article\" \/>\n<meta property=\"og:title\" content=\"Shqip\u00ebria e ka der\u00ebn hapur p\u00ebr shqiptar\u00ebt n\u00eb Mal t\u00eb Zi - Lajme nga Ulqini\" \/>\n<meta property=\"og:description\" content=\"Ministri i arsimit dhe shkenc\u00ebs i republik\u00ebs s\u00eb Shqip\u00ebris\u00eb, Fatos Beja, u takua me kryetarin e komun\u00ebs s\u00eb ulqinit, G\u00ebzim Hajdinaga Ulqin - &quot;Asnj\u00eb student\" \/>\n<meta property=\"og:url\" content=\"https:\/\/www.visit-ulcinj.com\/blog\/2008\/12\/25\/shqiperia-e-ka-deren-hapur-per-shqiptaret-ne-mal-te-zi\/\" \/>\n<meta property=\"og:site_name\" content=\"Lajme nga Ulqini\" \/>\n<meta property=\"article:published_time\" content=\"2008-12-25T14:32:14+00:00\" \/>\n<meta property=\"article:modified_time\" content=\"2008-12-25T14:35:37+00:00\" \/>\n<meta property=\"og:image\" content=\"http:\/\/www.visit-ulcinj.com\/blog\/wp-content\/uploads\/2008\/12\/fatos-beja.jpg\" \/>\n<meta name=\"twitter:label1\" content=\"Written by\" \/>\n\t<meta name=\"twitter:data1\" content=\"ulqini\" \/>\n\t<meta name=\"twitter:label2\" content=\"Est. reading time\" \/>\n\t<meta name=\"twitter:data2\" content=\"1 minute\" \/>\n<script type=\"application\/ld+json\" class=\"yoast-schema-graph\">{\"@context\":\"https:\/\/schema.org\",\"@graph\":[{\"@type\":\"WebSite\",\"@id\":\"https:\/\/www.visit-ulcinj.com\/blog\/#website\",\"url\":\"https:\/\/www.visit-ulcinj.com\/blog\/\",\"name\":\"Lajme nga Ulqini\",\"description\":\"Lajme,Vijesti,Ulqini,Ulqin,Crna Gora,Mali i Zi\",\"potentialAction\":[{\"@type\":\"SearchAction\",\"target\":{\"@type\":\"EntryPoint\",\"urlTemplate\":\"https:\/\/www.visit-ulcinj.com\/blog\/?s={search_term_string}\"},\"query-input\":\"required name=search_term_string\"}],\"inLanguage\":\"en-US\"},{\"@type\":\"ImageObject\",\"inLanguage\":\"en-US\",\"@id\":\"https:\/\/www.visit-ulcinj.com\/blog\/2008\/12\/25\/shqiperia-e-ka-deren-hapur-per-shqiptaret-ne-mal-te-zi\/#primaryimage\",\"url\":\"https:\/\/www.visit-ulcinj.com\/blog\/wp-content\/uploads\/2008\/12\/fatos-beja.jpg\",\"contentUrl\":\"https:\/\/www.visit-ulcinj.com\/blog\/wp-content\/uploads\/2008\/12\/fatos-beja.jpg\"},{\"@type\":\"WebPage\",\"@id\":\"https:\/\/www.visit-ulcinj.com\/blog\/2008\/12\/25\/shqiperia-e-ka-deren-hapur-per-shqiptaret-ne-mal-te-zi\/#webpage\",\"url\":\"https:\/\/www.visit-ulcinj.com\/blog\/2008\/12\/25\/shqiperia-e-ka-deren-hapur-per-shqiptaret-ne-mal-te-zi\/\",\"name\":\"Shqip\u00ebria e ka der\u00ebn hapur p\u00ebr shqiptar\u00ebt n\u00eb Mal t\u00eb Zi - Lajme nga Ulqini\",\"isPartOf\":{\"@id\":\"https:\/\/www.visit-ulcinj.com\/blog\/#website\"},\"primaryImageOfPage\":{\"@id\":\"https:\/\/www.visit-ulcinj.com\/blog\/2008\/12\/25\/shqiperia-e-ka-deren-hapur-per-shqiptaret-ne-mal-te-zi\/#primaryimage\"},\"datePublished\":\"2008-12-25T14:32:14+00:00\",\"dateModified\":\"2008-12-25T14:35:37+00:00\",\"author\":{\"@id\":\"https:\/\/www.visit-ulcinj.com\/blog\/#\/schema\/person\/dcab619c614d3038751c63bc2aadc06d\"},\"description\":\"Ministri i arsimit dhe shkenc\u00ebs i republik\u00ebs s\u00eb Shqip\u00ebris\u00eb, Fatos Beja, u takua me kryetarin e komun\u00ebs s\u00eb ulqinit, G\u00ebzim Hajdinaga Ulqin - \\\"Asnj\u00eb student\",\"breadcrumb\":{\"@id\":\"https:\/\/www.visit-ulcinj.com\/blog\/2008\/12\/25\/shqiperia-e-ka-deren-hapur-per-shqiptaret-ne-mal-te-zi\/#breadcrumb\"},\"inLanguage\":\"en-US\",\"potentialAction\":[{\"@type\":\"ReadAction\",\"target\":[\"https:\/\/www.visit-ulcinj.com\/blog\/2008\/12\/25\/shqiperia-e-ka-deren-hapur-per-shqiptaret-ne-mal-te-zi\/\"]}]},{\"@type\":\"BreadcrumbList\",\"@id\":\"https:\/\/www.visit-ulcinj.com\/blog\/2008\/12\/25\/shqiperia-e-ka-deren-hapur-per-shqiptaret-ne-mal-te-zi\/#breadcrumb\",\"itemListElement\":[{\"@type\":\"ListItem\",\"position\":1,\"name\":\"Shqip\u00ebria e ka der\u00ebn hapur p\u00ebr shqiptar\u00ebt n\u00eb Mal t\u00eb Zi\"}]},{\"@type\":\"Person\",\"@id\":\"https:\/\/www.visit-ulcinj.com\/blog\/#\/schema\/person\/dcab619c614d3038751c63bc2aadc06d\",\"name\":\"ulqini\",\"sameAs\":[\"http:\/\/www.visit-ulcinj.com\"],\"url\":\"https:\/\/www.visit-ulcinj.com\/blog\/author\/admin\/\"}]}<\/script>\n<!-- \/ Yoast SEO plugin. -->","yoast_head_json":{"title":"Shqip\u00ebria e ka der\u00ebn hapur p\u00ebr shqiptar\u00ebt n\u00eb Mal t\u00eb Zi - Lajme nga Ulqini","description":"Ministri i arsimit dhe shkenc\u00ebs i republik\u00ebs s\u00eb Shqip\u00ebris\u00eb, Fatos Beja, u takua me kryetarin e komun\u00ebs s\u00eb ulqinit, G\u00ebzim Hajdinaga Ulqin - \"Asnj\u00eb student","robots":{"index":"index","follow":"follow","max-snippet":"max-snippet:-1","max-image-preview":"max-image-preview:large","max-video-preview":"max-video-preview:-1"},"canonical":"https:\/\/www.visit-ulcinj.com\/blog\/2008\/12\/25\/shqiperia-e-ka-deren-hapur-per-shqiptaret-ne-mal-te-zi\/","og_locale":"en_US","og_type":"article","og_title":"Shqip\u00ebria e ka der\u00ebn hapur p\u00ebr shqiptar\u00ebt n\u00eb Mal t\u00eb Zi - Lajme nga Ulqini","og_description":"Ministri i arsimit dhe shkenc\u00ebs i republik\u00ebs s\u00eb Shqip\u00ebris\u00eb, Fatos Beja, u takua me kryetarin e komun\u00ebs s\u00eb ulqinit, G\u00ebzim Hajdinaga Ulqin - \"Asnj\u00eb student","og_url":"https:\/\/www.visit-ulcinj.com\/blog\/2008\/12\/25\/shqiperia-e-ka-deren-hapur-per-shqiptaret-ne-mal-te-zi\/","og_site_name":"Lajme nga Ulqini","article_published_time":"2008-12-25T14:32:14+00:00","article_modified_time":"2008-12-25T14:35:37+00:00","og_image":[{"url":"http:\/\/www.visit-ulcinj.com\/blog\/wp-content\/uploads\/2008\/12\/fatos-beja.jpg"}],"twitter_misc":{"Written by":"ulqini","Est. reading time":"1 minute"},"schema":{"@context":"https:\/\/schema.org","@graph":[{"@type":"WebSite","@id":"https:\/\/www.visit-ulcinj.com\/blog\/#website","url":"https:\/\/www.visit-ulcinj.com\/blog\/","name":"Lajme nga Ulqini","description":"Lajme,Vijesti,Ulqini,Ulqin,Crna Gora,Mali i Zi","potentialAction":[{"@type":"SearchAction","target":{"@type":"EntryPoint","urlTemplate":"https:\/\/www.visit-ulcinj.com\/blog\/?s={search_term_string}"},"query-input":"required name=search_term_string"}],"inLanguage":"en-US"},{"@type":"ImageObject","inLanguage":"en-US","@id":"https:\/\/www.visit-ulcinj.com\/blog\/2008\/12\/25\/shqiperia-e-ka-deren-hapur-per-shqiptaret-ne-mal-te-zi\/#primaryimage","url":"https:\/\/www.visit-ulcinj.com\/blog\/wp-content\/uploads\/2008\/12\/fatos-beja.jpg","contentUrl":"https:\/\/www.visit-ulcinj.com\/blog\/wp-content\/uploads\/2008\/12\/fatos-beja.jpg"},{"@type":"WebPage","@id":"https:\/\/www.visit-ulcinj.com\/blog\/2008\/12\/25\/shqiperia-e-ka-deren-hapur-per-shqiptaret-ne-mal-te-zi\/#webpage","url":"https:\/\/www.visit-ulcinj.com\/blog\/2008\/12\/25\/shqiperia-e-ka-deren-hapur-per-shqiptaret-ne-mal-te-zi\/","name":"Shqip\u00ebria e ka der\u00ebn hapur p\u00ebr shqiptar\u00ebt n\u00eb Mal t\u00eb Zi - Lajme nga Ulqini","isPartOf":{"@id":"https:\/\/www.visit-ulcinj.com\/blog\/#website"},"primaryImageOfPage":{"@id":"https:\/\/www.visit-ulcinj.com\/blog\/2008\/12\/25\/shqiperia-e-ka-deren-hapur-per-shqiptaret-ne-mal-te-zi\/#primaryimage"},"datePublished":"2008-12-25T14:32:14+00:00","dateModified":"2008-12-25T14:35:37+00:00","author":{"@id":"https:\/\/www.visit-ulcinj.com\/blog\/#\/schema\/person\/dcab619c614d3038751c63bc2aadc06d"},"description":"Ministri i arsimit dhe shkenc\u00ebs i republik\u00ebs s\u00eb Shqip\u00ebris\u00eb, Fatos Beja, u takua me kryetarin e komun\u00ebs s\u00eb ulqinit, G\u00ebzim Hajdinaga Ulqin - \"Asnj\u00eb student","breadcrumb":{"@id":"https:\/\/www.visit-ulcinj.com\/blog\/2008\/12\/25\/shqiperia-e-ka-deren-hapur-per-shqiptaret-ne-mal-te-zi\/#breadcrumb"},"inLanguage":"en-US","potentialAction":[{"@type":"ReadAction","target":["https:\/\/www.visit-ulcinj.com\/blog\/2008\/12\/25\/shqiperia-e-ka-deren-hapur-per-shqiptaret-ne-mal-te-zi\/"]}]},{"@type":"BreadcrumbList","@id":"https:\/\/www.visit-ulcinj.com\/blog\/2008\/12\/25\/shqiperia-e-ka-deren-hapur-per-shqiptaret-ne-mal-te-zi\/#breadcrumb","itemListElement":[{"@type":"ListItem","position":1,"name":"Shqip\u00ebria e ka der\u00ebn hapur p\u00ebr shqiptar\u00ebt n\u00eb Mal t\u00eb Zi"}]},{"@type":"Person","@id":"https:\/\/www.visit-ulcinj.com\/blog\/#\/schema\/person\/dcab619c614d3038751c63bc2aadc06d","name":"ulqini","sameAs":["http:\/\/www.visit-ulcinj.com"],"url":"https:\/\/www.visit-ulcinj.com\/blog\/author\/admin\/"}]}},"jetpack_featured_media_url":"","jetpack_sharing_enabled":true,"jetpack_shortlink":"https:\/\/wp.me\/pe6lTn-1ZC","_links":{"self":[{"href":"https:\/\/www.visit-ulcinj.com\/blog\/wp-json\/wp\/v2\/posts\/7664"}],"collection":[{"href":"https:\/\/www.visit-ulcinj.com\/blog\/wp-json\/wp\/v2\/posts"}],"about":[{"href":"https:\/\/www.visit-ulcinj.com\/blog\/wp-json\/wp\/v2\/types\/post"}],"author":[{"embeddable":true,"href":"https:\/\/www.visit-ulcinj.com\/blog\/wp-json\/wp\/v2\/users\/1"}],"replies":[{"embeddable":true,"href":"https:\/\/www.visit-ulcinj.com\/blog\/wp-json\/wp\/v2\/comments?post=7664"}],"version-history":[{"count":0,"href":"https:\/\/www.visit-ulcinj.com\/blog\/wp-json\/wp\/v2\/posts\/7664\/revisions"}],"wp:attachment":[{"href":"https:\/\/www.visit-ulcinj.com\/blog\/wp-json\/wp\/v2\/media?parent=7664"}],"wp:term":[{"taxonomy":"category","embeddable":true,"href":"https:\/\/www.visit-ulcinj.com\/blog\/wp-json\/wp\/v2\/categories?post=7664"},{"taxonomy":"post_tag","embeddable":true,"href":"https:\/\/www.visit-ulcinj.com\/blog\/wp-json\/wp\/v2\/tags?post=7664"}],"curies":[{"name":"wp","href":"https:\/\/api.w.org\/{rel}","templated":true}]}}