{"id":76654,"date":"2013-11-27T18:40:22","date_gmt":"2013-11-27T17:40:22","guid":{"rendered":"http:\/\/www.visit-ulcinj.com\/blog\/?p=76654"},"modified":"2013-11-27T20:04:01","modified_gmt":"2013-11-27T19:04:01","slug":"ftese-ne-maratonen-e-dyte-e-pavaresise-shkoder-shas-ulqin","status":"publish","type":"post","link":"https:\/\/www.visit-ulcinj.com\/blog\/2013\/11\/27\/ftese-ne-maratonen-e-dyte-e-pavaresise-shkoder-shas-ulqin\/","title":{"rendered":"Ftes\u00eb n\u00eb Maratonen e dyt\u00eb e pavar\u00ebsis\u00eb Shkod\u00ebr \u2013 Shas \u2013 Ulqin"},"content":{"rendered":"<p><a href=\"http:\/\/www.visit-ulcinj.com\/blog\/wp-content\/uploads\/2013\/10\/Maratona-e-dyte-e-pavaresise.jpg\"><img loading=\"lazy\" class=\"alignleft  wp-image-75375\" alt=\"Maratona-e-dyte-e-pavaresise\" src=\"http:\/\/www.visit-ulcinj.com\/blog\/wp-content\/uploads\/2013\/10\/Maratona-e-dyte-e-pavaresise.jpg\" width=\"508\" height=\"360\" \/><\/a>Me rastin e udh\u00ebtimit t\u00eb dy bashk\u00ebvendasve tan\u00eb, nj\u00ebherit edhe themeluesve t\u00eb maraton\u00ebs\u00a0 nga New Yorku, p\u00ebr n\u00eb vendlindje, vet\u00ebm p\u00ebr t\u00eb vrapuar maraton\u00ebn e dyt\u00eb t\u00eb Pavarsis\u00eb, e cila shpresojm\u00eb t\u00eb b\u00ebhet traditionale. Ju ftojm\u00eb t\u00eb gjith\u00ebve t\u00eb b\u00ebheni pjes\u00eb e k\u00ebsaj ngjarjeje t\u00eb r\u00ebnd\u00ebsishme, p\u00ebr t\u00eb gjith\u00eb neve.<\/p>\n<p>Kjo nism\u00eb lidhet ngusht me argumentimin e zbutjes s\u00eb kufijve n\u00eb mes dy pjes\u00ebve t\u00eb trupi t\u00eb nj\u00eb popullsie, q\u00eb ka nj\u00eb gjak, nj\u00eb komb nj\u00eb gjuh\u00eb dhe nj\u00eb flamur.<\/p>\n<p>Andaj, t\u00eb dashur bashk\u00ebvendas, n\u00eb em\u00ebr t\u00eb an\u00ebtarve t\u00eb Shoqat\u00ebs Ana e Malit n\u00eb New York, Kryesis\u00eb dhe n\u00eb emrin tim personal,\u00a0 Ju ftoj q\u00eb t\u00eb merrni pjes\u00eb n\u00eb m\u00ebnyr\u00eb sa m\u00eb masive, sepse k\u00ebshtu do ti p\u00ebrkrahni v\u00ebllez\u00ebrit Tuaj t\u00eb ardhur nga diaspora.<br \/>\n<a href=\"http:\/\/www.visit-ulcinj.com\/blog\/wp-content\/uploads\/2012\/11\/Esad-Aloshi-Mustaf-Berkani-Maratona-e-pavarsise-Ulqin-Shkoder.2.jpg\"><img loading=\"lazy\" class=\"alignleft  wp-image-66245\" alt=\"Esad Aloshi-Mustaf Berkani-Maratona e pavarsise Ulqin-Shkoder.2\" src=\"http:\/\/www.visit-ulcinj.com\/blog\/wp-content\/uploads\/2012\/11\/Esad-Aloshi-Mustaf-Berkani-Maratona-e-pavarsise-Ulqin-Shkoder.2.jpg\" width=\"508\" height=\"360\" \/><\/a><\/p>\n<p>Gjithashtu, me k\u00ebt\u00eb rast iu uroj mbar\u00ebvajtje dhe vrapim t\u00eb leht\u00eb nism\u00ebtar\u00ebve t\u00eb k\u00ebsaj maratone z. Esat Aloshi dhe z. Mustaf\u00eb B\u00ebrkani , si dhe t\u00eb gjith\u00eb pjes\u00ebmarr\u00ebsve. Megjithse, na ndane nj\u00eb distance e madhe m\u00eb mendje dhe zem\u00ebr jemi t\u00eb gjith\u00eb me ju.<\/p>\n<p>Me k\u00ebt\u00eb rast iu urojm\u00eb t\u00eb gjith\u00ebve fest\u00ebn ton\u00eb komb\u00ebtare , dit\u00ebn e Pavarsis\u00eb s\u00eb Shtetit t\u00eb Shqip\u00ebris\u00eb.<\/p>\n<p>G\u00ebzuar dhe suksese.<\/p>\n<p><strong>Kryetari i Shoqat\u00ebs Shqiptaro Amerikane \u201cAna e Malit\u201d New York.<\/strong><\/p>\n<p><strong>Ismet Kurti<\/strong><\/p>\n<!--YouTube Error: bad URL entered-->\n","protected":false},"excerpt":{"rendered":"<p>Me rastin e udh\u00ebtimit t\u00eb dy bashk\u00ebvendasve tan\u00eb, nj\u00ebherit edhe themeluesve t\u00eb maraton\u00ebs\u00a0 nga New Yorku, p\u00ebr n\u00eb vendlindje, vet\u00ebm p\u00ebr t\u00eb vrapuar maraton\u00ebn e dyt\u00eb t\u00eb Pavarsis\u00eb, e cila shpresojm\u00eb t\u00eb b\u00ebhet traditionale. Ju ftojm\u00eb t\u00eb gjith\u00ebve t\u00eb b\u00ebheni pjes\u00eb e k\u00ebsaj ngjarjeje t\u00eb r\u00ebnd\u00ebsishme, p\u00ebr t\u00eb gjith\u00eb neve. Kjo nism\u00eb lidhet ngusht me [&hellip;]<\/p>\n","protected":false},"author":1,"featured_media":0,"comment_status":"closed","ping_status":"closed","sticky":false,"template":"","format":"standard","meta":{"spay_email":"","jetpack_publicize_message":"","jetpack_is_tweetstorm":false,"jetpack_publicize_feature_enabled":true},"categories":[12],"tags":[],"jetpack_publicize_connections":[],"yoast_head":"<!-- This site is optimized with the Yoast SEO plugin v19.1 - https:\/\/yoast.com\/wordpress\/plugins\/seo\/ -->\n<title>Ftes\u00eb n\u00eb Maratonen e dyt\u00eb e pavar\u00ebsis\u00eb Shkod\u00ebr \u2013 Shas \u2013 Ulqin - Lajme nga Ulqini<\/title>\n<meta name=\"description\" content=\"Me rastin e udh\u00ebtimit t\u00eb dy bashk\u00ebvendasve tan\u00eb, nj\u00ebherit edhe themeluesve t\u00eb maraton\u00ebs\u00a0 nga New Yorku, p\u00ebr n\u00eb vendlindje, vet\u00ebm p\u00ebr t\u00eb vrapuar maraton\u00ebn\" \/>\n<meta name=\"robots\" content=\"index, follow, max-snippet:-1, max-image-preview:large, max-video-preview:-1\" \/>\n<link rel=\"canonical\" href=\"https:\/\/www.visit-ulcinj.com\/blog\/2013\/11\/27\/ftese-ne-maratonen-e-dyte-e-pavaresise-shkoder-shas-ulqin\/\" \/>\n<meta property=\"og:locale\" content=\"en_US\" \/>\n<meta property=\"og:type\" content=\"article\" \/>\n<meta property=\"og:title\" content=\"Ftes\u00eb n\u00eb Maratonen e dyt\u00eb e pavar\u00ebsis\u00eb Shkod\u00ebr \u2013 Shas \u2013 Ulqin - Lajme nga Ulqini\" \/>\n<meta property=\"og:description\" content=\"Me rastin e udh\u00ebtimit t\u00eb dy bashk\u00ebvendasve tan\u00eb, nj\u00ebherit edhe themeluesve t\u00eb maraton\u00ebs\u00a0 nga New Yorku, p\u00ebr n\u00eb vendlindje, vet\u00ebm p\u00ebr t\u00eb vrapuar maraton\u00ebn\" \/>\n<meta property=\"og:url\" content=\"https:\/\/www.visit-ulcinj.com\/blog\/2013\/11\/27\/ftese-ne-maratonen-e-dyte-e-pavaresise-shkoder-shas-ulqin\/\" \/>\n<meta property=\"og:site_name\" content=\"Lajme nga Ulqini\" \/>\n<meta property=\"article:published_time\" content=\"2013-11-27T17:40:22+00:00\" \/>\n<meta property=\"article:modified_time\" content=\"2013-11-27T19:04:01+00:00\" \/>\n<meta property=\"og:image\" content=\"http:\/\/www.visit-ulcinj.com\/blog\/wp-content\/uploads\/2013\/10\/Maratona-e-dyte-e-pavaresise.jpg\" \/>\n<meta name=\"twitter:label1\" content=\"Written by\" \/>\n\t<meta name=\"twitter:data1\" content=\"ulqini\" \/>\n\t<meta name=\"twitter:label2\" content=\"Est. reading time\" \/>\n\t<meta name=\"twitter:data2\" content=\"1 minute\" \/>\n<script type=\"application\/ld+json\" class=\"yoast-schema-graph\">{\"@context\":\"https:\/\/schema.org\",\"@graph\":[{\"@type\":\"WebSite\",\"@id\":\"https:\/\/www.visit-ulcinj.com\/blog\/#website\",\"url\":\"https:\/\/www.visit-ulcinj.com\/blog\/\",\"name\":\"Lajme nga Ulqini\",\"description\":\"Lajme,Vijesti,Ulqini,Ulqin,Crna Gora,Mali i Zi\",\"potentialAction\":[{\"@type\":\"SearchAction\",\"target\":{\"@type\":\"EntryPoint\",\"urlTemplate\":\"https:\/\/www.visit-ulcinj.com\/blog\/?s={search_term_string}\"},\"query-input\":\"required name=search_term_string\"}],\"inLanguage\":\"en-US\"},{\"@type\":\"ImageObject\",\"inLanguage\":\"en-US\",\"@id\":\"https:\/\/www.visit-ulcinj.com\/blog\/2013\/11\/27\/ftese-ne-maratonen-e-dyte-e-pavaresise-shkoder-shas-ulqin\/#primaryimage\",\"url\":\"https:\/\/www.visit-ulcinj.com\/blog\/wp-content\/uploads\/2013\/10\/Maratona-e-dyte-e-pavaresise.jpg\",\"contentUrl\":\"https:\/\/www.visit-ulcinj.com\/blog\/wp-content\/uploads\/2013\/10\/Maratona-e-dyte-e-pavaresise.jpg\",\"width\":680,\"height\":540},{\"@type\":\"WebPage\",\"@id\":\"https:\/\/www.visit-ulcinj.com\/blog\/2013\/11\/27\/ftese-ne-maratonen-e-dyte-e-pavaresise-shkoder-shas-ulqin\/#webpage\",\"url\":\"https:\/\/www.visit-ulcinj.com\/blog\/2013\/11\/27\/ftese-ne-maratonen-e-dyte-e-pavaresise-shkoder-shas-ulqin\/\",\"name\":\"Ftes\u00eb n\u00eb Maratonen e dyt\u00eb e pavar\u00ebsis\u00eb Shkod\u00ebr \u2013 Shas \u2013 Ulqin - Lajme nga Ulqini\",\"isPartOf\":{\"@id\":\"https:\/\/www.visit-ulcinj.com\/blog\/#website\"},\"primaryImageOfPage\":{\"@id\":\"https:\/\/www.visit-ulcinj.com\/blog\/2013\/11\/27\/ftese-ne-maratonen-e-dyte-e-pavaresise-shkoder-shas-ulqin\/#primaryimage\"},\"datePublished\":\"2013-11-27T17:40:22+00:00\",\"dateModified\":\"2013-11-27T19:04:01+00:00\",\"author\":{\"@id\":\"https:\/\/www.visit-ulcinj.com\/blog\/#\/schema\/person\/dcab619c614d3038751c63bc2aadc06d\"},\"description\":\"Me rastin e udh\u00ebtimit t\u00eb dy bashk\u00ebvendasve tan\u00eb, nj\u00ebherit edhe themeluesve t\u00eb maraton\u00ebs\u00a0 nga New Yorku, p\u00ebr n\u00eb vendlindje, vet\u00ebm p\u00ebr t\u00eb vrapuar maraton\u00ebn\",\"breadcrumb\":{\"@id\":\"https:\/\/www.visit-ulcinj.com\/blog\/2013\/11\/27\/ftese-ne-maratonen-e-dyte-e-pavaresise-shkoder-shas-ulqin\/#breadcrumb\"},\"inLanguage\":\"en-US\",\"potentialAction\":[{\"@type\":\"ReadAction\",\"target\":[\"https:\/\/www.visit-ulcinj.com\/blog\/2013\/11\/27\/ftese-ne-maratonen-e-dyte-e-pavaresise-shkoder-shas-ulqin\/\"]}]},{\"@type\":\"BreadcrumbList\",\"@id\":\"https:\/\/www.visit-ulcinj.com\/blog\/2013\/11\/27\/ftese-ne-maratonen-e-dyte-e-pavaresise-shkoder-shas-ulqin\/#breadcrumb\",\"itemListElement\":[{\"@type\":\"ListItem\",\"position\":1,\"name\":\"Ftes\u00eb n\u00eb Maratonen e dyt\u00eb e pavar\u00ebsis\u00eb Shkod\u00ebr \u2013 Shas \u2013 Ulqin\"}]},{\"@type\":\"Person\",\"@id\":\"https:\/\/www.visit-ulcinj.com\/blog\/#\/schema\/person\/dcab619c614d3038751c63bc2aadc06d\",\"name\":\"ulqini\",\"sameAs\":[\"http:\/\/www.visit-ulcinj.com\"],\"url\":\"https:\/\/www.visit-ulcinj.com\/blog\/author\/admin\/\"}]}<\/script>\n<!-- \/ Yoast SEO plugin. -->","yoast_head_json":{"title":"Ftes\u00eb n\u00eb Maratonen e dyt\u00eb e pavar\u00ebsis\u00eb Shkod\u00ebr \u2013 Shas \u2013 Ulqin - Lajme nga Ulqini","description":"Me rastin e udh\u00ebtimit t\u00eb dy bashk\u00ebvendasve tan\u00eb, nj\u00ebherit edhe themeluesve t\u00eb maraton\u00ebs\u00a0 nga New Yorku, p\u00ebr n\u00eb vendlindje, vet\u00ebm p\u00ebr t\u00eb vrapuar maraton\u00ebn","robots":{"index":"index","follow":"follow","max-snippet":"max-snippet:-1","max-image-preview":"max-image-preview:large","max-video-preview":"max-video-preview:-1"},"canonical":"https:\/\/www.visit-ulcinj.com\/blog\/2013\/11\/27\/ftese-ne-maratonen-e-dyte-e-pavaresise-shkoder-shas-ulqin\/","og_locale":"en_US","og_type":"article","og_title":"Ftes\u00eb n\u00eb Maratonen e dyt\u00eb e pavar\u00ebsis\u00eb Shkod\u00ebr \u2013 Shas \u2013 Ulqin - Lajme nga Ulqini","og_description":"Me rastin e udh\u00ebtimit t\u00eb dy bashk\u00ebvendasve tan\u00eb, nj\u00ebherit edhe themeluesve t\u00eb maraton\u00ebs\u00a0 nga New Yorku, p\u00ebr n\u00eb vendlindje, vet\u00ebm p\u00ebr t\u00eb vrapuar maraton\u00ebn","og_url":"https:\/\/www.visit-ulcinj.com\/blog\/2013\/11\/27\/ftese-ne-maratonen-e-dyte-e-pavaresise-shkoder-shas-ulqin\/","og_site_name":"Lajme nga Ulqini","article_published_time":"2013-11-27T17:40:22+00:00","article_modified_time":"2013-11-27T19:04:01+00:00","og_image":[{"url":"http:\/\/www.visit-ulcinj.com\/blog\/wp-content\/uploads\/2013\/10\/Maratona-e-dyte-e-pavaresise.jpg"}],"twitter_misc":{"Written by":"ulqini","Est. reading time":"1 minute"},"schema":{"@context":"https:\/\/schema.org","@graph":[{"@type":"WebSite","@id":"https:\/\/www.visit-ulcinj.com\/blog\/#website","url":"https:\/\/www.visit-ulcinj.com\/blog\/","name":"Lajme nga Ulqini","description":"Lajme,Vijesti,Ulqini,Ulqin,Crna Gora,Mali i Zi","potentialAction":[{"@type":"SearchAction","target":{"@type":"EntryPoint","urlTemplate":"https:\/\/www.visit-ulcinj.com\/blog\/?s={search_term_string}"},"query-input":"required name=search_term_string"}],"inLanguage":"en-US"},{"@type":"ImageObject","inLanguage":"en-US","@id":"https:\/\/www.visit-ulcinj.com\/blog\/2013\/11\/27\/ftese-ne-maratonen-e-dyte-e-pavaresise-shkoder-shas-ulqin\/#primaryimage","url":"https:\/\/www.visit-ulcinj.com\/blog\/wp-content\/uploads\/2013\/10\/Maratona-e-dyte-e-pavaresise.jpg","contentUrl":"https:\/\/www.visit-ulcinj.com\/blog\/wp-content\/uploads\/2013\/10\/Maratona-e-dyte-e-pavaresise.jpg","width":680,"height":540},{"@type":"WebPage","@id":"https:\/\/www.visit-ulcinj.com\/blog\/2013\/11\/27\/ftese-ne-maratonen-e-dyte-e-pavaresise-shkoder-shas-ulqin\/#webpage","url":"https:\/\/www.visit-ulcinj.com\/blog\/2013\/11\/27\/ftese-ne-maratonen-e-dyte-e-pavaresise-shkoder-shas-ulqin\/","name":"Ftes\u00eb n\u00eb Maratonen e dyt\u00eb e pavar\u00ebsis\u00eb Shkod\u00ebr \u2013 Shas \u2013 Ulqin - Lajme nga Ulqini","isPartOf":{"@id":"https:\/\/www.visit-ulcinj.com\/blog\/#website"},"primaryImageOfPage":{"@id":"https:\/\/www.visit-ulcinj.com\/blog\/2013\/11\/27\/ftese-ne-maratonen-e-dyte-e-pavaresise-shkoder-shas-ulqin\/#primaryimage"},"datePublished":"2013-11-27T17:40:22+00:00","dateModified":"2013-11-27T19:04:01+00:00","author":{"@id":"https:\/\/www.visit-ulcinj.com\/blog\/#\/schema\/person\/dcab619c614d3038751c63bc2aadc06d"},"description":"Me rastin e udh\u00ebtimit t\u00eb dy bashk\u00ebvendasve tan\u00eb, nj\u00ebherit edhe themeluesve t\u00eb maraton\u00ebs\u00a0 nga New Yorku, p\u00ebr n\u00eb vendlindje, vet\u00ebm p\u00ebr t\u00eb vrapuar maraton\u00ebn","breadcrumb":{"@id":"https:\/\/www.visit-ulcinj.com\/blog\/2013\/11\/27\/ftese-ne-maratonen-e-dyte-e-pavaresise-shkoder-shas-ulqin\/#breadcrumb"},"inLanguage":"en-US","potentialAction":[{"@type":"ReadAction","target":["https:\/\/www.visit-ulcinj.com\/blog\/2013\/11\/27\/ftese-ne-maratonen-e-dyte-e-pavaresise-shkoder-shas-ulqin\/"]}]},{"@type":"BreadcrumbList","@id":"https:\/\/www.visit-ulcinj.com\/blog\/2013\/11\/27\/ftese-ne-maratonen-e-dyte-e-pavaresise-shkoder-shas-ulqin\/#breadcrumb","itemListElement":[{"@type":"ListItem","position":1,"name":"Ftes\u00eb n\u00eb Maratonen e dyt\u00eb e pavar\u00ebsis\u00eb Shkod\u00ebr \u2013 Shas \u2013 Ulqin"}]},{"@type":"Person","@id":"https:\/\/www.visit-ulcinj.com\/blog\/#\/schema\/person\/dcab619c614d3038751c63bc2aadc06d","name":"ulqini","sameAs":["http:\/\/www.visit-ulcinj.com"],"url":"https:\/\/www.visit-ulcinj.com\/blog\/author\/admin\/"}]}},"jetpack_featured_media_url":"","jetpack_sharing_enabled":true,"jetpack_shortlink":"https:\/\/wp.me\/pe6lTn-jWm","_links":{"self":[{"href":"https:\/\/www.visit-ulcinj.com\/blog\/wp-json\/wp\/v2\/posts\/76654"}],"collection":[{"href":"https:\/\/www.visit-ulcinj.com\/blog\/wp-json\/wp\/v2\/posts"}],"about":[{"href":"https:\/\/www.visit-ulcinj.com\/blog\/wp-json\/wp\/v2\/types\/post"}],"author":[{"embeddable":true,"href":"https:\/\/www.visit-ulcinj.com\/blog\/wp-json\/wp\/v2\/users\/1"}],"replies":[{"embeddable":true,"href":"https:\/\/www.visit-ulcinj.com\/blog\/wp-json\/wp\/v2\/comments?post=76654"}],"version-history":[{"count":2,"href":"https:\/\/www.visit-ulcinj.com\/blog\/wp-json\/wp\/v2\/posts\/76654\/revisions"}],"predecessor-version":[{"id":76656,"href":"https:\/\/www.visit-ulcinj.com\/blog\/wp-json\/wp\/v2\/posts\/76654\/revisions\/76656"}],"wp:attachment":[{"href":"https:\/\/www.visit-ulcinj.com\/blog\/wp-json\/wp\/v2\/media?parent=76654"}],"wp:term":[{"taxonomy":"category","embeddable":true,"href":"https:\/\/www.visit-ulcinj.com\/blog\/wp-json\/wp\/v2\/categories?post=76654"},{"taxonomy":"post_tag","embeddable":true,"href":"https:\/\/www.visit-ulcinj.com\/blog\/wp-json\/wp\/v2\/tags?post=76654"}],"curies":[{"name":"wp","href":"https:\/\/api.w.org\/{rel}","templated":true}]}}