{"id":76657,"date":"2013-11-27T19:00:08","date_gmt":"2013-11-27T18:00:08","guid":{"rendered":"http:\/\/www.visit-ulcinj.com\/blog\/?p=76657"},"modified":"2013-11-27T19:00:08","modified_gmt":"2013-11-27T18:00:08","slug":"bardhi-milo-presao-sve-granice","status":"publish","type":"post","link":"https:\/\/www.visit-ulcinj.com\/blog\/2013\/11\/27\/bardhi-milo-presao-sve-granice\/","title":{"rendered":"Bardhi: Milo pre\u0161ao sve granice"},"content":{"rendered":"<p><a href=\"http:\/\/www.visit-ulcinj.com\/blog\/wp-content\/uploads\/2013\/06\/Mehmet-Bardhi.jpg\"><img loading=\"lazy\" class=\"alignleft  wp-image-72295\" alt=\"Mehmet Bardhi\" src=\"http:\/\/www.visit-ulcinj.com\/blog\/wp-content\/uploads\/2013\/06\/Mehmet-Bardhi.jpg\" width=\"508\" height=\"360\" \/><\/a>Lider Demokratskog saveza Mehmet Bardhi osudio je ju\u010de neprimjereni govor premijera Mila \u0110ukanovi\u0107a upu\u0107en politi\u010dkim protivnicima, pozivaju\u0107i ga da, kako je naveo \u201epromijeni plo\u010du\u201d.<br \/>\nKomentari\u0161u\u0107i to \u0161to je \u0110ukanovi\u0107 u parlamentu poslanika Pozitivne Crne Gore Dritana Abazovi\u0107a nazvao budalom i bitangom, i pozvao ga na fizi\u010dki obra\u010dun, Bardhi je ocijenio da je taj incident \u201epre\u0161ao svaku demokratsku granicu\u201d.<br \/>\n\u2013 Nipo\u0161to se to nije smjelo desiti u odnosu Vlada\u2013Skup\u0161tina, a posebno ne u odnosu premijer\u2013poslanik. Ovaj incident mora \u0161to prije da dobije epilog na kolegijumu predsjednika Skup\u0161tine. \u010cekanje ne poma\u017ee dobru \u2013 upozorio je Bardhi.<br \/>\nLider Demokratskog saveza Albanaca u Crnoj Gori smatra da najmanje \u0161to \u0110ukanovi\u0107 treba da uradi jeste izvinjenje zbog ovakve gre\u0161ke koja se ne smije ponoviti.<br \/>\n\u2013 Ne u poziciji savjetnika, nego u pravcu izgradnje demokratije i demokratskih dru\u0161tvenih, ljudskih, ekonomskih, ali i me\u0111unacionalnih odnosa, poru\u010dujem Vam da skupite hrabrost i po\u0111ete u Skup\u0161tinu. Na po\u010detku prve naredne sjednice Skup\u0161tine iza\u0111ite za govornicu i uputite izvinjenje za uvredljive i prijete\u0107e rije\u010di upu\u0107ene poslaniku Abazovi\u0107u. Zatra\u017eite opro\u0161taj od poslanika, Skup\u0161tine i \u010ditave javnosti za te\u017eak i neprimjeren incident \u2013podvukao je Bardhi.<br \/>\nPodsjetio je da je \u0110ukanovi\u0107 premijer i predsjednik najve\u0107e vladaju\u0107e stranke preko 20 godina.<br \/>\n\u2013 Premijeru, ti si stariji, ima\u0161 vi\u0161e godina i iskustva. Odnos je dva naprema jedan. Obuzdaj \u201eponos\u201d, li\u010dni, jer u ovom slu\u010daju nije bio tvoj saveznik. Va\u0161 vokabular vrvi od trivijalnosti, uvreda, prijetnji \u2013 rekao je Bardhi.<br \/>\nOn je naveo da je siguran kako crnogorski premijer mo\u017ee uskladiti svoju argumentaciju sa situacijom u kojoj se nalazi.<br \/>\n\u0110ukanovi\u0107 je nedavno u okviru posebne sjednice Skup\u0161tine, posve\u0107ene premijerskom satu, grubo izvrije\u0111ao Pozitivnu Crnu Goru i njihovog poslanika Abazovi\u0107a. Isprovociran pitanjem Mladena Bojani\u0107a o sumnjivim kreditima koje je uzimao za svoj biznis, \u0110ukanovi\u0107 je najprije kazao da iza Pozitivne stoji medijska mafija koja je, kako je naveo \u201eformirala partiju da bi pokrila svoj kriminal\u201d.<br \/>\nNa takvu konstataciju burno je reagovao Abazovi\u0107, poru\u010duju\u0107i premijeru da mu je ovo zadnji put da ka\u017ee za bilo koga iz Pozitivne da \u0161titi interese medijske ili bilo koje druge mafije\u201d. \u0110ukanovi\u0107 je uzvratio dovikivanjem iz skup\u0161tinske klupe \u201ebudalo\u201d i \u201edo\u0111i ovamo bitango\u201d. Iz Pozitivne su nakon ovog \u0110ukanovi\u0107evog poziva na fizi\u010dki obra\u010dun, u znak protesta, napustili sjednicu Skup\u0161tine.<strong>V.R.<\/strong><\/p>\n<p><strong>Vlada odgovara Skup\u0161tini<\/strong><br \/>\nMehmet Bardhi je rekao da su poslanici vrhovna vlast u Crnoj Gori, te da je Vlada izabrana shodno volji ve\u0107ine poslanika u parlamentu.<br \/>\n\u2013 Vlada treba da bude odgovorna parlamentu, posebno onim poslanicima koji imaju status opozicije \u2013 rekao je Bardhi.<\/p>\n<p>Nipo\u0161to se to nije smjelo desiti u odnosu Vlada\u2013Skup\u0161tina a posebno ne u odnosu premijer\u2013poslanik. Ovaj incident mora \u0161to prije da dobije epilog na kolegijumu predsjednika Skup\u0161tine \u2013 ka\u017ee Bardhi<\/p>\n<p><strong>Izvor: DAN<\/strong><\/p>\n","protected":false},"excerpt":{"rendered":"<p>Lider Demokratskog saveza Mehmet Bardhi osudio je ju\u010de neprimjereni govor premijera Mila \u0110ukanovi\u0107a upu\u0107en politi\u010dkim protivnicima, pozivaju\u0107i ga da, kako je naveo \u201epromijeni plo\u010du\u201d. Komentari\u0161u\u0107i to \u0161to je \u0110ukanovi\u0107 u parlamentu poslanika Pozitivne Crne Gore Dritana Abazovi\u0107a nazvao budalom i bitangom, i pozvao ga na fizi\u010dki obra\u010dun, Bardhi je ocijenio da je taj incident \u201epre\u0161ao [&hellip;]<\/p>\n","protected":false},"author":1,"featured_media":0,"comment_status":"closed","ping_status":"closed","sticky":false,"template":"","format":"standard","meta":{"spay_email":"","jetpack_publicize_message":"","jetpack_is_tweetstorm":false,"jetpack_publicize_feature_enabled":true},"categories":[6950],"tags":[],"jetpack_publicize_connections":[],"yoast_head":"<!-- This site is optimized with the Yoast SEO plugin v19.1 - https:\/\/yoast.com\/wordpress\/plugins\/seo\/ -->\n<title>Bardhi: Milo pre\u0161ao sve granice - Lajme nga Ulqini<\/title>\n<meta name=\"description\" content=\"Lider Demokratskog saveza Mehmet Bardhi osudio je ju\u010de neprimjereni govor premijera Mila \u0110ukanovi\u0107a upu\u0107en politi\u010dkim protivnicima, pozivaju\u0107i ga da, kako\" \/>\n<meta name=\"robots\" content=\"index, follow, max-snippet:-1, max-image-preview:large, max-video-preview:-1\" \/>\n<link rel=\"canonical\" href=\"https:\/\/www.visit-ulcinj.com\/blog\/2013\/11\/27\/bardhi-milo-presao-sve-granice\/\" \/>\n<meta property=\"og:locale\" content=\"en_US\" \/>\n<meta property=\"og:type\" content=\"article\" \/>\n<meta property=\"og:title\" content=\"Bardhi: Milo pre\u0161ao sve granice - Lajme nga Ulqini\" \/>\n<meta property=\"og:description\" content=\"Lider Demokratskog saveza Mehmet Bardhi osudio je ju\u010de neprimjereni govor premijera Mila \u0110ukanovi\u0107a upu\u0107en politi\u010dkim protivnicima, pozivaju\u0107i ga da, kako\" \/>\n<meta property=\"og:url\" content=\"https:\/\/www.visit-ulcinj.com\/blog\/2013\/11\/27\/bardhi-milo-presao-sve-granice\/\" \/>\n<meta property=\"og:site_name\" content=\"Lajme nga Ulqini\" \/>\n<meta property=\"article:published_time\" content=\"2013-11-27T18:00:08+00:00\" \/>\n<meta property=\"og:image\" content=\"http:\/\/www.visit-ulcinj.com\/blog\/wp-content\/uploads\/2013\/06\/Mehmet-Bardhi.jpg\" \/>\n<meta name=\"twitter:label1\" content=\"Written by\" \/>\n\t<meta name=\"twitter:data1\" content=\"ulqini\" \/>\n\t<meta name=\"twitter:label2\" content=\"Est. reading time\" \/>\n\t<meta name=\"twitter:data2\" content=\"2 minutes\" \/>\n<script type=\"application\/ld+json\" class=\"yoast-schema-graph\">{\"@context\":\"https:\/\/schema.org\",\"@graph\":[{\"@type\":\"WebSite\",\"@id\":\"https:\/\/www.visit-ulcinj.com\/blog\/#website\",\"url\":\"https:\/\/www.visit-ulcinj.com\/blog\/\",\"name\":\"Lajme nga Ulqini\",\"description\":\"Lajme,Vijesti,Ulqini,Ulqin,Crna Gora,Mali i Zi\",\"potentialAction\":[{\"@type\":\"SearchAction\",\"target\":{\"@type\":\"EntryPoint\",\"urlTemplate\":\"https:\/\/www.visit-ulcinj.com\/blog\/?s={search_term_string}\"},\"query-input\":\"required name=search_term_string\"}],\"inLanguage\":\"en-US\"},{\"@type\":\"ImageObject\",\"inLanguage\":\"en-US\",\"@id\":\"https:\/\/www.visit-ulcinj.com\/blog\/2013\/11\/27\/bardhi-milo-presao-sve-granice\/#primaryimage\",\"url\":\"https:\/\/www.visit-ulcinj.com\/blog\/wp-content\/uploads\/2013\/06\/Mehmet-Bardhi.jpg\",\"contentUrl\":\"https:\/\/www.visit-ulcinj.com\/blog\/wp-content\/uploads\/2013\/06\/Mehmet-Bardhi.jpg\",\"width\":997,\"height\":750},{\"@type\":\"WebPage\",\"@id\":\"https:\/\/www.visit-ulcinj.com\/blog\/2013\/11\/27\/bardhi-milo-presao-sve-granice\/#webpage\",\"url\":\"https:\/\/www.visit-ulcinj.com\/blog\/2013\/11\/27\/bardhi-milo-presao-sve-granice\/\",\"name\":\"Bardhi: Milo pre\u0161ao sve granice - Lajme nga Ulqini\",\"isPartOf\":{\"@id\":\"https:\/\/www.visit-ulcinj.com\/blog\/#website\"},\"primaryImageOfPage\":{\"@id\":\"https:\/\/www.visit-ulcinj.com\/blog\/2013\/11\/27\/bardhi-milo-presao-sve-granice\/#primaryimage\"},\"datePublished\":\"2013-11-27T18:00:08+00:00\",\"dateModified\":\"2013-11-27T18:00:08+00:00\",\"author\":{\"@id\":\"https:\/\/www.visit-ulcinj.com\/blog\/#\/schema\/person\/dcab619c614d3038751c63bc2aadc06d\"},\"description\":\"Lider Demokratskog saveza Mehmet Bardhi osudio je ju\u010de neprimjereni govor premijera Mila \u0110ukanovi\u0107a upu\u0107en politi\u010dkim protivnicima, pozivaju\u0107i ga da, kako\",\"breadcrumb\":{\"@id\":\"https:\/\/www.visit-ulcinj.com\/blog\/2013\/11\/27\/bardhi-milo-presao-sve-granice\/#breadcrumb\"},\"inLanguage\":\"en-US\",\"potentialAction\":[{\"@type\":\"ReadAction\",\"target\":[\"https:\/\/www.visit-ulcinj.com\/blog\/2013\/11\/27\/bardhi-milo-presao-sve-granice\/\"]}]},{\"@type\":\"BreadcrumbList\",\"@id\":\"https:\/\/www.visit-ulcinj.com\/blog\/2013\/11\/27\/bardhi-milo-presao-sve-granice\/#breadcrumb\",\"itemListElement\":[{\"@type\":\"ListItem\",\"position\":1,\"name\":\"Bardhi: Milo pre\u0161ao sve granice\"}]},{\"@type\":\"Person\",\"@id\":\"https:\/\/www.visit-ulcinj.com\/blog\/#\/schema\/person\/dcab619c614d3038751c63bc2aadc06d\",\"name\":\"ulqini\",\"sameAs\":[\"http:\/\/www.visit-ulcinj.com\"],\"url\":\"https:\/\/www.visit-ulcinj.com\/blog\/author\/admin\/\"}]}<\/script>\n<!-- \/ Yoast SEO plugin. -->","yoast_head_json":{"title":"Bardhi: Milo pre\u0161ao sve granice - Lajme nga Ulqini","description":"Lider Demokratskog saveza Mehmet Bardhi osudio je ju\u010de neprimjereni govor premijera Mila \u0110ukanovi\u0107a upu\u0107en politi\u010dkim protivnicima, pozivaju\u0107i ga da, kako","robots":{"index":"index","follow":"follow","max-snippet":"max-snippet:-1","max-image-preview":"max-image-preview:large","max-video-preview":"max-video-preview:-1"},"canonical":"https:\/\/www.visit-ulcinj.com\/blog\/2013\/11\/27\/bardhi-milo-presao-sve-granice\/","og_locale":"en_US","og_type":"article","og_title":"Bardhi: Milo pre\u0161ao sve granice - Lajme nga Ulqini","og_description":"Lider Demokratskog saveza Mehmet Bardhi osudio je ju\u010de neprimjereni govor premijera Mila \u0110ukanovi\u0107a upu\u0107en politi\u010dkim protivnicima, pozivaju\u0107i ga da, kako","og_url":"https:\/\/www.visit-ulcinj.com\/blog\/2013\/11\/27\/bardhi-milo-presao-sve-granice\/","og_site_name":"Lajme nga Ulqini","article_published_time":"2013-11-27T18:00:08+00:00","og_image":[{"url":"http:\/\/www.visit-ulcinj.com\/blog\/wp-content\/uploads\/2013\/06\/Mehmet-Bardhi.jpg"}],"twitter_misc":{"Written by":"ulqini","Est. reading time":"2 minutes"},"schema":{"@context":"https:\/\/schema.org","@graph":[{"@type":"WebSite","@id":"https:\/\/www.visit-ulcinj.com\/blog\/#website","url":"https:\/\/www.visit-ulcinj.com\/blog\/","name":"Lajme nga Ulqini","description":"Lajme,Vijesti,Ulqini,Ulqin,Crna Gora,Mali i Zi","potentialAction":[{"@type":"SearchAction","target":{"@type":"EntryPoint","urlTemplate":"https:\/\/www.visit-ulcinj.com\/blog\/?s={search_term_string}"},"query-input":"required name=search_term_string"}],"inLanguage":"en-US"},{"@type":"ImageObject","inLanguage":"en-US","@id":"https:\/\/www.visit-ulcinj.com\/blog\/2013\/11\/27\/bardhi-milo-presao-sve-granice\/#primaryimage","url":"https:\/\/www.visit-ulcinj.com\/blog\/wp-content\/uploads\/2013\/06\/Mehmet-Bardhi.jpg","contentUrl":"https:\/\/www.visit-ulcinj.com\/blog\/wp-content\/uploads\/2013\/06\/Mehmet-Bardhi.jpg","width":997,"height":750},{"@type":"WebPage","@id":"https:\/\/www.visit-ulcinj.com\/blog\/2013\/11\/27\/bardhi-milo-presao-sve-granice\/#webpage","url":"https:\/\/www.visit-ulcinj.com\/blog\/2013\/11\/27\/bardhi-milo-presao-sve-granice\/","name":"Bardhi: Milo pre\u0161ao sve granice - Lajme nga Ulqini","isPartOf":{"@id":"https:\/\/www.visit-ulcinj.com\/blog\/#website"},"primaryImageOfPage":{"@id":"https:\/\/www.visit-ulcinj.com\/blog\/2013\/11\/27\/bardhi-milo-presao-sve-granice\/#primaryimage"},"datePublished":"2013-11-27T18:00:08+00:00","dateModified":"2013-11-27T18:00:08+00:00","author":{"@id":"https:\/\/www.visit-ulcinj.com\/blog\/#\/schema\/person\/dcab619c614d3038751c63bc2aadc06d"},"description":"Lider Demokratskog saveza Mehmet Bardhi osudio je ju\u010de neprimjereni govor premijera Mila \u0110ukanovi\u0107a upu\u0107en politi\u010dkim protivnicima, pozivaju\u0107i ga da, kako","breadcrumb":{"@id":"https:\/\/www.visit-ulcinj.com\/blog\/2013\/11\/27\/bardhi-milo-presao-sve-granice\/#breadcrumb"},"inLanguage":"en-US","potentialAction":[{"@type":"ReadAction","target":["https:\/\/www.visit-ulcinj.com\/blog\/2013\/11\/27\/bardhi-milo-presao-sve-granice\/"]}]},{"@type":"BreadcrumbList","@id":"https:\/\/www.visit-ulcinj.com\/blog\/2013\/11\/27\/bardhi-milo-presao-sve-granice\/#breadcrumb","itemListElement":[{"@type":"ListItem","position":1,"name":"Bardhi: Milo pre\u0161ao sve granice"}]},{"@type":"Person","@id":"https:\/\/www.visit-ulcinj.com\/blog\/#\/schema\/person\/dcab619c614d3038751c63bc2aadc06d","name":"ulqini","sameAs":["http:\/\/www.visit-ulcinj.com"],"url":"https:\/\/www.visit-ulcinj.com\/blog\/author\/admin\/"}]}},"jetpack_featured_media_url":"","jetpack_sharing_enabled":true,"jetpack_shortlink":"https:\/\/wp.me\/pe6lTn-jWp","_links":{"self":[{"href":"https:\/\/www.visit-ulcinj.com\/blog\/wp-json\/wp\/v2\/posts\/76657"}],"collection":[{"href":"https:\/\/www.visit-ulcinj.com\/blog\/wp-json\/wp\/v2\/posts"}],"about":[{"href":"https:\/\/www.visit-ulcinj.com\/blog\/wp-json\/wp\/v2\/types\/post"}],"author":[{"embeddable":true,"href":"https:\/\/www.visit-ulcinj.com\/blog\/wp-json\/wp\/v2\/users\/1"}],"replies":[{"embeddable":true,"href":"https:\/\/www.visit-ulcinj.com\/blog\/wp-json\/wp\/v2\/comments?post=76657"}],"version-history":[{"count":1,"href":"https:\/\/www.visit-ulcinj.com\/blog\/wp-json\/wp\/v2\/posts\/76657\/revisions"}],"predecessor-version":[{"id":76658,"href":"https:\/\/www.visit-ulcinj.com\/blog\/wp-json\/wp\/v2\/posts\/76657\/revisions\/76658"}],"wp:attachment":[{"href":"https:\/\/www.visit-ulcinj.com\/blog\/wp-json\/wp\/v2\/media?parent=76657"}],"wp:term":[{"taxonomy":"category","embeddable":true,"href":"https:\/\/www.visit-ulcinj.com\/blog\/wp-json\/wp\/v2\/categories?post=76657"},{"taxonomy":"post_tag","embeddable":true,"href":"https:\/\/www.visit-ulcinj.com\/blog\/wp-json\/wp\/v2\/tags?post=76657"}],"curies":[{"name":"wp","href":"https:\/\/api.w.org\/{rel}","templated":true}]}}