{"id":76666,"date":"2013-11-27T19:53:05","date_gmt":"2013-11-27T18:53:05","guid":{"rendered":"http:\/\/www.visit-ulcinj.com\/blog\/?p=76666"},"modified":"2013-11-28T16:15:54","modified_gmt":"2013-11-28T15:15:54","slug":"urime-festa-e-flamurit-keshilli-nacional-shqiptareve","status":"publish","type":"post","link":"https:\/\/www.visit-ulcinj.com\/blog\/2013\/11\/27\/urime-festa-e-flamurit-keshilli-nacional-shqiptareve\/","title":{"rendered":"Urime Festa e Flamurit &#8211; K\u00ebshilli Nacional i Shqiptar\u00ebve &#8211; Video"},"content":{"rendered":"<p style=\"text-align: left;\"><a href=\"http:\/\/www.visit-ulcinj.com\/blog\/wp-content\/uploads\/2011\/03\/KNSH_MZ_logo.jpg\"><img loading=\"lazy\" class=\"alignleft  wp-image-45189\" title=\"KNSH_MZ_logo\" alt=\"\" src=\"http:\/\/www.visit-ulcinj.com\/blog\/wp-content\/uploads\/2011\/03\/KNSH_MZ_logo.jpg\" width=\"318\" height=\"142\" srcset=\"https:\/\/www.visit-ulcinj.com\/blog\/wp-content\/uploads\/2011\/03\/KNSH_MZ_logo.jpg 318w, https:\/\/www.visit-ulcinj.com\/blog\/wp-content\/uploads\/2011\/03\/KNSH_MZ_logo-300x133.jpg 300w\" sizes=\"(max-width: 318px) 100vw, 318px\" \/><\/a><strong>K\u00cbSHILLI NACIONAL I SHQIPTAR\u00cbVE N\u00cb MALIN E ZI<\/strong><\/p>\n<p style=\"text-align: left;\"><strong>NACIONALNI SAVJET ALBANACA U CRNOJ GORI<\/strong><\/p>\n<p style=\"text-align: left;\"><strong>ALBANIAN NATIONAL COUNCIL IN MONTENEGRO<\/strong><\/p>\n<p>Nr. 66\/13<\/p>\n<p>Ulqin, m\u00eb\u00a0 27.11.2013<\/p>\n<p>&nbsp;<\/p>\n<p>&nbsp;<\/p>\n<p>T\u00eb nd\u00ebruar p\u00ebrfaq\u00ebsues t\u00eb medias,<\/p>\n<p>&nbsp;<\/p>\n<p>Me rastin e Fest\u00ebs s\u00eb 28 N\u00ebntorit Dit\u00ebs s\u00eb Flamurit, 101 vjetorit t\u00eb Pavaresis\u00eb dhe 570 vjetorit t\u00eb ngritjes s\u00eb Flamurit Komb\u00ebtar, K\u00ebshilli Nacional i Shqiptar\u00ebve n\u00eb kuader t\u00eb aktiviteteve\u00a0 t\u00eb k\u00ebtij manifestimi organizon maratonin Shkod\u00ebr-Ulqin dhe \u201eAkademin\u00eb Solemne\u201c.<\/p>\n<p>&#8211; Maratona niset nga Shkodra para Bashkis\u00eb n\u00eb ora 9:45 kurse finalja do t\u00eb b\u00ebhet para Komun\u00ebs s\u00eb Ulqinit n\u00eb intervalin kohor\u00eb prej14.00-15.00. Pjes\u00ebmarresit e maraton\u00ebs do t\u00eb jen\u00eb nga Mali i Zi, Shqip\u00ebria dhe Kosova.<\/p>\n<p>-\u201eAkademia Solemne\u201c do t\u00eb mbahet n\u00eb ora 19.00 n\u00eb sallen e madhe t\u00eb Sht\u00ebpise s\u00eb Kultur\u00ebs n\u00eb Ulqin me\u00a0 \u00e7&#8217;rast \u00ebsht\u00eb p\u00ebrgatitur nj\u00eb program i begatsh\u00ebm kulturor\u00eb.<\/p>\n<p>Shpresojm\u00eb se do t\u00eb keni mund\u00ebsi t\u00eb percillni aktivitetet e parapara.<\/p>\n<p>Me respekt,<\/p>\n<p><strong>Genci Nimanbegu<\/strong><\/p>\n<p><strong>Kryetar i KNSH-s\u00eb\u00a0\u00a0<\/strong><\/p>\n<p style=\"text-align: center;\"><b>KUMTES\u00cb P\u00cbR OPINION<\/b><\/p>\n<p>Me rastin e 28 N\u00ebntorit Dit\u00ebs s\u00eb Flamurit, 101 vjetorit t\u00eb Pavar\u00ebsis\u00eb \u00a0s\u00eb Shqip\u00ebris\u00eb dhe 570 vjetorit t\u00eb ngritjes s\u00eb Flamurit Komb\u00ebtar, K\u00ebshilli Nacional i Shqiptar\u00ebve ju uron k\u00ebt\u00eb fest\u00eb t\u00eb madhe mbar\u00ebkomb\u00ebtare t\u00eb \u00a0gjith\u00eb Shqiptar\u00ebve.<\/p>\n<p>Urojm\u00eb q\u00eb 101 vjetori i Dit\u00ebs s\u00eb Flamurit t\u00eb jet\u00eb nj\u00eb fillim i mbar\u00eb i shekullit t\u00eb ri p\u00ebr shqiptar\u00eb. Kjo fest\u00eb le t\u00eb sh\u00ebrbej p\u00ebr bashkim, mir\u00ebkuptim dhe dialog nd\u00ebrmjet shqiptar\u00ebve kudo q\u00eb ndodhen.<\/p>\n<p>28 N\u00ebntori \u00ebsht\u00eb Fest\u00eb e madhe p\u00ebr t\u00eb gjith\u00eb shqiptar\u00ebt \u00a0sepse n\u00eb k\u00ebt\u00eb dat\u00eb \u00ebsht\u00eb sh\u00ebnuar historia jon\u00eb dy her\u00eb me radh\u00eb, n\u00eb vitin 1443 kur Gjergj Kastrioti Skenderbeu ngriti Flamurin n\u00eb Kalan\u00eb e Kruj\u00ebs dhe po n\u00eb t\u00eb nj\u00ebjt\u00ebn dit\u00eb me 1912\u00a0 Ismail Qemali ngriti flamurin n\u00eb Vlor\u00eb.<\/p>\n<p>Flamuri Komb\u00ebtar\u00eb Shqiptar\u00eb na mbajti t\u00eb bashkuar nd\u00ebr shekuj t\u00eb t\u00ebr\u00eb dhe urojm\u00eb q\u00eb k\u00ebshtu t\u00eb jet\u00eb gjithmon\u00eb.<\/p>\n<p>G\u00ebzuar Dit\u00ebn e Flamurit t\u00eb gjith\u00eb Shqiptar\u00ebve!<\/p>\n<p>Me respekt,<\/p>\n<p><strong>Genci Nimanbegu<\/strong><\/p>\n<p><strong>Kryetar i KNSH-s\u00eb<\/strong><\/p>\n<!--YouTube Error: bad URL entered-->\n<p>&nbsp;<\/p>\n","protected":false},"excerpt":{"rendered":"<p>K\u00cbSHILLI NACIONAL I SHQIPTAR\u00cbVE N\u00cb MALIN E ZI NACIONALNI SAVJET ALBANACA U CRNOJ GORI ALBANIAN NATIONAL COUNCIL IN MONTENEGRO Nr. 66\/13 Ulqin, m\u00eb\u00a0 27.11.2013 &nbsp; &nbsp; T\u00eb nd\u00ebruar p\u00ebrfaq\u00ebsues t\u00eb medias, &nbsp; Me rastin e Fest\u00ebs s\u00eb 28 N\u00ebntorit Dit\u00ebs s\u00eb Flamurit, 101 vjetorit t\u00eb Pavaresis\u00eb dhe 570 vjetorit t\u00eb ngritjes s\u00eb Flamurit Komb\u00ebtar, K\u00ebshilli [&hellip;]<\/p>\n","protected":false},"author":1,"featured_media":0,"comment_status":"closed","ping_status":"closed","sticky":false,"template":"","format":"standard","meta":{"spay_email":"","jetpack_publicize_message":"","jetpack_is_tweetstorm":false,"jetpack_publicize_feature_enabled":true},"categories":[1,12],"tags":[],"jetpack_publicize_connections":[],"yoast_head":"<!-- This site is optimized with the Yoast SEO plugin v19.1 - https:\/\/yoast.com\/wordpress\/plugins\/seo\/ -->\n<title>Urime Festa e Flamurit - K\u00ebshilli Nacional i Shqiptar\u00ebve - Video - Lajme nga Ulqini<\/title>\n<meta name=\"description\" content=\"K\u00cbSHILLI NACIONAL I SHQIPTAR\u00cbVE N\u00cb MALIN E ZI NACIONALNI SAVJET ALBANACA U CRNOJ GORI ALBANIAN NATIONAL COUNCIL IN MONTENEGRO Nr. 66\/13 Ulqin, m\u00eb\u00a0\" \/>\n<meta name=\"robots\" content=\"index, follow, max-snippet:-1, max-image-preview:large, max-video-preview:-1\" \/>\n<link rel=\"canonical\" href=\"https:\/\/www.visit-ulcinj.com\/blog\/2013\/11\/27\/urime-festa-e-flamurit-keshilli-nacional-shqiptareve\/\" \/>\n<meta property=\"og:locale\" content=\"en_US\" \/>\n<meta property=\"og:type\" content=\"article\" \/>\n<meta property=\"og:title\" content=\"Urime Festa e Flamurit - K\u00ebshilli Nacional i Shqiptar\u00ebve - Video - Lajme nga Ulqini\" \/>\n<meta property=\"og:description\" content=\"K\u00cbSHILLI NACIONAL I SHQIPTAR\u00cbVE N\u00cb MALIN E ZI NACIONALNI SAVJET ALBANACA U CRNOJ GORI ALBANIAN NATIONAL COUNCIL IN MONTENEGRO Nr. 66\/13 Ulqin, m\u00eb\u00a0\" \/>\n<meta property=\"og:url\" content=\"https:\/\/www.visit-ulcinj.com\/blog\/2013\/11\/27\/urime-festa-e-flamurit-keshilli-nacional-shqiptareve\/\" \/>\n<meta property=\"og:site_name\" content=\"Lajme nga Ulqini\" \/>\n<meta property=\"article:published_time\" content=\"2013-11-27T18:53:05+00:00\" \/>\n<meta property=\"article:modified_time\" content=\"2013-11-28T15:15:54+00:00\" \/>\n<meta property=\"og:image\" content=\"http:\/\/www.visit-ulcinj.com\/blog\/wp-content\/uploads\/2011\/03\/KNSH_MZ_logo.jpg\" \/>\n<meta name=\"twitter:label1\" content=\"Written by\" \/>\n\t<meta name=\"twitter:data1\" content=\"ulqini\" \/>\n\t<meta name=\"twitter:label2\" content=\"Est. reading time\" \/>\n\t<meta name=\"twitter:data2\" content=\"2 minutes\" \/>\n<script type=\"application\/ld+json\" class=\"yoast-schema-graph\">{\"@context\":\"https:\/\/schema.org\",\"@graph\":[{\"@type\":\"WebSite\",\"@id\":\"https:\/\/www.visit-ulcinj.com\/blog\/#website\",\"url\":\"https:\/\/www.visit-ulcinj.com\/blog\/\",\"name\":\"Lajme nga Ulqini\",\"description\":\"Lajme,Vijesti,Ulqini,Ulqin,Crna Gora,Mali i Zi\",\"potentialAction\":[{\"@type\":\"SearchAction\",\"target\":{\"@type\":\"EntryPoint\",\"urlTemplate\":\"https:\/\/www.visit-ulcinj.com\/blog\/?s={search_term_string}\"},\"query-input\":\"required name=search_term_string\"}],\"inLanguage\":\"en-US\"},{\"@type\":\"ImageObject\",\"inLanguage\":\"en-US\",\"@id\":\"https:\/\/www.visit-ulcinj.com\/blog\/2013\/11\/27\/urime-festa-e-flamurit-keshilli-nacional-shqiptareve\/#primaryimage\",\"url\":\"https:\/\/www.visit-ulcinj.com\/blog\/wp-content\/uploads\/2011\/03\/KNSH_MZ_logo.jpg\",\"contentUrl\":\"https:\/\/www.visit-ulcinj.com\/blog\/wp-content\/uploads\/2011\/03\/KNSH_MZ_logo.jpg\",\"width\":\"318\",\"height\":\"142\"},{\"@type\":\"WebPage\",\"@id\":\"https:\/\/www.visit-ulcinj.com\/blog\/2013\/11\/27\/urime-festa-e-flamurit-keshilli-nacional-shqiptareve\/#webpage\",\"url\":\"https:\/\/www.visit-ulcinj.com\/blog\/2013\/11\/27\/urime-festa-e-flamurit-keshilli-nacional-shqiptareve\/\",\"name\":\"Urime Festa e Flamurit - K\u00ebshilli Nacional i Shqiptar\u00ebve - Video - Lajme nga Ulqini\",\"isPartOf\":{\"@id\":\"https:\/\/www.visit-ulcinj.com\/blog\/#website\"},\"primaryImageOfPage\":{\"@id\":\"https:\/\/www.visit-ulcinj.com\/blog\/2013\/11\/27\/urime-festa-e-flamurit-keshilli-nacional-shqiptareve\/#primaryimage\"},\"datePublished\":\"2013-11-27T18:53:05+00:00\",\"dateModified\":\"2013-11-28T15:15:54+00:00\",\"author\":{\"@id\":\"https:\/\/www.visit-ulcinj.com\/blog\/#\/schema\/person\/dcab619c614d3038751c63bc2aadc06d\"},\"description\":\"K\u00cbSHILLI NACIONAL I SHQIPTAR\u00cbVE N\u00cb MALIN E ZI NACIONALNI SAVJET ALBANACA U CRNOJ GORI ALBANIAN NATIONAL COUNCIL IN MONTENEGRO Nr. 66\/13 Ulqin, m\u00eb\u00a0\",\"breadcrumb\":{\"@id\":\"https:\/\/www.visit-ulcinj.com\/blog\/2013\/11\/27\/urime-festa-e-flamurit-keshilli-nacional-shqiptareve\/#breadcrumb\"},\"inLanguage\":\"en-US\",\"potentialAction\":[{\"@type\":\"ReadAction\",\"target\":[\"https:\/\/www.visit-ulcinj.com\/blog\/2013\/11\/27\/urime-festa-e-flamurit-keshilli-nacional-shqiptareve\/\"]}]},{\"@type\":\"BreadcrumbList\",\"@id\":\"https:\/\/www.visit-ulcinj.com\/blog\/2013\/11\/27\/urime-festa-e-flamurit-keshilli-nacional-shqiptareve\/#breadcrumb\",\"itemListElement\":[{\"@type\":\"ListItem\",\"position\":1,\"name\":\"Urime Festa e Flamurit &#8211; K\u00ebshilli Nacional i Shqiptar\u00ebve &#8211; Video\"}]},{\"@type\":\"Person\",\"@id\":\"https:\/\/www.visit-ulcinj.com\/blog\/#\/schema\/person\/dcab619c614d3038751c63bc2aadc06d\",\"name\":\"ulqini\",\"sameAs\":[\"http:\/\/www.visit-ulcinj.com\"],\"url\":\"https:\/\/www.visit-ulcinj.com\/blog\/author\/admin\/\"}]}<\/script>\n<!-- \/ Yoast SEO plugin. -->","yoast_head_json":{"title":"Urime Festa e Flamurit - K\u00ebshilli Nacional i Shqiptar\u00ebve - Video - Lajme nga Ulqini","description":"K\u00cbSHILLI NACIONAL I SHQIPTAR\u00cbVE N\u00cb MALIN E ZI NACIONALNI SAVJET ALBANACA U CRNOJ GORI ALBANIAN NATIONAL COUNCIL IN MONTENEGRO Nr. 66\/13 Ulqin, m\u00eb\u00a0","robots":{"index":"index","follow":"follow","max-snippet":"max-snippet:-1","max-image-preview":"max-image-preview:large","max-video-preview":"max-video-preview:-1"},"canonical":"https:\/\/www.visit-ulcinj.com\/blog\/2013\/11\/27\/urime-festa-e-flamurit-keshilli-nacional-shqiptareve\/","og_locale":"en_US","og_type":"article","og_title":"Urime Festa e Flamurit - K\u00ebshilli Nacional i Shqiptar\u00ebve - Video - Lajme nga Ulqini","og_description":"K\u00cbSHILLI NACIONAL I SHQIPTAR\u00cbVE N\u00cb MALIN E ZI NACIONALNI SAVJET ALBANACA U CRNOJ GORI ALBANIAN NATIONAL COUNCIL IN MONTENEGRO Nr. 66\/13 Ulqin, m\u00eb\u00a0","og_url":"https:\/\/www.visit-ulcinj.com\/blog\/2013\/11\/27\/urime-festa-e-flamurit-keshilli-nacional-shqiptareve\/","og_site_name":"Lajme nga Ulqini","article_published_time":"2013-11-27T18:53:05+00:00","article_modified_time":"2013-11-28T15:15:54+00:00","og_image":[{"url":"http:\/\/www.visit-ulcinj.com\/blog\/wp-content\/uploads\/2011\/03\/KNSH_MZ_logo.jpg"}],"twitter_misc":{"Written by":"ulqini","Est. reading time":"2 minutes"},"schema":{"@context":"https:\/\/schema.org","@graph":[{"@type":"WebSite","@id":"https:\/\/www.visit-ulcinj.com\/blog\/#website","url":"https:\/\/www.visit-ulcinj.com\/blog\/","name":"Lajme nga Ulqini","description":"Lajme,Vijesti,Ulqini,Ulqin,Crna Gora,Mali i Zi","potentialAction":[{"@type":"SearchAction","target":{"@type":"EntryPoint","urlTemplate":"https:\/\/www.visit-ulcinj.com\/blog\/?s={search_term_string}"},"query-input":"required name=search_term_string"}],"inLanguage":"en-US"},{"@type":"ImageObject","inLanguage":"en-US","@id":"https:\/\/www.visit-ulcinj.com\/blog\/2013\/11\/27\/urime-festa-e-flamurit-keshilli-nacional-shqiptareve\/#primaryimage","url":"https:\/\/www.visit-ulcinj.com\/blog\/wp-content\/uploads\/2011\/03\/KNSH_MZ_logo.jpg","contentUrl":"https:\/\/www.visit-ulcinj.com\/blog\/wp-content\/uploads\/2011\/03\/KNSH_MZ_logo.jpg","width":"318","height":"142"},{"@type":"WebPage","@id":"https:\/\/www.visit-ulcinj.com\/blog\/2013\/11\/27\/urime-festa-e-flamurit-keshilli-nacional-shqiptareve\/#webpage","url":"https:\/\/www.visit-ulcinj.com\/blog\/2013\/11\/27\/urime-festa-e-flamurit-keshilli-nacional-shqiptareve\/","name":"Urime Festa e Flamurit - K\u00ebshilli Nacional i Shqiptar\u00ebve - Video - Lajme nga Ulqini","isPartOf":{"@id":"https:\/\/www.visit-ulcinj.com\/blog\/#website"},"primaryImageOfPage":{"@id":"https:\/\/www.visit-ulcinj.com\/blog\/2013\/11\/27\/urime-festa-e-flamurit-keshilli-nacional-shqiptareve\/#primaryimage"},"datePublished":"2013-11-27T18:53:05+00:00","dateModified":"2013-11-28T15:15:54+00:00","author":{"@id":"https:\/\/www.visit-ulcinj.com\/blog\/#\/schema\/person\/dcab619c614d3038751c63bc2aadc06d"},"description":"K\u00cbSHILLI NACIONAL I SHQIPTAR\u00cbVE N\u00cb MALIN E ZI NACIONALNI SAVJET ALBANACA U CRNOJ GORI ALBANIAN NATIONAL COUNCIL IN MONTENEGRO Nr. 66\/13 Ulqin, m\u00eb\u00a0","breadcrumb":{"@id":"https:\/\/www.visit-ulcinj.com\/blog\/2013\/11\/27\/urime-festa-e-flamurit-keshilli-nacional-shqiptareve\/#breadcrumb"},"inLanguage":"en-US","potentialAction":[{"@type":"ReadAction","target":["https:\/\/www.visit-ulcinj.com\/blog\/2013\/11\/27\/urime-festa-e-flamurit-keshilli-nacional-shqiptareve\/"]}]},{"@type":"BreadcrumbList","@id":"https:\/\/www.visit-ulcinj.com\/blog\/2013\/11\/27\/urime-festa-e-flamurit-keshilli-nacional-shqiptareve\/#breadcrumb","itemListElement":[{"@type":"ListItem","position":1,"name":"Urime Festa e Flamurit &#8211; K\u00ebshilli Nacional i Shqiptar\u00ebve &#8211; Video"}]},{"@type":"Person","@id":"https:\/\/www.visit-ulcinj.com\/blog\/#\/schema\/person\/dcab619c614d3038751c63bc2aadc06d","name":"ulqini","sameAs":["http:\/\/www.visit-ulcinj.com"],"url":"https:\/\/www.visit-ulcinj.com\/blog\/author\/admin\/"}]}},"jetpack_featured_media_url":"","jetpack_sharing_enabled":true,"jetpack_shortlink":"https:\/\/wp.me\/pe6lTn-jWy","_links":{"self":[{"href":"https:\/\/www.visit-ulcinj.com\/blog\/wp-json\/wp\/v2\/posts\/76666"}],"collection":[{"href":"https:\/\/www.visit-ulcinj.com\/blog\/wp-json\/wp\/v2\/posts"}],"about":[{"href":"https:\/\/www.visit-ulcinj.com\/blog\/wp-json\/wp\/v2\/types\/post"}],"author":[{"embeddable":true,"href":"https:\/\/www.visit-ulcinj.com\/blog\/wp-json\/wp\/v2\/users\/1"}],"replies":[{"embeddable":true,"href":"https:\/\/www.visit-ulcinj.com\/blog\/wp-json\/wp\/v2\/comments?post=76666"}],"version-history":[{"count":6,"href":"https:\/\/www.visit-ulcinj.com\/blog\/wp-json\/wp\/v2\/posts\/76666\/revisions"}],"predecessor-version":[{"id":76677,"href":"https:\/\/www.visit-ulcinj.com\/blog\/wp-json\/wp\/v2\/posts\/76666\/revisions\/76677"}],"wp:attachment":[{"href":"https:\/\/www.visit-ulcinj.com\/blog\/wp-json\/wp\/v2\/media?parent=76666"}],"wp:term":[{"taxonomy":"category","embeddable":true,"href":"https:\/\/www.visit-ulcinj.com\/blog\/wp-json\/wp\/v2\/categories?post=76666"},{"taxonomy":"post_tag","embeddable":true,"href":"https:\/\/www.visit-ulcinj.com\/blog\/wp-json\/wp\/v2\/tags?post=76666"}],"curies":[{"name":"wp","href":"https:\/\/api.w.org\/{rel}","templated":true}]}}