{"id":76674,"date":"2013-11-28T15:40:21","date_gmt":"2013-11-28T14:40:21","guid":{"rendered":"http:\/\/www.visit-ulcinj.com\/blog\/?p=76674"},"modified":"2013-11-28T16:19:23","modified_gmt":"2013-11-28T15:19:23","slug":"gezuar-28-nentorin-diten-e-flamurit-nga-forca","status":"publish","type":"post","link":"https:\/\/www.visit-ulcinj.com\/blog\/2013\/11\/28\/gezuar-28-nentorin-diten-e-flamurit-nga-forca\/","title":{"rendered":"G\u00ebzuar 28 N\u00ebntorin &#8211; dit\u00ebn e Flamurit nga Forca"},"content":{"rendered":"<p><a href=\"http:\/\/www.visit-ulcinj.com\/blog\/wp-content\/uploads\/2013\/11\/G\u00ebzuar-Dit\u00ebn-e-Flamurit-Forca-e-re-demokratike.jpg\"><img loading=\"lazy\" class=\"alignleft  wp-image-76675\" alt=\"G\u00ebzuar Dit\u00ebn e Flamurit - Forca e re demokratike\" src=\"http:\/\/www.visit-ulcinj.com\/blog\/wp-content\/uploads\/2013\/11\/G\u00ebzuar-Dit\u00ebn-e-Flamurit-Forca-e-re-demokratike.jpg\" width=\"508\" height=\"360\" \/><\/a>Forca e Re Demokratike ju uron Dit\u00ebn e Flamurit, 101 vjetorin e Pavar\u00ebsis\u00eb s\u00eb Shqip\u00ebris\u00eb dhe 570 vjetorin e ngritjes s\u00eb Flamurit Komb\u00ebtar!<\/p>\n<p>28 N\u00ebntori sh\u00ebnon fest\u00ebn m\u00eb t\u00eb r\u00ebnd\u00ebsishme p\u00ebr popullin shqiptar; dat\u00ebn kur Skenderbeu ngriti flamurin komb\u00ebtar n\u00eb Kruj\u00eb n\u00eb vitin 1443 dhe, m\u00eb pas, n\u00eb 1912 Ismail Qemali ngriti flamurin komb\u00ebtar n\u00eb Vlor\u00eb dhe shpalli pavar\u00ebsin\u00eb e Shqip\u00ebris\u00eb.<\/p>\n<p>Urojm\u00eb q\u00eb kjo fest\u00eb t\u00eb sh\u00ebrbej\u00eb p\u00ebr vet\u00ebreflektim t\u00eb lider\u00ebve dhe udh\u00ebheq\u00ebsive t\u00eb partive nacionale shqiptare dhe 28 N\u00ebntori i ardhsh\u00ebm t\u00eb na gjej\u00eb m\u00eb t\u00eb bashkuar.\u00a0 Gjithashtu, urojm\u00eb q\u00eb 28 N\u00ebntori i ardhsh\u00ebm t\u2019i gjej\u00eb shqiptar\u00ebt n\u00eb Mal t\u00eb Zi n\u00eb gjendje m\u00eb t\u00eb mir\u00eb dhe m\u00eb af\u00ebr realizimit t\u00eb aspiratave p\u00ebr t\u00eb qen\u00eb t\u00eb\u00a0 barabart\u00eb me t\u00eb gjith\u00eb qytetar\u00ebt e tjer\u00eb.<\/p>\n<p>G\u00ebzuar Dit\u00ebn e Flamurit t\u00eb gjith\u00eb shqiptar\u00ebve!<\/p>\n<p><strong>Kryetari i Forc\u00ebs s\u00eb Re Demokratike,<\/strong><\/p>\n<p><strong>Nazif Cungu<\/strong><\/p>\n<!--YouTube Error: bad URL entered-->\n","protected":false},"excerpt":{"rendered":"<p>Forca e Re Demokratike ju uron Dit\u00ebn e Flamurit, 101 vjetorin e Pavar\u00ebsis\u00eb s\u00eb Shqip\u00ebris\u00eb dhe 570 vjetorin e ngritjes s\u00eb Flamurit Komb\u00ebtar! 28 N\u00ebntori sh\u00ebnon fest\u00ebn m\u00eb t\u00eb r\u00ebnd\u00ebsishme p\u00ebr popullin shqiptar; dat\u00ebn kur Skenderbeu ngriti flamurin komb\u00ebtar n\u00eb Kruj\u00eb n\u00eb vitin 1443 dhe, m\u00eb pas, n\u00eb 1912 Ismail Qemali ngriti flamurin komb\u00ebtar n\u00eb [&hellip;]<\/p>\n","protected":false},"author":1,"featured_media":0,"comment_status":"closed","ping_status":"closed","sticky":false,"template":"","format":"standard","meta":{"spay_email":"","jetpack_publicize_message":"","jetpack_is_tweetstorm":false,"jetpack_publicize_feature_enabled":true},"categories":[1,6],"tags":[],"jetpack_publicize_connections":[],"yoast_head":"<!-- This site is optimized with the Yoast SEO plugin v19.1 - https:\/\/yoast.com\/wordpress\/plugins\/seo\/ -->\n<title>G\u00ebzuar 28 N\u00ebntorin - dit\u00ebn e Flamurit nga Forca - Lajme nga Ulqini<\/title>\n<meta name=\"description\" content=\"Forca e Re Demokratike ju uron Dit\u00ebn e Flamurit, 101 vjetorin e Pavar\u00ebsis\u00eb s\u00eb Shqip\u00ebris\u00eb dhe 570 vjetorin e ngritjes s\u00eb Flamurit Komb\u00ebtar! 28 N\u00ebntori\" \/>\n<meta name=\"robots\" content=\"index, follow, max-snippet:-1, max-image-preview:large, max-video-preview:-1\" \/>\n<link rel=\"canonical\" href=\"https:\/\/www.visit-ulcinj.com\/blog\/2013\/11\/28\/gezuar-28-nentorin-diten-e-flamurit-nga-forca\/\" \/>\n<meta property=\"og:locale\" content=\"en_US\" \/>\n<meta property=\"og:type\" content=\"article\" \/>\n<meta property=\"og:title\" content=\"G\u00ebzuar 28 N\u00ebntorin - dit\u00ebn e Flamurit nga Forca - Lajme nga Ulqini\" \/>\n<meta property=\"og:description\" content=\"Forca e Re Demokratike ju uron Dit\u00ebn e Flamurit, 101 vjetorin e Pavar\u00ebsis\u00eb s\u00eb Shqip\u00ebris\u00eb dhe 570 vjetorin e ngritjes s\u00eb Flamurit Komb\u00ebtar! 28 N\u00ebntori\" \/>\n<meta property=\"og:url\" content=\"https:\/\/www.visit-ulcinj.com\/blog\/2013\/11\/28\/gezuar-28-nentorin-diten-e-flamurit-nga-forca\/\" \/>\n<meta property=\"og:site_name\" content=\"Lajme nga Ulqini\" \/>\n<meta property=\"article:published_time\" content=\"2013-11-28T14:40:21+00:00\" \/>\n<meta property=\"article:modified_time\" content=\"2013-11-28T15:19:23+00:00\" \/>\n<meta name=\"twitter:label1\" content=\"Written by\" \/>\n\t<meta name=\"twitter:data1\" content=\"ulqini\" \/>\n\t<meta name=\"twitter:label2\" content=\"Est. reading time\" \/>\n\t<meta name=\"twitter:data2\" content=\"1 minute\" \/>\n<script type=\"application\/ld+json\" class=\"yoast-schema-graph\">{\"@context\":\"https:\/\/schema.org\",\"@graph\":[{\"@type\":\"WebSite\",\"@id\":\"https:\/\/www.visit-ulcinj.com\/blog\/#website\",\"url\":\"https:\/\/www.visit-ulcinj.com\/blog\/\",\"name\":\"Lajme nga Ulqini\",\"description\":\"Lajme,Vijesti,Ulqini,Ulqin,Crna Gora,Mali i Zi\",\"potentialAction\":[{\"@type\":\"SearchAction\",\"target\":{\"@type\":\"EntryPoint\",\"urlTemplate\":\"https:\/\/www.visit-ulcinj.com\/blog\/?s={search_term_string}\"},\"query-input\":\"required name=search_term_string\"}],\"inLanguage\":\"en-US\"},{\"@type\":\"WebPage\",\"@id\":\"https:\/\/www.visit-ulcinj.com\/blog\/2013\/11\/28\/gezuar-28-nentorin-diten-e-flamurit-nga-forca\/#webpage\",\"url\":\"https:\/\/www.visit-ulcinj.com\/blog\/2013\/11\/28\/gezuar-28-nentorin-diten-e-flamurit-nga-forca\/\",\"name\":\"G\u00ebzuar 28 N\u00ebntorin - dit\u00ebn e Flamurit nga Forca - Lajme nga Ulqini\",\"isPartOf\":{\"@id\":\"https:\/\/www.visit-ulcinj.com\/blog\/#website\"},\"datePublished\":\"2013-11-28T14:40:21+00:00\",\"dateModified\":\"2013-11-28T15:19:23+00:00\",\"author\":{\"@id\":\"https:\/\/www.visit-ulcinj.com\/blog\/#\/schema\/person\/dcab619c614d3038751c63bc2aadc06d\"},\"description\":\"Forca e Re Demokratike ju uron Dit\u00ebn e Flamurit, 101 vjetorin e Pavar\u00ebsis\u00eb s\u00eb Shqip\u00ebris\u00eb dhe 570 vjetorin e ngritjes s\u00eb Flamurit Komb\u00ebtar! 28 N\u00ebntori\",\"breadcrumb\":{\"@id\":\"https:\/\/www.visit-ulcinj.com\/blog\/2013\/11\/28\/gezuar-28-nentorin-diten-e-flamurit-nga-forca\/#breadcrumb\"},\"inLanguage\":\"en-US\",\"potentialAction\":[{\"@type\":\"ReadAction\",\"target\":[\"https:\/\/www.visit-ulcinj.com\/blog\/2013\/11\/28\/gezuar-28-nentorin-diten-e-flamurit-nga-forca\/\"]}]},{\"@type\":\"BreadcrumbList\",\"@id\":\"https:\/\/www.visit-ulcinj.com\/blog\/2013\/11\/28\/gezuar-28-nentorin-diten-e-flamurit-nga-forca\/#breadcrumb\",\"itemListElement\":[{\"@type\":\"ListItem\",\"position\":1,\"name\":\"G\u00ebzuar 28 N\u00ebntorin &#8211; dit\u00ebn e Flamurit nga Forca\"}]},{\"@type\":\"Person\",\"@id\":\"https:\/\/www.visit-ulcinj.com\/blog\/#\/schema\/person\/dcab619c614d3038751c63bc2aadc06d\",\"name\":\"ulqini\",\"sameAs\":[\"http:\/\/www.visit-ulcinj.com\"],\"url\":\"https:\/\/www.visit-ulcinj.com\/blog\/author\/admin\/\"}]}<\/script>\n<!-- \/ Yoast SEO plugin. -->","yoast_head_json":{"title":"G\u00ebzuar 28 N\u00ebntorin - dit\u00ebn e Flamurit nga Forca - Lajme nga Ulqini","description":"Forca e Re Demokratike ju uron Dit\u00ebn e Flamurit, 101 vjetorin e Pavar\u00ebsis\u00eb s\u00eb Shqip\u00ebris\u00eb dhe 570 vjetorin e ngritjes s\u00eb Flamurit Komb\u00ebtar! 28 N\u00ebntori","robots":{"index":"index","follow":"follow","max-snippet":"max-snippet:-1","max-image-preview":"max-image-preview:large","max-video-preview":"max-video-preview:-1"},"canonical":"https:\/\/www.visit-ulcinj.com\/blog\/2013\/11\/28\/gezuar-28-nentorin-diten-e-flamurit-nga-forca\/","og_locale":"en_US","og_type":"article","og_title":"G\u00ebzuar 28 N\u00ebntorin - dit\u00ebn e Flamurit nga Forca - Lajme nga Ulqini","og_description":"Forca e Re Demokratike ju uron Dit\u00ebn e Flamurit, 101 vjetorin e Pavar\u00ebsis\u00eb s\u00eb Shqip\u00ebris\u00eb dhe 570 vjetorin e ngritjes s\u00eb Flamurit Komb\u00ebtar! 28 N\u00ebntori","og_url":"https:\/\/www.visit-ulcinj.com\/blog\/2013\/11\/28\/gezuar-28-nentorin-diten-e-flamurit-nga-forca\/","og_site_name":"Lajme nga Ulqini","article_published_time":"2013-11-28T14:40:21+00:00","article_modified_time":"2013-11-28T15:19:23+00:00","twitter_misc":{"Written by":"ulqini","Est. reading time":"1 minute"},"schema":{"@context":"https:\/\/schema.org","@graph":[{"@type":"WebSite","@id":"https:\/\/www.visit-ulcinj.com\/blog\/#website","url":"https:\/\/www.visit-ulcinj.com\/blog\/","name":"Lajme nga Ulqini","description":"Lajme,Vijesti,Ulqini,Ulqin,Crna Gora,Mali i Zi","potentialAction":[{"@type":"SearchAction","target":{"@type":"EntryPoint","urlTemplate":"https:\/\/www.visit-ulcinj.com\/blog\/?s={search_term_string}"},"query-input":"required name=search_term_string"}],"inLanguage":"en-US"},{"@type":"WebPage","@id":"https:\/\/www.visit-ulcinj.com\/blog\/2013\/11\/28\/gezuar-28-nentorin-diten-e-flamurit-nga-forca\/#webpage","url":"https:\/\/www.visit-ulcinj.com\/blog\/2013\/11\/28\/gezuar-28-nentorin-diten-e-flamurit-nga-forca\/","name":"G\u00ebzuar 28 N\u00ebntorin - dit\u00ebn e Flamurit nga Forca - Lajme nga Ulqini","isPartOf":{"@id":"https:\/\/www.visit-ulcinj.com\/blog\/#website"},"datePublished":"2013-11-28T14:40:21+00:00","dateModified":"2013-11-28T15:19:23+00:00","author":{"@id":"https:\/\/www.visit-ulcinj.com\/blog\/#\/schema\/person\/dcab619c614d3038751c63bc2aadc06d"},"description":"Forca e Re Demokratike ju uron Dit\u00ebn e Flamurit, 101 vjetorin e Pavar\u00ebsis\u00eb s\u00eb Shqip\u00ebris\u00eb dhe 570 vjetorin e ngritjes s\u00eb Flamurit Komb\u00ebtar! 28 N\u00ebntori","breadcrumb":{"@id":"https:\/\/www.visit-ulcinj.com\/blog\/2013\/11\/28\/gezuar-28-nentorin-diten-e-flamurit-nga-forca\/#breadcrumb"},"inLanguage":"en-US","potentialAction":[{"@type":"ReadAction","target":["https:\/\/www.visit-ulcinj.com\/blog\/2013\/11\/28\/gezuar-28-nentorin-diten-e-flamurit-nga-forca\/"]}]},{"@type":"BreadcrumbList","@id":"https:\/\/www.visit-ulcinj.com\/blog\/2013\/11\/28\/gezuar-28-nentorin-diten-e-flamurit-nga-forca\/#breadcrumb","itemListElement":[{"@type":"ListItem","position":1,"name":"G\u00ebzuar 28 N\u00ebntorin &#8211; dit\u00ebn e Flamurit nga Forca"}]},{"@type":"Person","@id":"https:\/\/www.visit-ulcinj.com\/blog\/#\/schema\/person\/dcab619c614d3038751c63bc2aadc06d","name":"ulqini","sameAs":["http:\/\/www.visit-ulcinj.com"],"url":"https:\/\/www.visit-ulcinj.com\/blog\/author\/admin\/"}]}},"jetpack_featured_media_url":"","jetpack_sharing_enabled":true,"jetpack_shortlink":"https:\/\/wp.me\/pe6lTn-jWG","_links":{"self":[{"href":"https:\/\/www.visit-ulcinj.com\/blog\/wp-json\/wp\/v2\/posts\/76674"}],"collection":[{"href":"https:\/\/www.visit-ulcinj.com\/blog\/wp-json\/wp\/v2\/posts"}],"about":[{"href":"https:\/\/www.visit-ulcinj.com\/blog\/wp-json\/wp\/v2\/types\/post"}],"author":[{"embeddable":true,"href":"https:\/\/www.visit-ulcinj.com\/blog\/wp-json\/wp\/v2\/users\/1"}],"replies":[{"embeddable":true,"href":"https:\/\/www.visit-ulcinj.com\/blog\/wp-json\/wp\/v2\/comments?post=76674"}],"version-history":[{"count":2,"href":"https:\/\/www.visit-ulcinj.com\/blog\/wp-json\/wp\/v2\/posts\/76674\/revisions"}],"predecessor-version":[{"id":76689,"href":"https:\/\/www.visit-ulcinj.com\/blog\/wp-json\/wp\/v2\/posts\/76674\/revisions\/76689"}],"wp:attachment":[{"href":"https:\/\/www.visit-ulcinj.com\/blog\/wp-json\/wp\/v2\/media?parent=76674"}],"wp:term":[{"taxonomy":"category","embeddable":true,"href":"https:\/\/www.visit-ulcinj.com\/blog\/wp-json\/wp\/v2\/categories?post=76674"},{"taxonomy":"post_tag","embeddable":true,"href":"https:\/\/www.visit-ulcinj.com\/blog\/wp-json\/wp\/v2\/tags?post=76674"}],"curies":[{"name":"wp","href":"https:\/\/api.w.org\/{rel}","templated":true}]}}