{"id":76681,"date":"2013-11-28T16:03:09","date_gmt":"2013-11-28T15:03:09","guid":{"rendered":"http:\/\/www.visit-ulcinj.com\/blog\/?p=76681"},"modified":"2013-12-05T21:17:45","modified_gmt":"2013-12-05T20:17:45","slug":"uba-trajnimi-liderave-te-rinj-per-ceshtje-publike-ne-hotel-mediteran","status":"publish","type":"post","link":"https:\/\/www.visit-ulcinj.com\/blog\/2013\/11\/28\/uba-trajnimi-liderave-te-rinj-per-ceshtje-publike-ne-hotel-mediteran\/","title":{"rendered":"UBA: Trajnimi i liderave t\u00eb rinj p\u00ebr \u00e7\u00ebshtje publike ne hotel Mediteran"},"content":{"rendered":"<p><b><a href=\"http:\/\/www.visit-ulcinj.com\/blog\/wp-content\/uploads\/2013\/11\/UBA-ULQIN.jpg\"><img loading=\"lazy\" class=\"alignleft  wp-image-76682\" alt=\"UBA-ULQIN\" src=\"http:\/\/www.visit-ulcinj.com\/blog\/wp-content\/uploads\/2013\/11\/UBA-ULQIN.jpg\" width=\"508\" height=\"360\" \/><\/a>UBA, Ulqin Biznes Asociaiconi,<\/b> <b>BKA, Biznes Klub Ana e Malit<\/b> dhe <b>Televizioni Teuta<\/b><\/p>\n<p>jan\u00eb duke organizuar nj\u00eb trajnim p\u00ebr \u00e7\u00ebshtje publike p\u00ebr lider\u00eb t\u00eb rinj. N\u00ebse ju ndiheni nj\u00eb lider i ri dhe besoni se zot\u00ebroni aft\u00ebsit\u00eb p\u00ebr t\u00eb b\u00ebr\u00eb p\u00ebr vete t\u00eb tjer\u00eb, p\u00ebr t\u00eb frym\u00ebzuar, mobilizuar apo p\u00ebr t\u00eb drejtuar bashk\u00ebmoshatar\u00ebt e tu apo n\u00ebse shikoni q\u00eb mes miqve tuaj ju jeni personi q\u00eb nxjerr idet\u00eb, thur planet apo merr i pari iniciativ\u00ebn apo merr p\u00ebrsip\u00ebr p\u00ebrgjegj\u00ebsi, at\u00ebher\u00eb ju jeni kandidati m\u00eb i\/e p\u00ebrshtatsh\u00ebm p\u00ebr k\u00ebt\u00eb trajnim.<br \/>\n<a href=\"http:\/\/www.visit-ulcinj.com\/blog\/wp-content\/uploads\/2013\/11\/UBA-ULQIN-1.jpg\"><img loading=\"lazy\" class=\"alignleft  wp-image-76683\" alt=\"UBA-ULQIN-1\" src=\"http:\/\/www.visit-ulcinj.com\/blog\/wp-content\/uploads\/2013\/11\/UBA-ULQIN-1.jpg\" width=\"508\" height=\"123\" \/><\/a><\/p>\n<p>Kandidat\u00ebt tipik t\u00eb k\u00ebtij trajnimi jan\u00eb t\u00eb rinj q\u00eb kan\u00eb d\u00ebshmuar se kan\u00eb potencial lidershipi p\u00ebr t\u00eb qen\u00eb n\u00eb krye t\u00eb karrier\u00ebs q\u00eb kan\u00eb zgjedhur. Ne besojm\u00eb q\u00eb lidershipi \u00ebsht\u00eb nj\u00eb dhunti e rrall\u00eb e natyr\u00ebs dhe duhet kultivuar dhe ushtruar p\u00ebr \u00e7\u00ebshtjet publike. Prandaj\u00a0 kemi organizuar nj\u00eb trajnim p\u00ebr lidershipin q\u00eb synon q\u00eb t\u00eb nxjerr\u00eb n\u00eb pah lidershipin tuaj, ta p\u00ebrforcoj\u00eb at\u00eb dhe t\u2019ju tregoj\u00eb sesi mund ta p\u00ebrdorni k\u00ebt\u00eb virtyt qoft\u00eb p\u00ebr t\u00eb ecur p\u00ebrpara n\u00eb karrier\u00ebn tuaj dhe qoft\u00eb p\u00ebr t\u00eb \u00e7uar p\u00ebrpara jet\u00ebn publike shqiptare. P\u00ebrpos k\u00ebsaj ky trajnim synon q\u00eb n\u00eb kuad\u00ebr t\u00eb riformatimit dhe ngritjes n\u00eb nivele t\u00eb reja t\u00eb Televizionit Teuta, t\u00eb identifikoj\u00eb, trajnoj\u00eb dhe p\u00ebrfshij\u00eb si bashk\u00ebpun\u00ebtor\u00eb apo gazetar\u00eb t\u00eb rinj q\u00eb jan\u00eb t\u00eb kualifikuar e t\u00eb talentuar p\u00ebr t\u00eb punuar me mediat.<\/p>\n<p>Trajnimi organizohet n\u00eb dy dit\u00eb n\u00eb hotelin Mediterran n\u00eb Ulqin\u00a0 dhe shpenzimet e q\u00ebndrimit mbulohen nga organizator\u00ebt (t\u00eb shtun\u00ebn dhe t\u00eb diel\u00ebn\u00a0 14-15 dhjetor) N\u00eb pjes\u00ebn e par\u00eb do t\u00eb diskutohet p\u00ebr \u00e7\u00ebshtje p\u00ebrmbajt\u00ebsore si mendimi politik,\u00a0 ekonomia, proceset dhe institucionet politike marr\u00ebdh\u00ebniet nd\u00ebrkomb\u00ebtare, decentralizimi,\u00a0 integrimi evropian etj. T\u00eb djel\u00ebn do t\u00eb merret me \u00e7\u00ebshtje m\u00eb praktike dhe konkrete, do t\u00eb diskutohet p\u00ebr mediat dhe komunikimin, fushatimet dhe marr\u00ebdh\u00ebniet me publikun, prezantimet para publikut dhe aft\u00ebsit\u00eb debutuese para kamer\u00ebs. N\u00eb seanc\u00ebn e fundit do t\u00eb trajtohen mund\u00ebsit\u00eb p\u00ebr t\u00eb studiuar jasht\u00eb Shqip\u00ebris\u00eb n\u00eb universitete per\u00ebndimore duke diskutuar mund\u00ebsit\u00eb ekzistuese p\u00ebr shqiptar\u00ebt dhe p\u00ebr m\u00ebnyr\u00ebn m\u00eb t\u00eb mir\u00eb p\u00ebr t\u00eb b\u00ebr\u00eb nj\u00eb aplikim (cv, let\u00ebr rekomandimi, let\u00ebr motivimi, projekt k\u00ebrkimi) apo nj\u00eb intervist\u00eb.<\/p>\n<p>Gjat\u00eb \u00e7do dite t\u00eb trajnimit n\u00eb mesdit\u00eb do t\u00eb organizohet nj\u00eb bised\u00eb me nj\u00eb profesionist t\u00eb shquar e personalitet t\u00eb famsh\u00ebm nga Tirana q\u00eb do t\u00eb flas\u00eb p\u00ebr p\u00ebrvojat e tija.<\/p>\n<p>Pjes\u00ebmarr\u00ebsit do t\u00eb pajisen t\u00eb gjith\u00eb me nj\u00eb \u00e7ertifikat\u00eb pasi p\u00ebrfundimit t\u00eb trajnimit nd\u00ebrkoh\u00eb q\u00eb trajner\u00ebt do t\u00eb p\u00ebrzgjedhin tre student\u00ebt m\u00eb t\u00eb mir\u00eb q\u00eb do t\u00eb p\u00ebrfitojn\u00eb shp\u00ebrblime materiale. Po ashtu pjes\u00ebmarr\u00ebsit m\u00eb t\u00eb zellsh\u00ebm dhe t\u00eb aft\u00eb do t\u00eb ftohen t\u00eb marrin pjes\u00eb n\u00eb aktivitete t\u00eb tjera, do t\u00eb ndihmohen q\u00eb t\u00eb shkojn\u00eb n\u00eb programe studimi jasht\u00eb vendit si dhe do t\u2019u jepet mund\u00ebsia t\u00eb b\u00ebjn\u00eb nj\u00eb internship n\u00eb nj\u00eb nga organizatat partnere.<\/p>\n<p>Stafi i Televizionit Teuta do t\u00eb monitoroj\u00eb aktivitetin dhe do t\u00eb p\u00ebrzgjedh\u00eb disa prej pjes\u00ebmarr\u00ebsve m\u00eb t\u00eb talentuar dhe premtues p\u00ebr t\u00eb marr\u00eb pjes\u00eb n\u00eb trajnime t\u00eb tjera m\u00eb specifike dhe p\u00ebr ti p\u00ebrfshir\u00eb n\u00eb projektin e zgjerimit dhe konsolidimit t\u00eb k\u00ebtij institucioni mediatik n\u00eb t\u00eb ardhmen.<\/p>\n<p>&nbsp;<\/p>\n<p>P\u00ebr t\u00eb aplikuar d\u00ebrgoni tek adresa e emailit <b><span style=\"text-decoration: underline;\">uba@t-com.me <\/span><\/b>nj\u00eb cv tuaj dhe nj\u00eb let\u00ebr t\u00eb shkurt\u00ebr motivimi dy paragraf\u00eb p\u00ebr t\u00eb shpjeguar se p\u00ebrse do t\u00eb donit t\u00eb merrnit pjes\u00eb n\u00eb k\u00ebt\u00eb aktivitet dhe \u00e7far\u00eb p\u00ebrfitimesh shpresoni t\u00eb nxirrni nga ky trajnim.<\/p>\n<div>\n<p><span style=\"color: #000000;\"><span style=\"font-family: Arial; font-size: large;\">Ulqin Biznes Asociacioni &#8211; UBA<\/span><\/span><\/p>\n<div>\n<div>\n<div><span style=\"font-family: Arial; font-size: large;\">Tel:\u00a0\u00a0\u00a0\u00a0\u00a0 +382\/ 30 401-180<br \/>\nFax:\u00a0\u00a0\u00a0\u00a0 +382\/ 30 401-181<br \/>\nMob:\u00a0\u00a0\u00a0 <a href=\"tel:%2B382%2F69%20527-072\" target=\"_blank\">+382\/69 527-072<\/a>, <a href=\"tel:069%20333-663\" target=\"_blank\">069 333-663<\/a><\/span><\/div>\n<div><span style=\"font-family: Arial; font-size: large;\">E-mail: <\/span><a href=\"mailto:uba@t-com.me\" target=\"_blank\"><span style=\"font-family: Arial; font-size: large;\">uba@t-com.me<\/span><\/a><\/div>\n<\/div>\n<\/div>\n<\/div>\n","protected":false},"excerpt":{"rendered":"<p>UBA, Ulqin Biznes Asociaiconi, BKA, Biznes Klub Ana e Malit dhe Televizioni Teuta jan\u00eb duke organizuar nj\u00eb trajnim p\u00ebr \u00e7\u00ebshtje publike p\u00ebr lider\u00eb t\u00eb rinj. N\u00ebse ju ndiheni nj\u00eb lider i ri dhe besoni se zot\u00ebroni aft\u00ebsit\u00eb p\u00ebr t\u00eb b\u00ebr\u00eb p\u00ebr vete t\u00eb tjer\u00eb, p\u00ebr t\u00eb frym\u00ebzuar, mobilizuar apo p\u00ebr t\u00eb drejtuar bashk\u00ebmoshatar\u00ebt e tu [&hellip;]<\/p>\n","protected":false},"author":1,"featured_media":0,"comment_status":"closed","ping_status":"closed","sticky":false,"template":"","format":"standard","meta":{"spay_email":"","jetpack_publicize_message":"","jetpack_is_tweetstorm":false,"jetpack_publicize_feature_enabled":true},"categories":[1,13],"tags":[],"jetpack_publicize_connections":[],"yoast_head":"<!-- This site is optimized with the Yoast SEO plugin v19.1 - https:\/\/yoast.com\/wordpress\/plugins\/seo\/ -->\n<title>UBA: Trajnimi i liderave t\u00eb rinj p\u00ebr \u00e7\u00ebshtje publike ne hotel Mediteran - Lajme nga Ulqini<\/title>\n<meta name=\"description\" content=\"UBA, Ulqin Biznes Asociaiconi, BKA, Biznes Klub Ana e Malit dhe Televizioni Teuta jan\u00eb duke organizuar nj\u00eb trajnim p\u00ebr \u00e7\u00ebshtje publike p\u00ebr lider\u00eb t\u00eb rinj.\" \/>\n<meta name=\"robots\" content=\"index, follow, max-snippet:-1, max-image-preview:large, max-video-preview:-1\" \/>\n<link rel=\"canonical\" href=\"https:\/\/www.visit-ulcinj.com\/blog\/2013\/11\/28\/uba-trajnimi-liderave-te-rinj-per-ceshtje-publike-ne-hotel-mediteran\/\" \/>\n<meta property=\"og:locale\" content=\"en_US\" \/>\n<meta property=\"og:type\" content=\"article\" \/>\n<meta property=\"og:title\" content=\"UBA: Trajnimi i liderave t\u00eb rinj p\u00ebr \u00e7\u00ebshtje publike ne hotel Mediteran - Lajme nga Ulqini\" \/>\n<meta property=\"og:description\" content=\"UBA, Ulqin Biznes Asociaiconi, BKA, Biznes Klub Ana e Malit dhe Televizioni Teuta jan\u00eb duke organizuar nj\u00eb trajnim p\u00ebr \u00e7\u00ebshtje publike p\u00ebr lider\u00eb t\u00eb rinj.\" \/>\n<meta property=\"og:url\" content=\"https:\/\/www.visit-ulcinj.com\/blog\/2013\/11\/28\/uba-trajnimi-liderave-te-rinj-per-ceshtje-publike-ne-hotel-mediteran\/\" \/>\n<meta property=\"og:site_name\" content=\"Lajme nga Ulqini\" \/>\n<meta property=\"article:published_time\" content=\"2013-11-28T15:03:09+00:00\" \/>\n<meta property=\"article:modified_time\" content=\"2013-12-05T20:17:45+00:00\" \/>\n<meta property=\"og:image\" content=\"http:\/\/www.visit-ulcinj.com\/blog\/wp-content\/uploads\/2013\/11\/UBA-ULQIN.jpg\" \/>\n<meta name=\"twitter:label1\" content=\"Written by\" \/>\n\t<meta name=\"twitter:data1\" content=\"ulqini\" \/>\n\t<meta name=\"twitter:label2\" content=\"Est. reading time\" \/>\n\t<meta name=\"twitter:data2\" content=\"3 minutes\" \/>\n<script type=\"application\/ld+json\" class=\"yoast-schema-graph\">{\"@context\":\"https:\/\/schema.org\",\"@graph\":[{\"@type\":\"WebSite\",\"@id\":\"https:\/\/www.visit-ulcinj.com\/blog\/#website\",\"url\":\"https:\/\/www.visit-ulcinj.com\/blog\/\",\"name\":\"Lajme nga Ulqini\",\"description\":\"Lajme,Vijesti,Ulqini,Ulqin,Crna Gora,Mali i Zi\",\"potentialAction\":[{\"@type\":\"SearchAction\",\"target\":{\"@type\":\"EntryPoint\",\"urlTemplate\":\"https:\/\/www.visit-ulcinj.com\/blog\/?s={search_term_string}\"},\"query-input\":\"required name=search_term_string\"}],\"inLanguage\":\"en-US\"},{\"@type\":\"ImageObject\",\"inLanguage\":\"en-US\",\"@id\":\"https:\/\/www.visit-ulcinj.com\/blog\/2013\/11\/28\/uba-trajnimi-liderave-te-rinj-per-ceshtje-publike-ne-hotel-mediteran\/#primaryimage\",\"url\":\"https:\/\/www.visit-ulcinj.com\/blog\/wp-content\/uploads\/2013\/11\/UBA-ULQIN.jpg\",\"contentUrl\":\"https:\/\/www.visit-ulcinj.com\/blog\/wp-content\/uploads\/2013\/11\/UBA-ULQIN.jpg\",\"width\":640,\"height\":480},{\"@type\":\"WebPage\",\"@id\":\"https:\/\/www.visit-ulcinj.com\/blog\/2013\/11\/28\/uba-trajnimi-liderave-te-rinj-per-ceshtje-publike-ne-hotel-mediteran\/#webpage\",\"url\":\"https:\/\/www.visit-ulcinj.com\/blog\/2013\/11\/28\/uba-trajnimi-liderave-te-rinj-per-ceshtje-publike-ne-hotel-mediteran\/\",\"name\":\"UBA: Trajnimi i liderave t\u00eb rinj p\u00ebr \u00e7\u00ebshtje publike ne hotel Mediteran - Lajme nga Ulqini\",\"isPartOf\":{\"@id\":\"https:\/\/www.visit-ulcinj.com\/blog\/#website\"},\"primaryImageOfPage\":{\"@id\":\"https:\/\/www.visit-ulcinj.com\/blog\/2013\/11\/28\/uba-trajnimi-liderave-te-rinj-per-ceshtje-publike-ne-hotel-mediteran\/#primaryimage\"},\"datePublished\":\"2013-11-28T15:03:09+00:00\",\"dateModified\":\"2013-12-05T20:17:45+00:00\",\"author\":{\"@id\":\"https:\/\/www.visit-ulcinj.com\/blog\/#\/schema\/person\/dcab619c614d3038751c63bc2aadc06d\"},\"description\":\"UBA, Ulqin Biznes Asociaiconi, BKA, Biznes Klub Ana e Malit dhe Televizioni Teuta jan\u00eb duke organizuar nj\u00eb trajnim p\u00ebr \u00e7\u00ebshtje publike p\u00ebr lider\u00eb t\u00eb rinj.\",\"breadcrumb\":{\"@id\":\"https:\/\/www.visit-ulcinj.com\/blog\/2013\/11\/28\/uba-trajnimi-liderave-te-rinj-per-ceshtje-publike-ne-hotel-mediteran\/#breadcrumb\"},\"inLanguage\":\"en-US\",\"potentialAction\":[{\"@type\":\"ReadAction\",\"target\":[\"https:\/\/www.visit-ulcinj.com\/blog\/2013\/11\/28\/uba-trajnimi-liderave-te-rinj-per-ceshtje-publike-ne-hotel-mediteran\/\"]}]},{\"@type\":\"BreadcrumbList\",\"@id\":\"https:\/\/www.visit-ulcinj.com\/blog\/2013\/11\/28\/uba-trajnimi-liderave-te-rinj-per-ceshtje-publike-ne-hotel-mediteran\/#breadcrumb\",\"itemListElement\":[{\"@type\":\"ListItem\",\"position\":1,\"name\":\"UBA: Trajnimi i liderave t\u00eb rinj p\u00ebr \u00e7\u00ebshtje publike ne hotel Mediteran\"}]},{\"@type\":\"Person\",\"@id\":\"https:\/\/www.visit-ulcinj.com\/blog\/#\/schema\/person\/dcab619c614d3038751c63bc2aadc06d\",\"name\":\"ulqini\",\"sameAs\":[\"http:\/\/www.visit-ulcinj.com\"],\"url\":\"https:\/\/www.visit-ulcinj.com\/blog\/author\/admin\/\"}]}<\/script>\n<!-- \/ Yoast SEO plugin. -->","yoast_head_json":{"title":"UBA: Trajnimi i liderave t\u00eb rinj p\u00ebr \u00e7\u00ebshtje publike ne hotel Mediteran - Lajme nga Ulqini","description":"UBA, Ulqin Biznes Asociaiconi, BKA, Biznes Klub Ana e Malit dhe Televizioni Teuta jan\u00eb duke organizuar nj\u00eb trajnim p\u00ebr \u00e7\u00ebshtje publike p\u00ebr lider\u00eb t\u00eb rinj.","robots":{"index":"index","follow":"follow","max-snippet":"max-snippet:-1","max-image-preview":"max-image-preview:large","max-video-preview":"max-video-preview:-1"},"canonical":"https:\/\/www.visit-ulcinj.com\/blog\/2013\/11\/28\/uba-trajnimi-liderave-te-rinj-per-ceshtje-publike-ne-hotel-mediteran\/","og_locale":"en_US","og_type":"article","og_title":"UBA: Trajnimi i liderave t\u00eb rinj p\u00ebr \u00e7\u00ebshtje publike ne hotel Mediteran - Lajme nga Ulqini","og_description":"UBA, Ulqin Biznes Asociaiconi, BKA, Biznes Klub Ana e Malit dhe Televizioni Teuta jan\u00eb duke organizuar nj\u00eb trajnim p\u00ebr \u00e7\u00ebshtje publike p\u00ebr lider\u00eb t\u00eb rinj.","og_url":"https:\/\/www.visit-ulcinj.com\/blog\/2013\/11\/28\/uba-trajnimi-liderave-te-rinj-per-ceshtje-publike-ne-hotel-mediteran\/","og_site_name":"Lajme nga Ulqini","article_published_time":"2013-11-28T15:03:09+00:00","article_modified_time":"2013-12-05T20:17:45+00:00","og_image":[{"url":"http:\/\/www.visit-ulcinj.com\/blog\/wp-content\/uploads\/2013\/11\/UBA-ULQIN.jpg"}],"twitter_misc":{"Written by":"ulqini","Est. reading time":"3 minutes"},"schema":{"@context":"https:\/\/schema.org","@graph":[{"@type":"WebSite","@id":"https:\/\/www.visit-ulcinj.com\/blog\/#website","url":"https:\/\/www.visit-ulcinj.com\/blog\/","name":"Lajme nga Ulqini","description":"Lajme,Vijesti,Ulqini,Ulqin,Crna Gora,Mali i Zi","potentialAction":[{"@type":"SearchAction","target":{"@type":"EntryPoint","urlTemplate":"https:\/\/www.visit-ulcinj.com\/blog\/?s={search_term_string}"},"query-input":"required name=search_term_string"}],"inLanguage":"en-US"},{"@type":"ImageObject","inLanguage":"en-US","@id":"https:\/\/www.visit-ulcinj.com\/blog\/2013\/11\/28\/uba-trajnimi-liderave-te-rinj-per-ceshtje-publike-ne-hotel-mediteran\/#primaryimage","url":"https:\/\/www.visit-ulcinj.com\/blog\/wp-content\/uploads\/2013\/11\/UBA-ULQIN.jpg","contentUrl":"https:\/\/www.visit-ulcinj.com\/blog\/wp-content\/uploads\/2013\/11\/UBA-ULQIN.jpg","width":640,"height":480},{"@type":"WebPage","@id":"https:\/\/www.visit-ulcinj.com\/blog\/2013\/11\/28\/uba-trajnimi-liderave-te-rinj-per-ceshtje-publike-ne-hotel-mediteran\/#webpage","url":"https:\/\/www.visit-ulcinj.com\/blog\/2013\/11\/28\/uba-trajnimi-liderave-te-rinj-per-ceshtje-publike-ne-hotel-mediteran\/","name":"UBA: Trajnimi i liderave t\u00eb rinj p\u00ebr \u00e7\u00ebshtje publike ne hotel Mediteran - Lajme nga Ulqini","isPartOf":{"@id":"https:\/\/www.visit-ulcinj.com\/blog\/#website"},"primaryImageOfPage":{"@id":"https:\/\/www.visit-ulcinj.com\/blog\/2013\/11\/28\/uba-trajnimi-liderave-te-rinj-per-ceshtje-publike-ne-hotel-mediteran\/#primaryimage"},"datePublished":"2013-11-28T15:03:09+00:00","dateModified":"2013-12-05T20:17:45+00:00","author":{"@id":"https:\/\/www.visit-ulcinj.com\/blog\/#\/schema\/person\/dcab619c614d3038751c63bc2aadc06d"},"description":"UBA, Ulqin Biznes Asociaiconi, BKA, Biznes Klub Ana e Malit dhe Televizioni Teuta jan\u00eb duke organizuar nj\u00eb trajnim p\u00ebr \u00e7\u00ebshtje publike p\u00ebr lider\u00eb t\u00eb rinj.","breadcrumb":{"@id":"https:\/\/www.visit-ulcinj.com\/blog\/2013\/11\/28\/uba-trajnimi-liderave-te-rinj-per-ceshtje-publike-ne-hotel-mediteran\/#breadcrumb"},"inLanguage":"en-US","potentialAction":[{"@type":"ReadAction","target":["https:\/\/www.visit-ulcinj.com\/blog\/2013\/11\/28\/uba-trajnimi-liderave-te-rinj-per-ceshtje-publike-ne-hotel-mediteran\/"]}]},{"@type":"BreadcrumbList","@id":"https:\/\/www.visit-ulcinj.com\/blog\/2013\/11\/28\/uba-trajnimi-liderave-te-rinj-per-ceshtje-publike-ne-hotel-mediteran\/#breadcrumb","itemListElement":[{"@type":"ListItem","position":1,"name":"UBA: Trajnimi i liderave t\u00eb rinj p\u00ebr \u00e7\u00ebshtje publike ne hotel Mediteran"}]},{"@type":"Person","@id":"https:\/\/www.visit-ulcinj.com\/blog\/#\/schema\/person\/dcab619c614d3038751c63bc2aadc06d","name":"ulqini","sameAs":["http:\/\/www.visit-ulcinj.com"],"url":"https:\/\/www.visit-ulcinj.com\/blog\/author\/admin\/"}]}},"jetpack_featured_media_url":"","jetpack_sharing_enabled":true,"jetpack_shortlink":"https:\/\/wp.me\/pe6lTn-jWN","_links":{"self":[{"href":"https:\/\/www.visit-ulcinj.com\/blog\/wp-json\/wp\/v2\/posts\/76681"}],"collection":[{"href":"https:\/\/www.visit-ulcinj.com\/blog\/wp-json\/wp\/v2\/posts"}],"about":[{"href":"https:\/\/www.visit-ulcinj.com\/blog\/wp-json\/wp\/v2\/types\/post"}],"author":[{"embeddable":true,"href":"https:\/\/www.visit-ulcinj.com\/blog\/wp-json\/wp\/v2\/users\/1"}],"replies":[{"embeddable":true,"href":"https:\/\/www.visit-ulcinj.com\/blog\/wp-json\/wp\/v2\/comments?post=76681"}],"version-history":[{"count":1,"href":"https:\/\/www.visit-ulcinj.com\/blog\/wp-json\/wp\/v2\/posts\/76681\/revisions"}],"predecessor-version":[{"id":76684,"href":"https:\/\/www.visit-ulcinj.com\/blog\/wp-json\/wp\/v2\/posts\/76681\/revisions\/76684"}],"wp:attachment":[{"href":"https:\/\/www.visit-ulcinj.com\/blog\/wp-json\/wp\/v2\/media?parent=76681"}],"wp:term":[{"taxonomy":"category","embeddable":true,"href":"https:\/\/www.visit-ulcinj.com\/blog\/wp-json\/wp\/v2\/categories?post=76681"},{"taxonomy":"post_tag","embeddable":true,"href":"https:\/\/www.visit-ulcinj.com\/blog\/wp-json\/wp\/v2\/tags?post=76681"}],"curies":[{"name":"wp","href":"https:\/\/api.w.org\/{rel}","templated":true}]}}