{"id":76691,"date":"2013-11-28T18:33:55","date_gmt":"2013-11-28T17:33:55","guid":{"rendered":"http:\/\/www.visit-ulcinj.com\/blog\/?p=76691"},"modified":"2013-12-05T21:18:23","modified_gmt":"2013-12-05T20:18:23","slug":"kallaba-perdorimi-simboleve-kombetare-eshte-kufizuar","status":"publish","type":"post","link":"https:\/\/www.visit-ulcinj.com\/blog\/2013\/11\/28\/kallaba-perdorimi-simboleve-kombetare-eshte-kufizuar\/","title":{"rendered":"Kallaba: P\u00ebrdorimi i simboleve komb\u00ebtare \u00ebsht\u00eb i kufizuar"},"content":{"rendered":"<p><a href=\"http:\/\/www.visit-ulcinj.com\/blog\/wp-content\/uploads\/2013\/11\/ismet-kallaba-1.jpg\"><img loading=\"lazy\" class=\"alignleft  wp-image-76692\" alt=\"ismet-kallaba-1\" src=\"http:\/\/www.visit-ulcinj.com\/blog\/wp-content\/uploads\/2013\/11\/ismet-kallaba-1.jpg\" width=\"508\" height=\"360\" \/><\/a>E, kur flasim p\u00ebr t\u00eb drejtat e shqiptar\u00ebve, t\u00eb shp\u00ebrndar\u00eb gjithandej n\u00ebp\u00ebr shtetet e rajonit, hi\u00e7 m\u00eb mir\u00eb nuk q\u00ebndrojn\u00eb as ata n\u00eb Mal t\u00eb Zi. P\u00ebrdorimi i simboleve komb\u00ebtare \u00ebsht\u00eb i kufizuar p\u00ebr t\u00eb gjith\u00eb ata shqiptar\u00eb q\u00eb jetojn\u00eb n\u00eb shtetin malazez. Publicisti nga Mali i Zi, Ismet Kallaba, thekson se as ligji aktual por as ai q\u00eb pritet t\u00eb miratohet s\u00eb shpejti n\u00eb Parlamentin malazez, nuk e lejon p\u00ebrdorimin e lir\u00eb t\u00eb simboleve komb\u00ebtare shqiptare.<\/p>\n<p>\u201cMe ligjin ekzistues i cili \u00ebsht\u00eb n\u00eb fuqi p\u00ebr p\u00ebrdorimin e simboleve nacionale, p\u00ebrdorimi i simboleve nacionale p\u00ebr shqiptar\u00ebt ne Mal t\u00eb Zi \u00ebsht\u00eb mjaft i kufizuar. Megjithat\u00eb n\u00eb shqyrtim publik \u00ebsht\u00eb ligji i ri mbi zgjedhjen, p\u00ebrdorimin dhe shfaqjen publike apo ekspozimin publik t\u00eb simboleve nacionale t\u00eb pakicave q\u00eb n\u00eb k\u00ebt\u00eb rast hyjn\u00eb edhe shqiptar\u00ebt i cili n\u00eb nj\u00eb m\u00ebnyr\u00eb e avancon p\u00ebrdorimin e flamurit dhe t\u00eb simboleve komb\u00ebtare t\u00eb shqiptar\u00ebve n\u00eb Mal t\u00eb Zi. Megjithat\u00eb duhet theksua se edhe projektligji i ri q\u00eb pritet t\u00eb miratohet s\u00eb shpejti n\u00eb Parlamentin e Malit t\u00eb Zi, \u00ebsht\u00eb nj\u00eb ligj i cili n\u00eb nj\u00eb m\u00ebnyr\u00eb p\u00ebrs\u00ebri nuk e lejon p\u00ebrdorimin e lir\u00eb t\u00eb simboleve nacionale t\u00eb shqiptar\u00ebve dhe t\u00eb pakicave tjera. Aty parashikohet q\u00eb nj\u00eb pakic\u00eb duhet t\u00eb p\u00ebrb\u00ebj\u00eb ose duhet t\u00eb marr\u00eb pjes\u00eb n\u00eb nj\u00eb num\u00ebr t\u00eb konsideruesh\u00ebm dhe \u00ebsht\u00eb p\u00ebrcaktuar p\u00ebrqindja, prej 15 p\u00ebr qind n\u00eb m\u00ebnyr\u00eb q\u00eb simbolet nacionale ose flamuri i asaj pakice t\u00eb ket\u00eb t\u00eb drejt\u00eb p\u00ebrdorimi n\u00eb nj\u00eb territor t\u00eb caktuar\u201d, thot\u00eb Kallaba.<\/p>\n<p>Duke hedhur kritika edhe mbi Draftligjin e ri, Kallaba, potencon se vet\u00ebm dy komuna n\u00eb t\u00ebr\u00eb Malin e Zi, mund ta p\u00ebrdorin lirsh\u00ebm flamurin dhe simbolet komb\u00ebtare.<\/p>\n<p>\u201cKjo i bie q\u00eb sa i p\u00ebrket shqiptar\u00ebve, duke pasur parasysh edhe konfigurimin e tyre dhe p\u00ebrqindjen e tyre n\u00eb trevat ku jetojn\u00eb shqiptar\u00ebt n\u00eb Mal t\u00eb Zi, i bie q\u00eb edhe me ligjin e ri shqiptar\u00ebt t\u00eb ken\u00eb p\u00ebrdorim t\u00eb lir\u00eb vet\u00ebm n\u00eb Ulqin dhe n\u00eb Plav\u00eb por jo edhe n\u00eb treva tjera ku shqiptar\u00ebt nuk p\u00ebrb\u00ebjn\u00eb 15 p\u00ebr qind. Duhet t\u00eb kemi parasysh edhe nj\u00eb gj tjet\u00ebr sa i p\u00ebrket p\u00ebrdorimit t\u00eb simboleve nacionale, edhe me ligjin ekzistues por edhe me aktual nuk \u00ebsht\u00eb shum\u00eb problem p\u00ebrdorimi i simboleve privat pra n\u00eb festa etj, sa \u00ebsht\u00eb p\u00ebrdorimi i tij publik\u201d, shton ai. \/RTK\/<\/p>\n<p><strong>Telegrafi<\/strong><\/p>\n<!--YouTube Error: bad URL entered-->\n<p><strong>N\u00ebntor\u00ebt e krenaris\u00eb, n\u00ebntor\u00ebt e betejave e t\u00eb heroizmit, t\u00eb p\u00ebrpjekjeve shekullore p\u00ebr liri e pavar\u00ebsi, kombin shqiptar e gjejn\u00eb t\u00eb ndar\u00eb padrejt\u00ebsisht nga rr\u00ebnja etnike n\u00eb disa shtete t\u00eb rajonit t\u00eb Ballkanit t\u00eb trazuar. Ky komb, q\u00eb shtegtoi nga viti n\u00eb vit, i p\u00ebrgjakur e i gjymtuar, n\u00ebp\u00ebr stuhit\u00eb e koh\u00ebve t\u00eb liga, pati para vet\u00ebs dor\u00ebn q\u00eb ndalonte t\u00eb drejt\u00ebn e tij p\u00ebr liri, p\u00ebr gjuh\u00eb e flamur.<\/strong><\/p>\n<p>N\u00eb vend t\u00eb kremtes s\u00eb 28 N\u00ebntorit-Dit\u00ebs s\u00eb Flamurit, shqiptar\u00ebt e Lugin\u00ebs s\u00eb Preshev\u00ebs, pothuajse \u00e7do vit mbajn\u00eb protesta. M\u00eb an\u00eb t\u00eb k\u00ebtyre protestave ata k\u00ebrkoj\u00eb liri m\u00eb shum\u00eb, p\u00ebr p\u00ebrdorimin e simboleve komb\u00ebtare shqiptare, shkruan RTK.<\/p>\n<p>Belgzim Kamberi, kryetar i K\u00ebshillit p\u00ebr t\u00eb Drejtat e Njeriut n\u00eb Lugin\u00ebn e Preshev\u00ebs, thekson se shteti serb mundohet q\u00eb t`ua imponoj\u00eb shqiptar\u00ebve nj\u00eb flamur q\u00eb nuk iu p\u00ebrket aspak interesave dhe tradit\u00ebs komb\u00ebtare shqiptare.<\/p>\n<p>\u201cMegjith\u00ebse Serbia promovon vullnet politik kinse p\u00ebr t`i respektuar t\u00eb drejtat e komuniteteve joserbe dhe n\u00eb k\u00ebt\u00eb rast komunitetit shqiptar, megjithat\u00eb ndalimi i p\u00ebrdorimit t\u00eb simbolit komb\u00ebtar shqiptar reflekton nj\u00eb antishqiptariz\u00ebm paraekselanc\u00eb.<\/p>\n<p>N\u00eb an\u00ebn tjet\u00ebr, Serbia n\u00eb em\u00ebr t\u00eb normave nd\u00ebrkomb\u00ebtare, p\u00ebrpiqet ta imponoj\u00eb nj\u00eb flamur i cili \u00ebsht\u00eb n\u00eb s\u2019p\u00ebrputhje me historin\u00eb dhe traditat e kombit shqiptar dhe aq m\u00eb tep\u00ebr kur kemi parasysh se ky simbol komb\u00ebtar \u00ebsht\u00eb lejuar edhe n\u00eb koh\u00ebn e Titos, pavar\u00ebsisht q\u00eb ideologjit\u00eb politike ishin edhe m\u00eb t\u00eb ashpra. N\u00eb k\u00ebt\u00eb kuptim Serbia d\u00ebshiron t\u00eb imponoj\u00eb simbolet q\u00eb nuk jan\u00eb n\u00eb p\u00ebrputhje me interesat komb\u00ebtare dhe tradit\u00ebn komb\u00ebtare shqiptare, kjo \u00ebsht\u00eb nj\u00eb shkelje e t\u00eb gjitha t\u00eb drejtave nd\u00ebrkomb\u00ebtare pavar\u00ebsisht se b\u00ebhet dhe legjitimohet n\u00eb em\u00ebr t\u00eb k\u00ebtyre konventave nd\u00ebrkomb\u00ebtare\u201d, thot\u00eb Belg\u00ebzim Kamberi.<\/p>\n<p>N\u00eb an\u00ebn tjet\u00ebr deputeti n\u00eb Parlamentin e Serbis\u00eb, Riza Halimi, thekson se nga vitit 1968 deri n\u00eb vitin 1990, \u00ebsht\u00eb p\u00ebrdor lirsh\u00ebm dhe n\u00eb m\u00ebnyr\u00eb institucionale simboli komb\u00ebtar. Mir\u00ebpo, rreth fillimit t\u00eb vitit 1990 \u00ebsht\u00eb ndaluar p\u00ebrdorimi i flamurit komb\u00ebtar nga regjimi i Slobodan Milosevicit. Sipas tij, K\u00ebshilli Nacional i Shqiptar\u00ebve n\u00eb Lugin\u00eb t\u00eb Preshev\u00ebs, kishte paraqitur nj\u00eb variant p\u00ebr simbolin e tyre, q\u00eb do t\u00eb ishte flamuri komb\u00ebtar por me nj\u00eb dimension m\u00eb ndryshe.<\/p>\n<p>\u201cK\u00ebshilli Nacional tentoi vitin e kaluar q\u00eb ta paraqes nj\u00eb version p\u00ebr zgjidhje q\u00eb dallimi te jet\u00eb n\u00eb dimensionin e flamurit komb\u00ebtar dhe t\u00eb mos jet\u00eb identik me at\u00eb q\u00eb p\u00ebrdoret n\u00eb shtetin am\u00eb. Mir\u00ebpo kjo nuk \u00ebsht\u00eb pranuar dhe tashm\u00eb faktikisht pozicionet e shqiptar\u00ebve n\u00eb Lugin\u00eb jan\u00eb betonuar. Subjektet politike shqiptare dalin me argumente se simboli komb\u00ebtar duhet t\u00eb p\u00ebrdoret i pandryshuar edhe n\u00eb Shqip\u00ebri edhe n\u00eb Mal t\u00eb Zi edhe pse n\u00eb Mal t\u00eb Zi ka disa iniciativa q\u00eb n\u00eb nj\u00eb m\u00ebnyr\u00eb p\u00ebr ta marr\u00eb p\u00ebrvoj\u00ebn e Serbis\u00eb, mir\u00ebpo n\u00eb k\u00ebto momente edhe m\u00eb i fort\u00eb \u00ebsht\u00eb fati se serbet n\u00eb Kosov\u00eb e p\u00ebrdorin flamurin e tyre pa e ndryshuar fare n\u00eb \u00e7do fshat t\u00eb Kosov\u00ebs\u201d, thot\u00eb Riza Halimi.<\/p>\n<p>Pavar\u00ebsisht p\u00ebrpjekjeve dhe protestave t\u00eb vazhdueshme t\u00eb shqiptar\u00ebve, q\u00eb p\u00ebrdorimi i simboleve komb\u00ebtare t\u00eb lejohet me ligj, k\u00ebrkesat e tyre nuk jan\u00eb p\u00ebrfillur asnj\u00ebher\u00eb nga ana e Beogradit zyrtar. Belg\u00ebzim Kamberi thot\u00eb se as faktori nd\u00ebrkomb\u00ebtar nuk \u00ebsht\u00eb treguar i gatsh\u00ebm p\u00ebr t\u00eb nd\u00ebrhyr\u00eb n\u00eb zgjidhjen e k\u00ebsaj \u00e7\u00ebshtje.<\/p>\n<p>\u201cN\u00eb an\u00ebn tjet\u00ebr, gjithnj\u00eb kemi hasur n\u00eb vesh t\u00eb shurdh\u00ebr nga autoritetet e Beogradit dhe ajo q\u00eb \u00ebsht\u00eb edhe m\u00eb shqet\u00ebsuese \u00ebsht\u00eb se edhe vet faktori nd\u00ebrkomb\u00ebtar, p\u00ebr t\u00eb mos i provokuar ndoshta ndjenjat e Serbis\u00eb, nuk b\u00ebn\u00eb sa duhet kur i p\u00ebrket \u00e7\u00ebshtjes s\u00eb simboleve komb\u00ebtare por faktikisht p\u00ebrpiqet q\u00eb t`i inkurajoj\u00eb shqiptar\u00ebt p\u00ebr t\u00eb zgjedh\u00eb nj\u00eb simbol t\u00eb tyre t\u00eb p\u00ebraf\u00ebrt por t\u00eb ndrysh\u00ebm nga ai i Republik\u00ebs s\u00eb Shqip\u00ebris\u00eb. Mendoj se n\u00eb k\u00ebt\u00eb aspekt edhe faktori nd\u00ebrkomb\u00ebtar \u00ebsht\u00eb n\u00eb s\u2019p\u00ebrputhje krejt\u00ebsisht me historiografin\u00eb sociologjike dhe komb\u00ebtare t\u00eb popullit shqiptar n\u00eb p\u00ebrgjith\u00ebsi\u201d, thot\u00eb Belg\u00ebzim Kamberi.<\/p>\n<p>Shteti serb e ka parasysh se popullata shqiptare n\u00eb Lugin\u00eb nuk e p\u00ebrkrah ndryshimin e simbolit komb\u00ebtar shqiptar. Nd\u00ebrkoh\u00eb, spektri politik shqiptar, gjendjet n\u00eb nj\u00eb pozit\u00eb jo edhe aq t\u00eb mir\u00eb p\u00ebr shkak t\u00eb gjendjes ekzistuese atje. N\u00eb pamund\u00ebsi p\u00ebr t\u00eb v\u00ebn\u00eb baz\u00ebn e s\u00eb drejt\u00ebs p\u00ebr p\u00ebrdorimin e simboleve komb\u00ebtare, shqiptar\u00ebt nga Lugina shpeshher\u00eb i jan\u00eb drejtuar edhe autoriteteve zyrtare n\u00eb Prishtin\u00eb e Tiran\u00eb. Por, Belg\u00ebzim Kamberi thekson si politikan\u00ebt e Lugin\u00ebs duhet t\u00eb b\u00ebjn\u00eb nj\u00eb presion m\u00eb t\u00eb madh tek autoritete n\u00eb Kosov\u00eb e Serbi p\u00ebr ta zgjidhur nj\u00ebher\u00eb e p\u00ebrgjithmon\u00eb k\u00ebt\u00eb \u00e7\u00ebshtje.<\/p>\n<p>Si deg\u00eb t\u00eb thyera nga trungu i lasht\u00eb shekullor, fatin e nj\u00ebjt\u00eb t\u00eb v\u00ebllez\u00ebrve nga Presheva, e kan\u00eb edhe shqiptar\u00ebt n\u00eb Maqedoni.<\/p>\n<p>Menj\u00ebher\u00eb pas p\u00ebrfundimit t\u00eb luft\u00ebs \u00e7lirimtare n\u00eb Lugin\u00ebn e Preshev\u00ebs, filluan luft\u00ebn e armatosur p\u00ebr t`i fituar me gjak t\u00eb drejtat e tyre. Me d\u00ebshmor\u00eb e martir\u00eb, populli shqiptar n\u00eb Maqedoni, fituan nj\u00eb gjysm\u00eb lirie, por jo edhe ato t\u00eb drejta q\u00eb u takojn\u00eb si populli m\u00eb dominues n\u00eb at\u00eb shtet, pas maqedonasve. Lidhur me k\u00ebt\u00eb, Shp\u00ebtim Pollozhani, kryetar i Shoqat\u00ebs s\u00eb t\u00eb Burgosurve Politik, thekson se populli shqiptar ka fituar vet\u00ebm disa t\u00eb drejta, q\u00eb ai i quan si \u201ct\u00eb drejta deklarative\u201d.<\/p>\n<p>\u201cSe sa kemi t\u00eb b\u00ebjm\u00eb me t\u00eb drejtat e shqiptar\u00ebve mund t\u00eb them se shqiptar\u00ebt kan\u00eb nj\u00eb avancim t\u00eb t\u00eb drejtave t\u00eb tyre, por avancim vet\u00ebm deklarativ. Avancim deklarativ p\u00ebr arsye se deklarohemi si shoq\u00ebri multietnike e demokratike por n\u00eb fakt disa procese mund t\u00eb them se jan\u00eb retrograde me plot\u00eb kuptimin e fjal\u00ebs. P.sh., n\u00eb dit\u00ebn e flamurit nuk ka asnj\u00eb iniciativ\u00eb p\u00ebr t\u00eb protestuar kund\u00ebr ligjit q\u00eb \u00ebsht\u00eb sjell\u00eb n\u00eb Parlamentin e Maqedonis\u00eb para dy vitesh, q\u00eb flamuri shqiptar t\u00eb jet\u00eb p\u00ebr nj\u00eb t\u00eb tret\u00ebn m\u00eb i vog\u00ebl se flamuri maqedonas. Ky \u00ebsht\u00eb ligj dhe ky ligj ka filluar edhe t\u00eb zbatohet por me nj\u00eb kujdes nga ana e pushtetar\u00ebve, p.sh., zbatohet n\u00eb viset ku shqiptar\u00ebt nuk jan\u00eb shumic\u00eb absolute\u201d, thot\u00eb Pollozhani.<\/p>\n<p>Gjendja e arsimit n\u00eb gjuh\u00ebn shqipe \u00ebsht\u00eb larg k\u00ebrkesave t\u00eb shqiptar\u00ebve n\u00eb Maqedoni. Shumica e teksteve p\u00ebr shkollat e mesme dhe ato fillore, jan\u00eb t\u00eb p\u00ebrkthyera nga gjuha maqedonase. Madje, pavar\u00ebsisht thirrjeve nga ana e popullit shqiptar q\u00eb shteti maqedonas t`i njeh t\u00eb drejtat e shqiptar\u00ebve, nj\u00eb gj\u00eb e till\u00eb nuk zbatohet n\u00eb praktik\u00eb.<\/p>\n<p>Incidentet nd\u00ebretnike n\u00eb Maqedoni, vazhdojn\u00eb t\u00eb jen\u00eb t\u00eb pranishme. Dhun\u00eb \u00ebsht\u00eb shprehur me rrahjen e nx\u00ebn\u00ebsve shqiptar\u00eb nga huligan\u00ebt maqedonas dhe kjo dhun\u00eb ishte ushtruar nga maqedonasit disa her\u00eb me radh\u00eb. Menj\u00ebher\u00eb pas k\u00ebsaj, shqiptar\u00ebt kishin organizuar protesta por asnj\u00ebher\u00eb nuk ishin zbuluar aktor\u00ebt e v\u00ebrtet\u00eb. Shp\u00ebtim Pollozhani mendon se kjo gjithsesi \u00ebsht\u00eb n\u00ebn regjin\u00eb e sh\u00ebrbimeve sekrete t\u00eb cil\u00ebt jan\u00eb n\u00ebn kontrollin e pushtetit. Sipas tij, k\u00ebto sulme b\u00ebhen gjithnj\u00eb n\u00eb \u00e7astet kur Maqedonia duhet t\u00eb marr\u00eb ndonj\u00eb dat\u00eb qoft\u00eb p\u00ebr bisedime apo an\u00ebtar\u00ebsim n\u00eb ndonj\u00eb institucion nd\u00ebrkomb\u00ebtar, si\u00e7 jan\u00eb NATO dhe BE-ja.<\/p>\n<p><strong>Telegrafi<\/strong><\/p>\n","protected":false},"excerpt":{"rendered":"<p>E, kur flasim p\u00ebr t\u00eb drejtat e shqiptar\u00ebve, t\u00eb shp\u00ebrndar\u00eb gjithandej n\u00ebp\u00ebr shtetet e rajonit, hi\u00e7 m\u00eb mir\u00eb nuk q\u00ebndrojn\u00eb as ata n\u00eb Mal t\u00eb Zi. P\u00ebrdorimi i simboleve komb\u00ebtare \u00ebsht\u00eb i kufizuar p\u00ebr t\u00eb gjith\u00eb ata shqiptar\u00eb q\u00eb jetojn\u00eb n\u00eb shtetin malazez. Publicisti nga Mali i Zi, Ismet Kallaba, thekson se as ligji aktual [&hellip;]<\/p>\n","protected":false},"author":1,"featured_media":0,"comment_status":"closed","ping_status":"closed","sticky":false,"template":"","format":"standard","meta":{"spay_email":"","jetpack_publicize_message":"","jetpack_is_tweetstorm":false,"jetpack_publicize_feature_enabled":true},"categories":[4,1],"tags":[],"jetpack_publicize_connections":[],"yoast_head":"<!-- This site is optimized with the Yoast SEO plugin v19.1 - https:\/\/yoast.com\/wordpress\/plugins\/seo\/ -->\n<title>Kallaba: P\u00ebrdorimi i simboleve komb\u00ebtare \u00ebsht\u00eb i kufizuar - Lajme nga Ulqini<\/title>\n<meta name=\"description\" content=\"E, kur flasim p\u00ebr t\u00eb drejtat e shqiptar\u00ebve, t\u00eb shp\u00ebrndar\u00eb gjithandej n\u00ebp\u00ebr shtetet e rajonit, hi\u00e7 m\u00eb mir\u00eb nuk q\u00ebndrojn\u00eb as ata n\u00eb Mal t\u00eb Zi. P\u00ebrdorimi i\" \/>\n<meta name=\"robots\" content=\"index, follow, max-snippet:-1, max-image-preview:large, max-video-preview:-1\" \/>\n<link rel=\"canonical\" href=\"https:\/\/www.visit-ulcinj.com\/blog\/2013\/11\/28\/kallaba-perdorimi-simboleve-kombetare-eshte-kufizuar\/\" \/>\n<meta property=\"og:locale\" content=\"en_US\" \/>\n<meta property=\"og:type\" content=\"article\" \/>\n<meta property=\"og:title\" content=\"Kallaba: P\u00ebrdorimi i simboleve komb\u00ebtare \u00ebsht\u00eb i kufizuar - Lajme nga Ulqini\" \/>\n<meta property=\"og:description\" content=\"E, kur flasim p\u00ebr t\u00eb drejtat e shqiptar\u00ebve, t\u00eb shp\u00ebrndar\u00eb gjithandej n\u00ebp\u00ebr shtetet e rajonit, hi\u00e7 m\u00eb mir\u00eb nuk q\u00ebndrojn\u00eb as ata n\u00eb Mal t\u00eb Zi. P\u00ebrdorimi i\" \/>\n<meta property=\"og:url\" content=\"https:\/\/www.visit-ulcinj.com\/blog\/2013\/11\/28\/kallaba-perdorimi-simboleve-kombetare-eshte-kufizuar\/\" \/>\n<meta property=\"og:site_name\" content=\"Lajme nga Ulqini\" \/>\n<meta property=\"article:published_time\" content=\"2013-11-28T17:33:55+00:00\" \/>\n<meta property=\"article:modified_time\" content=\"2013-12-05T20:18:23+00:00\" \/>\n<meta property=\"og:image\" content=\"http:\/\/www.visit-ulcinj.com\/blog\/wp-content\/uploads\/2013\/11\/ismet-kallaba-1.jpg\" \/>\n<meta name=\"twitter:label1\" content=\"Written by\" \/>\n\t<meta name=\"twitter:data1\" content=\"ulqini\" \/>\n\t<meta name=\"twitter:label2\" content=\"Est. reading time\" \/>\n\t<meta name=\"twitter:data2\" content=\"9 minutes\" \/>\n<script type=\"application\/ld+json\" class=\"yoast-schema-graph\">{\"@context\":\"https:\/\/schema.org\",\"@graph\":[{\"@type\":\"WebSite\",\"@id\":\"https:\/\/www.visit-ulcinj.com\/blog\/#website\",\"url\":\"https:\/\/www.visit-ulcinj.com\/blog\/\",\"name\":\"Lajme nga Ulqini\",\"description\":\"Lajme,Vijesti,Ulqini,Ulqin,Crna Gora,Mali i Zi\",\"potentialAction\":[{\"@type\":\"SearchAction\",\"target\":{\"@type\":\"EntryPoint\",\"urlTemplate\":\"https:\/\/www.visit-ulcinj.com\/blog\/?s={search_term_string}\"},\"query-input\":\"required name=search_term_string\"}],\"inLanguage\":\"en-US\"},{\"@type\":\"ImageObject\",\"inLanguage\":\"en-US\",\"@id\":\"https:\/\/www.visit-ulcinj.com\/blog\/2013\/11\/28\/kallaba-perdorimi-simboleve-kombetare-eshte-kufizuar\/#primaryimage\",\"url\":\"https:\/\/www.visit-ulcinj.com\/blog\/wp-content\/uploads\/2013\/11\/ismet-kallaba-1.jpg\",\"contentUrl\":\"https:\/\/www.visit-ulcinj.com\/blog\/wp-content\/uploads\/2013\/11\/ismet-kallaba-1.jpg\",\"width\":547,\"height\":490},{\"@type\":\"WebPage\",\"@id\":\"https:\/\/www.visit-ulcinj.com\/blog\/2013\/11\/28\/kallaba-perdorimi-simboleve-kombetare-eshte-kufizuar\/#webpage\",\"url\":\"https:\/\/www.visit-ulcinj.com\/blog\/2013\/11\/28\/kallaba-perdorimi-simboleve-kombetare-eshte-kufizuar\/\",\"name\":\"Kallaba: P\u00ebrdorimi i simboleve komb\u00ebtare \u00ebsht\u00eb i kufizuar - Lajme nga Ulqini\",\"isPartOf\":{\"@id\":\"https:\/\/www.visit-ulcinj.com\/blog\/#website\"},\"primaryImageOfPage\":{\"@id\":\"https:\/\/www.visit-ulcinj.com\/blog\/2013\/11\/28\/kallaba-perdorimi-simboleve-kombetare-eshte-kufizuar\/#primaryimage\"},\"datePublished\":\"2013-11-28T17:33:55+00:00\",\"dateModified\":\"2013-12-05T20:18:23+00:00\",\"author\":{\"@id\":\"https:\/\/www.visit-ulcinj.com\/blog\/#\/schema\/person\/dcab619c614d3038751c63bc2aadc06d\"},\"description\":\"E, kur flasim p\u00ebr t\u00eb drejtat e shqiptar\u00ebve, t\u00eb shp\u00ebrndar\u00eb gjithandej n\u00ebp\u00ebr shtetet e rajonit, hi\u00e7 m\u00eb mir\u00eb nuk q\u00ebndrojn\u00eb as ata n\u00eb Mal t\u00eb Zi. P\u00ebrdorimi i\",\"breadcrumb\":{\"@id\":\"https:\/\/www.visit-ulcinj.com\/blog\/2013\/11\/28\/kallaba-perdorimi-simboleve-kombetare-eshte-kufizuar\/#breadcrumb\"},\"inLanguage\":\"en-US\",\"potentialAction\":[{\"@type\":\"ReadAction\",\"target\":[\"https:\/\/www.visit-ulcinj.com\/blog\/2013\/11\/28\/kallaba-perdorimi-simboleve-kombetare-eshte-kufizuar\/\"]}]},{\"@type\":\"BreadcrumbList\",\"@id\":\"https:\/\/www.visit-ulcinj.com\/blog\/2013\/11\/28\/kallaba-perdorimi-simboleve-kombetare-eshte-kufizuar\/#breadcrumb\",\"itemListElement\":[{\"@type\":\"ListItem\",\"position\":1,\"name\":\"Kallaba: P\u00ebrdorimi i simboleve komb\u00ebtare \u00ebsht\u00eb i kufizuar\"}]},{\"@type\":\"Person\",\"@id\":\"https:\/\/www.visit-ulcinj.com\/blog\/#\/schema\/person\/dcab619c614d3038751c63bc2aadc06d\",\"name\":\"ulqini\",\"sameAs\":[\"http:\/\/www.visit-ulcinj.com\"],\"url\":\"https:\/\/www.visit-ulcinj.com\/blog\/author\/admin\/\"}]}<\/script>\n<!-- \/ Yoast SEO plugin. -->","yoast_head_json":{"title":"Kallaba: P\u00ebrdorimi i simboleve komb\u00ebtare \u00ebsht\u00eb i kufizuar - Lajme nga Ulqini","description":"E, kur flasim p\u00ebr t\u00eb drejtat e shqiptar\u00ebve, t\u00eb shp\u00ebrndar\u00eb gjithandej n\u00ebp\u00ebr shtetet e rajonit, hi\u00e7 m\u00eb mir\u00eb nuk q\u00ebndrojn\u00eb as ata n\u00eb Mal t\u00eb Zi. P\u00ebrdorimi i","robots":{"index":"index","follow":"follow","max-snippet":"max-snippet:-1","max-image-preview":"max-image-preview:large","max-video-preview":"max-video-preview:-1"},"canonical":"https:\/\/www.visit-ulcinj.com\/blog\/2013\/11\/28\/kallaba-perdorimi-simboleve-kombetare-eshte-kufizuar\/","og_locale":"en_US","og_type":"article","og_title":"Kallaba: P\u00ebrdorimi i simboleve komb\u00ebtare \u00ebsht\u00eb i kufizuar - Lajme nga Ulqini","og_description":"E, kur flasim p\u00ebr t\u00eb drejtat e shqiptar\u00ebve, t\u00eb shp\u00ebrndar\u00eb gjithandej n\u00ebp\u00ebr shtetet e rajonit, hi\u00e7 m\u00eb mir\u00eb nuk q\u00ebndrojn\u00eb as ata n\u00eb Mal t\u00eb Zi. P\u00ebrdorimi i","og_url":"https:\/\/www.visit-ulcinj.com\/blog\/2013\/11\/28\/kallaba-perdorimi-simboleve-kombetare-eshte-kufizuar\/","og_site_name":"Lajme nga Ulqini","article_published_time":"2013-11-28T17:33:55+00:00","article_modified_time":"2013-12-05T20:18:23+00:00","og_image":[{"url":"http:\/\/www.visit-ulcinj.com\/blog\/wp-content\/uploads\/2013\/11\/ismet-kallaba-1.jpg"}],"twitter_misc":{"Written by":"ulqini","Est. reading time":"9 minutes"},"schema":{"@context":"https:\/\/schema.org","@graph":[{"@type":"WebSite","@id":"https:\/\/www.visit-ulcinj.com\/blog\/#website","url":"https:\/\/www.visit-ulcinj.com\/blog\/","name":"Lajme nga Ulqini","description":"Lajme,Vijesti,Ulqini,Ulqin,Crna Gora,Mali i Zi","potentialAction":[{"@type":"SearchAction","target":{"@type":"EntryPoint","urlTemplate":"https:\/\/www.visit-ulcinj.com\/blog\/?s={search_term_string}"},"query-input":"required name=search_term_string"}],"inLanguage":"en-US"},{"@type":"ImageObject","inLanguage":"en-US","@id":"https:\/\/www.visit-ulcinj.com\/blog\/2013\/11\/28\/kallaba-perdorimi-simboleve-kombetare-eshte-kufizuar\/#primaryimage","url":"https:\/\/www.visit-ulcinj.com\/blog\/wp-content\/uploads\/2013\/11\/ismet-kallaba-1.jpg","contentUrl":"https:\/\/www.visit-ulcinj.com\/blog\/wp-content\/uploads\/2013\/11\/ismet-kallaba-1.jpg","width":547,"height":490},{"@type":"WebPage","@id":"https:\/\/www.visit-ulcinj.com\/blog\/2013\/11\/28\/kallaba-perdorimi-simboleve-kombetare-eshte-kufizuar\/#webpage","url":"https:\/\/www.visit-ulcinj.com\/blog\/2013\/11\/28\/kallaba-perdorimi-simboleve-kombetare-eshte-kufizuar\/","name":"Kallaba: P\u00ebrdorimi i simboleve komb\u00ebtare \u00ebsht\u00eb i kufizuar - Lajme nga Ulqini","isPartOf":{"@id":"https:\/\/www.visit-ulcinj.com\/blog\/#website"},"primaryImageOfPage":{"@id":"https:\/\/www.visit-ulcinj.com\/blog\/2013\/11\/28\/kallaba-perdorimi-simboleve-kombetare-eshte-kufizuar\/#primaryimage"},"datePublished":"2013-11-28T17:33:55+00:00","dateModified":"2013-12-05T20:18:23+00:00","author":{"@id":"https:\/\/www.visit-ulcinj.com\/blog\/#\/schema\/person\/dcab619c614d3038751c63bc2aadc06d"},"description":"E, kur flasim p\u00ebr t\u00eb drejtat e shqiptar\u00ebve, t\u00eb shp\u00ebrndar\u00eb gjithandej n\u00ebp\u00ebr shtetet e rajonit, hi\u00e7 m\u00eb mir\u00eb nuk q\u00ebndrojn\u00eb as ata n\u00eb Mal t\u00eb Zi. P\u00ebrdorimi i","breadcrumb":{"@id":"https:\/\/www.visit-ulcinj.com\/blog\/2013\/11\/28\/kallaba-perdorimi-simboleve-kombetare-eshte-kufizuar\/#breadcrumb"},"inLanguage":"en-US","potentialAction":[{"@type":"ReadAction","target":["https:\/\/www.visit-ulcinj.com\/blog\/2013\/11\/28\/kallaba-perdorimi-simboleve-kombetare-eshte-kufizuar\/"]}]},{"@type":"BreadcrumbList","@id":"https:\/\/www.visit-ulcinj.com\/blog\/2013\/11\/28\/kallaba-perdorimi-simboleve-kombetare-eshte-kufizuar\/#breadcrumb","itemListElement":[{"@type":"ListItem","position":1,"name":"Kallaba: P\u00ebrdorimi i simboleve komb\u00ebtare \u00ebsht\u00eb i kufizuar"}]},{"@type":"Person","@id":"https:\/\/www.visit-ulcinj.com\/blog\/#\/schema\/person\/dcab619c614d3038751c63bc2aadc06d","name":"ulqini","sameAs":["http:\/\/www.visit-ulcinj.com"],"url":"https:\/\/www.visit-ulcinj.com\/blog\/author\/admin\/"}]}},"jetpack_featured_media_url":"","jetpack_sharing_enabled":true,"jetpack_shortlink":"https:\/\/wp.me\/pe6lTn-jWX","_links":{"self":[{"href":"https:\/\/www.visit-ulcinj.com\/blog\/wp-json\/wp\/v2\/posts\/76691"}],"collection":[{"href":"https:\/\/www.visit-ulcinj.com\/blog\/wp-json\/wp\/v2\/posts"}],"about":[{"href":"https:\/\/www.visit-ulcinj.com\/blog\/wp-json\/wp\/v2\/types\/post"}],"author":[{"embeddable":true,"href":"https:\/\/www.visit-ulcinj.com\/blog\/wp-json\/wp\/v2\/users\/1"}],"replies":[{"embeddable":true,"href":"https:\/\/www.visit-ulcinj.com\/blog\/wp-json\/wp\/v2\/comments?post=76691"}],"version-history":[{"count":2,"href":"https:\/\/www.visit-ulcinj.com\/blog\/wp-json\/wp\/v2\/posts\/76691\/revisions"}],"predecessor-version":[{"id":76710,"href":"https:\/\/www.visit-ulcinj.com\/blog\/wp-json\/wp\/v2\/posts\/76691\/revisions\/76710"}],"wp:attachment":[{"href":"https:\/\/www.visit-ulcinj.com\/blog\/wp-json\/wp\/v2\/media?parent=76691"}],"wp:term":[{"taxonomy":"category","embeddable":true,"href":"https:\/\/www.visit-ulcinj.com\/blog\/wp-json\/wp\/v2\/categories?post=76691"},{"taxonomy":"post_tag","embeddable":true,"href":"https:\/\/www.visit-ulcinj.com\/blog\/wp-json\/wp\/v2\/tags?post=76691"}],"curies":[{"name":"wp","href":"https:\/\/api.w.org\/{rel}","templated":true}]}}