{"id":76711,"date":"2013-11-28T19:57:58","date_gmt":"2013-11-28T18:57:58","guid":{"rendered":"http:\/\/www.visit-ulcinj.com\/blog\/?p=76711"},"modified":"2013-11-28T20:29:31","modified_gmt":"2013-11-28T19:29:31","slug":"fatmir-gjeka-ne-vlore-feston-101-vjetorin-e-pavaresise","status":"publish","type":"post","link":"https:\/\/www.visit-ulcinj.com\/blog\/2013\/11\/28\/fatmir-gjeka-ne-vlore-feston-101-vjetorin-e-pavaresise\/","title":{"rendered":"Fatmir Gjeka n\u00eb Vlor\u00eb feston 101-vjetorin e pavar\u00ebsis\u00eb"},"content":{"rendered":"<p><a href=\"http:\/\/www.visit-ulcinj.com\/blog\/wp-content\/uploads\/2013\/11\/Fatmir-Gjeka-Edi-Rama-ne-ceremonin-e-dites-se-pavarsise.jpg\"><img loading=\"lazy\" class=\"alignleft  wp-image-76712\" alt=\"Fatmir-Gjeka-Edi-Rama-ne-ceremonin-e-dites-se-pavarsise\" src=\"http:\/\/www.visit-ulcinj.com\/blog\/wp-content\/uploads\/2013\/11\/Fatmir-Gjeka-Edi-Rama-ne-ceremonin-e-dites-se-pavarsise.jpg\" width=\"508\" height=\"360\" \/><\/a>N\u00eb kremtimet e 101 Vjetorit t\u00eb shpalljes s\u00eb Pavar\u00ebsis\u00eb, krer\u00ebt e shtetit dhe\u00a0 delegacioni nga Kosova, Maqedonia, dhe Mali i Zi jan\u00eb mbledhur n\u00eb Vlor\u00eb p\u00ebr t\u00eb festuar p\u00ebrvjetorin e Pavar\u00ebsis\u00eb.<\/p>\n<p>Krer\u00ebt e shtetit jan\u00eb mbledhur n\u00eb Vlor\u00eb p\u00ebr t\u00eb festuar p\u00ebrvjetorin e Pavar\u00ebsis\u00eb. Presidenti i Republik\u00ebs Bujar Nishani, Kryeministri Edi Rama, Kryeparlamentari Ilir Meta, kryetari i Bashkis\u00eb s\u00eb Vlor\u00ebs, Shp\u00ebtim Gjika, prefekti Besnik Dervishi, deputet\u00eb t\u00eb qarkut t\u00eb Vlor\u00ebs e politikan\u00eb nga Kosova dhe qindra bashk\u00eb n\u00eb ceremonin\u00eb p\u00ebr p\u00ebrvjetorin e 101 t\u00eb Pavar\u00ebsis\u00eb s\u00eb Shqip\u00ebris\u00eb.<\/p>\n<p>N\u00ebn himnin komb\u00ebtar, n\u00eb radh\u00eb kryetari i shtetit, Kryeparlamentari e Kryeministri kan\u00eb b\u00ebr\u00eb homazhe e vun\u00eb n\u00eb kurora n\u00eb varrin e atij q\u00eb cil\u00ebsohet babai i kombit, plakut t\u00eb urt\u00eb Ismail Qemali, emrit t\u00eb t\u00eb cilit i atribuohet pavar\u00ebsia e vendit, 101 vjet m\u00eb par\u00eb.<\/p>\n<p>T\u00eb njohura n\u00eb historin\u00eb ton\u00eb komb\u00ebtare, si vatrat m\u00eb t\u00eb flakta\u00a0 t\u00eb atdhetarizmit, k\u00ebto qytete ndez\u00ebn kryengritjet m\u00eb t\u00eb\u00a0 lavdishme dhe shpalos\u00ebn trim\u00ebrin\u00eb e patriot\u00ebve, ngjarje, t\u00eb cilat ngadhnjuan me dit\u00ebn m\u00eb sublime, shpalljen e Shtetit t\u00eb pavaruar n\u00eb Vlor\u00eb n\u00eb 28 N\u00ebntor 1912 dhe n\u00ebnshkrimin e Deklarat\u00ebs s\u00eb Pavar\u00ebsis\u00eb, si \u00e7ertifikata e lindjes s\u00eb Shtetit shqiptar.<\/p>\n<p>T\u00eb ftuar ishin ministra, deputet\u00eb, p\u00ebrfaq\u00ebsues zyrtar\u00eb nga Vlora, t\u00eb gjitha trevat ku jetojn\u00eb shqiptar\u00eb, Prizren Kosova, Shkup Maqedoni, Mali i Zi, komuna e Ulqinit, Diaspora dhe personalitete shqiptar\u00eb t\u00eb fushave t\u00eb ndryshme.<\/p>\n<p>Kryetari\u00a0 si dhe deputeti i partis\u00eb demokratike n\u00eb Mal t\u00eb Zi z.Fatmir Gjeka tha se ndihet i nderuar dhe i privilegjuar p\u00ebr t\u00eb folur n\u00eb em\u00ebr t\u00eb shqiptar\u00ebve\u00a0 t\u00eb Malit t\u00eb Zi n\u00eb k\u00ebt\u00eb ceremoni madh\u00ebshtore.<\/p>\n","protected":false},"excerpt":{"rendered":"<p>N\u00eb kremtimet e 101 Vjetorit t\u00eb shpalljes s\u00eb Pavar\u00ebsis\u00eb, krer\u00ebt e shtetit dhe\u00a0 delegacioni nga Kosova, Maqedonia, dhe Mali i Zi jan\u00eb mbledhur n\u00eb Vlor\u00eb p\u00ebr t\u00eb festuar p\u00ebrvjetorin e Pavar\u00ebsis\u00eb. Krer\u00ebt e shtetit jan\u00eb mbledhur n\u00eb Vlor\u00eb p\u00ebr t\u00eb festuar p\u00ebrvjetorin e Pavar\u00ebsis\u00eb. Presidenti i Republik\u00ebs Bujar Nishani, Kryeministri Edi Rama, Kryeparlamentari Ilir Meta, [&hellip;]<\/p>\n","protected":false},"author":1,"featured_media":0,"comment_status":"closed","ping_status":"closed","sticky":false,"template":"","format":"standard","meta":{"spay_email":"","jetpack_publicize_message":"","jetpack_is_tweetstorm":false,"jetpack_publicize_feature_enabled":true},"categories":[11],"tags":[],"jetpack_publicize_connections":[],"yoast_head":"<!-- This site is optimized with the Yoast SEO plugin v19.1 - https:\/\/yoast.com\/wordpress\/plugins\/seo\/ -->\n<title>Fatmir Gjeka n\u00eb Vlor\u00eb feston 101-vjetorin e pavar\u00ebsis\u00eb - Lajme nga Ulqini<\/title>\n<meta name=\"description\" content=\"N\u00eb kremtimet e 101 Vjetorit t\u00eb shpalljes s\u00eb Pavar\u00ebsis\u00eb, krer\u00ebt e shtetit dhe\u00a0 delegacioni nga Kosova, Maqedonia, dhe Mali i Zi jan\u00eb mbledhur n\u00eb Vlor\u00eb p\u00ebr\" \/>\n<meta name=\"robots\" content=\"index, follow, max-snippet:-1, max-image-preview:large, max-video-preview:-1\" \/>\n<link rel=\"canonical\" href=\"https:\/\/www.visit-ulcinj.com\/blog\/2013\/11\/28\/fatmir-gjeka-ne-vlore-feston-101-vjetorin-e-pavaresise\/\" \/>\n<meta property=\"og:locale\" content=\"en_US\" \/>\n<meta property=\"og:type\" content=\"article\" \/>\n<meta property=\"og:title\" content=\"Fatmir Gjeka n\u00eb Vlor\u00eb feston 101-vjetorin e pavar\u00ebsis\u00eb - Lajme nga Ulqini\" \/>\n<meta property=\"og:description\" content=\"N\u00eb kremtimet e 101 Vjetorit t\u00eb shpalljes s\u00eb Pavar\u00ebsis\u00eb, krer\u00ebt e shtetit dhe\u00a0 delegacioni nga Kosova, Maqedonia, dhe Mali i Zi jan\u00eb mbledhur n\u00eb Vlor\u00eb p\u00ebr\" \/>\n<meta property=\"og:url\" content=\"https:\/\/www.visit-ulcinj.com\/blog\/2013\/11\/28\/fatmir-gjeka-ne-vlore-feston-101-vjetorin-e-pavaresise\/\" \/>\n<meta property=\"og:site_name\" content=\"Lajme nga Ulqini\" \/>\n<meta property=\"article:published_time\" content=\"2013-11-28T18:57:58+00:00\" \/>\n<meta property=\"article:modified_time\" content=\"2013-11-28T19:29:31+00:00\" \/>\n<meta property=\"og:image\" content=\"http:\/\/www.visit-ulcinj.com\/blog\/wp-content\/uploads\/2013\/11\/Fatmir-Gjeka-Edi-Rama-ne-ceremonin-e-dites-se-pavarsise.jpg\" \/>\n<meta name=\"twitter:label1\" content=\"Written by\" \/>\n\t<meta name=\"twitter:data1\" content=\"ulqini\" \/>\n\t<meta name=\"twitter:label2\" content=\"Est. reading time\" \/>\n\t<meta name=\"twitter:data2\" content=\"1 minute\" \/>\n<script type=\"application\/ld+json\" class=\"yoast-schema-graph\">{\"@context\":\"https:\/\/schema.org\",\"@graph\":[{\"@type\":\"WebSite\",\"@id\":\"https:\/\/www.visit-ulcinj.com\/blog\/#website\",\"url\":\"https:\/\/www.visit-ulcinj.com\/blog\/\",\"name\":\"Lajme nga Ulqini\",\"description\":\"Lajme,Vijesti,Ulqini,Ulqin,Crna Gora,Mali i Zi\",\"potentialAction\":[{\"@type\":\"SearchAction\",\"target\":{\"@type\":\"EntryPoint\",\"urlTemplate\":\"https:\/\/www.visit-ulcinj.com\/blog\/?s={search_term_string}\"},\"query-input\":\"required name=search_term_string\"}],\"inLanguage\":\"en-US\"},{\"@type\":\"ImageObject\",\"inLanguage\":\"en-US\",\"@id\":\"https:\/\/www.visit-ulcinj.com\/blog\/2013\/11\/28\/fatmir-gjeka-ne-vlore-feston-101-vjetorin-e-pavaresise\/#primaryimage\",\"url\":\"https:\/\/www.visit-ulcinj.com\/blog\/wp-content\/uploads\/2013\/11\/Fatmir-Gjeka-Edi-Rama-ne-ceremonin-e-dites-se-pavarsise.jpg\",\"contentUrl\":\"https:\/\/www.visit-ulcinj.com\/blog\/wp-content\/uploads\/2013\/11\/Fatmir-Gjeka-Edi-Rama-ne-ceremonin-e-dites-se-pavarsise.jpg\",\"width\":800,\"height\":534},{\"@type\":\"WebPage\",\"@id\":\"https:\/\/www.visit-ulcinj.com\/blog\/2013\/11\/28\/fatmir-gjeka-ne-vlore-feston-101-vjetorin-e-pavaresise\/#webpage\",\"url\":\"https:\/\/www.visit-ulcinj.com\/blog\/2013\/11\/28\/fatmir-gjeka-ne-vlore-feston-101-vjetorin-e-pavaresise\/\",\"name\":\"Fatmir Gjeka n\u00eb Vlor\u00eb feston 101-vjetorin e pavar\u00ebsis\u00eb - Lajme nga Ulqini\",\"isPartOf\":{\"@id\":\"https:\/\/www.visit-ulcinj.com\/blog\/#website\"},\"primaryImageOfPage\":{\"@id\":\"https:\/\/www.visit-ulcinj.com\/blog\/2013\/11\/28\/fatmir-gjeka-ne-vlore-feston-101-vjetorin-e-pavaresise\/#primaryimage\"},\"datePublished\":\"2013-11-28T18:57:58+00:00\",\"dateModified\":\"2013-11-28T19:29:31+00:00\",\"author\":{\"@id\":\"https:\/\/www.visit-ulcinj.com\/blog\/#\/schema\/person\/dcab619c614d3038751c63bc2aadc06d\"},\"description\":\"N\u00eb kremtimet e 101 Vjetorit t\u00eb shpalljes s\u00eb Pavar\u00ebsis\u00eb, krer\u00ebt e shtetit dhe\u00a0 delegacioni nga Kosova, Maqedonia, dhe Mali i Zi jan\u00eb mbledhur n\u00eb Vlor\u00eb p\u00ebr\",\"breadcrumb\":{\"@id\":\"https:\/\/www.visit-ulcinj.com\/blog\/2013\/11\/28\/fatmir-gjeka-ne-vlore-feston-101-vjetorin-e-pavaresise\/#breadcrumb\"},\"inLanguage\":\"en-US\",\"potentialAction\":[{\"@type\":\"ReadAction\",\"target\":[\"https:\/\/www.visit-ulcinj.com\/blog\/2013\/11\/28\/fatmir-gjeka-ne-vlore-feston-101-vjetorin-e-pavaresise\/\"]}]},{\"@type\":\"BreadcrumbList\",\"@id\":\"https:\/\/www.visit-ulcinj.com\/blog\/2013\/11\/28\/fatmir-gjeka-ne-vlore-feston-101-vjetorin-e-pavaresise\/#breadcrumb\",\"itemListElement\":[{\"@type\":\"ListItem\",\"position\":1,\"name\":\"Fatmir Gjeka n\u00eb Vlor\u00eb feston 101-vjetorin e pavar\u00ebsis\u00eb\"}]},{\"@type\":\"Person\",\"@id\":\"https:\/\/www.visit-ulcinj.com\/blog\/#\/schema\/person\/dcab619c614d3038751c63bc2aadc06d\",\"name\":\"ulqini\",\"sameAs\":[\"http:\/\/www.visit-ulcinj.com\"],\"url\":\"https:\/\/www.visit-ulcinj.com\/blog\/author\/admin\/\"}]}<\/script>\n<!-- \/ Yoast SEO plugin. -->","yoast_head_json":{"title":"Fatmir Gjeka n\u00eb Vlor\u00eb feston 101-vjetorin e pavar\u00ebsis\u00eb - Lajme nga Ulqini","description":"N\u00eb kremtimet e 101 Vjetorit t\u00eb shpalljes s\u00eb Pavar\u00ebsis\u00eb, krer\u00ebt e shtetit dhe\u00a0 delegacioni nga Kosova, Maqedonia, dhe Mali i Zi jan\u00eb mbledhur n\u00eb Vlor\u00eb p\u00ebr","robots":{"index":"index","follow":"follow","max-snippet":"max-snippet:-1","max-image-preview":"max-image-preview:large","max-video-preview":"max-video-preview:-1"},"canonical":"https:\/\/www.visit-ulcinj.com\/blog\/2013\/11\/28\/fatmir-gjeka-ne-vlore-feston-101-vjetorin-e-pavaresise\/","og_locale":"en_US","og_type":"article","og_title":"Fatmir Gjeka n\u00eb Vlor\u00eb feston 101-vjetorin e pavar\u00ebsis\u00eb - Lajme nga Ulqini","og_description":"N\u00eb kremtimet e 101 Vjetorit t\u00eb shpalljes s\u00eb Pavar\u00ebsis\u00eb, krer\u00ebt e shtetit dhe\u00a0 delegacioni nga Kosova, Maqedonia, dhe Mali i Zi jan\u00eb mbledhur n\u00eb Vlor\u00eb p\u00ebr","og_url":"https:\/\/www.visit-ulcinj.com\/blog\/2013\/11\/28\/fatmir-gjeka-ne-vlore-feston-101-vjetorin-e-pavaresise\/","og_site_name":"Lajme nga Ulqini","article_published_time":"2013-11-28T18:57:58+00:00","article_modified_time":"2013-11-28T19:29:31+00:00","og_image":[{"url":"http:\/\/www.visit-ulcinj.com\/blog\/wp-content\/uploads\/2013\/11\/Fatmir-Gjeka-Edi-Rama-ne-ceremonin-e-dites-se-pavarsise.jpg"}],"twitter_misc":{"Written by":"ulqini","Est. reading time":"1 minute"},"schema":{"@context":"https:\/\/schema.org","@graph":[{"@type":"WebSite","@id":"https:\/\/www.visit-ulcinj.com\/blog\/#website","url":"https:\/\/www.visit-ulcinj.com\/blog\/","name":"Lajme nga Ulqini","description":"Lajme,Vijesti,Ulqini,Ulqin,Crna Gora,Mali i Zi","potentialAction":[{"@type":"SearchAction","target":{"@type":"EntryPoint","urlTemplate":"https:\/\/www.visit-ulcinj.com\/blog\/?s={search_term_string}"},"query-input":"required name=search_term_string"}],"inLanguage":"en-US"},{"@type":"ImageObject","inLanguage":"en-US","@id":"https:\/\/www.visit-ulcinj.com\/blog\/2013\/11\/28\/fatmir-gjeka-ne-vlore-feston-101-vjetorin-e-pavaresise\/#primaryimage","url":"https:\/\/www.visit-ulcinj.com\/blog\/wp-content\/uploads\/2013\/11\/Fatmir-Gjeka-Edi-Rama-ne-ceremonin-e-dites-se-pavarsise.jpg","contentUrl":"https:\/\/www.visit-ulcinj.com\/blog\/wp-content\/uploads\/2013\/11\/Fatmir-Gjeka-Edi-Rama-ne-ceremonin-e-dites-se-pavarsise.jpg","width":800,"height":534},{"@type":"WebPage","@id":"https:\/\/www.visit-ulcinj.com\/blog\/2013\/11\/28\/fatmir-gjeka-ne-vlore-feston-101-vjetorin-e-pavaresise\/#webpage","url":"https:\/\/www.visit-ulcinj.com\/blog\/2013\/11\/28\/fatmir-gjeka-ne-vlore-feston-101-vjetorin-e-pavaresise\/","name":"Fatmir Gjeka n\u00eb Vlor\u00eb feston 101-vjetorin e pavar\u00ebsis\u00eb - Lajme nga Ulqini","isPartOf":{"@id":"https:\/\/www.visit-ulcinj.com\/blog\/#website"},"primaryImageOfPage":{"@id":"https:\/\/www.visit-ulcinj.com\/blog\/2013\/11\/28\/fatmir-gjeka-ne-vlore-feston-101-vjetorin-e-pavaresise\/#primaryimage"},"datePublished":"2013-11-28T18:57:58+00:00","dateModified":"2013-11-28T19:29:31+00:00","author":{"@id":"https:\/\/www.visit-ulcinj.com\/blog\/#\/schema\/person\/dcab619c614d3038751c63bc2aadc06d"},"description":"N\u00eb kremtimet e 101 Vjetorit t\u00eb shpalljes s\u00eb Pavar\u00ebsis\u00eb, krer\u00ebt e shtetit dhe\u00a0 delegacioni nga Kosova, Maqedonia, dhe Mali i Zi jan\u00eb mbledhur n\u00eb Vlor\u00eb p\u00ebr","breadcrumb":{"@id":"https:\/\/www.visit-ulcinj.com\/blog\/2013\/11\/28\/fatmir-gjeka-ne-vlore-feston-101-vjetorin-e-pavaresise\/#breadcrumb"},"inLanguage":"en-US","potentialAction":[{"@type":"ReadAction","target":["https:\/\/www.visit-ulcinj.com\/blog\/2013\/11\/28\/fatmir-gjeka-ne-vlore-feston-101-vjetorin-e-pavaresise\/"]}]},{"@type":"BreadcrumbList","@id":"https:\/\/www.visit-ulcinj.com\/blog\/2013\/11\/28\/fatmir-gjeka-ne-vlore-feston-101-vjetorin-e-pavaresise\/#breadcrumb","itemListElement":[{"@type":"ListItem","position":1,"name":"Fatmir Gjeka n\u00eb Vlor\u00eb feston 101-vjetorin e pavar\u00ebsis\u00eb"}]},{"@type":"Person","@id":"https:\/\/www.visit-ulcinj.com\/blog\/#\/schema\/person\/dcab619c614d3038751c63bc2aadc06d","name":"ulqini","sameAs":["http:\/\/www.visit-ulcinj.com"],"url":"https:\/\/www.visit-ulcinj.com\/blog\/author\/admin\/"}]}},"jetpack_featured_media_url":"","jetpack_sharing_enabled":true,"jetpack_shortlink":"https:\/\/wp.me\/pe6lTn-jXh","_links":{"self":[{"href":"https:\/\/www.visit-ulcinj.com\/blog\/wp-json\/wp\/v2\/posts\/76711"}],"collection":[{"href":"https:\/\/www.visit-ulcinj.com\/blog\/wp-json\/wp\/v2\/posts"}],"about":[{"href":"https:\/\/www.visit-ulcinj.com\/blog\/wp-json\/wp\/v2\/types\/post"}],"author":[{"embeddable":true,"href":"https:\/\/www.visit-ulcinj.com\/blog\/wp-json\/wp\/v2\/users\/1"}],"replies":[{"embeddable":true,"href":"https:\/\/www.visit-ulcinj.com\/blog\/wp-json\/wp\/v2\/comments?post=76711"}],"version-history":[{"count":1,"href":"https:\/\/www.visit-ulcinj.com\/blog\/wp-json\/wp\/v2\/posts\/76711\/revisions"}],"predecessor-version":[{"id":76713,"href":"https:\/\/www.visit-ulcinj.com\/blog\/wp-json\/wp\/v2\/posts\/76711\/revisions\/76713"}],"wp:attachment":[{"href":"https:\/\/www.visit-ulcinj.com\/blog\/wp-json\/wp\/v2\/media?parent=76711"}],"wp:term":[{"taxonomy":"category","embeddable":true,"href":"https:\/\/www.visit-ulcinj.com\/blog\/wp-json\/wp\/v2\/categories?post=76711"},{"taxonomy":"post_tag","embeddable":true,"href":"https:\/\/www.visit-ulcinj.com\/blog\/wp-json\/wp\/v2\/tags?post=76711"}],"curies":[{"name":"wp","href":"https:\/\/api.w.org\/{rel}","templated":true}]}}