{"id":7674,"date":"2008-12-26T00:30:32","date_gmt":"2008-12-25T23:30:32","guid":{"rendered":"http:\/\/www.visit-ulcinj.com\/blog\/?p=7674"},"modified":"2008-12-26T20:12:00","modified_gmt":"2008-12-26T19:12:00","slug":"rocen-mali-i-zi-se-shpejti-marredhenie-diplomatike-me-kosoven","status":"publish","type":"post","link":"https:\/\/www.visit-ulcinj.com\/blog\/2008\/12\/26\/rocen-mali-i-zi-se-shpejti-marredhenie-diplomatike-me-kosoven\/","title":{"rendered":"Ro\u00e7en: Mali i Zi s\u00eb shpejti marr\u00ebdh\u00ebnie diplomatike me Kosov\u00ebn"},"content":{"rendered":"<p><img loading=\"lazy\" class=\"alignleft size-full wp-image-441\" title=\"Milan Rocen\" src=\"http:\/\/www.visit-ulcinj.com\/blog\/wp-content\/uploads\/2008\/02\/rocen-milan.jpg\" alt=\"Milan Rocen\" width=\"202\" height=\"304\" \/>Shefi i diplomacis\u00eb s\u00eb Malit t\u00eb Zi, Millan Ro\u00e7en, ka th\u00ebn\u00eb se vendi i tij s\u00eb shpejti do t\u00eb vendos\u00eb marr\u00ebdh\u00ebniet diplomatike me shtetin e pavarur t\u00eb Kosov\u00ebn.<br \/>\nAi po ashtu tha se nuk do t\u00eb ngutet me vendosjen e ambasadorit t\u00eb ri n\u00eb Serbi.<br \/>\nNd\u00ebrkoh\u00eb, Ministri i jasht\u00ebm i Britanis\u00eb s\u00eb Madhe, David Miliband ka deklaruar se Serbia mund t\u00eb b\u00ebhet kandidate p\u00ebr hyrje n\u00eb BE n\u00eb vitin 2009 n\u00ebse i plot\u00ebson obligimet ndaj Tribunalit t\u00eb Hag\u00ebs dhe luan rol pozitiv dhe konstruktiv n\u00eb rajon.<br \/>\nN\u00eb nj\u00eb shkrim autorial p\u00ebr \u201cVe\u00e7ernje Novosti\u201d, Miliband thot\u00eb se e di q\u00eb do t\u00eb vazhdojn\u00eb mospajtimet p\u00ebr Kosov\u00ebn por shton se duhet fokusuar n\u00eb q\u00ebllim e p\u00ebrbashk\u00ebt, q\u00eb t\u00eb gjitha bashk\u00ebsit\u00eb t\u00eb jetojn\u00eb n\u00eb paqe.<br \/>\n<strong>RTK<\/strong><\/p>\n<p><strong><a href=\"http:\/\/www.visit-ulcinj.com\/blog\/wp-content\/uploads\/2008\/12\/garden-of-eatin-restaurant1.jpg\" target=\"_self\"><img loading=\"lazy\" class=\"alignleft size-full wp-image-7676\" title=\"garden-of-eatin-restaurant1\" src=\"http:\/\/www.visit-ulcinj.com\/blog\/wp-content\/uploads\/2008\/12\/garden-of-eatin-restaurant1.jpg\" alt=\"garden-of-eatin-restaurant1\" width=\"463\" height=\"655\" \/><\/a><br \/>\n<\/strong><\/p>\n<p><strong><br \/>\n<\/strong><\/p>\n","protected":false},"excerpt":{"rendered":"<p>Shefi i diplomacis\u00eb s\u00eb Malit t\u00eb Zi, Millan Ro\u00e7en, ka th\u00ebn\u00eb se vendi i tij s\u00eb shpejti do t\u00eb vendos\u00eb marr\u00ebdh\u00ebniet diplomatike me shtetin e pavarur t\u00eb Kosov\u00ebn. Ai po ashtu tha se nuk do t\u00eb ngutet me vendosjen e ambasadorit t\u00eb ri n\u00eb Serbi. Nd\u00ebrkoh\u00eb, Ministri i jasht\u00ebm i Britanis\u00eb s\u00eb Madhe, David Miliband [&hellip;]<\/p>\n","protected":false},"author":1,"featured_media":0,"comment_status":"open","ping_status":"closed","sticky":false,"template":"","format":"standard","meta":{"spay_email":"","jetpack_publicize_message":"","jetpack_is_tweetstorm":false,"jetpack_publicize_feature_enabled":true},"categories":[1],"tags":[5204,49,5378,5379,5377],"jetpack_publicize_connections":[],"yoast_head":"<!-- This site is optimized with the Yoast SEO plugin v19.1 - https:\/\/yoast.com\/wordpress\/plugins\/seo\/ -->\n<title>Ro\u00e7en: Mali i Zi s\u00eb shpejti marr\u00ebdh\u00ebnie diplomatike me Kosov\u00ebn - Lajme nga Ulqini<\/title>\n<meta name=\"description\" content=\"Shefi i diplomacis\u00eb s\u00eb Malit t\u00eb Zi, Millan Ro\u00e7en, ka th\u00ebn\u00eb se vendi i tij s\u00eb shpejti do t\u00eb vendos\u00eb marr\u00ebdh\u00ebniet diplomatike me shtetin e pavarur t\u00eb\" \/>\n<meta name=\"robots\" content=\"index, follow, max-snippet:-1, max-image-preview:large, max-video-preview:-1\" \/>\n<link rel=\"canonical\" href=\"https:\/\/www.visit-ulcinj.com\/blog\/2008\/12\/26\/rocen-mali-i-zi-se-shpejti-marredhenie-diplomatike-me-kosoven\/\" \/>\n<meta property=\"og:locale\" content=\"en_US\" \/>\n<meta property=\"og:type\" content=\"article\" \/>\n<meta property=\"og:title\" content=\"Ro\u00e7en: Mali i Zi s\u00eb shpejti marr\u00ebdh\u00ebnie diplomatike me Kosov\u00ebn - Lajme nga Ulqini\" \/>\n<meta property=\"og:description\" content=\"Shefi i diplomacis\u00eb s\u00eb Malit t\u00eb Zi, Millan Ro\u00e7en, ka th\u00ebn\u00eb se vendi i tij s\u00eb shpejti do t\u00eb vendos\u00eb marr\u00ebdh\u00ebniet diplomatike me shtetin e pavarur t\u00eb\" \/>\n<meta property=\"og:url\" content=\"https:\/\/www.visit-ulcinj.com\/blog\/2008\/12\/26\/rocen-mali-i-zi-se-shpejti-marredhenie-diplomatike-me-kosoven\/\" \/>\n<meta property=\"og:site_name\" content=\"Lajme nga Ulqini\" \/>\n<meta property=\"article:published_time\" content=\"2008-12-25T23:30:32+00:00\" \/>\n<meta property=\"article:modified_time\" content=\"2008-12-26T19:12:00+00:00\" \/>\n<meta property=\"og:image\" content=\"http:\/\/www.visit-ulcinj.com\/blog\/wp-content\/uploads\/2008\/02\/rocen-milan.jpg\" \/>\n<meta name=\"twitter:label1\" content=\"Written by\" \/>\n\t<meta name=\"twitter:data1\" content=\"ulqini\" \/>\n\t<meta name=\"twitter:label2\" content=\"Est. reading time\" \/>\n\t<meta name=\"twitter:data2\" content=\"1 minute\" \/>\n<script type=\"application\/ld+json\" class=\"yoast-schema-graph\">{\"@context\":\"https:\/\/schema.org\",\"@graph\":[{\"@type\":\"WebSite\",\"@id\":\"https:\/\/www.visit-ulcinj.com\/blog\/#website\",\"url\":\"https:\/\/www.visit-ulcinj.com\/blog\/\",\"name\":\"Lajme nga Ulqini\",\"description\":\"Lajme,Vijesti,Ulqini,Ulqin,Crna Gora,Mali i Zi\",\"potentialAction\":[{\"@type\":\"SearchAction\",\"target\":{\"@type\":\"EntryPoint\",\"urlTemplate\":\"https:\/\/www.visit-ulcinj.com\/blog\/?s={search_term_string}\"},\"query-input\":\"required name=search_term_string\"}],\"inLanguage\":\"en-US\"},{\"@type\":\"ImageObject\",\"inLanguage\":\"en-US\",\"@id\":\"https:\/\/www.visit-ulcinj.com\/blog\/2008\/12\/26\/rocen-mali-i-zi-se-shpejti-marredhenie-diplomatike-me-kosoven\/#primaryimage\",\"url\":\"http:\/\/www.visit-ulcinj.com\/blog\/wp-content\/uploads\/2008\/02\/rocen-milan.jpg\",\"contentUrl\":\"http:\/\/www.visit-ulcinj.com\/blog\/wp-content\/uploads\/2008\/02\/rocen-milan.jpg\"},{\"@type\":\"WebPage\",\"@id\":\"https:\/\/www.visit-ulcinj.com\/blog\/2008\/12\/26\/rocen-mali-i-zi-se-shpejti-marredhenie-diplomatike-me-kosoven\/#webpage\",\"url\":\"https:\/\/www.visit-ulcinj.com\/blog\/2008\/12\/26\/rocen-mali-i-zi-se-shpejti-marredhenie-diplomatike-me-kosoven\/\",\"name\":\"Ro\u00e7en: Mali i Zi s\u00eb shpejti marr\u00ebdh\u00ebnie diplomatike me Kosov\u00ebn - Lajme nga Ulqini\",\"isPartOf\":{\"@id\":\"https:\/\/www.visit-ulcinj.com\/blog\/#website\"},\"primaryImageOfPage\":{\"@id\":\"https:\/\/www.visit-ulcinj.com\/blog\/2008\/12\/26\/rocen-mali-i-zi-se-shpejti-marredhenie-diplomatike-me-kosoven\/#primaryimage\"},\"datePublished\":\"2008-12-25T23:30:32+00:00\",\"dateModified\":\"2008-12-26T19:12:00+00:00\",\"author\":{\"@id\":\"https:\/\/www.visit-ulcinj.com\/blog\/#\/schema\/person\/dcab619c614d3038751c63bc2aadc06d\"},\"description\":\"Shefi i diplomacis\u00eb s\u00eb Malit t\u00eb Zi, Millan Ro\u00e7en, ka th\u00ebn\u00eb se vendi i tij s\u00eb shpejti do t\u00eb vendos\u00eb marr\u00ebdh\u00ebniet diplomatike me shtetin e pavarur t\u00eb\",\"breadcrumb\":{\"@id\":\"https:\/\/www.visit-ulcinj.com\/blog\/2008\/12\/26\/rocen-mali-i-zi-se-shpejti-marredhenie-diplomatike-me-kosoven\/#breadcrumb\"},\"inLanguage\":\"en-US\",\"potentialAction\":[{\"@type\":\"ReadAction\",\"target\":[\"https:\/\/www.visit-ulcinj.com\/blog\/2008\/12\/26\/rocen-mali-i-zi-se-shpejti-marredhenie-diplomatike-me-kosoven\/\"]}]},{\"@type\":\"BreadcrumbList\",\"@id\":\"https:\/\/www.visit-ulcinj.com\/blog\/2008\/12\/26\/rocen-mali-i-zi-se-shpejti-marredhenie-diplomatike-me-kosoven\/#breadcrumb\",\"itemListElement\":[{\"@type\":\"ListItem\",\"position\":1,\"name\":\"Ro\u00e7en: Mali i Zi s\u00eb shpejti marr\u00ebdh\u00ebnie diplomatike me Kosov\u00ebn\"}]},{\"@type\":\"Person\",\"@id\":\"https:\/\/www.visit-ulcinj.com\/blog\/#\/schema\/person\/dcab619c614d3038751c63bc2aadc06d\",\"name\":\"ulqini\",\"sameAs\":[\"http:\/\/www.visit-ulcinj.com\"],\"url\":\"https:\/\/www.visit-ulcinj.com\/blog\/author\/admin\/\"}]}<\/script>\n<!-- \/ Yoast SEO plugin. -->","yoast_head_json":{"title":"Ro\u00e7en: Mali i Zi s\u00eb shpejti marr\u00ebdh\u00ebnie diplomatike me Kosov\u00ebn - Lajme nga Ulqini","description":"Shefi i diplomacis\u00eb s\u00eb Malit t\u00eb Zi, Millan Ro\u00e7en, ka th\u00ebn\u00eb se vendi i tij s\u00eb shpejti do t\u00eb vendos\u00eb marr\u00ebdh\u00ebniet diplomatike me shtetin e pavarur t\u00eb","robots":{"index":"index","follow":"follow","max-snippet":"max-snippet:-1","max-image-preview":"max-image-preview:large","max-video-preview":"max-video-preview:-1"},"canonical":"https:\/\/www.visit-ulcinj.com\/blog\/2008\/12\/26\/rocen-mali-i-zi-se-shpejti-marredhenie-diplomatike-me-kosoven\/","og_locale":"en_US","og_type":"article","og_title":"Ro\u00e7en: Mali i Zi s\u00eb shpejti marr\u00ebdh\u00ebnie diplomatike me Kosov\u00ebn - Lajme nga Ulqini","og_description":"Shefi i diplomacis\u00eb s\u00eb Malit t\u00eb Zi, Millan Ro\u00e7en, ka th\u00ebn\u00eb se vendi i tij s\u00eb shpejti do t\u00eb vendos\u00eb marr\u00ebdh\u00ebniet diplomatike me shtetin e pavarur t\u00eb","og_url":"https:\/\/www.visit-ulcinj.com\/blog\/2008\/12\/26\/rocen-mali-i-zi-se-shpejti-marredhenie-diplomatike-me-kosoven\/","og_site_name":"Lajme nga Ulqini","article_published_time":"2008-12-25T23:30:32+00:00","article_modified_time":"2008-12-26T19:12:00+00:00","og_image":[{"url":"http:\/\/www.visit-ulcinj.com\/blog\/wp-content\/uploads\/2008\/02\/rocen-milan.jpg"}],"twitter_misc":{"Written by":"ulqini","Est. reading time":"1 minute"},"schema":{"@context":"https:\/\/schema.org","@graph":[{"@type":"WebSite","@id":"https:\/\/www.visit-ulcinj.com\/blog\/#website","url":"https:\/\/www.visit-ulcinj.com\/blog\/","name":"Lajme nga Ulqini","description":"Lajme,Vijesti,Ulqini,Ulqin,Crna Gora,Mali i Zi","potentialAction":[{"@type":"SearchAction","target":{"@type":"EntryPoint","urlTemplate":"https:\/\/www.visit-ulcinj.com\/blog\/?s={search_term_string}"},"query-input":"required name=search_term_string"}],"inLanguage":"en-US"},{"@type":"ImageObject","inLanguage":"en-US","@id":"https:\/\/www.visit-ulcinj.com\/blog\/2008\/12\/26\/rocen-mali-i-zi-se-shpejti-marredhenie-diplomatike-me-kosoven\/#primaryimage","url":"http:\/\/www.visit-ulcinj.com\/blog\/wp-content\/uploads\/2008\/02\/rocen-milan.jpg","contentUrl":"http:\/\/www.visit-ulcinj.com\/blog\/wp-content\/uploads\/2008\/02\/rocen-milan.jpg"},{"@type":"WebPage","@id":"https:\/\/www.visit-ulcinj.com\/blog\/2008\/12\/26\/rocen-mali-i-zi-se-shpejti-marredhenie-diplomatike-me-kosoven\/#webpage","url":"https:\/\/www.visit-ulcinj.com\/blog\/2008\/12\/26\/rocen-mali-i-zi-se-shpejti-marredhenie-diplomatike-me-kosoven\/","name":"Ro\u00e7en: Mali i Zi s\u00eb shpejti marr\u00ebdh\u00ebnie diplomatike me Kosov\u00ebn - Lajme nga Ulqini","isPartOf":{"@id":"https:\/\/www.visit-ulcinj.com\/blog\/#website"},"primaryImageOfPage":{"@id":"https:\/\/www.visit-ulcinj.com\/blog\/2008\/12\/26\/rocen-mali-i-zi-se-shpejti-marredhenie-diplomatike-me-kosoven\/#primaryimage"},"datePublished":"2008-12-25T23:30:32+00:00","dateModified":"2008-12-26T19:12:00+00:00","author":{"@id":"https:\/\/www.visit-ulcinj.com\/blog\/#\/schema\/person\/dcab619c614d3038751c63bc2aadc06d"},"description":"Shefi i diplomacis\u00eb s\u00eb Malit t\u00eb Zi, Millan Ro\u00e7en, ka th\u00ebn\u00eb se vendi i tij s\u00eb shpejti do t\u00eb vendos\u00eb marr\u00ebdh\u00ebniet diplomatike me shtetin e pavarur t\u00eb","breadcrumb":{"@id":"https:\/\/www.visit-ulcinj.com\/blog\/2008\/12\/26\/rocen-mali-i-zi-se-shpejti-marredhenie-diplomatike-me-kosoven\/#breadcrumb"},"inLanguage":"en-US","potentialAction":[{"@type":"ReadAction","target":["https:\/\/www.visit-ulcinj.com\/blog\/2008\/12\/26\/rocen-mali-i-zi-se-shpejti-marredhenie-diplomatike-me-kosoven\/"]}]},{"@type":"BreadcrumbList","@id":"https:\/\/www.visit-ulcinj.com\/blog\/2008\/12\/26\/rocen-mali-i-zi-se-shpejti-marredhenie-diplomatike-me-kosoven\/#breadcrumb","itemListElement":[{"@type":"ListItem","position":1,"name":"Ro\u00e7en: Mali i Zi s\u00eb shpejti marr\u00ebdh\u00ebnie diplomatike me Kosov\u00ebn"}]},{"@type":"Person","@id":"https:\/\/www.visit-ulcinj.com\/blog\/#\/schema\/person\/dcab619c614d3038751c63bc2aadc06d","name":"ulqini","sameAs":["http:\/\/www.visit-ulcinj.com"],"url":"https:\/\/www.visit-ulcinj.com\/blog\/author\/admin\/"}]}},"jetpack_featured_media_url":"","jetpack_sharing_enabled":true,"jetpack_shortlink":"https:\/\/wp.me\/pe6lTn-1ZM","_links":{"self":[{"href":"https:\/\/www.visit-ulcinj.com\/blog\/wp-json\/wp\/v2\/posts\/7674"}],"collection":[{"href":"https:\/\/www.visit-ulcinj.com\/blog\/wp-json\/wp\/v2\/posts"}],"about":[{"href":"https:\/\/www.visit-ulcinj.com\/blog\/wp-json\/wp\/v2\/types\/post"}],"author":[{"embeddable":true,"href":"https:\/\/www.visit-ulcinj.com\/blog\/wp-json\/wp\/v2\/users\/1"}],"replies":[{"embeddable":true,"href":"https:\/\/www.visit-ulcinj.com\/blog\/wp-json\/wp\/v2\/comments?post=7674"}],"version-history":[{"count":0,"href":"https:\/\/www.visit-ulcinj.com\/blog\/wp-json\/wp\/v2\/posts\/7674\/revisions"}],"wp:attachment":[{"href":"https:\/\/www.visit-ulcinj.com\/blog\/wp-json\/wp\/v2\/media?parent=7674"}],"wp:term":[{"taxonomy":"category","embeddable":true,"href":"https:\/\/www.visit-ulcinj.com\/blog\/wp-json\/wp\/v2\/categories?post=7674"},{"taxonomy":"post_tag","embeddable":true,"href":"https:\/\/www.visit-ulcinj.com\/blog\/wp-json\/wp\/v2\/tags?post=7674"}],"curies":[{"name":"wp","href":"https:\/\/api.w.org\/{rel}","templated":true}]}}