{"id":76743,"date":"2013-11-29T16:43:51","date_gmt":"2013-11-29T15:43:51","guid":{"rendered":"http:\/\/www.visit-ulcinj.com\/blog\/?p=76743"},"modified":"2013-11-29T16:45:47","modified_gmt":"2013-11-29T15:45:47","slug":"dervishi-rekonstruktimi-kapeles-ne-ulqin","status":"publish","type":"post","link":"https:\/\/www.visit-ulcinj.com\/blog\/2013\/11\/29\/dervishi-rekonstruktimi-kapeles-ne-ulqin\/","title":{"rendered":"Dervishi: Rekonstruktimi i Kapel\u00ebs n\u00eb Ulqin"},"content":{"rendered":"<p><a href=\"http:\/\/www.visit-ulcinj.com\/blog\/wp-content\/uploads\/2013\/11\/A-Dervishi.jpg\"><img loading=\"lazy\" class=\"alignleft  wp-image-76744\" alt=\"A-Dervishi\" src=\"http:\/\/www.visit-ulcinj.com\/blog\/wp-content\/uploads\/2013\/11\/A-Dervishi.jpg\" width=\"300\" height=\"250\" \/><\/a><br \/>\nNe dit\u00ebt n\u00eb vijim fillon rekonstruktimi i Kapel\u00ebs n\u00eb Ulqin. Pun\u00ebt do ti zhvilloj kompania Sh.P.K. &#8220;GKM&#8221; nga Podgorica me t\u00eb cil\u00ebn \u00ebsht\u00eb n\u00ebnshkru kontrata.<\/p>\n<p>Vlera e k\u00ebtij investimi \u00ebsht\u00eb 49.919,07 eur. Punimet duhen t\u00eb kryhen mbrenda 35 dit\u00ebve. Mbikqyrjen e punimeve do ta b\u00ebj Sh.P.K. &#8220;Agjensioni per nd\u00ebrtim dhe zhvillim&#8221; \u2013 Ulqin.<\/p>\n<p>Komuna e Ulqinit<\/p>\n","protected":false},"excerpt":{"rendered":"<p>Ne dit\u00ebt n\u00eb vijim fillon rekonstruktimi i Kapel\u00ebs n\u00eb Ulqin. Pun\u00ebt do ti zhvilloj kompania Sh.P.K. &#8220;GKM&#8221; nga Podgorica me t\u00eb cil\u00ebn \u00ebsht\u00eb n\u00ebnshkru kontrata. Vlera e k\u00ebtij investimi \u00ebsht\u00eb 49.919,07 eur. Punimet duhen t\u00eb kryhen mbrenda 35 dit\u00ebve. Mbikqyrjen e punimeve do ta b\u00ebj Sh.P.K. &#8220;Agjensioni per nd\u00ebrtim dhe zhvillim&#8221; \u2013 Ulqin. Komuna e [&hellip;]<\/p>\n","protected":false},"author":1,"featured_media":0,"comment_status":"closed","ping_status":"closed","sticky":false,"template":"","format":"standard","meta":{"spay_email":"","jetpack_publicize_message":"","jetpack_is_tweetstorm":false,"jetpack_publicize_feature_enabled":true},"categories":[10],"tags":[],"jetpack_publicize_connections":[],"yoast_head":"<!-- This site is optimized with the Yoast SEO plugin v19.1 - https:\/\/yoast.com\/wordpress\/plugins\/seo\/ -->\n<title>Dervishi: Rekonstruktimi i Kapel\u00ebs n\u00eb Ulqin - Lajme nga Ulqini<\/title>\n<meta name=\"description\" content=\"Ne dit\u00ebt n\u00eb vijim fillon rekonstruktimi i Kapel\u00ebs n\u00eb Ulqin. Pun\u00ebt do ti zhvilloj kompania Sh.P.K. &quot;GKM&quot; nga Podgorica me t\u00eb cil\u00ebn \u00ebsht\u00eb n\u00ebnshkru kontrata.\" \/>\n<meta name=\"robots\" content=\"index, follow, max-snippet:-1, max-image-preview:large, max-video-preview:-1\" \/>\n<link rel=\"canonical\" href=\"https:\/\/www.visit-ulcinj.com\/blog\/2013\/11\/29\/dervishi-rekonstruktimi-kapeles-ne-ulqin\/\" \/>\n<meta property=\"og:locale\" content=\"en_US\" \/>\n<meta property=\"og:type\" content=\"article\" \/>\n<meta property=\"og:title\" content=\"Dervishi: Rekonstruktimi i Kapel\u00ebs n\u00eb Ulqin - Lajme nga Ulqini\" \/>\n<meta property=\"og:description\" content=\"Ne dit\u00ebt n\u00eb vijim fillon rekonstruktimi i Kapel\u00ebs n\u00eb Ulqin. Pun\u00ebt do ti zhvilloj kompania Sh.P.K. &quot;GKM&quot; nga Podgorica me t\u00eb cil\u00ebn \u00ebsht\u00eb n\u00ebnshkru kontrata.\" \/>\n<meta property=\"og:url\" content=\"https:\/\/www.visit-ulcinj.com\/blog\/2013\/11\/29\/dervishi-rekonstruktimi-kapeles-ne-ulqin\/\" \/>\n<meta property=\"og:site_name\" content=\"Lajme nga Ulqini\" \/>\n<meta property=\"article:published_time\" content=\"2013-11-29T15:43:51+00:00\" \/>\n<meta property=\"article:modified_time\" content=\"2013-11-29T15:45:47+00:00\" \/>\n<meta property=\"og:image\" content=\"http:\/\/www.visit-ulcinj.com\/blog\/wp-content\/uploads\/2013\/11\/A-Dervishi.jpg\" \/>\n<meta name=\"twitter:label1\" content=\"Written by\" \/>\n\t<meta name=\"twitter:data1\" content=\"ulqini\" \/>\n<script type=\"application\/ld+json\" class=\"yoast-schema-graph\">{\"@context\":\"https:\/\/schema.org\",\"@graph\":[{\"@type\":\"WebSite\",\"@id\":\"https:\/\/www.visit-ulcinj.com\/blog\/#website\",\"url\":\"https:\/\/www.visit-ulcinj.com\/blog\/\",\"name\":\"Lajme nga Ulqini\",\"description\":\"Lajme,Vijesti,Ulqini,Ulqin,Crna Gora,Mali i Zi\",\"potentialAction\":[{\"@type\":\"SearchAction\",\"target\":{\"@type\":\"EntryPoint\",\"urlTemplate\":\"https:\/\/www.visit-ulcinj.com\/blog\/?s={search_term_string}\"},\"query-input\":\"required name=search_term_string\"}],\"inLanguage\":\"en-US\"},{\"@type\":\"ImageObject\",\"inLanguage\":\"en-US\",\"@id\":\"https:\/\/www.visit-ulcinj.com\/blog\/2013\/11\/29\/dervishi-rekonstruktimi-kapeles-ne-ulqin\/#primaryimage\",\"url\":\"https:\/\/www.visit-ulcinj.com\/blog\/wp-content\/uploads\/2013\/11\/A-Dervishi.jpg\",\"contentUrl\":\"https:\/\/www.visit-ulcinj.com\/blog\/wp-content\/uploads\/2013\/11\/A-Dervishi.jpg\",\"width\":397,\"height\":302},{\"@type\":\"WebPage\",\"@id\":\"https:\/\/www.visit-ulcinj.com\/blog\/2013\/11\/29\/dervishi-rekonstruktimi-kapeles-ne-ulqin\/#webpage\",\"url\":\"https:\/\/www.visit-ulcinj.com\/blog\/2013\/11\/29\/dervishi-rekonstruktimi-kapeles-ne-ulqin\/\",\"name\":\"Dervishi: Rekonstruktimi i Kapel\u00ebs n\u00eb Ulqin - Lajme nga Ulqini\",\"isPartOf\":{\"@id\":\"https:\/\/www.visit-ulcinj.com\/blog\/#website\"},\"primaryImageOfPage\":{\"@id\":\"https:\/\/www.visit-ulcinj.com\/blog\/2013\/11\/29\/dervishi-rekonstruktimi-kapeles-ne-ulqin\/#primaryimage\"},\"datePublished\":\"2013-11-29T15:43:51+00:00\",\"dateModified\":\"2013-11-29T15:45:47+00:00\",\"author\":{\"@id\":\"https:\/\/www.visit-ulcinj.com\/blog\/#\/schema\/person\/dcab619c614d3038751c63bc2aadc06d\"},\"description\":\"Ne dit\u00ebt n\u00eb vijim fillon rekonstruktimi i Kapel\u00ebs n\u00eb Ulqin. Pun\u00ebt do ti zhvilloj kompania Sh.P.K. \\\"GKM\\\" nga Podgorica me t\u00eb cil\u00ebn \u00ebsht\u00eb n\u00ebnshkru kontrata.\",\"breadcrumb\":{\"@id\":\"https:\/\/www.visit-ulcinj.com\/blog\/2013\/11\/29\/dervishi-rekonstruktimi-kapeles-ne-ulqin\/#breadcrumb\"},\"inLanguage\":\"en-US\",\"potentialAction\":[{\"@type\":\"ReadAction\",\"target\":[\"https:\/\/www.visit-ulcinj.com\/blog\/2013\/11\/29\/dervishi-rekonstruktimi-kapeles-ne-ulqin\/\"]}]},{\"@type\":\"BreadcrumbList\",\"@id\":\"https:\/\/www.visit-ulcinj.com\/blog\/2013\/11\/29\/dervishi-rekonstruktimi-kapeles-ne-ulqin\/#breadcrumb\",\"itemListElement\":[{\"@type\":\"ListItem\",\"position\":1,\"name\":\"Dervishi: Rekonstruktimi i Kapel\u00ebs n\u00eb Ulqin\"}]},{\"@type\":\"Person\",\"@id\":\"https:\/\/www.visit-ulcinj.com\/blog\/#\/schema\/person\/dcab619c614d3038751c63bc2aadc06d\",\"name\":\"ulqini\",\"sameAs\":[\"http:\/\/www.visit-ulcinj.com\"],\"url\":\"https:\/\/www.visit-ulcinj.com\/blog\/author\/admin\/\"}]}<\/script>\n<!-- \/ Yoast SEO plugin. -->","yoast_head_json":{"title":"Dervishi: Rekonstruktimi i Kapel\u00ebs n\u00eb Ulqin - Lajme nga Ulqini","description":"Ne dit\u00ebt n\u00eb vijim fillon rekonstruktimi i Kapel\u00ebs n\u00eb Ulqin. Pun\u00ebt do ti zhvilloj kompania Sh.P.K. \"GKM\" nga Podgorica me t\u00eb cil\u00ebn \u00ebsht\u00eb n\u00ebnshkru kontrata.","robots":{"index":"index","follow":"follow","max-snippet":"max-snippet:-1","max-image-preview":"max-image-preview:large","max-video-preview":"max-video-preview:-1"},"canonical":"https:\/\/www.visit-ulcinj.com\/blog\/2013\/11\/29\/dervishi-rekonstruktimi-kapeles-ne-ulqin\/","og_locale":"en_US","og_type":"article","og_title":"Dervishi: Rekonstruktimi i Kapel\u00ebs n\u00eb Ulqin - Lajme nga Ulqini","og_description":"Ne dit\u00ebt n\u00eb vijim fillon rekonstruktimi i Kapel\u00ebs n\u00eb Ulqin. Pun\u00ebt do ti zhvilloj kompania Sh.P.K. \"GKM\" nga Podgorica me t\u00eb cil\u00ebn \u00ebsht\u00eb n\u00ebnshkru kontrata.","og_url":"https:\/\/www.visit-ulcinj.com\/blog\/2013\/11\/29\/dervishi-rekonstruktimi-kapeles-ne-ulqin\/","og_site_name":"Lajme nga Ulqini","article_published_time":"2013-11-29T15:43:51+00:00","article_modified_time":"2013-11-29T15:45:47+00:00","og_image":[{"url":"http:\/\/www.visit-ulcinj.com\/blog\/wp-content\/uploads\/2013\/11\/A-Dervishi.jpg"}],"twitter_misc":{"Written by":"ulqini"},"schema":{"@context":"https:\/\/schema.org","@graph":[{"@type":"WebSite","@id":"https:\/\/www.visit-ulcinj.com\/blog\/#website","url":"https:\/\/www.visit-ulcinj.com\/blog\/","name":"Lajme nga Ulqini","description":"Lajme,Vijesti,Ulqini,Ulqin,Crna Gora,Mali i Zi","potentialAction":[{"@type":"SearchAction","target":{"@type":"EntryPoint","urlTemplate":"https:\/\/www.visit-ulcinj.com\/blog\/?s={search_term_string}"},"query-input":"required name=search_term_string"}],"inLanguage":"en-US"},{"@type":"ImageObject","inLanguage":"en-US","@id":"https:\/\/www.visit-ulcinj.com\/blog\/2013\/11\/29\/dervishi-rekonstruktimi-kapeles-ne-ulqin\/#primaryimage","url":"https:\/\/www.visit-ulcinj.com\/blog\/wp-content\/uploads\/2013\/11\/A-Dervishi.jpg","contentUrl":"https:\/\/www.visit-ulcinj.com\/blog\/wp-content\/uploads\/2013\/11\/A-Dervishi.jpg","width":397,"height":302},{"@type":"WebPage","@id":"https:\/\/www.visit-ulcinj.com\/blog\/2013\/11\/29\/dervishi-rekonstruktimi-kapeles-ne-ulqin\/#webpage","url":"https:\/\/www.visit-ulcinj.com\/blog\/2013\/11\/29\/dervishi-rekonstruktimi-kapeles-ne-ulqin\/","name":"Dervishi: Rekonstruktimi i Kapel\u00ebs n\u00eb Ulqin - Lajme nga Ulqini","isPartOf":{"@id":"https:\/\/www.visit-ulcinj.com\/blog\/#website"},"primaryImageOfPage":{"@id":"https:\/\/www.visit-ulcinj.com\/blog\/2013\/11\/29\/dervishi-rekonstruktimi-kapeles-ne-ulqin\/#primaryimage"},"datePublished":"2013-11-29T15:43:51+00:00","dateModified":"2013-11-29T15:45:47+00:00","author":{"@id":"https:\/\/www.visit-ulcinj.com\/blog\/#\/schema\/person\/dcab619c614d3038751c63bc2aadc06d"},"description":"Ne dit\u00ebt n\u00eb vijim fillon rekonstruktimi i Kapel\u00ebs n\u00eb Ulqin. Pun\u00ebt do ti zhvilloj kompania Sh.P.K. \"GKM\" nga Podgorica me t\u00eb cil\u00ebn \u00ebsht\u00eb n\u00ebnshkru kontrata.","breadcrumb":{"@id":"https:\/\/www.visit-ulcinj.com\/blog\/2013\/11\/29\/dervishi-rekonstruktimi-kapeles-ne-ulqin\/#breadcrumb"},"inLanguage":"en-US","potentialAction":[{"@type":"ReadAction","target":["https:\/\/www.visit-ulcinj.com\/blog\/2013\/11\/29\/dervishi-rekonstruktimi-kapeles-ne-ulqin\/"]}]},{"@type":"BreadcrumbList","@id":"https:\/\/www.visit-ulcinj.com\/blog\/2013\/11\/29\/dervishi-rekonstruktimi-kapeles-ne-ulqin\/#breadcrumb","itemListElement":[{"@type":"ListItem","position":1,"name":"Dervishi: Rekonstruktimi i Kapel\u00ebs n\u00eb Ulqin"}]},{"@type":"Person","@id":"https:\/\/www.visit-ulcinj.com\/blog\/#\/schema\/person\/dcab619c614d3038751c63bc2aadc06d","name":"ulqini","sameAs":["http:\/\/www.visit-ulcinj.com"],"url":"https:\/\/www.visit-ulcinj.com\/blog\/author\/admin\/"}]}},"jetpack_featured_media_url":"","jetpack_sharing_enabled":true,"jetpack_shortlink":"https:\/\/wp.me\/pe6lTn-jXN","_links":{"self":[{"href":"https:\/\/www.visit-ulcinj.com\/blog\/wp-json\/wp\/v2\/posts\/76743"}],"collection":[{"href":"https:\/\/www.visit-ulcinj.com\/blog\/wp-json\/wp\/v2\/posts"}],"about":[{"href":"https:\/\/www.visit-ulcinj.com\/blog\/wp-json\/wp\/v2\/types\/post"}],"author":[{"embeddable":true,"href":"https:\/\/www.visit-ulcinj.com\/blog\/wp-json\/wp\/v2\/users\/1"}],"replies":[{"embeddable":true,"href":"https:\/\/www.visit-ulcinj.com\/blog\/wp-json\/wp\/v2\/comments?post=76743"}],"version-history":[{"count":4,"href":"https:\/\/www.visit-ulcinj.com\/blog\/wp-json\/wp\/v2\/posts\/76743\/revisions"}],"predecessor-version":[{"id":76748,"href":"https:\/\/www.visit-ulcinj.com\/blog\/wp-json\/wp\/v2\/posts\/76743\/revisions\/76748"}],"wp:attachment":[{"href":"https:\/\/www.visit-ulcinj.com\/blog\/wp-json\/wp\/v2\/media?parent=76743"}],"wp:term":[{"taxonomy":"category","embeddable":true,"href":"https:\/\/www.visit-ulcinj.com\/blog\/wp-json\/wp\/v2\/categories?post=76743"},{"taxonomy":"post_tag","embeddable":true,"href":"https:\/\/www.visit-ulcinj.com\/blog\/wp-json\/wp\/v2\/tags?post=76743"}],"curies":[{"name":"wp","href":"https:\/\/api.w.org\/{rel}","templated":true}]}}