{"id":76767,"date":"2013-11-29T20:12:43","date_gmt":"2013-11-29T19:12:43","guid":{"rendered":"http:\/\/www.visit-ulcinj.com\/blog\/?p=76767"},"modified":"2013-11-29T20:12:43","modified_gmt":"2013-11-29T19:12:43","slug":"ulcinj-trotoari-pretvoreni-u-pravi-parking","status":"publish","type":"post","link":"https:\/\/www.visit-ulcinj.com\/blog\/2013\/11\/29\/ulcinj-trotoari-pretvoreni-u-pravi-parking\/","title":{"rendered":"Ulcinj: Trotoari pretvoreni u pravi parking"},"content":{"rendered":"<p><a href=\"http:\/\/www.visit-ulcinj.com\/blog\/wp-content\/uploads\/2013\/11\/Trotoari-u-Ulcinj.jpg\"><img loading=\"lazy\" class=\"alignleft  wp-image-76768\" alt=\"Trotoari u Ulcinj\" src=\"http:\/\/www.visit-ulcinj.com\/blog\/wp-content\/uploads\/2013\/11\/Trotoari-u-Ulcinj.jpg\" width=\"508\" height=\"360\" \/><\/a>Uzurpacija i nepropisno kori\u0161\u0107enje javnih povr\u0161ina, prvenstveno trotoara, u Ulcinju je decenijski problem. U nedostatku parking prostora Ulcinjani uglavnom koriste trotoare i zelene povr\u0161ine, pa nije neobi\u010dno to \u0161to su mnoge zone u gradu pretvorene u nelegalne parkinge. Najupe\u010datljiviji primjer nepropisnog parkiranja je Bulevar mar\u0161ala Tita, du\u017e kojeg je na desetine automobila parkirano na trotoarima, pa su pje\u0161aci prinu\u0111eni da se provla\u010de izme\u0111u vozila ili \u010dak da idu kolovozom. Komunalna policija, u saradnji sa saobra\u0107ajnom policijom, iz godine u godinu poku\u0161ava da rije\u0161i taj problem, ali bez uspjeha. Svojevremeno su trotoare od parkiranja \u0161titili stubi\u0107i, no ni to rje\u0161enje se nije pokazalo kao efikasno.<br \/>\n<strong>M.K.<\/strong><\/p>\n<p><strong>Izvor: DAN<\/strong><\/p>\n","protected":false},"excerpt":{"rendered":"<p>Uzurpacija i nepropisno kori\u0161\u0107enje javnih povr\u0161ina, prvenstveno trotoara, u Ulcinju je decenijski problem. U nedostatku parking prostora Ulcinjani uglavnom koriste trotoare i zelene povr\u0161ine, pa nije neobi\u010dno to \u0161to su mnoge zone u gradu pretvorene u nelegalne parkinge. Najupe\u010datljiviji primjer nepropisnog parkiranja je Bulevar mar\u0161ala Tita, du\u017e kojeg je na desetine automobila parkirano na trotoarima, [&hellip;]<\/p>\n","protected":false},"author":1,"featured_media":0,"comment_status":"closed","ping_status":"closed","sticky":false,"template":"","format":"standard","meta":{"spay_email":"","jetpack_publicize_message":"","jetpack_is_tweetstorm":false,"jetpack_publicize_feature_enabled":true},"categories":[6950],"tags":[],"jetpack_publicize_connections":[],"yoast_head":"<!-- This site is optimized with the Yoast SEO plugin v19.1 - https:\/\/yoast.com\/wordpress\/plugins\/seo\/ -->\n<title>Ulcinj: Trotoari pretvoreni u pravi parking - Lajme nga Ulqini<\/title>\n<meta name=\"description\" content=\"Uzurpacija i nepropisno kori\u0161\u0107enje javnih povr\u0161ina, prvenstveno trotoara, u Ulcinju je decenijski problem. U nedostatku parking prostora Ulcinjani\" \/>\n<meta name=\"robots\" content=\"index, follow, max-snippet:-1, max-image-preview:large, max-video-preview:-1\" \/>\n<link rel=\"canonical\" href=\"https:\/\/www.visit-ulcinj.com\/blog\/2013\/11\/29\/ulcinj-trotoari-pretvoreni-u-pravi-parking\/\" \/>\n<meta property=\"og:locale\" content=\"en_US\" \/>\n<meta property=\"og:type\" content=\"article\" \/>\n<meta property=\"og:title\" content=\"Ulcinj: Trotoari pretvoreni u pravi parking - Lajme nga Ulqini\" \/>\n<meta property=\"og:description\" content=\"Uzurpacija i nepropisno kori\u0161\u0107enje javnih povr\u0161ina, prvenstveno trotoara, u Ulcinju je decenijski problem. U nedostatku parking prostora Ulcinjani\" \/>\n<meta property=\"og:url\" content=\"https:\/\/www.visit-ulcinj.com\/blog\/2013\/11\/29\/ulcinj-trotoari-pretvoreni-u-pravi-parking\/\" \/>\n<meta property=\"og:site_name\" content=\"Lajme nga Ulqini\" \/>\n<meta property=\"article:published_time\" content=\"2013-11-29T19:12:43+00:00\" \/>\n<meta property=\"og:image\" content=\"http:\/\/www.visit-ulcinj.com\/blog\/wp-content\/uploads\/2013\/11\/Trotoari-u-Ulcinj.jpg\" \/>\n<meta name=\"twitter:label1\" content=\"Written by\" \/>\n\t<meta name=\"twitter:data1\" content=\"ulqini\" \/>\n\t<meta name=\"twitter:label2\" content=\"Est. reading time\" \/>\n\t<meta name=\"twitter:data2\" content=\"1 minute\" \/>\n<script type=\"application\/ld+json\" class=\"yoast-schema-graph\">{\"@context\":\"https:\/\/schema.org\",\"@graph\":[{\"@type\":\"WebSite\",\"@id\":\"https:\/\/www.visit-ulcinj.com\/blog\/#website\",\"url\":\"https:\/\/www.visit-ulcinj.com\/blog\/\",\"name\":\"Lajme nga Ulqini\",\"description\":\"Lajme,Vijesti,Ulqini,Ulqin,Crna Gora,Mali i Zi\",\"potentialAction\":[{\"@type\":\"SearchAction\",\"target\":{\"@type\":\"EntryPoint\",\"urlTemplate\":\"https:\/\/www.visit-ulcinj.com\/blog\/?s={search_term_string}\"},\"query-input\":\"required name=search_term_string\"}],\"inLanguage\":\"en-US\"},{\"@type\":\"ImageObject\",\"inLanguage\":\"en-US\",\"@id\":\"https:\/\/www.visit-ulcinj.com\/blog\/2013\/11\/29\/ulcinj-trotoari-pretvoreni-u-pravi-parking\/#primaryimage\",\"url\":\"https:\/\/www.visit-ulcinj.com\/blog\/wp-content\/uploads\/2013\/11\/Trotoari-u-Ulcinj.jpg\",\"contentUrl\":\"https:\/\/www.visit-ulcinj.com\/blog\/wp-content\/uploads\/2013\/11\/Trotoari-u-Ulcinj.jpg\",\"width\":538,\"height\":400},{\"@type\":\"WebPage\",\"@id\":\"https:\/\/www.visit-ulcinj.com\/blog\/2013\/11\/29\/ulcinj-trotoari-pretvoreni-u-pravi-parking\/#webpage\",\"url\":\"https:\/\/www.visit-ulcinj.com\/blog\/2013\/11\/29\/ulcinj-trotoari-pretvoreni-u-pravi-parking\/\",\"name\":\"Ulcinj: Trotoari pretvoreni u pravi parking - Lajme nga Ulqini\",\"isPartOf\":{\"@id\":\"https:\/\/www.visit-ulcinj.com\/blog\/#website\"},\"primaryImageOfPage\":{\"@id\":\"https:\/\/www.visit-ulcinj.com\/blog\/2013\/11\/29\/ulcinj-trotoari-pretvoreni-u-pravi-parking\/#primaryimage\"},\"datePublished\":\"2013-11-29T19:12:43+00:00\",\"dateModified\":\"2013-11-29T19:12:43+00:00\",\"author\":{\"@id\":\"https:\/\/www.visit-ulcinj.com\/blog\/#\/schema\/person\/dcab619c614d3038751c63bc2aadc06d\"},\"description\":\"Uzurpacija i nepropisno kori\u0161\u0107enje javnih povr\u0161ina, prvenstveno trotoara, u Ulcinju je decenijski problem. U nedostatku parking prostora Ulcinjani\",\"breadcrumb\":{\"@id\":\"https:\/\/www.visit-ulcinj.com\/blog\/2013\/11\/29\/ulcinj-trotoari-pretvoreni-u-pravi-parking\/#breadcrumb\"},\"inLanguage\":\"en-US\",\"potentialAction\":[{\"@type\":\"ReadAction\",\"target\":[\"https:\/\/www.visit-ulcinj.com\/blog\/2013\/11\/29\/ulcinj-trotoari-pretvoreni-u-pravi-parking\/\"]}]},{\"@type\":\"BreadcrumbList\",\"@id\":\"https:\/\/www.visit-ulcinj.com\/blog\/2013\/11\/29\/ulcinj-trotoari-pretvoreni-u-pravi-parking\/#breadcrumb\",\"itemListElement\":[{\"@type\":\"ListItem\",\"position\":1,\"name\":\"Ulcinj: Trotoari pretvoreni u pravi parking\"}]},{\"@type\":\"Person\",\"@id\":\"https:\/\/www.visit-ulcinj.com\/blog\/#\/schema\/person\/dcab619c614d3038751c63bc2aadc06d\",\"name\":\"ulqini\",\"sameAs\":[\"http:\/\/www.visit-ulcinj.com\"],\"url\":\"https:\/\/www.visit-ulcinj.com\/blog\/author\/admin\/\"}]}<\/script>\n<!-- \/ Yoast SEO plugin. -->","yoast_head_json":{"title":"Ulcinj: Trotoari pretvoreni u pravi parking - Lajme nga Ulqini","description":"Uzurpacija i nepropisno kori\u0161\u0107enje javnih povr\u0161ina, prvenstveno trotoara, u Ulcinju je decenijski problem. U nedostatku parking prostora Ulcinjani","robots":{"index":"index","follow":"follow","max-snippet":"max-snippet:-1","max-image-preview":"max-image-preview:large","max-video-preview":"max-video-preview:-1"},"canonical":"https:\/\/www.visit-ulcinj.com\/blog\/2013\/11\/29\/ulcinj-trotoari-pretvoreni-u-pravi-parking\/","og_locale":"en_US","og_type":"article","og_title":"Ulcinj: Trotoari pretvoreni u pravi parking - Lajme nga Ulqini","og_description":"Uzurpacija i nepropisno kori\u0161\u0107enje javnih povr\u0161ina, prvenstveno trotoara, u Ulcinju je decenijski problem. U nedostatku parking prostora Ulcinjani","og_url":"https:\/\/www.visit-ulcinj.com\/blog\/2013\/11\/29\/ulcinj-trotoari-pretvoreni-u-pravi-parking\/","og_site_name":"Lajme nga Ulqini","article_published_time":"2013-11-29T19:12:43+00:00","og_image":[{"url":"http:\/\/www.visit-ulcinj.com\/blog\/wp-content\/uploads\/2013\/11\/Trotoari-u-Ulcinj.jpg"}],"twitter_misc":{"Written by":"ulqini","Est. reading time":"1 minute"},"schema":{"@context":"https:\/\/schema.org","@graph":[{"@type":"WebSite","@id":"https:\/\/www.visit-ulcinj.com\/blog\/#website","url":"https:\/\/www.visit-ulcinj.com\/blog\/","name":"Lajme nga Ulqini","description":"Lajme,Vijesti,Ulqini,Ulqin,Crna Gora,Mali i Zi","potentialAction":[{"@type":"SearchAction","target":{"@type":"EntryPoint","urlTemplate":"https:\/\/www.visit-ulcinj.com\/blog\/?s={search_term_string}"},"query-input":"required name=search_term_string"}],"inLanguage":"en-US"},{"@type":"ImageObject","inLanguage":"en-US","@id":"https:\/\/www.visit-ulcinj.com\/blog\/2013\/11\/29\/ulcinj-trotoari-pretvoreni-u-pravi-parking\/#primaryimage","url":"https:\/\/www.visit-ulcinj.com\/blog\/wp-content\/uploads\/2013\/11\/Trotoari-u-Ulcinj.jpg","contentUrl":"https:\/\/www.visit-ulcinj.com\/blog\/wp-content\/uploads\/2013\/11\/Trotoari-u-Ulcinj.jpg","width":538,"height":400},{"@type":"WebPage","@id":"https:\/\/www.visit-ulcinj.com\/blog\/2013\/11\/29\/ulcinj-trotoari-pretvoreni-u-pravi-parking\/#webpage","url":"https:\/\/www.visit-ulcinj.com\/blog\/2013\/11\/29\/ulcinj-trotoari-pretvoreni-u-pravi-parking\/","name":"Ulcinj: Trotoari pretvoreni u pravi parking - Lajme nga Ulqini","isPartOf":{"@id":"https:\/\/www.visit-ulcinj.com\/blog\/#website"},"primaryImageOfPage":{"@id":"https:\/\/www.visit-ulcinj.com\/blog\/2013\/11\/29\/ulcinj-trotoari-pretvoreni-u-pravi-parking\/#primaryimage"},"datePublished":"2013-11-29T19:12:43+00:00","dateModified":"2013-11-29T19:12:43+00:00","author":{"@id":"https:\/\/www.visit-ulcinj.com\/blog\/#\/schema\/person\/dcab619c614d3038751c63bc2aadc06d"},"description":"Uzurpacija i nepropisno kori\u0161\u0107enje javnih povr\u0161ina, prvenstveno trotoara, u Ulcinju je decenijski problem. U nedostatku parking prostora Ulcinjani","breadcrumb":{"@id":"https:\/\/www.visit-ulcinj.com\/blog\/2013\/11\/29\/ulcinj-trotoari-pretvoreni-u-pravi-parking\/#breadcrumb"},"inLanguage":"en-US","potentialAction":[{"@type":"ReadAction","target":["https:\/\/www.visit-ulcinj.com\/blog\/2013\/11\/29\/ulcinj-trotoari-pretvoreni-u-pravi-parking\/"]}]},{"@type":"BreadcrumbList","@id":"https:\/\/www.visit-ulcinj.com\/blog\/2013\/11\/29\/ulcinj-trotoari-pretvoreni-u-pravi-parking\/#breadcrumb","itemListElement":[{"@type":"ListItem","position":1,"name":"Ulcinj: Trotoari pretvoreni u pravi parking"}]},{"@type":"Person","@id":"https:\/\/www.visit-ulcinj.com\/blog\/#\/schema\/person\/dcab619c614d3038751c63bc2aadc06d","name":"ulqini","sameAs":["http:\/\/www.visit-ulcinj.com"],"url":"https:\/\/www.visit-ulcinj.com\/blog\/author\/admin\/"}]}},"jetpack_featured_media_url":"","jetpack_sharing_enabled":true,"jetpack_shortlink":"https:\/\/wp.me\/pe6lTn-jYb","_links":{"self":[{"href":"https:\/\/www.visit-ulcinj.com\/blog\/wp-json\/wp\/v2\/posts\/76767"}],"collection":[{"href":"https:\/\/www.visit-ulcinj.com\/blog\/wp-json\/wp\/v2\/posts"}],"about":[{"href":"https:\/\/www.visit-ulcinj.com\/blog\/wp-json\/wp\/v2\/types\/post"}],"author":[{"embeddable":true,"href":"https:\/\/www.visit-ulcinj.com\/blog\/wp-json\/wp\/v2\/users\/1"}],"replies":[{"embeddable":true,"href":"https:\/\/www.visit-ulcinj.com\/blog\/wp-json\/wp\/v2\/comments?post=76767"}],"version-history":[{"count":1,"href":"https:\/\/www.visit-ulcinj.com\/blog\/wp-json\/wp\/v2\/posts\/76767\/revisions"}],"predecessor-version":[{"id":76769,"href":"https:\/\/www.visit-ulcinj.com\/blog\/wp-json\/wp\/v2\/posts\/76767\/revisions\/76769"}],"wp:attachment":[{"href":"https:\/\/www.visit-ulcinj.com\/blog\/wp-json\/wp\/v2\/media?parent=76767"}],"wp:term":[{"taxonomy":"category","embeddable":true,"href":"https:\/\/www.visit-ulcinj.com\/blog\/wp-json\/wp\/v2\/categories?post=76767"},{"taxonomy":"post_tag","embeddable":true,"href":"https:\/\/www.visit-ulcinj.com\/blog\/wp-json\/wp\/v2\/tags?post=76767"}],"curies":[{"name":"wp","href":"https:\/\/api.w.org\/{rel}","templated":true}]}}