{"id":76803,"date":"2013-11-30T09:13:43","date_gmt":"2013-11-30T08:13:43","guid":{"rendered":"http:\/\/www.visit-ulcinj.com\/blog\/?p=76803"},"modified":"2013-12-09T16:18:57","modified_gmt":"2013-12-09T15:18:57","slug":"e-tepron-nora-pa-te-brendshme-ne-kenga-magjike","status":"publish","type":"post","link":"https:\/\/www.visit-ulcinj.com\/blog\/2013\/11\/30\/e-tepron-nora-pa-te-brendshme-ne-kenga-magjike\/","title":{"rendered":"E tepron Nora, pa t\u00eb brendshme n\u00eb K\u00ebnga Magjike?"},"content":{"rendered":"<p><a href=\"http:\/\/www.visit-ulcinj.com\/blog\/wp-content\/uploads\/2013\/11\/nora-istrefi-pa-te-mbrenshme.jpg\"><img loading=\"lazy\" class=\"alignleft  wp-image-76804\" alt=\"nora-istrefi-pa te-mbrenshme\" src=\"http:\/\/www.visit-ulcinj.com\/blog\/wp-content\/uploads\/2013\/11\/nora-istrefi-pa-te-mbrenshme.jpg\" width=\"508\" height=\"335\" \/><\/a>Bukuroshja nga Prishtina u paraqit n\u00eb nat\u00ebn e dyt\u00eb gjysm\u00ebfinale t\u00eb K\u00ebnga Magjike, ku performoi n\u00eb sken\u00ebn e madhe k\u00ebng\u00ebn \u201cI Jemi Je\u201d.<\/p>\n<p>Dhe, k\u00ebng\u00ebtarja ka zgjedhur nj\u00eb fustan t\u00eb bardh\u00eb me prerje t\u00eb shumta, q\u00eb n\u00eb mas\u00eb t\u00eb madhe shfaqi edhe linjat e saj t\u00eb p\u00ebrkryera trupore.<\/p>\n<p>Por, ajo q\u00eb vihet n\u00eb pik\u00ebpyetje \u00ebsht\u00eb n\u00ebse Nora ka pasur t\u00eb brendshme apo jo dhe se prerja ndoshta ka qen\u00eb e tepruar.<\/p>\n<p>Nora konsiderohet favorite p\u00ebr ta fituar festivalin k\u00ebt\u00eb edicion, pasi paraqitet me nj\u00eb balad\u00eb shum\u00eb t\u00eb bukur t\u00eb punuar nga Armend Rexhepagaqi dhe Aida Baraku.<\/p>\n<p><strong>gazetaora<\/strong><\/p>\n<!--YouTube Error: bad URL entered-->\n","protected":false},"excerpt":{"rendered":"<p>Bukuroshja nga Prishtina u paraqit n\u00eb nat\u00ebn e dyt\u00eb gjysm\u00ebfinale t\u00eb K\u00ebnga Magjike, ku performoi n\u00eb sken\u00ebn e madhe k\u00ebng\u00ebn \u201cI Jemi Je\u201d. Dhe, k\u00ebng\u00ebtarja ka zgjedhur nj\u00eb fustan t\u00eb bardh\u00eb me prerje t\u00eb shumta, q\u00eb n\u00eb mas\u00eb t\u00eb madhe shfaqi edhe linjat e saj t\u00eb p\u00ebrkryera trupore. Por, ajo q\u00eb vihet n\u00eb pik\u00ebpyetje \u00ebsht\u00eb [&hellip;]<\/p>\n","protected":false},"author":1,"featured_media":0,"comment_status":"closed","ping_status":"closed","sticky":false,"template":"","format":"standard","meta":{"spay_email":"","jetpack_publicize_message":"","jetpack_is_tweetstorm":false,"jetpack_publicize_feature_enabled":true},"categories":[6950],"tags":[],"jetpack_publicize_connections":[],"yoast_head":"<!-- This site is optimized with the Yoast SEO plugin v19.1 - https:\/\/yoast.com\/wordpress\/plugins\/seo\/ -->\n<title>E tepron Nora, pa t\u00eb brendshme n\u00eb K\u00ebnga Magjike? - Lajme nga Ulqini<\/title>\n<meta name=\"description\" content=\"Bukuroshja nga Prishtina u paraqit n\u00eb nat\u00ebn e dyt\u00eb gjysm\u00ebfinale t\u00eb K\u00ebnga Magjike, ku performoi n\u00eb sken\u00ebn e madhe k\u00ebng\u00ebn \u201cI Jemi Je\u201d. Dhe, k\u00ebng\u00ebtarja ka\" \/>\n<meta name=\"robots\" content=\"index, follow, max-snippet:-1, max-image-preview:large, max-video-preview:-1\" \/>\n<link rel=\"canonical\" href=\"https:\/\/www.visit-ulcinj.com\/blog\/2013\/11\/30\/e-tepron-nora-pa-te-brendshme-ne-kenga-magjike\/\" \/>\n<meta property=\"og:locale\" content=\"en_US\" \/>\n<meta property=\"og:type\" content=\"article\" \/>\n<meta property=\"og:title\" content=\"E tepron Nora, pa t\u00eb brendshme n\u00eb K\u00ebnga Magjike? - Lajme nga Ulqini\" \/>\n<meta property=\"og:description\" content=\"Bukuroshja nga Prishtina u paraqit n\u00eb nat\u00ebn e dyt\u00eb gjysm\u00ebfinale t\u00eb K\u00ebnga Magjike, ku performoi n\u00eb sken\u00ebn e madhe k\u00ebng\u00ebn \u201cI Jemi Je\u201d. Dhe, k\u00ebng\u00ebtarja ka\" \/>\n<meta property=\"og:url\" content=\"https:\/\/www.visit-ulcinj.com\/blog\/2013\/11\/30\/e-tepron-nora-pa-te-brendshme-ne-kenga-magjike\/\" \/>\n<meta property=\"og:site_name\" content=\"Lajme nga Ulqini\" \/>\n<meta property=\"article:published_time\" content=\"2013-11-30T08:13:43+00:00\" \/>\n<meta property=\"article:modified_time\" content=\"2013-12-09T15:18:57+00:00\" \/>\n<meta property=\"og:image\" content=\"http:\/\/www.visit-ulcinj.com\/blog\/wp-content\/uploads\/2013\/11\/nora-istrefi-pa-te-mbrenshme.jpg\" \/>\n<meta name=\"twitter:label1\" content=\"Written by\" \/>\n\t<meta name=\"twitter:data1\" content=\"ulqini\" \/>\n\t<meta name=\"twitter:label2\" content=\"Est. reading time\" \/>\n\t<meta name=\"twitter:data2\" content=\"1 minute\" \/>\n<script type=\"application\/ld+json\" class=\"yoast-schema-graph\">{\"@context\":\"https:\/\/schema.org\",\"@graph\":[{\"@type\":\"WebSite\",\"@id\":\"https:\/\/www.visit-ulcinj.com\/blog\/#website\",\"url\":\"https:\/\/www.visit-ulcinj.com\/blog\/\",\"name\":\"Lajme nga Ulqini\",\"description\":\"Lajme,Vijesti,Ulqini,Ulqin,Crna Gora,Mali i Zi\",\"potentialAction\":[{\"@type\":\"SearchAction\",\"target\":{\"@type\":\"EntryPoint\",\"urlTemplate\":\"https:\/\/www.visit-ulcinj.com\/blog\/?s={search_term_string}\"},\"query-input\":\"required name=search_term_string\"}],\"inLanguage\":\"en-US\"},{\"@type\":\"ImageObject\",\"inLanguage\":\"en-US\",\"@id\":\"https:\/\/www.visit-ulcinj.com\/blog\/2013\/11\/30\/e-tepron-nora-pa-te-brendshme-ne-kenga-magjike\/#primaryimage\",\"url\":\"http:\/\/www.visit-ulcinj.com\/blog\/wp-content\/uploads\/2013\/11\/nora-istrefi-pa-te-mbrenshme.jpg\",\"contentUrl\":\"http:\/\/www.visit-ulcinj.com\/blog\/wp-content\/uploads\/2013\/11\/nora-istrefi-pa-te-mbrenshme.jpg\"},{\"@type\":\"WebPage\",\"@id\":\"https:\/\/www.visit-ulcinj.com\/blog\/2013\/11\/30\/e-tepron-nora-pa-te-brendshme-ne-kenga-magjike\/#webpage\",\"url\":\"https:\/\/www.visit-ulcinj.com\/blog\/2013\/11\/30\/e-tepron-nora-pa-te-brendshme-ne-kenga-magjike\/\",\"name\":\"E tepron Nora, pa t\u00eb brendshme n\u00eb K\u00ebnga Magjike? - Lajme nga Ulqini\",\"isPartOf\":{\"@id\":\"https:\/\/www.visit-ulcinj.com\/blog\/#website\"},\"primaryImageOfPage\":{\"@id\":\"https:\/\/www.visit-ulcinj.com\/blog\/2013\/11\/30\/e-tepron-nora-pa-te-brendshme-ne-kenga-magjike\/#primaryimage\"},\"datePublished\":\"2013-11-30T08:13:43+00:00\",\"dateModified\":\"2013-12-09T15:18:57+00:00\",\"author\":{\"@id\":\"https:\/\/www.visit-ulcinj.com\/blog\/#\/schema\/person\/dcab619c614d3038751c63bc2aadc06d\"},\"description\":\"Bukuroshja nga Prishtina u paraqit n\u00eb nat\u00ebn e dyt\u00eb gjysm\u00ebfinale t\u00eb K\u00ebnga Magjike, ku performoi n\u00eb sken\u00ebn e madhe k\u00ebng\u00ebn \u201cI Jemi Je\u201d. Dhe, k\u00ebng\u00ebtarja ka\",\"breadcrumb\":{\"@id\":\"https:\/\/www.visit-ulcinj.com\/blog\/2013\/11\/30\/e-tepron-nora-pa-te-brendshme-ne-kenga-magjike\/#breadcrumb\"},\"inLanguage\":\"en-US\",\"potentialAction\":[{\"@type\":\"ReadAction\",\"target\":[\"https:\/\/www.visit-ulcinj.com\/blog\/2013\/11\/30\/e-tepron-nora-pa-te-brendshme-ne-kenga-magjike\/\"]}]},{\"@type\":\"BreadcrumbList\",\"@id\":\"https:\/\/www.visit-ulcinj.com\/blog\/2013\/11\/30\/e-tepron-nora-pa-te-brendshme-ne-kenga-magjike\/#breadcrumb\",\"itemListElement\":[{\"@type\":\"ListItem\",\"position\":1,\"name\":\"E tepron Nora, pa t\u00eb brendshme n\u00eb K\u00ebnga Magjike?\"}]},{\"@type\":\"Person\",\"@id\":\"https:\/\/www.visit-ulcinj.com\/blog\/#\/schema\/person\/dcab619c614d3038751c63bc2aadc06d\",\"name\":\"ulqini\",\"sameAs\":[\"http:\/\/www.visit-ulcinj.com\"],\"url\":\"https:\/\/www.visit-ulcinj.com\/blog\/author\/admin\/\"}]}<\/script>\n<!-- \/ Yoast SEO plugin. -->","yoast_head_json":{"title":"E tepron Nora, pa t\u00eb brendshme n\u00eb K\u00ebnga Magjike? - Lajme nga Ulqini","description":"Bukuroshja nga Prishtina u paraqit n\u00eb nat\u00ebn e dyt\u00eb gjysm\u00ebfinale t\u00eb K\u00ebnga Magjike, ku performoi n\u00eb sken\u00ebn e madhe k\u00ebng\u00ebn \u201cI Jemi Je\u201d. Dhe, k\u00ebng\u00ebtarja ka","robots":{"index":"index","follow":"follow","max-snippet":"max-snippet:-1","max-image-preview":"max-image-preview:large","max-video-preview":"max-video-preview:-1"},"canonical":"https:\/\/www.visit-ulcinj.com\/blog\/2013\/11\/30\/e-tepron-nora-pa-te-brendshme-ne-kenga-magjike\/","og_locale":"en_US","og_type":"article","og_title":"E tepron Nora, pa t\u00eb brendshme n\u00eb K\u00ebnga Magjike? - Lajme nga Ulqini","og_description":"Bukuroshja nga Prishtina u paraqit n\u00eb nat\u00ebn e dyt\u00eb gjysm\u00ebfinale t\u00eb K\u00ebnga Magjike, ku performoi n\u00eb sken\u00ebn e madhe k\u00ebng\u00ebn \u201cI Jemi Je\u201d. Dhe, k\u00ebng\u00ebtarja ka","og_url":"https:\/\/www.visit-ulcinj.com\/blog\/2013\/11\/30\/e-tepron-nora-pa-te-brendshme-ne-kenga-magjike\/","og_site_name":"Lajme nga Ulqini","article_published_time":"2013-11-30T08:13:43+00:00","article_modified_time":"2013-12-09T15:18:57+00:00","og_image":[{"url":"http:\/\/www.visit-ulcinj.com\/blog\/wp-content\/uploads\/2013\/11\/nora-istrefi-pa-te-mbrenshme.jpg"}],"twitter_misc":{"Written by":"ulqini","Est. reading time":"1 minute"},"schema":{"@context":"https:\/\/schema.org","@graph":[{"@type":"WebSite","@id":"https:\/\/www.visit-ulcinj.com\/blog\/#website","url":"https:\/\/www.visit-ulcinj.com\/blog\/","name":"Lajme nga Ulqini","description":"Lajme,Vijesti,Ulqini,Ulqin,Crna Gora,Mali i Zi","potentialAction":[{"@type":"SearchAction","target":{"@type":"EntryPoint","urlTemplate":"https:\/\/www.visit-ulcinj.com\/blog\/?s={search_term_string}"},"query-input":"required name=search_term_string"}],"inLanguage":"en-US"},{"@type":"ImageObject","inLanguage":"en-US","@id":"https:\/\/www.visit-ulcinj.com\/blog\/2013\/11\/30\/e-tepron-nora-pa-te-brendshme-ne-kenga-magjike\/#primaryimage","url":"http:\/\/www.visit-ulcinj.com\/blog\/wp-content\/uploads\/2013\/11\/nora-istrefi-pa-te-mbrenshme.jpg","contentUrl":"http:\/\/www.visit-ulcinj.com\/blog\/wp-content\/uploads\/2013\/11\/nora-istrefi-pa-te-mbrenshme.jpg"},{"@type":"WebPage","@id":"https:\/\/www.visit-ulcinj.com\/blog\/2013\/11\/30\/e-tepron-nora-pa-te-brendshme-ne-kenga-magjike\/#webpage","url":"https:\/\/www.visit-ulcinj.com\/blog\/2013\/11\/30\/e-tepron-nora-pa-te-brendshme-ne-kenga-magjike\/","name":"E tepron Nora, pa t\u00eb brendshme n\u00eb K\u00ebnga Magjike? - Lajme nga Ulqini","isPartOf":{"@id":"https:\/\/www.visit-ulcinj.com\/blog\/#website"},"primaryImageOfPage":{"@id":"https:\/\/www.visit-ulcinj.com\/blog\/2013\/11\/30\/e-tepron-nora-pa-te-brendshme-ne-kenga-magjike\/#primaryimage"},"datePublished":"2013-11-30T08:13:43+00:00","dateModified":"2013-12-09T15:18:57+00:00","author":{"@id":"https:\/\/www.visit-ulcinj.com\/blog\/#\/schema\/person\/dcab619c614d3038751c63bc2aadc06d"},"description":"Bukuroshja nga Prishtina u paraqit n\u00eb nat\u00ebn e dyt\u00eb gjysm\u00ebfinale t\u00eb K\u00ebnga Magjike, ku performoi n\u00eb sken\u00ebn e madhe k\u00ebng\u00ebn \u201cI Jemi Je\u201d. Dhe, k\u00ebng\u00ebtarja ka","breadcrumb":{"@id":"https:\/\/www.visit-ulcinj.com\/blog\/2013\/11\/30\/e-tepron-nora-pa-te-brendshme-ne-kenga-magjike\/#breadcrumb"},"inLanguage":"en-US","potentialAction":[{"@type":"ReadAction","target":["https:\/\/www.visit-ulcinj.com\/blog\/2013\/11\/30\/e-tepron-nora-pa-te-brendshme-ne-kenga-magjike\/"]}]},{"@type":"BreadcrumbList","@id":"https:\/\/www.visit-ulcinj.com\/blog\/2013\/11\/30\/e-tepron-nora-pa-te-brendshme-ne-kenga-magjike\/#breadcrumb","itemListElement":[{"@type":"ListItem","position":1,"name":"E tepron Nora, pa t\u00eb brendshme n\u00eb K\u00ebnga Magjike?"}]},{"@type":"Person","@id":"https:\/\/www.visit-ulcinj.com\/blog\/#\/schema\/person\/dcab619c614d3038751c63bc2aadc06d","name":"ulqini","sameAs":["http:\/\/www.visit-ulcinj.com"],"url":"https:\/\/www.visit-ulcinj.com\/blog\/author\/admin\/"}]}},"jetpack_featured_media_url":"","jetpack_sharing_enabled":true,"jetpack_shortlink":"https:\/\/wp.me\/pe6lTn-jYL","_links":{"self":[{"href":"https:\/\/www.visit-ulcinj.com\/blog\/wp-json\/wp\/v2\/posts\/76803"}],"collection":[{"href":"https:\/\/www.visit-ulcinj.com\/blog\/wp-json\/wp\/v2\/posts"}],"about":[{"href":"https:\/\/www.visit-ulcinj.com\/blog\/wp-json\/wp\/v2\/types\/post"}],"author":[{"embeddable":true,"href":"https:\/\/www.visit-ulcinj.com\/blog\/wp-json\/wp\/v2\/users\/1"}],"replies":[{"embeddable":true,"href":"https:\/\/www.visit-ulcinj.com\/blog\/wp-json\/wp\/v2\/comments?post=76803"}],"version-history":[{"count":2,"href":"https:\/\/www.visit-ulcinj.com\/blog\/wp-json\/wp\/v2\/posts\/76803\/revisions"}],"predecessor-version":[{"id":76806,"href":"https:\/\/www.visit-ulcinj.com\/blog\/wp-json\/wp\/v2\/posts\/76803\/revisions\/76806"}],"wp:attachment":[{"href":"https:\/\/www.visit-ulcinj.com\/blog\/wp-json\/wp\/v2\/media?parent=76803"}],"wp:term":[{"taxonomy":"category","embeddable":true,"href":"https:\/\/www.visit-ulcinj.com\/blog\/wp-json\/wp\/v2\/categories?post=76803"},{"taxonomy":"post_tag","embeddable":true,"href":"https:\/\/www.visit-ulcinj.com\/blog\/wp-json\/wp\/v2\/tags?post=76803"}],"curies":[{"name":"wp","href":"https:\/\/api.w.org\/{rel}","templated":true}]}}