{"id":76807,"date":"2013-11-30T09:43:32","date_gmt":"2013-11-30T08:43:32","guid":{"rendered":"http:\/\/www.visit-ulcinj.com\/blog\/?p=76807"},"modified":"2013-11-30T09:43:32","modified_gmt":"2013-11-30T08:43:32","slug":"ulcinjani-primaju-najmanje-plate","status":"publish","type":"post","link":"https:\/\/www.visit-ulcinj.com\/blog\/2013\/11\/30\/ulcinjani-primaju-najmanje-plate\/","title":{"rendered":"Ulcinjani primaju najmanje plate"},"content":{"rendered":"<p><a href=\"http:\/\/www.visit-ulcinj.com\/blog\/wp-content\/uploads\/2013\/11\/MonStat.jpg\"><img loading=\"lazy\" class=\"alignleft  wp-image-76808\" alt=\"MonStat\" src=\"http:\/\/www.visit-ulcinj.com\/blog\/wp-content\/uploads\/2013\/11\/MonStat.jpg\" width=\"508\" height=\"360\" \/><\/a>Poslednji podaci dr\u017eavnog zavoda za statistiku \u2013 Monstata pokazali su da Ulcinjani primaju najmanje plate u zemlji. Prosje\u010dna oktobarska zarada u ovoj op\u0161tini iznosila je 358 eura, \u0161to je za deset odsto manje nego mjesec ranije. Prosje\u010dna plata na nivou Crne Gore u oktobru bila je 475 eura, pa je Ulcinj jedina op\u0161tina u Crnoj Gori gdje su prosje\u010dne zarade manje od 400 eura. Pore\u0111enja radi, zarada zaposlenih u Podgorici je ve\u0107a za 150 eura dok Tiv\u0107ani primaju \u010dak 240 eura vi\u0161e. Situacija u najju\u017enijoj op\u0161tini bila bi i gora da nije zaposlenih u dr\u017eavnim institucijama, koji sa koliko-toliko redovnim primanjima na nivou prosje\u010dne zarade u dr\u017eavi , \u201evade\u201d ionako lo\u0161 prosjek. Situacija je alarmantana kada je rije\u010d o zaradama u privredi, organima lokalne samouprave, posebno javnih preduze\u0107a koje su u poslednje dvije godine umanjene i neredovno se ispla\u0107uju. Za veliki broj radnika plata je postala misaona imenica. Zbog te\u0161ke finansijske situacije u op\u0161tinskoj kasi i vi\u0161emilionskih dugova u lokalnoj upravi plate su smanjene u dva navrata. Prvi put su primanja umanjena za 10, a drugi put za pet odsto. Razmi\u0161lja se i o dodatnom smanjenju zbog velike administracije, a predvi\u0111a se i socijalni program za vi\u0161ak radnika. Sindikalni povjerenik SSS CG za Ulcinj \u0160efki Keko Ljamovi\u0107 ka\u017ee da su Ulcinjani, osim po tome \u0161to imaju najmanje plate u dr\u017eavi, rekorderi i po ka\u0161njenju zarada.<br \/>\n\u2013 Ionako niske plate se ne primaju redovno nekoliko godina unazad. Spisak preduze\u0107a \u010diji zaposleni mjesecima ne dobijaju zarade je veliki. To su radnici: pekare \u201eJastreb\u201d, preduze\u0107a ULTEP, hotela \u201eOtrant\u201d i Solane. Osim toga, njima nije povezan radni sta\u017e i po nekoliko godina. Tako\u0111e, ni\u0161ta bolja situacija nije ni u lokalnim javnim preduze\u0107ima: Centru za kulturu, RTV Ulcinj, JP za uzgoj divlja\u010di, JP Vodovod&#8230; Zaposlenima u lokalanoj upravi duguju se dvije plate, a u javnim preduze\u0107ima \u010dak i do deset zarada. U saznanju sam da \u0107e nezadovoljni radnici organizovati proteste jer su dovedeni na ivicu egzistencije \u2013 tvrdi Ljamovi\u0107.<br \/>\nSindikalni povjerenik USSCG za Ulcinj Aslan Zeneli za te\u0161ku situaciju radnika optu\u017euje aktuelnu vlast.<br \/>\n\u2013 Mi smo osamdesetih i devedestih godina bili srednje razvijena op\u0161tina u Crnoj Gori sa preko pet hiljada zaposlenih. Danas smo nasiroma\u0161nija op\u0161tina, bar \u0161to se plata ti\u010de i to najbolje pokazuje kakav je odnos aktuelne dr\u017eavne vlasti prema Ulcinju i Ulcinjanima. Ekonomski smo uni\u0161teni, ste\u010dajevi se uvode jedan za drugim, radnici su na ulici, a omladina bez perspektive. Kada se sve to uzme u obzir, nije ni \u010dudo \u0161to imamo najni\u017ee plate. Svi ekonomski subjekti propali su tokom vladavine sada\u0161njeg re\u017eima. Pod vo\u0111stvom njihovih partijskih vojnika, kao direktora i \u010dlanova upravnih odbora, uru\u0161eni su i prodati u bescjenje. I \u0161to je u svemu najgore \u2013 ne nazire se kraj propadanju niti se vidi svjetlo u tunelu u kome smo evo dvije decenije \u2013 ka\u017ee Zeneli.<br \/>\nPoliti\u010dari obe\u0107avaju posao, ali ne i plate. U Ulcinju se gotovo ustalilo pravilo da je svaka nova struktura vlasti zapo\u0161ljavala svoje ljude, bez obzira na kvalifikaciju i stvarnu potrebu, pa ima pojedinih op\u0161tinskih slu\u017ebi gdje je toliko zaposlenih da nema ni dovoljno stolica da sjede. Politi\u010dari obe\u0107avaju posao, ali ne i redovne plate, jer je novca u op\u0161tinskom bud\u017eetu nedovoljno. Iako nema zvani\u010dnih podataka o broju zaposlenih u lokalnoj administraciji i javnim preduze\u0107ima, u poslednje vrijeme opozicione partije u SO Ulcinj upozoravaju da je taj broj pre\u0161ao 500. Opozicija tvrdi da je tako glomazna administracija optere\u0107enje i za mnogo bogatije op\u0161tine od Ulcinja.<br \/>\n<strong>M.K.<\/strong><br \/>\n<a href=\"http:\/\/www.visit-ulcinj.com\/blog\/wp-content\/uploads\/2013\/11\/ulcinjska-solana1.jpg\"><img loading=\"lazy\" class=\"alignleft  wp-image-76809\" alt=\"ulcinjska-solana\" src=\"http:\/\/www.visit-ulcinj.com\/blog\/wp-content\/uploads\/2013\/11\/ulcinjska-solana1.jpg\" width=\"508\" height=\"360\" \/><\/a><br \/>\n<strong> U Solani najte\u017ee stanje<\/strong><br \/>\nJedan od najdrasti\u010dnijih primjera te\u0161kog materijalnog polo\u017eaja radnika u Ulcinju je Solana, preduze\u0107e u klasi\u010dnom ste\u010daju. U Sindikatu Solane navode podatak da su dugovanja prema zaposlenima u prosjeku po 10 hiljada eura.<br \/>\n\u2013 Zaposlenima sa vi\u0161om i visokom stru\u010dnom spremom \u010dak i znatno vi\u0161e. Toliko se duguje obi\u010dnom radniku i to do momenta ulaska u klasi\u010dni ste\u010daj. Nakon toga svi zaposleni su sticajem okolnosti potpisali ugovore na odre\u0111eno vrijeme, ali plate su i dalje neredovne. Trenutno nam se duguje sedam zarada i mjesecima nijesmo ni\u0161ta primili. Jedini novac koji smo dobili su dnevnice za berbu soli. Radnici imaju od 250 do 350 eura, a rukovodioci i \u0161efovi od 500, pa navi\u0161e. Problem je, me\u0111utim, \u0161to ih rijetko dobijamo, a i kada budu \u010desto se kao dio plate dobije vredonosni papir sa kojim mo\u017eemo da trgujemo u nekoj radnji \u2013 obja\u0161njava predsjednik Sindikata Solane Marko Miranovi\u0107.<br \/>\nOn podsje\u0107a da je u sre\u0107nim vremenima preduze\u0107e zapo\u0161ljavalo nekoliko stotina radnika te da su oni imali redovne plate, tople obroke, zimnice i regrese, a nerijetko su dijeljeni i vi\u0161kovi.<\/p>\n<p><strong>Izvor: DAN<\/strong><\/p>\n","protected":false},"excerpt":{"rendered":"<p>Poslednji podaci dr\u017eavnog zavoda za statistiku \u2013 Monstata pokazali su da Ulcinjani primaju najmanje plate u zemlji. Prosje\u010dna oktobarska zarada u ovoj op\u0161tini iznosila je 358 eura, \u0161to je za deset odsto manje nego mjesec ranije. Prosje\u010dna plata na nivou Crne Gore u oktobru bila je 475 eura, pa je Ulcinj jedina op\u0161tina u Crnoj [&hellip;]<\/p>\n","protected":false},"author":1,"featured_media":0,"comment_status":"closed","ping_status":"closed","sticky":false,"template":"","format":"standard","meta":{"spay_email":"","jetpack_publicize_message":"","jetpack_is_tweetstorm":false,"jetpack_publicize_feature_enabled":true},"categories":[8337],"tags":[],"jetpack_publicize_connections":[],"yoast_head":"<!-- This site is optimized with the Yoast SEO plugin v19.1 - https:\/\/yoast.com\/wordpress\/plugins\/seo\/ -->\n<title>Ulcinjani primaju najmanje plate - Lajme nga Ulqini<\/title>\n<meta name=\"description\" content=\"Poslednji podaci dr\u017eavnog zavoda za statistiku \u2013 Monstata pokazali su da Ulcinjani primaju najmanje plate u zemlji. Prosje\u010dna oktobarska zarada u ovoj\" \/>\n<meta name=\"robots\" content=\"index, follow, max-snippet:-1, max-image-preview:large, max-video-preview:-1\" \/>\n<link rel=\"canonical\" href=\"https:\/\/www.visit-ulcinj.com\/blog\/2013\/11\/30\/ulcinjani-primaju-najmanje-plate\/\" \/>\n<meta property=\"og:locale\" content=\"en_US\" \/>\n<meta property=\"og:type\" content=\"article\" \/>\n<meta property=\"og:title\" content=\"Ulcinjani primaju najmanje plate - Lajme nga Ulqini\" \/>\n<meta property=\"og:description\" content=\"Poslednji podaci dr\u017eavnog zavoda za statistiku \u2013 Monstata pokazali su da Ulcinjani primaju najmanje plate u zemlji. Prosje\u010dna oktobarska zarada u ovoj\" \/>\n<meta property=\"og:url\" content=\"https:\/\/www.visit-ulcinj.com\/blog\/2013\/11\/30\/ulcinjani-primaju-najmanje-plate\/\" \/>\n<meta property=\"og:site_name\" content=\"Lajme nga Ulqini\" \/>\n<meta property=\"article:published_time\" content=\"2013-11-30T08:43:32+00:00\" \/>\n<meta property=\"og:image\" content=\"http:\/\/www.visit-ulcinj.com\/blog\/wp-content\/uploads\/2013\/11\/MonStat.jpg\" \/>\n<meta name=\"twitter:label1\" content=\"Written by\" \/>\n\t<meta name=\"twitter:data1\" content=\"ulqini\" \/>\n\t<meta name=\"twitter:label2\" content=\"Est. reading time\" \/>\n\t<meta name=\"twitter:data2\" content=\"4 minutes\" \/>\n<script type=\"application\/ld+json\" class=\"yoast-schema-graph\">{\"@context\":\"https:\/\/schema.org\",\"@graph\":[{\"@type\":\"WebSite\",\"@id\":\"https:\/\/www.visit-ulcinj.com\/blog\/#website\",\"url\":\"https:\/\/www.visit-ulcinj.com\/blog\/\",\"name\":\"Lajme nga Ulqini\",\"description\":\"Lajme,Vijesti,Ulqini,Ulqin,Crna Gora,Mali i Zi\",\"potentialAction\":[{\"@type\":\"SearchAction\",\"target\":{\"@type\":\"EntryPoint\",\"urlTemplate\":\"https:\/\/www.visit-ulcinj.com\/blog\/?s={search_term_string}\"},\"query-input\":\"required name=search_term_string\"}],\"inLanguage\":\"en-US\"},{\"@type\":\"ImageObject\",\"inLanguage\":\"en-US\",\"@id\":\"https:\/\/www.visit-ulcinj.com\/blog\/2013\/11\/30\/ulcinjani-primaju-najmanje-plate\/#primaryimage\",\"url\":\"https:\/\/www.visit-ulcinj.com\/blog\/wp-content\/uploads\/2013\/11\/MonStat.jpg\",\"contentUrl\":\"https:\/\/www.visit-ulcinj.com\/blog\/wp-content\/uploads\/2013\/11\/MonStat.jpg\",\"width\":662,\"height\":508},{\"@type\":\"WebPage\",\"@id\":\"https:\/\/www.visit-ulcinj.com\/blog\/2013\/11\/30\/ulcinjani-primaju-najmanje-plate\/#webpage\",\"url\":\"https:\/\/www.visit-ulcinj.com\/blog\/2013\/11\/30\/ulcinjani-primaju-najmanje-plate\/\",\"name\":\"Ulcinjani primaju najmanje plate - Lajme nga Ulqini\",\"isPartOf\":{\"@id\":\"https:\/\/www.visit-ulcinj.com\/blog\/#website\"},\"primaryImageOfPage\":{\"@id\":\"https:\/\/www.visit-ulcinj.com\/blog\/2013\/11\/30\/ulcinjani-primaju-najmanje-plate\/#primaryimage\"},\"datePublished\":\"2013-11-30T08:43:32+00:00\",\"dateModified\":\"2013-11-30T08:43:32+00:00\",\"author\":{\"@id\":\"https:\/\/www.visit-ulcinj.com\/blog\/#\/schema\/person\/dcab619c614d3038751c63bc2aadc06d\"},\"description\":\"Poslednji podaci dr\u017eavnog zavoda za statistiku \u2013 Monstata pokazali su da Ulcinjani primaju najmanje plate u zemlji. Prosje\u010dna oktobarska zarada u ovoj\",\"breadcrumb\":{\"@id\":\"https:\/\/www.visit-ulcinj.com\/blog\/2013\/11\/30\/ulcinjani-primaju-najmanje-plate\/#breadcrumb\"},\"inLanguage\":\"en-US\",\"potentialAction\":[{\"@type\":\"ReadAction\",\"target\":[\"https:\/\/www.visit-ulcinj.com\/blog\/2013\/11\/30\/ulcinjani-primaju-najmanje-plate\/\"]}]},{\"@type\":\"BreadcrumbList\",\"@id\":\"https:\/\/www.visit-ulcinj.com\/blog\/2013\/11\/30\/ulcinjani-primaju-najmanje-plate\/#breadcrumb\",\"itemListElement\":[{\"@type\":\"ListItem\",\"position\":1,\"name\":\"Ulcinjani primaju najmanje plate\"}]},{\"@type\":\"Person\",\"@id\":\"https:\/\/www.visit-ulcinj.com\/blog\/#\/schema\/person\/dcab619c614d3038751c63bc2aadc06d\",\"name\":\"ulqini\",\"sameAs\":[\"http:\/\/www.visit-ulcinj.com\"],\"url\":\"https:\/\/www.visit-ulcinj.com\/blog\/author\/admin\/\"}]}<\/script>\n<!-- \/ Yoast SEO plugin. -->","yoast_head_json":{"title":"Ulcinjani primaju najmanje plate - Lajme nga Ulqini","description":"Poslednji podaci dr\u017eavnog zavoda za statistiku \u2013 Monstata pokazali su da Ulcinjani primaju najmanje plate u zemlji. Prosje\u010dna oktobarska zarada u ovoj","robots":{"index":"index","follow":"follow","max-snippet":"max-snippet:-1","max-image-preview":"max-image-preview:large","max-video-preview":"max-video-preview:-1"},"canonical":"https:\/\/www.visit-ulcinj.com\/blog\/2013\/11\/30\/ulcinjani-primaju-najmanje-plate\/","og_locale":"en_US","og_type":"article","og_title":"Ulcinjani primaju najmanje plate - Lajme nga Ulqini","og_description":"Poslednji podaci dr\u017eavnog zavoda za statistiku \u2013 Monstata pokazali su da Ulcinjani primaju najmanje plate u zemlji. Prosje\u010dna oktobarska zarada u ovoj","og_url":"https:\/\/www.visit-ulcinj.com\/blog\/2013\/11\/30\/ulcinjani-primaju-najmanje-plate\/","og_site_name":"Lajme nga Ulqini","article_published_time":"2013-11-30T08:43:32+00:00","og_image":[{"url":"http:\/\/www.visit-ulcinj.com\/blog\/wp-content\/uploads\/2013\/11\/MonStat.jpg"}],"twitter_misc":{"Written by":"ulqini","Est. reading time":"4 minutes"},"schema":{"@context":"https:\/\/schema.org","@graph":[{"@type":"WebSite","@id":"https:\/\/www.visit-ulcinj.com\/blog\/#website","url":"https:\/\/www.visit-ulcinj.com\/blog\/","name":"Lajme nga Ulqini","description":"Lajme,Vijesti,Ulqini,Ulqin,Crna Gora,Mali i Zi","potentialAction":[{"@type":"SearchAction","target":{"@type":"EntryPoint","urlTemplate":"https:\/\/www.visit-ulcinj.com\/blog\/?s={search_term_string}"},"query-input":"required name=search_term_string"}],"inLanguage":"en-US"},{"@type":"ImageObject","inLanguage":"en-US","@id":"https:\/\/www.visit-ulcinj.com\/blog\/2013\/11\/30\/ulcinjani-primaju-najmanje-plate\/#primaryimage","url":"https:\/\/www.visit-ulcinj.com\/blog\/wp-content\/uploads\/2013\/11\/MonStat.jpg","contentUrl":"https:\/\/www.visit-ulcinj.com\/blog\/wp-content\/uploads\/2013\/11\/MonStat.jpg","width":662,"height":508},{"@type":"WebPage","@id":"https:\/\/www.visit-ulcinj.com\/blog\/2013\/11\/30\/ulcinjani-primaju-najmanje-plate\/#webpage","url":"https:\/\/www.visit-ulcinj.com\/blog\/2013\/11\/30\/ulcinjani-primaju-najmanje-plate\/","name":"Ulcinjani primaju najmanje plate - Lajme nga Ulqini","isPartOf":{"@id":"https:\/\/www.visit-ulcinj.com\/blog\/#website"},"primaryImageOfPage":{"@id":"https:\/\/www.visit-ulcinj.com\/blog\/2013\/11\/30\/ulcinjani-primaju-najmanje-plate\/#primaryimage"},"datePublished":"2013-11-30T08:43:32+00:00","dateModified":"2013-11-30T08:43:32+00:00","author":{"@id":"https:\/\/www.visit-ulcinj.com\/blog\/#\/schema\/person\/dcab619c614d3038751c63bc2aadc06d"},"description":"Poslednji podaci dr\u017eavnog zavoda za statistiku \u2013 Monstata pokazali su da Ulcinjani primaju najmanje plate u zemlji. Prosje\u010dna oktobarska zarada u ovoj","breadcrumb":{"@id":"https:\/\/www.visit-ulcinj.com\/blog\/2013\/11\/30\/ulcinjani-primaju-najmanje-plate\/#breadcrumb"},"inLanguage":"en-US","potentialAction":[{"@type":"ReadAction","target":["https:\/\/www.visit-ulcinj.com\/blog\/2013\/11\/30\/ulcinjani-primaju-najmanje-plate\/"]}]},{"@type":"BreadcrumbList","@id":"https:\/\/www.visit-ulcinj.com\/blog\/2013\/11\/30\/ulcinjani-primaju-najmanje-plate\/#breadcrumb","itemListElement":[{"@type":"ListItem","position":1,"name":"Ulcinjani primaju najmanje plate"}]},{"@type":"Person","@id":"https:\/\/www.visit-ulcinj.com\/blog\/#\/schema\/person\/dcab619c614d3038751c63bc2aadc06d","name":"ulqini","sameAs":["http:\/\/www.visit-ulcinj.com"],"url":"https:\/\/www.visit-ulcinj.com\/blog\/author\/admin\/"}]}},"jetpack_featured_media_url":"","jetpack_sharing_enabled":true,"jetpack_shortlink":"https:\/\/wp.me\/pe6lTn-jYP","_links":{"self":[{"href":"https:\/\/www.visit-ulcinj.com\/blog\/wp-json\/wp\/v2\/posts\/76807"}],"collection":[{"href":"https:\/\/www.visit-ulcinj.com\/blog\/wp-json\/wp\/v2\/posts"}],"about":[{"href":"https:\/\/www.visit-ulcinj.com\/blog\/wp-json\/wp\/v2\/types\/post"}],"author":[{"embeddable":true,"href":"https:\/\/www.visit-ulcinj.com\/blog\/wp-json\/wp\/v2\/users\/1"}],"replies":[{"embeddable":true,"href":"https:\/\/www.visit-ulcinj.com\/blog\/wp-json\/wp\/v2\/comments?post=76807"}],"version-history":[{"count":1,"href":"https:\/\/www.visit-ulcinj.com\/blog\/wp-json\/wp\/v2\/posts\/76807\/revisions"}],"predecessor-version":[{"id":76810,"href":"https:\/\/www.visit-ulcinj.com\/blog\/wp-json\/wp\/v2\/posts\/76807\/revisions\/76810"}],"wp:attachment":[{"href":"https:\/\/www.visit-ulcinj.com\/blog\/wp-json\/wp\/v2\/media?parent=76807"}],"wp:term":[{"taxonomy":"category","embeddable":true,"href":"https:\/\/www.visit-ulcinj.com\/blog\/wp-json\/wp\/v2\/categories?post=76807"},{"taxonomy":"post_tag","embeddable":true,"href":"https:\/\/www.visit-ulcinj.com\/blog\/wp-json\/wp\/v2\/tags?post=76807"}],"curies":[{"name":"wp","href":"https:\/\/api.w.org\/{rel}","templated":true}]}}