{"id":76816,"date":"2013-11-30T18:22:04","date_gmt":"2013-11-30T17:22:04","guid":{"rendered":"http:\/\/www.visit-ulcinj.com\/blog\/?p=76816"},"modified":"2013-11-30T18:22:04","modified_gmt":"2013-11-30T17:22:04","slug":"zvonimir-dekovic-specijalni-gost-programa-albanskog-praznika-dan-zastave","status":"publish","type":"post","link":"https:\/\/www.visit-ulcinj.com\/blog\/2013\/11\/30\/zvonimir-dekovic-specijalni-gost-programa-albanskog-praznika-dan-zastave\/","title":{"rendered":"Zvonimir Dekovi\u0107 specijalni gost programa albanskog praznika Dan zastave"},"content":{"rendered":"<p><a href=\"http:\/\/www.visit-ulcinj.com\/blog\/wp-content\/uploads\/2013\/11\/Albanski-praznik-Dan-zastave-Ulcinj.jpg\"><img loading=\"lazy\" class=\"alignleft  wp-image-76817\" alt=\"Albanski-praznik-Dan zastave-Ulcinj\" src=\"http:\/\/www.visit-ulcinj.com\/blog\/wp-content\/uploads\/2013\/11\/Albanski-praznik-Dan-zastave-Ulcinj.jpg\" width=\"508\" height=\"360\" \/><\/a>28. studenog je u Ulcinju povodom obilje\u017eavanja najve\u0107eg albanskog praznika, Dana zastave, odr\u017ean bogat kulturno-umjetni\u010dki program pod ravnateljskom palicom redatelja Muniba Abazija i umjetni\u010dkim vodstvom Basrija Mille. Po\u010detak priredbe obilje\u017eilo je prigodno dizanje zastave Republike Albanije uz pjevanje albanske nacionalne himne u izvanrednoj izvedbi Gjylije Pelingu i profesora Ardiana Hasanage.<\/p>\n<p><a href=\"http:\/\/www.visit-ulcinj.com\/blog\/wp-content\/uploads\/2013\/11\/Albanski-praznik-Dan-zastave-Ulcinj-1.jpg\"><img loading=\"lazy\" class=\"alignleft  wp-image-76818\" alt=\"Albanski-praznik-Dan zastave-Ulcinj-1\" src=\"http:\/\/www.visit-ulcinj.com\/blog\/wp-content\/uploads\/2013\/11\/Albanski-praznik-Dan-zastave-Ulcinj-1.jpg\" width=\"508\" height=\"360\" \/><\/a><\/p>\n<p>Uslijedio je bogat kola\u017e plesova i folklora trupe &#8220;Kalendari&#8221; koreografa Muse Hoxhe, kao i program autora Januza Abazija i Anide Kolari, na tekst Valbone Hoxhe. Nakon toga uslijedila je jo\u0161 jedna izvanserijska izvedba sopranistice Pelingu, a zatim i Bruna Shllakua, Amra Cungua, Arlind Hasanage, Anide Kolllari, kao i &#8220;Porta di Danze&#8221;.<\/p>\n<p><a href=\"http:\/\/www.visit-ulcinj.com\/blog\/wp-content\/uploads\/2013\/11\/Albanski-praznik-Dan-zastave-Ulcinj-2.jpg\"><img loading=\"lazy\" class=\"alignleft  wp-image-76819\" alt=\"Albanski-praznik-Dan zastave-Ulcinj-2\" src=\"http:\/\/www.visit-ulcinj.com\/blog\/wp-content\/uploads\/2013\/11\/Albanski-praznik-Dan-zastave-Ulcinj-2.jpg\" width=\"508\" height=\"360\" \/><\/a><br \/>\n<strong>Cjelokupni program kao gost je popratio i predsjednik Hrvatskog nacionalnog vije\u0107a, Zvonimir Dekovi\u0107<\/strong>, na poziv Gencija Nimanbegua, zastupnika albanske manjine u crnogorskom parlamentu i predstavnika albanske manjine u Crnoj Gori, koji je gospodina Dekovi\u0107a, u znak osobitog po\u0161tovanja, na po\u010detku programa pozdravio na hrvatskom jeziku, a zatim ostale sudionike i publiku na albanskom jeziku.<\/p>\n<p><a href=\"http:\/\/www.visit-ulcinj.com\/blog\/wp-content\/uploads\/2013\/11\/Albanski-praznik-Dan-zastave-Ulcinj-Genci-Nimanbegu.jpg\"><img loading=\"lazy\" class=\"alignleft  wp-image-76820\" alt=\"Albanski-praznik-Dan zastave-Ulcinj-Genci-Nimanbegu\" src=\"http:\/\/www.visit-ulcinj.com\/blog\/wp-content\/uploads\/2013\/11\/Albanski-praznik-Dan-zastave-Ulcinj-Genci-Nimanbegu.jpg\" width=\"508\" height=\"600\" \/><\/a><br \/>\nProgla\u0161enje neovisnosti Albanije (albanski:Shpallja e Pavar\u00ebsis\u00eb ili Deklarata e Pavar\u00ebsis\u00eb) je jedan od najva\u017enijih doga\u0111aja u albanskoj povijesti. Neovisnost Albanije je progla\u0161ena 28. studenog 1912. na Velikoj skup\u0161tini u Valoni i predstavlja zavr\u0161nicu vi\u0161edesetljetne albanske borbe za neovisnost.<\/p>\n<p><a href=\"http:\/\/www.hnv.me\/content\/zvonimir-dekovi%C4%87-nazo%C4%8D-kao-specijalni-gost-programa-albanskog-praznika-dan-zastave\"><strong>HRVATSKO NACIONALNO VIJE\u0106E CRNE GORE<\/strong><\/a><\/p>\n","protected":false},"excerpt":{"rendered":"<p>28. studenog je u Ulcinju povodom obilje\u017eavanja najve\u0107eg albanskog praznika, Dana zastave, odr\u017ean bogat kulturno-umjetni\u010dki program pod ravnateljskom palicom redatelja Muniba Abazija i umjetni\u010dkim vodstvom Basrija Mille. Po\u010detak priredbe obilje\u017eilo je prigodno dizanje zastave Republike Albanije uz pjevanje albanske nacionalne himne u izvanrednoj izvedbi Gjylije Pelingu i profesora Ardiana Hasanage. Uslijedio je bogat kola\u017e plesova [&hellip;]<\/p>\n","protected":false},"author":1,"featured_media":0,"comment_status":"closed","ping_status":"closed","sticky":false,"template":"","format":"standard","meta":{"spay_email":"","jetpack_publicize_message":"","jetpack_is_tweetstorm":false,"jetpack_publicize_feature_enabled":true},"categories":[8337],"tags":[],"jetpack_publicize_connections":[],"yoast_head":"<!-- This site is optimized with the Yoast SEO plugin v19.1 - https:\/\/yoast.com\/wordpress\/plugins\/seo\/ -->\n<title>Zvonimir Dekovi\u0107 specijalni gost programa albanskog praznika Dan zastave - Lajme nga Ulqini<\/title>\n<meta name=\"description\" content=\"28. studenog je u Ulcinju povodom obilje\u017eavanja najve\u0107eg albanskog praznika, Dana zastave, odr\u017ean bogat kulturno-umjetni\u010dki program pod ravnateljskom\" \/>\n<meta name=\"robots\" content=\"index, follow, max-snippet:-1, max-image-preview:large, max-video-preview:-1\" \/>\n<link rel=\"canonical\" href=\"https:\/\/www.visit-ulcinj.com\/blog\/2013\/11\/30\/zvonimir-dekovic-specijalni-gost-programa-albanskog-praznika-dan-zastave\/\" \/>\n<meta property=\"og:locale\" content=\"en_US\" \/>\n<meta property=\"og:type\" content=\"article\" \/>\n<meta property=\"og:title\" content=\"Zvonimir Dekovi\u0107 specijalni gost programa albanskog praznika Dan zastave - Lajme nga Ulqini\" \/>\n<meta property=\"og:description\" content=\"28. studenog je u Ulcinju povodom obilje\u017eavanja najve\u0107eg albanskog praznika, Dana zastave, odr\u017ean bogat kulturno-umjetni\u010dki program pod ravnateljskom\" \/>\n<meta property=\"og:url\" content=\"https:\/\/www.visit-ulcinj.com\/blog\/2013\/11\/30\/zvonimir-dekovic-specijalni-gost-programa-albanskog-praznika-dan-zastave\/\" \/>\n<meta property=\"og:site_name\" content=\"Lajme nga Ulqini\" \/>\n<meta property=\"article:published_time\" content=\"2013-11-30T17:22:04+00:00\" \/>\n<meta property=\"og:image\" content=\"http:\/\/www.visit-ulcinj.com\/blog\/wp-content\/uploads\/2013\/11\/Albanski-praznik-Dan-zastave-Ulcinj.jpg\" \/>\n<meta name=\"twitter:label1\" content=\"Written by\" \/>\n\t<meta name=\"twitter:data1\" content=\"ulqini\" \/>\n\t<meta name=\"twitter:label2\" content=\"Est. reading time\" \/>\n\t<meta name=\"twitter:data2\" content=\"1 minute\" \/>\n<script type=\"application\/ld+json\" class=\"yoast-schema-graph\">{\"@context\":\"https:\/\/schema.org\",\"@graph\":[{\"@type\":\"WebSite\",\"@id\":\"https:\/\/www.visit-ulcinj.com\/blog\/#website\",\"url\":\"https:\/\/www.visit-ulcinj.com\/blog\/\",\"name\":\"Lajme nga Ulqini\",\"description\":\"Lajme,Vijesti,Ulqini,Ulqin,Crna Gora,Mali i Zi\",\"potentialAction\":[{\"@type\":\"SearchAction\",\"target\":{\"@type\":\"EntryPoint\",\"urlTemplate\":\"https:\/\/www.visit-ulcinj.com\/blog\/?s={search_term_string}\"},\"query-input\":\"required name=search_term_string\"}],\"inLanguage\":\"en-US\"},{\"@type\":\"ImageObject\",\"inLanguage\":\"en-US\",\"@id\":\"https:\/\/www.visit-ulcinj.com\/blog\/2013\/11\/30\/zvonimir-dekovic-specijalni-gost-programa-albanskog-praznika-dan-zastave\/#primaryimage\",\"url\":\"https:\/\/www.visit-ulcinj.com\/blog\/wp-content\/uploads\/2013\/11\/Albanski-praznik-Dan-zastave-Ulcinj.jpg\",\"contentUrl\":\"https:\/\/www.visit-ulcinj.com\/blog\/wp-content\/uploads\/2013\/11\/Albanski-praznik-Dan-zastave-Ulcinj.jpg\",\"width\":640,\"height\":480},{\"@type\":\"WebPage\",\"@id\":\"https:\/\/www.visit-ulcinj.com\/blog\/2013\/11\/30\/zvonimir-dekovic-specijalni-gost-programa-albanskog-praznika-dan-zastave\/#webpage\",\"url\":\"https:\/\/www.visit-ulcinj.com\/blog\/2013\/11\/30\/zvonimir-dekovic-specijalni-gost-programa-albanskog-praznika-dan-zastave\/\",\"name\":\"Zvonimir Dekovi\u0107 specijalni gost programa albanskog praznika Dan zastave - Lajme nga Ulqini\",\"isPartOf\":{\"@id\":\"https:\/\/www.visit-ulcinj.com\/blog\/#website\"},\"primaryImageOfPage\":{\"@id\":\"https:\/\/www.visit-ulcinj.com\/blog\/2013\/11\/30\/zvonimir-dekovic-specijalni-gost-programa-albanskog-praznika-dan-zastave\/#primaryimage\"},\"datePublished\":\"2013-11-30T17:22:04+00:00\",\"dateModified\":\"2013-11-30T17:22:04+00:00\",\"author\":{\"@id\":\"https:\/\/www.visit-ulcinj.com\/blog\/#\/schema\/person\/dcab619c614d3038751c63bc2aadc06d\"},\"description\":\"28. studenog je u Ulcinju povodom obilje\u017eavanja najve\u0107eg albanskog praznika, Dana zastave, odr\u017ean bogat kulturno-umjetni\u010dki program pod ravnateljskom\",\"breadcrumb\":{\"@id\":\"https:\/\/www.visit-ulcinj.com\/blog\/2013\/11\/30\/zvonimir-dekovic-specijalni-gost-programa-albanskog-praznika-dan-zastave\/#breadcrumb\"},\"inLanguage\":\"en-US\",\"potentialAction\":[{\"@type\":\"ReadAction\",\"target\":[\"https:\/\/www.visit-ulcinj.com\/blog\/2013\/11\/30\/zvonimir-dekovic-specijalni-gost-programa-albanskog-praznika-dan-zastave\/\"]}]},{\"@type\":\"BreadcrumbList\",\"@id\":\"https:\/\/www.visit-ulcinj.com\/blog\/2013\/11\/30\/zvonimir-dekovic-specijalni-gost-programa-albanskog-praznika-dan-zastave\/#breadcrumb\",\"itemListElement\":[{\"@type\":\"ListItem\",\"position\":1,\"name\":\"Zvonimir Dekovi\u0107 specijalni gost programa albanskog praznika Dan zastave\"}]},{\"@type\":\"Person\",\"@id\":\"https:\/\/www.visit-ulcinj.com\/blog\/#\/schema\/person\/dcab619c614d3038751c63bc2aadc06d\",\"name\":\"ulqini\",\"sameAs\":[\"http:\/\/www.visit-ulcinj.com\"],\"url\":\"https:\/\/www.visit-ulcinj.com\/blog\/author\/admin\/\"}]}<\/script>\n<!-- \/ Yoast SEO plugin. -->","yoast_head_json":{"title":"Zvonimir Dekovi\u0107 specijalni gost programa albanskog praznika Dan zastave - Lajme nga Ulqini","description":"28. studenog je u Ulcinju povodom obilje\u017eavanja najve\u0107eg albanskog praznika, Dana zastave, odr\u017ean bogat kulturno-umjetni\u010dki program pod ravnateljskom","robots":{"index":"index","follow":"follow","max-snippet":"max-snippet:-1","max-image-preview":"max-image-preview:large","max-video-preview":"max-video-preview:-1"},"canonical":"https:\/\/www.visit-ulcinj.com\/blog\/2013\/11\/30\/zvonimir-dekovic-specijalni-gost-programa-albanskog-praznika-dan-zastave\/","og_locale":"en_US","og_type":"article","og_title":"Zvonimir Dekovi\u0107 specijalni gost programa albanskog praznika Dan zastave - Lajme nga Ulqini","og_description":"28. studenog je u Ulcinju povodom obilje\u017eavanja najve\u0107eg albanskog praznika, Dana zastave, odr\u017ean bogat kulturno-umjetni\u010dki program pod ravnateljskom","og_url":"https:\/\/www.visit-ulcinj.com\/blog\/2013\/11\/30\/zvonimir-dekovic-specijalni-gost-programa-albanskog-praznika-dan-zastave\/","og_site_name":"Lajme nga Ulqini","article_published_time":"2013-11-30T17:22:04+00:00","og_image":[{"url":"http:\/\/www.visit-ulcinj.com\/blog\/wp-content\/uploads\/2013\/11\/Albanski-praznik-Dan-zastave-Ulcinj.jpg"}],"twitter_misc":{"Written by":"ulqini","Est. reading time":"1 minute"},"schema":{"@context":"https:\/\/schema.org","@graph":[{"@type":"WebSite","@id":"https:\/\/www.visit-ulcinj.com\/blog\/#website","url":"https:\/\/www.visit-ulcinj.com\/blog\/","name":"Lajme nga Ulqini","description":"Lajme,Vijesti,Ulqini,Ulqin,Crna Gora,Mali i Zi","potentialAction":[{"@type":"SearchAction","target":{"@type":"EntryPoint","urlTemplate":"https:\/\/www.visit-ulcinj.com\/blog\/?s={search_term_string}"},"query-input":"required name=search_term_string"}],"inLanguage":"en-US"},{"@type":"ImageObject","inLanguage":"en-US","@id":"https:\/\/www.visit-ulcinj.com\/blog\/2013\/11\/30\/zvonimir-dekovic-specijalni-gost-programa-albanskog-praznika-dan-zastave\/#primaryimage","url":"https:\/\/www.visit-ulcinj.com\/blog\/wp-content\/uploads\/2013\/11\/Albanski-praznik-Dan-zastave-Ulcinj.jpg","contentUrl":"https:\/\/www.visit-ulcinj.com\/blog\/wp-content\/uploads\/2013\/11\/Albanski-praznik-Dan-zastave-Ulcinj.jpg","width":640,"height":480},{"@type":"WebPage","@id":"https:\/\/www.visit-ulcinj.com\/blog\/2013\/11\/30\/zvonimir-dekovic-specijalni-gost-programa-albanskog-praznika-dan-zastave\/#webpage","url":"https:\/\/www.visit-ulcinj.com\/blog\/2013\/11\/30\/zvonimir-dekovic-specijalni-gost-programa-albanskog-praznika-dan-zastave\/","name":"Zvonimir Dekovi\u0107 specijalni gost programa albanskog praznika Dan zastave - Lajme nga Ulqini","isPartOf":{"@id":"https:\/\/www.visit-ulcinj.com\/blog\/#website"},"primaryImageOfPage":{"@id":"https:\/\/www.visit-ulcinj.com\/blog\/2013\/11\/30\/zvonimir-dekovic-specijalni-gost-programa-albanskog-praznika-dan-zastave\/#primaryimage"},"datePublished":"2013-11-30T17:22:04+00:00","dateModified":"2013-11-30T17:22:04+00:00","author":{"@id":"https:\/\/www.visit-ulcinj.com\/blog\/#\/schema\/person\/dcab619c614d3038751c63bc2aadc06d"},"description":"28. studenog je u Ulcinju povodom obilje\u017eavanja najve\u0107eg albanskog praznika, Dana zastave, odr\u017ean bogat kulturno-umjetni\u010dki program pod ravnateljskom","breadcrumb":{"@id":"https:\/\/www.visit-ulcinj.com\/blog\/2013\/11\/30\/zvonimir-dekovic-specijalni-gost-programa-albanskog-praznika-dan-zastave\/#breadcrumb"},"inLanguage":"en-US","potentialAction":[{"@type":"ReadAction","target":["https:\/\/www.visit-ulcinj.com\/blog\/2013\/11\/30\/zvonimir-dekovic-specijalni-gost-programa-albanskog-praznika-dan-zastave\/"]}]},{"@type":"BreadcrumbList","@id":"https:\/\/www.visit-ulcinj.com\/blog\/2013\/11\/30\/zvonimir-dekovic-specijalni-gost-programa-albanskog-praznika-dan-zastave\/#breadcrumb","itemListElement":[{"@type":"ListItem","position":1,"name":"Zvonimir Dekovi\u0107 specijalni gost programa albanskog praznika Dan zastave"}]},{"@type":"Person","@id":"https:\/\/www.visit-ulcinj.com\/blog\/#\/schema\/person\/dcab619c614d3038751c63bc2aadc06d","name":"ulqini","sameAs":["http:\/\/www.visit-ulcinj.com"],"url":"https:\/\/www.visit-ulcinj.com\/blog\/author\/admin\/"}]}},"jetpack_featured_media_url":"","jetpack_sharing_enabled":true,"jetpack_shortlink":"https:\/\/wp.me\/pe6lTn-jYY","_links":{"self":[{"href":"https:\/\/www.visit-ulcinj.com\/blog\/wp-json\/wp\/v2\/posts\/76816"}],"collection":[{"href":"https:\/\/www.visit-ulcinj.com\/blog\/wp-json\/wp\/v2\/posts"}],"about":[{"href":"https:\/\/www.visit-ulcinj.com\/blog\/wp-json\/wp\/v2\/types\/post"}],"author":[{"embeddable":true,"href":"https:\/\/www.visit-ulcinj.com\/blog\/wp-json\/wp\/v2\/users\/1"}],"replies":[{"embeddable":true,"href":"https:\/\/www.visit-ulcinj.com\/blog\/wp-json\/wp\/v2\/comments?post=76816"}],"version-history":[{"count":1,"href":"https:\/\/www.visit-ulcinj.com\/blog\/wp-json\/wp\/v2\/posts\/76816\/revisions"}],"predecessor-version":[{"id":76821,"href":"https:\/\/www.visit-ulcinj.com\/blog\/wp-json\/wp\/v2\/posts\/76816\/revisions\/76821"}],"wp:attachment":[{"href":"https:\/\/www.visit-ulcinj.com\/blog\/wp-json\/wp\/v2\/media?parent=76816"}],"wp:term":[{"taxonomy":"category","embeddable":true,"href":"https:\/\/www.visit-ulcinj.com\/blog\/wp-json\/wp\/v2\/categories?post=76816"},{"taxonomy":"post_tag","embeddable":true,"href":"https:\/\/www.visit-ulcinj.com\/blog\/wp-json\/wp\/v2\/tags?post=76816"}],"curies":[{"name":"wp","href":"https:\/\/api.w.org\/{rel}","templated":true}]}}