{"id":76830,"date":"2013-12-01T09:14:11","date_gmt":"2013-12-01T08:14:11","guid":{"rendered":"http:\/\/www.visit-ulcinj.com\/blog\/?p=76830"},"modified":"2013-12-01T09:14:11","modified_gmt":"2013-12-01T08:14:11","slug":"interviste-deputetin-e-malit-te-zi-pozitiv-dritan-abazoviq","status":"publish","type":"post","link":"https:\/\/www.visit-ulcinj.com\/blog\/2013\/12\/01\/interviste-deputetin-e-malit-te-zi-pozitiv-dritan-abazoviq\/","title":{"rendered":"Intervist\u00eb me deputetin e Malit t\u00eb Zi Pozitiv, Dritan Abazoviq"},"content":{"rendered":"<p><b><a href=\"http:\/\/www.visit-ulcinj.com\/blog\/wp-content\/uploads\/2013\/12\/Dritan-Abazoviq-Ulqin.jpg\"><img loading=\"lazy\" class=\"alignleft  wp-image-76831\" alt=\"Dritan-Abazoviq-Ulqin\" src=\"http:\/\/www.visit-ulcinj.com\/blog\/wp-content\/uploads\/2013\/12\/Dritan-Abazoviq-Ulqin.jpg\" width=\"508\" height=\"380\" \/><\/a>Jam i vetmi deputet shqiptar opozitar\u00a0<\/b><\/p>\n<p><b>Koha javore:<\/b> Z. Abazoviq, Mali i Zi Pozitiv\u00a0\u00ebsht\u00eb themeluar para nj\u00eb viti e gjysm\u00eb. Sa\u00a0e ka arsyetuar krijimin e saj nj\u00eb parti e till\u00eb\u00a0n\u00eb sken\u00ebn politike n\u00eb Mal t\u00eb Zi dhe sa jeni\u00a0t\u00eb k\u00ebnaqur me rezultatet e deritashme?<\/p>\n<p><b>D. Abazoviq:<\/b> Mendoj krijimi i Malit t\u00eb\u00a0Zi Pozitiv e ka arsyetuar fare veten. Futja\u00a0e tij n\u00eb sken\u00ebn politike ka sjell\u00eb deri te\u00a0krijimi i nj\u00eb atmosfere q\u00eb deri at\u00ebher\u00eb\u00a0nuk ka qen\u00eb aktuale n\u00eb Mal t\u00eb Zi. Nuk\u00a0do t\u00eb flas p\u00ebr rezultatet q\u00eb i ka arritur\u00a0Mali i Zi Pozitiv. Jo sepse kan\u00eb qen\u00eb t\u00eb\u00a0dob\u00ebta; bile un\u00eb mendoj se kan\u00eb qen\u00eb\u00a0t\u00eb respektueshme, por kam d\u00ebshir\u00eb t\u00eb\u00a0theksoj di\u00e7ka tjet\u00ebr q\u00eb \u00ebsht\u00eb ndoshta\u00a0shum\u00eb m\u00eb e r\u00ebnd\u00ebsishme. Mendoj se\u00a0pas paraqitjes s\u00eb Malit t\u00eb Zi Pozitiv n\u00eb\u00a0sken\u00ebn politike n\u00eb Mal t\u00eb Zi, \u00e7do gj\u00eb\u00a0ka l\u00ebvizur. Kemi nj\u00eb opozit\u00eb e cila sillet\u00a0ndryshe sesa para paraqitjes s\u00eb Malit t\u00eb\u00a0Zi Pozitiv, dometh\u00ebn\u00eb kemi nj\u00eb opozit\u00eb\u00a0m\u00eb fleksibile, kemi ulje t\u00eb nj\u00eb radikalizmi\u00a0proserb dhe kemi disa shenja\u00a0q\u00eb tregojn\u00eb se n\u00eb t\u00eb ardhmen mund\u00a0t\u00eb presim edhe nga ato subjekte q\u00eb t\u00eb\u00a0jen\u00eb shum\u00eb m\u00eb konstruktiv\u00eb se q\u00eb kan\u00eb\u00a0qen\u00eb deri tani.\u00a0N\u00eb an\u00ebn tjet\u00ebr, kemi Partin\u00eb Socialdemokrate\u00a0si pjes\u00eb e pushtetit aktual, e\u00a0cila ka ndryshuar plot\u00ebsisht politik\u00ebn\u00a0e vet. Ajo \u00ebsht\u00eb shum\u00eb m\u00eb kritike ndaj\u00a0partnerit t\u00eb madh, PDS-s\u00eb. Kjo ka b\u00ebr\u00eb\u00a0q\u00eb ata jan\u00eb paraqitur vet\u00eb n\u00eb zgjedhjet\u00a0lokale dhe dh\u00ebn\u00eb sinjale tek opinioni\u00a0se edhe n\u00eb zgjedhjet e ardhshme do t\u00eb\u00a0participoj\u00eb vet\u00eb, dometh\u00ebn\u00eb jasht\u00eb koalicionit\u00a0me PDS-n\u00eb.\u00a0PDS-ja si subjekti m\u00eb i fort\u00eb n\u00eb Mal t\u00eb Zi,\u00a0n\u00eb an\u00ebn tjet\u00ebr, ka par\u00eb se ndoshta \u00ebsht\u00eb\u00a0koha q\u00eb t\u00eb reformohet pak brenda vetes\u00a0dhe t\u00eb k\u00ebrkoj\u00eb disa subjekte t\u00eb tjera, jo\u00a0vet\u00ebm q\u00eb t\u2019i ken\u00eb marr\u00ebdh\u00ebniet e mira\u00a0me socialdemokrat\u00eb, por t\u00eb mundohet\u00a0t\u00eb afroj\u00eb ndoshta n\u00eb t\u00eb ardhmen edhe\u00a0ndonj\u00eb parti tjet\u00ebr.\u00a0Kur e shikojm\u00eb n\u00eb k\u00ebt\u00eb m\u00ebnyr\u00eb, besoj se\u00a0paraqitja e Malit t\u00eb Zi Pozitiv ka pasur\u00a0 mjaft sukses. \u00cbsht\u00eb e v\u00ebrtet\u00eb se zgjedhjet\u00a0e fundit lokale nuk kan\u00eb treguar\u00a0rezultatin t\u00eb cilin realisht e kemi pritur,\u00a0por kjo nuk do t\u00eb thot\u00eb se duhet t\u00eb jemi\u00a0pesimist\u00eb. Misioni yn\u00eb ka qen\u00eb shum\u00eb\u00a0i qart\u00eb: t\u00eb krijojm\u00eb nj\u00eb frym\u00ebzim t\u00eb ri,\u00a0nj\u00eb klim\u00eb politike fare t\u00eb re, nj\u00eb parti\u00a0qytetare e cila me t\u00eb v\u00ebrtet\u00eb do t\u00eb jet\u00eb\u00a0qytetare n\u00eb \u00e7do kuptim t\u00eb k\u00ebsaj fjale.\u00a0Mendoj se n\u00eb k\u00ebt\u00eb aspekt duhet t\u00eb jemi\u00a0m\u00eb se t\u00eb k\u00ebnaqur me arritjet.\u00a0Gjithashtu jam shum\u00eb i k\u00ebnaqur me\u00a0paraqitjen e Malit t\u00eb Zi Pozitiv n\u00eb Parlamentin\u00a0e Malit t\u00eb Zi. Mendimi i t\u00eb gjith\u00eb\u00a0subjekteve dhe i koleg\u00ebve ton\u00eb \u00ebsht\u00eb\u00a0se kemi treguar shum\u00eb konstruktivitet\u00a0dhe kemi propozuar shum\u00eb gj\u00ebra reale.\u00a0Gjithashtu kemi p\u00ebrkrahur \u00e7do gj\u00eb q\u00eb\u00a0ka qen\u00eb n\u00eb favor dhe n\u00eb interesin e\u00a0qytetar\u00ebve t\u00eb Malit t\u00eb Zi, duke kritikuar\u00a0\u00e7do vendim apo ligj i cili ka shkuar n\u00eb\u00a0d\u00ebm t\u00eb qytetar\u00ebve t\u00eb Malit t\u00eb Zi.<br \/>\n<a href=\"http:\/\/www.visit-ulcinj.com\/blog\/wp-content\/uploads\/2013\/12\/Dritan-Abazoviq-Ulqin-1.jpg\"><img loading=\"lazy\" class=\"alignleft  wp-image-76833\" alt=\"Dritan-Abazoviq-Ulqin-1\" src=\"http:\/\/www.visit-ulcinj.com\/blog\/wp-content\/uploads\/2013\/12\/Dritan-Abazoviq-Ulqin-1.jpg\" width=\"508\" height=\"360\" \/><\/a><\/p>\n<p><b>\u00a0Koha javore:<\/b> Si deputet i nj\u00eb partie\u00a0joshqiptare, Ju shpesh her\u00eb jeni kritik ndaj\u00a0partive nacionale shqiptare p\u00ebr shkak t\u00eb\u00a0politik\u00ebs s\u00eb tyre ndaj pushtetit. Ku bazohen\u00a0kritikat Tuaja?<\/p>\n<p><b>D. Abazoviq:<\/b> Kritikat e mia bazohen n\u00eb\u00a0jet\u00ebn reale. Nuk kam dilem\u00eb se \u00e7do shqiptar\u00a0n\u00eb Mal t\u00eb Zi mendon nj\u00ebsoj si un\u00eb.\u00a0Un\u00eb v\u00ebrtet nuk i takoi nj\u00eb partie nacionale\u00a0shqiptare, por jam i vetmi shqiptar\u00a0i cili \u00ebsht\u00eb opozit\u00eb n\u00eb k\u00ebt\u00eb moment\u00a0n\u00eb Parlamentin e Malit t\u00eb Zi. Kur i kemi\u00a0parasysh gjendjen e shqiptar\u00ebve n\u00eb Mal\u00a0t\u00eb Zi dhe k\u00ebrkesat e tyre legjitime, si\u00e7\u00a0jan\u00eb kthimi i pronave, formimi i komun\u00ebs\u00a0s\u00eb Mal\u00ebsis\u00eb, pun\u00ebsimet e ndryshme\u00a0n\u00eb institucionet publike, decentralizimi\u00a0etj., mendoj se nuk ka asnj\u00ebfar\u00eb dileme\u00a0se \u00e7do shqiptar do t\u2019ju thot\u00eb se \u00ebsht\u00eb i\u00a0pak\u00ebnaqur. P\u00ebr k\u00ebt\u00eb arsye, un\u00eb nuk i kuptoj\u00a0partit\u00eb nacionale shqiptare t\u00eb cilat\u00a0ende vazhdojn\u00eb nj\u00eb politik\u00eb destruktive,\u00a0shum\u00eb servile ndaj pushtetit aktual\u00a0q\u00eb \u00ebsht\u00eb n\u00eb fuqi q\u00eb 24 vjet, i cili \u00ebsht\u00eb fajtori kryesor p\u00ebr situat\u00ebn n\u00eb t\u00eb cil\u00ebn\u00a0gjendemi dhe p\u00ebr shkak t\u00eb t\u00eb cilit trevat\u00a0ku jetojn\u00eb shqiptar\u00ebt jan\u00eb trevat m\u00eb t\u00eb\u00a0varfra n\u00eb Mal t\u00eb Zi, ku shumica e popullat\u00ebs\u00a0emigron n\u00eb SHBA apo n\u00eb shtete t\u00eb\u00a0ndryshme per\u00ebndimore.\u00a0Mendoj se vet\u00eb partit\u00eb shqiptare nuk\u00a0jan\u00eb t\u00eb k\u00ebnaqura me pozitat e veta.\u00a0Disa her\u00eb kemi rast q\u00eb kan\u00eb n\u00ebnshkruar\u00a0t\u00eb nj\u00ebjtat marr\u00ebveshje p\u00ebr komun\u00ebn e\u00a0Mal\u00ebsis\u00eb, ku PDS faktikisht luan me ta,\u00a0manipulon me popull, nuk tregon ende\u00a0vullnet p\u00ebr t\u00eb mbaruar nj\u00eb premtim q\u00eb e\u00a0ka dh\u00ebn\u00eb mbi 12 apo 13 her\u00eb n\u00eb nj\u00ebzet\u00a0vitet e fundit. Duke qen\u00eb se edhe deputet\u00ebt\u00a0tjer\u00eb joshqiptar\u00eb nga Mali i Zi\u00a0Pozitiv kan\u00eb folur p\u00ebr t\u00eb drejtat e shqiptar\u00ebve\u00a0dhe n\u00eb p\u00ebrgjith\u00ebsi p\u00ebr t\u00eb drejtat\u00a0e pakicave, mendoj se n\u00eb k\u00ebt\u00eb moment,\u00a0mbase \u00ebsht\u00eb nj\u00eb th\u00ebnie pak arrogante,\u00a0por un\u00eb mendoj se \u00ebsht\u00eb shum\u00eb reale,\u00a0q\u00eb Mali i Zi Pozitiv \u00ebsht\u00eb parti shum\u00eb\u00a0m\u00eb shqiptare sesa jan\u00eb subjektet t\u00eb cilat\u00a0vet\u00ebdeklarohen si parti nacionale shqiptare.<\/p>\n<p><b>Koha javore:<\/b> Si i cil\u00ebsoni zgjidhjet\u00a0ekzistuese ligjore sa u p\u00ebrket pakicave\u00a0dhe sa respektohen t\u00eb drejtat e pakicave,\u00a0sidomos t\u00eb drejtat e shqiptar\u00ebve n\u00eb Mal t\u00eb\u00a0Zi?<\/p>\n<p><b>D. Abazoviq:<\/b> Problemi q\u00ebndron definitisht\u00a0te zbatimi i ligjeve. Ligjet e Malit\u00a0t\u00eb Zi dhe Kushtetuta e Malit t\u00eb Zi nuk\u00a0jan\u00eb ideale, por nuk jan\u00eb edhe shum\u00eb\u00a0t\u00eb dob\u00ebta. Prandaj mendoj se ka shum\u00eb\u00a0hap\u00ebsir\u00eb q\u00eb t\u00eb avancohen t\u00eb drejtat e\u00a0t\u00eb gjitha pakicave, p\u00ebrfshir\u00eb edhe t\u00eb\u00a0drejtat e popullit shqiptar n\u00eb Mal t\u00eb Zi.\u00a0Por kemi nj\u00eb moszbatim, prolongim, arsyetim.\u00a0\u00c7doher\u00eb kur p\u00ebrmendet di\u00e7ka\u00a0pozitive nga aspekti i realizimit t\u00eb t\u00eb\u00a0drejtave, p\u00ebrmendet ana ligjore e jo realizimi\u00a0i asaj ane ligjore. Un\u00eb nuk shoh\u00a0se kemi progres n\u00eb ndonj\u00eb l\u00ebmi sa i\u00a0p\u00ebrket t\u00eb drejtave t\u00eb shqiptar\u00ebve dhe\u00a0t\u00eb drejtave t\u00eb pakicave n\u00eb p\u00ebrgjith\u00ebsi. Nuk shoh se ata jan\u00eb m\u00eb tep\u00ebr prezent\u00eb\u00a0n\u00eb institucionet publike, nuk shoh nj\u00eb\u00a0vullnet t\u00eb jasht\u00ebzakonsh\u00ebm q\u00eb t\u00eb kemi\u00a0nj\u00eb decentralizim m\u00eb t\u00eb madh dhe t\u2019u\u00a0jepet faktikisht m\u00eb tep\u00ebr mund\u00ebsi q\u00eb t\u00eb\u00a0marrin vendime t\u00eb ndryshme, t\u00eb pakt\u00ebn\u00a0n\u00eb nivelin lokal. N\u00eb p\u00ebrgjith\u00ebsi, ekziston\u00a0nj\u00eb konstatim se ligjet nuk zbatohen,\u00a0nuk ekziston vullneti i duhur dhe kjo\u00a0sigurisht ka implikim shum\u00eb t\u00eb madh\u00a0edhe n\u00eb popull n\u00eb m\u00ebnyr\u00eb q\u00eb ata t\u00eb\u00a0tregojn\u00eb pak\u00ebnaq\u00ebsin\u00eb e vet dit\u00eb pas\u00a0dite. Shpresoj q\u00eb n\u00eb baz\u00eb t\u00eb k\u00ebsaj pak\u00ebnaq\u00ebsie,\u00a0di\u00e7ka do t\u00eb ndryshoj\u00eb n\u00eb t\u00eb\u00a0ardhmen.\u00a0Dua t\u00eb p\u00ebrmend me k\u00ebt\u00eb rast Raportin e\u00a0Ministris\u00eb s\u00eb Pakicave p\u00ebr vitin 2012, n\u00eb\u00a0t\u00eb cilin nuk ka asgj\u00eb t\u00eb re. Mali i Zi Pozitiv\u00a0ka qen\u00eb i p\u00ebrmbajtur lidhur me k\u00ebt\u00eb raport.\u00a0Raporti \u00ebsht\u00eb shum\u00eb real, por ato\u00a0gj\u00ebra q\u00eb jan\u00eb aty p\u00ebrs\u00ebriten nga raporti\u00a0n\u00eb raport dhe nuk realizohen n\u00eb jet\u00ebn\u00a0e p\u00ebrditshme. P\u00ebr k\u00ebt\u00eb arsye nuk kemi\u00a0dashur q\u00eb t\u2019i japim legjitimitet dhe t\u2019i\u00a0japim dikujt drit\u00eb t\u00eb gjelb\u00ebrt q\u00eb t\u00eb vazhdoj\u00eb\u00a0t\u00eb punoj\u00eb n\u00eb k\u00ebt\u00eb m\u00ebnyr\u00eb q\u00eb nuk\u00a0\u00ebsht\u00eb efikase.<\/p>\n<p><a href=\"http:\/\/www.visit-ulcinj.com\/blog\/wp-content\/uploads\/2013\/12\/Dritan-Abazoviq-Ulqin-2.jpg\"><img loading=\"lazy\" class=\"alignleft  wp-image-76834\" alt=\"Dritan-Abazoviq-Ulqin-2\" src=\"http:\/\/www.visit-ulcinj.com\/blog\/wp-content\/uploads\/2013\/12\/Dritan-Abazoviq-Ulqin-2.jpg\" width=\"508\" height=\"360\" \/><\/a><\/p>\n<p><b>Koha javore:<\/b> Pozita e mediave n\u00eb gjuh\u00ebn\u00a0shqipe n\u00eb Mal t\u00eb Zi \u00ebsht\u00eb \u00e7do dit\u00eb e m\u00eb e\u00a0v\u00ebshtir\u00eb. \u00c7far\u00eb duhet b\u00ebr\u00eb p\u00ebr p\u00ebrmir\u00ebsimin\u00a0e pozit\u00ebs s\u00eb tyre? Cila \u00ebsht\u00eb zgjidhja,\u00a0sipas Jush?<\/p>\n<p><b>D. Abazoviq:<\/b> Pajtohem me konstatimin\u00a0se gjendja e mediave n\u00eb gjuh\u00ebn shqipe\u00a0\u00ebsht\u00eb me t\u00eb v\u00ebrtet\u00eb alarmante, katastrofale,\u00a0jasht\u00ebzakonisht e keqe. Nuk kam\u00a0shpjegim se pse ndodh kjo gj\u00eb. Mendoj\u00a0se ajo nuk ka lidhje me gjendjen ekonomike\u00a0n\u00eb t\u00eb cil\u00ebn gjendet Servisi Publik\u00a0i Malit t\u00eb Zi. Prandaj i kam fare t\u00eb pakuptueshme\u00a0masat e tyre, reduktimin e\u00a0koh\u00ebs s\u00eb transmetimit. Kjo tregon nj\u00eb\u00a0pap\u00ebrgatitje t\u00eb qeveris\u00eb s\u00eb Malit t\u00eb Zi\u00a0q\u00eb t\u2019u mund\u00ebsoj\u00eb t\u00eb gjith\u00eb qytetar\u00ebve,\u00a0sidomos atyre q\u00eb nuk e kan\u00eb gjuh\u00ebn e\u00a0p\u00ebrbashk\u00ebt, ta ndjejn\u00eb veten plot\u00ebsisht\u00a0t\u00eb integruar dhe t\u00eb mbrojtur n\u00eb k\u00ebt\u00eb\u00a0shtet.\u00a0Sa i takon mediave t\u00eb shkruara, aty\u00a0v\u00ebrtet ekziston problemi financiar n\u00eb\u00a0gazet\u00ebn \u201cPobjeda\u201d, e cila faktikisht n\u00eb\u00a0k\u00ebt\u00eb moment punon plot\u00ebsisht jasht\u00eb\u00a0ligjit, me ndihma t\u00eb cilat i jep n\u00eb m\u00ebnyr\u00eb\u00a0joligjore qeveria e Malit t\u00eb Zi. Por sikur\u00a0t\u00eb kishte pak vullnet q\u00eb k\u00ebto probleme mundur shum\u00eb leht\u00eb te gjendej modeli\u00a0ku Ministria p\u00ebr t\u00eb Drejtat e Njeriut\u00a0dhe Pakicave apo Ministria e Kultur\u00ebs\u00a0do t\u00eb kishte mund\u00ebsi q\u00eb me nj\u00eb fond\u00a0jo shum\u00eb t\u00eb madh t\u00eb organizoj\u00eb n\u00ebp\u00ebr\u00a0ndonj\u00eb media komerciale apo n\u00eb ndonj\u00eb\u00a0media jasht\u00eb k\u00ebsaj gazete nj\u00eb gazet\u00eb\u00a0javore e cila do t\u00eb kishte qen\u00eb n\u00eb gjuh\u00ebn\u00a0shqipe dhe do t\u00eb kishte qen\u00eb ndoshta\u00a0shum\u00eb m\u00eb cil\u00ebsore se q\u00eb \u00ebsht\u00eb kjo q\u00eb e\u00a0kemi n\u00eb k\u00ebt\u00eb moment.\u00a0Sa i takon mediave private, mendoj se\u00a0ato gjenden n\u00eb situat\u00eb shum\u00eb t\u00eb keqe.\u00a0Un\u00eb pres q\u00eb Ministria p\u00ebr t\u00eb Drejtat e\u00a0Njeriut dhe Pakicave, duke qen\u00eb se nuk\u00a0ka pun\u00eb shum\u00eb, duhet t\u00eb angazhohet\u00a0n\u00eb k\u00ebt\u00eb drejtim dhe t\u00eb marr\u00eb nj\u00eb iniciativ\u00eb\u00a0se si t\u00eb zgjidhen k\u00ebto probleme. P\u00ebr\u00a0zgjidhjen e k\u00ebtij problemi, e p\u00ebrs\u00ebris,\u00a0nuk nevojiten mjete t\u00eb jasht\u00ebzakonshme,\u00a0nevojitet vet\u00ebm pak m\u00eb tep\u00ebr\u00a0vullnet dhe nj\u00eb organizim shum\u00eb m\u00eb i\u00a0mir\u00eb se n\u00eb k\u00ebt\u00eb moment.<\/p>\n<p><a href=\"http:\/\/www.visit-ulcinj.com\/blog\/wp-content\/uploads\/2013\/12\/Mali-i-Zi-Pozitiv-Ulqin-Dritan-Abazoviq.jpg\"><img loading=\"lazy\" class=\"alignleft  wp-image-76832\" alt=\"Mali i Zi Pozitiv-Ulqin- Dritan Abazoviq\" src=\"http:\/\/www.visit-ulcinj.com\/blog\/wp-content\/uploads\/2013\/12\/Mali-i-Zi-Pozitiv-Ulqin-Dritan-Abazoviq.jpg\" width=\"508\" height=\"360\" \/><\/a><\/p>\n<p><b>Koha javore:<\/b> M\u00eb 26 janar n\u00eb komun\u00ebn\u00a0e Ulqinit do t\u00eb mbahen zgjedhjet e parakohshme\u00a0lokale. \u00c7far\u00eb pret Mali i Zi Pozitiv nga k\u00ebto zgjedhje duke qen\u00eb se merr\u00a0pjes\u00eb p\u00ebr her\u00eb t\u00eb par\u00eb?<\/p>\n<p><b>D. Abazoviq:<\/b> Mali i Zi Pozitiv do t\u00eb\u00a0hyj\u00eb fare i relaksuar n\u00eb k\u00ebto zgjedhje.\u00a0Duke qen\u00eb se p\u00ebr ne jan\u00eb zgjedhjet e\u00a0para lokale, nuk presim nj\u00eb rezultat t\u00eb\u00a0jasht\u00ebzakonsh\u00ebm dhe spektakolar. Q\u00ebllimi\u00a0yn\u00eb \u00ebsht\u00eb shum\u00eb i qart\u00eb: t\u2019i promovojm\u00eb\u00a0disa njer\u00ebz t\u00eb rinj, disa fytyra t\u00eb\u00a0reja, t\u00eb cilat me siguri do ta ken\u00eb ardhm\u00ebrin\u00eb\u00a0e vet edhe n\u00eb sken\u00ebn politike,\u00a0por n\u00eb p\u00ebrgjith\u00ebsi n\u00eb sken\u00ebn e Ulqinit\u00a0n\u00eb t\u00eb ardhmen, n\u00eb k\u00ebt\u00eb apo n\u00eb at\u00eb form\u00eb.\u00a0Pra, q\u00ebllimi \u00ebsht\u00eb q\u00eb t\u00eb tregohet se\u00a0ekzistojn\u00eb njer\u00ebz t\u00eb rinj, t\u00eb edukuar, t\u00eb\u00a0cil\u00ebt k\u00ebt\u00eb qytet e shohin shum\u00eb m\u00eb t\u00eb\u00a0mir\u00eb dhe shum\u00eb m\u00eb t\u00eb organizuar se q\u00eb\u00a0\u00ebsht\u00eb n\u00eb k\u00ebt\u00eb moment.\u00a0Vet\u00eb fakti q\u00eb k\u00ebto jan\u00eb zgjedhje t\u00eb parakohshme\u00a0tregon se pushteti aktual n\u00eb\u00a0komun\u00ebn e Ulqinit ka d\u00ebshtuar totalisht.\u00a0Qysh n\u00eb fillim ka pasur gabime t\u00eb\u00a0jasht\u00ebzakonshme. Mund t\u00eb jap vet\u00ebm\u00a0disa shembuj si argumente: nj\u00eb vit\u00a0kemi pasur dy drejtora t\u00eb Organizat\u00ebs\u00a0Turistike, pastaj kemi pasur nj\u00eb mosmarr\u00ebveshje\u00a0q\u00eb nuk \u00ebsht\u00eb karakteristik\u00eb\u00a0n\u00eb asnj\u00eb komun\u00eb t\u00eb Malit t\u00eb Zi,\u00a0nd\u00ebrmjet kryetarit dhe n\u00ebnkryetarit, ku\u00a0nj\u00ebri-tjetrin e kan\u00eb sulmuar p\u00ebr korrupsion dhe padijeni; kryeadministratorin\u00a0e Komun\u00ebs nuk e kemi q\u00eb tet\u00eb muaj.\u00a0T\u00eb gjitha k\u00ebto argumente tregojn\u00eb q\u00eb\u00a0pushteti lokal ka d\u00ebshtuar totalisht\u00a0dhe nuk ka mundur t\u00eb prezantoj\u00eb apo\u00a0t\u00eb fus\u00eb n\u00eb jet\u00ebn e Ulqinit nj\u00eb vler\u00eb t\u00eb re\u00a0dhe nj\u00eb atmosfer\u00eb t\u00eb re, ku do t\u00eb ndjehemi\u00a0t\u00eb gjith\u00eb m\u00eb t\u00eb integruar dhe \u00e7do\u00a0njeri do t\u00eb ndjente m\u00eb tep\u00ebr liri se m\u00eb\u00a0heret.\u00a0\u00cbsht\u00eb e v\u00ebrtet\u00eb se situata ekonomike\u00a0\u00ebsht\u00eb e v\u00ebshtir\u00eb, por kjo \u00e7far\u00eb kam p\u00ebrmendur\u00a0nuk ka lidhje me ekonomin\u00eb\u00a0apo me situat\u00ebn financiare, e cila \u00ebsht\u00eb\u00a0me t\u00eb v\u00ebrtet\u00eb e v\u00ebshtir\u00eb n\u00eb komun\u00ebn\u00a0e Ulqinit. Askush nuk ka pritur q\u00eb ne\u00a0t\u00eb b\u00ebhemi Dubai dhe t\u00eb kemi hotele\u00a0t\u00eb ndryshme dhe vende pune, por\u00a0\u00e7dokush prej nesh ka menduar se me\u00a0ndryshimin e pushtetit t\u00eb m\u00ebparsh\u00ebm\u00a0do t\u00eb krijohet nj\u00eb atmosfer\u00eb e re dhe\u00a0do t\u00eb mund\u00ebsohet pak m\u00eb tep\u00ebr\u00a0hap\u00ebsir\u00eb p\u00ebr veprimin demokratik.\u00a0P\u00ebrkundrazi, ka ndodhur di\u00e7ka krejt e\u00a0kund\u00ebrt. Jan\u00eb uzurpuar institucionet,\u00a0Parlamenti i Ulqinit nuk ka funksionuar\u00a0nj\u00eb koh\u00eb shum\u00eb t\u00eb gjat\u00eb p\u00ebr shkak\u00a0se kryetari nuk ka ditur n\u00ebse e ka apo\u00a0jo shumic\u00ebn, ku ne kemi treguar jo se\u00a0nuk kemi kapacitet demokratik, por q\u00eb institucionet publike i p\u00ebrjetojm\u00eb si\u00a0firma private apo si sht\u00ebpi private. Kjo\u00a0\u00ebsht\u00eb di\u00e7ka q\u00eb \u00ebsht\u00eb n\u00ebn\u00e7muese p\u00ebr\u00a0\u00e7do qytetar t\u00eb Ulqinit.\u00a0P\u00ebr t\u2019ju rikthyer pyetjes, Mali i Zi Pozitiv\u00a0do t\u00eb marr\u00eb pjes\u00eb si subjekt n\u00eb vete\u00a0n\u00eb k\u00ebto zgjedhje. N\u00ebse do t\u00eb arrijm\u00eb\u00a0rezultat t\u00eb mir\u00eb, shpresoj se do t\u00eb jemi\u00a0shum\u00eb konstruktiv\u00eb, nuk do t\u00eb jemi element\u00a0turbullues apo element i cili do t\u00eb\u00a0b\u00ebj\u00eb vepra negative ose q\u00eb nuk shkojn\u00eb\u00a0n\u00eb favor t\u00eb qytetar\u00ebve t\u00eb Ulqinit.\u00a0Nga ana tjet\u00ebr, edhe n\u00ebse nuk arrijm\u00eb\u00a0ndonj\u00eb rezultat t\u00eb k\u00ebnaqsh\u00ebm, nuk\u00a0kemi nevoj\u00eb t\u00eb jemi fort t\u00eb d\u00ebshp\u00ebruar.\u00a0N\u00eb k\u00ebt\u00eb gar\u00eb ne nuk do t\u00eb hyjm\u00eb p\u00ebr\u00a0t\u00eb marr\u00eb privilegje individuale, nuk do\u00a0t\u00eb hyjm\u00eb sepse kemi qejf t\u00eb promovojm\u00eb\u00a0vetveten. P\u00ebrkundrazi mendojm\u00eb\u00a0se duhet t\u00eb japim nj\u00eb kontribut q\u00eb ky\u00a0Ulqin t\u00eb jet\u00eb m\u00eb i mir\u00eb dhe m\u00eb i organizuar\u00a0se q\u00eb \u00ebsht\u00eb n\u00eb k\u00ebt\u00eb moment.\u00a0N\u00ebse qytetar\u00ebt e Ulqinit do ta kuptojn\u00eb\u00a0k\u00ebt\u00eb k\u00ebshtu, shpresoj q\u00eb do t\u00eb na japin\u00a0p\u00ebrkrahjen. N\u00ebse jo, sidoqoft\u00eb un\u00eb jam\u00a0i bindur q\u00eb kushdo q\u00eb do t\u00eb jet\u00eb n\u00eb\u00a0pushtet pas k\u00ebtij pushteti, mendoj dhe\u00a0uroj q\u00eb t\u00eb jet\u00eb shum\u00eb m\u00eb efikas dhe t\u00eb\u00a0jap\u00eb nj\u00eb kontribut m\u00eb t\u00eb madh se pushteti\u00a0i deritash\u00ebm.<\/p>\n<p><b>Bisedoi: I. Kallaba<br \/>\nKoha Javore<\/b><\/p>\n<!--YouTube Error: bad URL entered-->\n","protected":false},"excerpt":{"rendered":"<p>Jam i vetmi deputet shqiptar opozitar\u00a0 Koha javore: Z. Abazoviq, Mali i Zi Pozitiv\u00a0\u00ebsht\u00eb themeluar para nj\u00eb viti e gjysm\u00eb. Sa\u00a0e ka arsyetuar krijimin e saj nj\u00eb parti e till\u00eb\u00a0n\u00eb sken\u00ebn politike n\u00eb Mal t\u00eb Zi dhe sa jeni\u00a0t\u00eb k\u00ebnaqur me rezultatet e deritashme? D. Abazoviq: Mendoj krijimi i Malit t\u00eb\u00a0Zi Pozitiv e ka arsyetuar [&hellip;]<\/p>\n","protected":false},"author":1,"featured_media":0,"comment_status":"closed","ping_status":"closed","sticky":false,"template":"","format":"standard","meta":{"spay_email":"","jetpack_publicize_message":"","jetpack_is_tweetstorm":false,"jetpack_publicize_feature_enabled":true},"categories":[5],"tags":[],"jetpack_publicize_connections":[],"yoast_head":"<!-- This site is optimized with the Yoast SEO plugin v19.1 - https:\/\/yoast.com\/wordpress\/plugins\/seo\/ -->\n<title>Intervist\u00eb me deputetin e Malit t\u00eb Zi Pozitiv, Dritan Abazoviq - Lajme nga Ulqini<\/title>\n<meta name=\"description\" content=\"Jam i vetmi deputet shqiptar opozitar\u00a0 Koha javore: Z. Abazoviq, Mali i Zi Pozitiv\u00a0\u00ebsht\u00eb themeluar para nj\u00eb viti e gjysm\u00eb. Sa\u00a0e ka arsyetuar krijimin e\" \/>\n<meta name=\"robots\" content=\"index, follow, max-snippet:-1, max-image-preview:large, max-video-preview:-1\" \/>\n<link rel=\"canonical\" href=\"https:\/\/www.visit-ulcinj.com\/blog\/2013\/12\/01\/interviste-deputetin-e-malit-te-zi-pozitiv-dritan-abazoviq\/\" \/>\n<meta property=\"og:locale\" content=\"en_US\" \/>\n<meta property=\"og:type\" content=\"article\" \/>\n<meta property=\"og:title\" content=\"Intervist\u00eb me deputetin e Malit t\u00eb Zi Pozitiv, Dritan Abazoviq - Lajme nga Ulqini\" \/>\n<meta property=\"og:description\" content=\"Jam i vetmi deputet shqiptar opozitar\u00a0 Koha javore: Z. Abazoviq, Mali i Zi Pozitiv\u00a0\u00ebsht\u00eb themeluar para nj\u00eb viti e gjysm\u00eb. Sa\u00a0e ka arsyetuar krijimin e\" \/>\n<meta property=\"og:url\" content=\"https:\/\/www.visit-ulcinj.com\/blog\/2013\/12\/01\/interviste-deputetin-e-malit-te-zi-pozitiv-dritan-abazoviq\/\" \/>\n<meta property=\"og:site_name\" content=\"Lajme nga Ulqini\" \/>\n<meta property=\"article:published_time\" content=\"2013-12-01T08:14:11+00:00\" \/>\n<meta property=\"og:image\" content=\"http:\/\/www.visit-ulcinj.com\/blog\/wp-content\/uploads\/2013\/12\/Dritan-Abazoviq-Ulqin.jpg\" \/>\n<meta name=\"twitter:label1\" content=\"Written by\" \/>\n\t<meta name=\"twitter:data1\" content=\"ulqini\" \/>\n\t<meta name=\"twitter:label2\" content=\"Est. reading time\" \/>\n\t<meta name=\"twitter:data2\" content=\"12 minutes\" \/>\n<script type=\"application\/ld+json\" class=\"yoast-schema-graph\">{\"@context\":\"https:\/\/schema.org\",\"@graph\":[{\"@type\":\"WebSite\",\"@id\":\"https:\/\/www.visit-ulcinj.com\/blog\/#website\",\"url\":\"https:\/\/www.visit-ulcinj.com\/blog\/\",\"name\":\"Lajme nga Ulqini\",\"description\":\"Lajme,Vijesti,Ulqini,Ulqin,Crna Gora,Mali i Zi\",\"potentialAction\":[{\"@type\":\"SearchAction\",\"target\":{\"@type\":\"EntryPoint\",\"urlTemplate\":\"https:\/\/www.visit-ulcinj.com\/blog\/?s={search_term_string}\"},\"query-input\":\"required name=search_term_string\"}],\"inLanguage\":\"en-US\"},{\"@type\":\"ImageObject\",\"inLanguage\":\"en-US\",\"@id\":\"https:\/\/www.visit-ulcinj.com\/blog\/2013\/12\/01\/interviste-deputetin-e-malit-te-zi-pozitiv-dritan-abazoviq\/#primaryimage\",\"url\":\"https:\/\/www.visit-ulcinj.com\/blog\/wp-content\/uploads\/2013\/12\/Dritan-Abazoviq-Ulqin.jpg\",\"contentUrl\":\"https:\/\/www.visit-ulcinj.com\/blog\/wp-content\/uploads\/2013\/12\/Dritan-Abazoviq-Ulqin.jpg\",\"width\":653,\"height\":624},{\"@type\":\"WebPage\",\"@id\":\"https:\/\/www.visit-ulcinj.com\/blog\/2013\/12\/01\/interviste-deputetin-e-malit-te-zi-pozitiv-dritan-abazoviq\/#webpage\",\"url\":\"https:\/\/www.visit-ulcinj.com\/blog\/2013\/12\/01\/interviste-deputetin-e-malit-te-zi-pozitiv-dritan-abazoviq\/\",\"name\":\"Intervist\u00eb me deputetin e Malit t\u00eb Zi Pozitiv, Dritan Abazoviq - Lajme nga Ulqini\",\"isPartOf\":{\"@id\":\"https:\/\/www.visit-ulcinj.com\/blog\/#website\"},\"primaryImageOfPage\":{\"@id\":\"https:\/\/www.visit-ulcinj.com\/blog\/2013\/12\/01\/interviste-deputetin-e-malit-te-zi-pozitiv-dritan-abazoviq\/#primaryimage\"},\"datePublished\":\"2013-12-01T08:14:11+00:00\",\"dateModified\":\"2013-12-01T08:14:11+00:00\",\"author\":{\"@id\":\"https:\/\/www.visit-ulcinj.com\/blog\/#\/schema\/person\/dcab619c614d3038751c63bc2aadc06d\"},\"description\":\"Jam i vetmi deputet shqiptar opozitar\u00a0 Koha javore: Z. Abazoviq, Mali i Zi Pozitiv\u00a0\u00ebsht\u00eb themeluar para nj\u00eb viti e gjysm\u00eb. Sa\u00a0e ka arsyetuar krijimin e\",\"breadcrumb\":{\"@id\":\"https:\/\/www.visit-ulcinj.com\/blog\/2013\/12\/01\/interviste-deputetin-e-malit-te-zi-pozitiv-dritan-abazoviq\/#breadcrumb\"},\"inLanguage\":\"en-US\",\"potentialAction\":[{\"@type\":\"ReadAction\",\"target\":[\"https:\/\/www.visit-ulcinj.com\/blog\/2013\/12\/01\/interviste-deputetin-e-malit-te-zi-pozitiv-dritan-abazoviq\/\"]}]},{\"@type\":\"BreadcrumbList\",\"@id\":\"https:\/\/www.visit-ulcinj.com\/blog\/2013\/12\/01\/interviste-deputetin-e-malit-te-zi-pozitiv-dritan-abazoviq\/#breadcrumb\",\"itemListElement\":[{\"@type\":\"ListItem\",\"position\":1,\"name\":\"Intervist\u00eb me deputetin e Malit t\u00eb Zi Pozitiv, Dritan Abazoviq\"}]},{\"@type\":\"Person\",\"@id\":\"https:\/\/www.visit-ulcinj.com\/blog\/#\/schema\/person\/dcab619c614d3038751c63bc2aadc06d\",\"name\":\"ulqini\",\"sameAs\":[\"http:\/\/www.visit-ulcinj.com\"],\"url\":\"https:\/\/www.visit-ulcinj.com\/blog\/author\/admin\/\"}]}<\/script>\n<!-- \/ Yoast SEO plugin. -->","yoast_head_json":{"title":"Intervist\u00eb me deputetin e Malit t\u00eb Zi Pozitiv, Dritan Abazoviq - Lajme nga Ulqini","description":"Jam i vetmi deputet shqiptar opozitar\u00a0 Koha javore: Z. Abazoviq, Mali i Zi Pozitiv\u00a0\u00ebsht\u00eb themeluar para nj\u00eb viti e gjysm\u00eb. Sa\u00a0e ka arsyetuar krijimin e","robots":{"index":"index","follow":"follow","max-snippet":"max-snippet:-1","max-image-preview":"max-image-preview:large","max-video-preview":"max-video-preview:-1"},"canonical":"https:\/\/www.visit-ulcinj.com\/blog\/2013\/12\/01\/interviste-deputetin-e-malit-te-zi-pozitiv-dritan-abazoviq\/","og_locale":"en_US","og_type":"article","og_title":"Intervist\u00eb me deputetin e Malit t\u00eb Zi Pozitiv, Dritan Abazoviq - Lajme nga Ulqini","og_description":"Jam i vetmi deputet shqiptar opozitar\u00a0 Koha javore: Z. Abazoviq, Mali i Zi Pozitiv\u00a0\u00ebsht\u00eb themeluar para nj\u00eb viti e gjysm\u00eb. Sa\u00a0e ka arsyetuar krijimin e","og_url":"https:\/\/www.visit-ulcinj.com\/blog\/2013\/12\/01\/interviste-deputetin-e-malit-te-zi-pozitiv-dritan-abazoviq\/","og_site_name":"Lajme nga Ulqini","article_published_time":"2013-12-01T08:14:11+00:00","og_image":[{"url":"http:\/\/www.visit-ulcinj.com\/blog\/wp-content\/uploads\/2013\/12\/Dritan-Abazoviq-Ulqin.jpg"}],"twitter_misc":{"Written by":"ulqini","Est. reading time":"12 minutes"},"schema":{"@context":"https:\/\/schema.org","@graph":[{"@type":"WebSite","@id":"https:\/\/www.visit-ulcinj.com\/blog\/#website","url":"https:\/\/www.visit-ulcinj.com\/blog\/","name":"Lajme nga Ulqini","description":"Lajme,Vijesti,Ulqini,Ulqin,Crna Gora,Mali i Zi","potentialAction":[{"@type":"SearchAction","target":{"@type":"EntryPoint","urlTemplate":"https:\/\/www.visit-ulcinj.com\/blog\/?s={search_term_string}"},"query-input":"required name=search_term_string"}],"inLanguage":"en-US"},{"@type":"ImageObject","inLanguage":"en-US","@id":"https:\/\/www.visit-ulcinj.com\/blog\/2013\/12\/01\/interviste-deputetin-e-malit-te-zi-pozitiv-dritan-abazoviq\/#primaryimage","url":"https:\/\/www.visit-ulcinj.com\/blog\/wp-content\/uploads\/2013\/12\/Dritan-Abazoviq-Ulqin.jpg","contentUrl":"https:\/\/www.visit-ulcinj.com\/blog\/wp-content\/uploads\/2013\/12\/Dritan-Abazoviq-Ulqin.jpg","width":653,"height":624},{"@type":"WebPage","@id":"https:\/\/www.visit-ulcinj.com\/blog\/2013\/12\/01\/interviste-deputetin-e-malit-te-zi-pozitiv-dritan-abazoviq\/#webpage","url":"https:\/\/www.visit-ulcinj.com\/blog\/2013\/12\/01\/interviste-deputetin-e-malit-te-zi-pozitiv-dritan-abazoviq\/","name":"Intervist\u00eb me deputetin e Malit t\u00eb Zi Pozitiv, Dritan Abazoviq - Lajme nga Ulqini","isPartOf":{"@id":"https:\/\/www.visit-ulcinj.com\/blog\/#website"},"primaryImageOfPage":{"@id":"https:\/\/www.visit-ulcinj.com\/blog\/2013\/12\/01\/interviste-deputetin-e-malit-te-zi-pozitiv-dritan-abazoviq\/#primaryimage"},"datePublished":"2013-12-01T08:14:11+00:00","dateModified":"2013-12-01T08:14:11+00:00","author":{"@id":"https:\/\/www.visit-ulcinj.com\/blog\/#\/schema\/person\/dcab619c614d3038751c63bc2aadc06d"},"description":"Jam i vetmi deputet shqiptar opozitar\u00a0 Koha javore: Z. Abazoviq, Mali i Zi Pozitiv\u00a0\u00ebsht\u00eb themeluar para nj\u00eb viti e gjysm\u00eb. Sa\u00a0e ka arsyetuar krijimin e","breadcrumb":{"@id":"https:\/\/www.visit-ulcinj.com\/blog\/2013\/12\/01\/interviste-deputetin-e-malit-te-zi-pozitiv-dritan-abazoviq\/#breadcrumb"},"inLanguage":"en-US","potentialAction":[{"@type":"ReadAction","target":["https:\/\/www.visit-ulcinj.com\/blog\/2013\/12\/01\/interviste-deputetin-e-malit-te-zi-pozitiv-dritan-abazoviq\/"]}]},{"@type":"BreadcrumbList","@id":"https:\/\/www.visit-ulcinj.com\/blog\/2013\/12\/01\/interviste-deputetin-e-malit-te-zi-pozitiv-dritan-abazoviq\/#breadcrumb","itemListElement":[{"@type":"ListItem","position":1,"name":"Intervist\u00eb me deputetin e Malit t\u00eb Zi Pozitiv, Dritan Abazoviq"}]},{"@type":"Person","@id":"https:\/\/www.visit-ulcinj.com\/blog\/#\/schema\/person\/dcab619c614d3038751c63bc2aadc06d","name":"ulqini","sameAs":["http:\/\/www.visit-ulcinj.com"],"url":"https:\/\/www.visit-ulcinj.com\/blog\/author\/admin\/"}]}},"jetpack_featured_media_url":"","jetpack_sharing_enabled":true,"jetpack_shortlink":"https:\/\/wp.me\/pe6lTn-jZc","_links":{"self":[{"href":"https:\/\/www.visit-ulcinj.com\/blog\/wp-json\/wp\/v2\/posts\/76830"}],"collection":[{"href":"https:\/\/www.visit-ulcinj.com\/blog\/wp-json\/wp\/v2\/posts"}],"about":[{"href":"https:\/\/www.visit-ulcinj.com\/blog\/wp-json\/wp\/v2\/types\/post"}],"author":[{"embeddable":true,"href":"https:\/\/www.visit-ulcinj.com\/blog\/wp-json\/wp\/v2\/users\/1"}],"replies":[{"embeddable":true,"href":"https:\/\/www.visit-ulcinj.com\/blog\/wp-json\/wp\/v2\/comments?post=76830"}],"version-history":[{"count":1,"href":"https:\/\/www.visit-ulcinj.com\/blog\/wp-json\/wp\/v2\/posts\/76830\/revisions"}],"predecessor-version":[{"id":76835,"href":"https:\/\/www.visit-ulcinj.com\/blog\/wp-json\/wp\/v2\/posts\/76830\/revisions\/76835"}],"wp:attachment":[{"href":"https:\/\/www.visit-ulcinj.com\/blog\/wp-json\/wp\/v2\/media?parent=76830"}],"wp:term":[{"taxonomy":"category","embeddable":true,"href":"https:\/\/www.visit-ulcinj.com\/blog\/wp-json\/wp\/v2\/categories?post=76830"},{"taxonomy":"post_tag","embeddable":true,"href":"https:\/\/www.visit-ulcinj.com\/blog\/wp-json\/wp\/v2\/tags?post=76830"}],"curies":[{"name":"wp","href":"https:\/\/api.w.org\/{rel}","templated":true}]}}