{"id":76836,"date":"2013-12-01T09:57:20","date_gmt":"2013-12-01T08:57:20","guid":{"rendered":"http:\/\/www.visit-ulcinj.com\/blog\/?p=76836"},"modified":"2013-12-01T18:19:19","modified_gmt":"2013-12-01T17:19:19","slug":"ndotje-alarmante-e-detit-te-ulqinit-nga-shqiperia","status":"publish","type":"post","link":"https:\/\/www.visit-ulcinj.com\/blog\/2013\/12\/01\/ndotje-alarmante-e-detit-te-ulqinit-nga-shqiperia\/","title":{"rendered":"Ndotje alarmante e detit te Ulqinit nga Shqip\u00ebria"},"content":{"rendered":"<p><strong><a href=\"http:\/\/www.visit-ulcinj.com\/blog\/wp-content\/uploads\/2013\/12\/Ndotje-alarmante-e-detit-te-Ulqinit.jpg\"><img loading=\"lazy\" class=\"alignleft  wp-image-76837\" alt=\"Ndotje alarmante e detit te Ulqinit\" src=\"http:\/\/www.visit-ulcinj.com\/blog\/wp-content\/uploads\/2013\/12\/Ndotje-alarmante-e-detit-te-Ulqinit.jpg\" width=\"508\" height=\"360\" \/><\/a>Banor\u00ebt e Ulqinit: Mbeturinat nga Shqip\u00ebria kan\u00eb ndotur bregdetin<\/strong><\/p>\n<p><strong>SHKODER &#8211;<\/strong> Mbeturinat nga lumi Buna ndotin bregdetin e plazhit Ada n\u00eb zon\u00ebn e Ulqinit. Prej disa dit\u00ebsh, bregdeti q\u00eb i takon Malit t\u00eb Zi \u00ebsht\u00eb mbushur me mbeturina n\u00eb nj\u00eb gjat\u00ebsi t\u00eb konsiderueshme. Nd\u00ebrkoh\u00eb q\u00eb mbetjet vazhdojn\u00eb t\u00eb shtohen n\u00eb k\u00ebt\u00eb zon\u00eb, banor\u00ebt kan\u00eb dh\u00ebn\u00eb alarmin duke b\u00ebr\u00eb publike situat\u00ebn.<\/p>\n<p>Mbetje t\u00eb ndryshme, duke filluar nga shishet plastike p\u00ebr t\u00eb vazhduar dhe me mbetje medikamentesh, pjes\u00eb makinash apo dhe pajisje elektro-sht\u00ebpiake, jan\u00eb d\u00ebshmi e nj\u00eb ndotjeje ekologjike. Banor\u00ebt e zon\u00ebs pohojn\u00eb se kan\u00eb k\u00ebrkuar q\u00eb t\u00eb nd\u00ebrhyj\u00eb komuna e Ulqinit n\u00eb lidhje me k\u00ebt\u00eb problem. Rasim Kroni, banor i zon\u00ebs, pohon se &#8220;ne kemi k\u00ebtu pran\u00eb bizneset tona, t\u00eb cilat po k\u00ebrc\u00ebnohen nga k\u00ebto mbeturina.<br \/>\n<a href=\"http:\/\/www.visit-ulcinj.com\/blog\/wp-content\/uploads\/2013\/12\/lumi-buna-ulqin.jpg\"><img loading=\"lazy\" class=\"alignleft  wp-image-76838\" alt=\"lumi buna-ulqin\" src=\"http:\/\/www.visit-ulcinj.com\/blog\/wp-content\/uploads\/2013\/12\/lumi-buna-ulqin.jpg\" width=\"508\" height=\"360\" \/><\/a><br \/>\nAsnj\u00eb nuk vjen n\u00eb nj\u00eb lokal buz\u00eb detit kur bregu \u00ebsht\u00eb i mbushur me mbeturina. E kam pastruar dy her\u00eb pjes\u00ebn pran\u00eb biznesit tim, por mund ta shikoni q\u00eb s\u00ebrish \u00ebsht\u00eb i ndotur&#8221;. Sipas tij, rreziku shtohet, pasi mes mbeturinave mund t\u00eb ket\u00eb dhe mbetje q\u00eb mund t\u00eb paraqesin rrezik. &#8220;N\u00eb breg luajn\u00eb edhe f\u00ebmij\u00ebt. Ne nuk mund t\u00eb lejojm\u00eb q\u00eb t\u00eb kemi probleme me sh\u00ebndetin e f\u00ebmij\u00ebve tan\u00eb&#8221;, jan\u00eb shprehur banor\u00ebt e Ulqinit. Sipas tyre, k\u00ebto mbetje vijn\u00eb nga pjesa shqiptare n\u00ebp\u00ebrmjet lumit Buna.<\/p>\n<p>Nisur nga situata e krijuar, ata k\u00ebrkojn\u00eb q\u00eb pala shqiptare t\u00eb nd\u00ebrhyj\u00eb urgjentisht. Pritet q\u00eb p\u00ebrfaq\u00ebsuesit vendor\u00eb t\u00eb Ulqinit t\u00eb b\u00ebjn\u00eb nj\u00eb reagim n\u00eb lidhje me k\u00ebt\u00eb situat\u00eb, e cila \u00ebsht\u00eb p\u00ebrs\u00ebritur edhe para dy viteve. N\u00eb at\u00eb koh\u00eb u b\u00eb shum\u00eb zhurm\u00eb nga malazez\u00ebt, t\u00eb cil\u00ebt k\u00ebrkuan q\u00eb qeveritar\u00ebt shqiptar\u00eb t\u00eb merrnin masa t\u00eb menj\u00ebhershme.<\/p>\n<p><strong>(er.nu\/Gazeta Shqiptare\/BalkanWeb)<\/strong><\/p>\n<!--YouTube Error: bad URL entered-->\n","protected":false},"excerpt":{"rendered":"<p>Banor\u00ebt e Ulqinit: Mbeturinat nga Shqip\u00ebria kan\u00eb ndotur bregdetin SHKODER &#8211; Mbeturinat nga lumi Buna ndotin bregdetin e plazhit Ada n\u00eb zon\u00ebn e Ulqinit. Prej disa dit\u00ebsh, bregdeti q\u00eb i takon Malit t\u00eb Zi \u00ebsht\u00eb mbushur me mbeturina n\u00eb nj\u00eb gjat\u00ebsi t\u00eb konsiderueshme. Nd\u00ebrkoh\u00eb q\u00eb mbetjet vazhdojn\u00eb t\u00eb shtohen n\u00eb k\u00ebt\u00eb zon\u00eb, banor\u00ebt kan\u00eb dh\u00ebn\u00eb [&hellip;]<\/p>\n","protected":false},"author":1,"featured_media":0,"comment_status":"closed","ping_status":"closed","sticky":false,"template":"","format":"standard","meta":{"spay_email":"","jetpack_publicize_message":"","jetpack_is_tweetstorm":false,"jetpack_publicize_feature_enabled":true},"categories":[1,12],"tags":[],"jetpack_publicize_connections":[],"yoast_head":"<!-- This site is optimized with the Yoast SEO plugin v19.1 - https:\/\/yoast.com\/wordpress\/plugins\/seo\/ -->\n<title>Ndotje alarmante e detit te Ulqinit nga Shqip\u00ebria - Lajme nga Ulqini<\/title>\n<meta name=\"description\" content=\"Banor\u00ebt e Ulqinit: Mbeturinat nga Shqip\u00ebria kan\u00eb ndotur bregdetin SHKODER - Mbeturinat nga lumi Buna ndotin bregdetin e plazhit Ada n\u00eb zon\u00ebn e Ulqinit.\" \/>\n<meta name=\"robots\" content=\"index, follow, max-snippet:-1, max-image-preview:large, max-video-preview:-1\" \/>\n<link rel=\"canonical\" href=\"https:\/\/www.visit-ulcinj.com\/blog\/2013\/12\/01\/ndotje-alarmante-e-detit-te-ulqinit-nga-shqiperia\/\" \/>\n<meta property=\"og:locale\" content=\"en_US\" \/>\n<meta property=\"og:type\" content=\"article\" \/>\n<meta property=\"og:title\" content=\"Ndotje alarmante e detit te Ulqinit nga Shqip\u00ebria - Lajme nga Ulqini\" \/>\n<meta property=\"og:description\" content=\"Banor\u00ebt e Ulqinit: Mbeturinat nga Shqip\u00ebria kan\u00eb ndotur bregdetin SHKODER - Mbeturinat nga lumi Buna ndotin bregdetin e plazhit Ada n\u00eb zon\u00ebn e Ulqinit.\" \/>\n<meta property=\"og:url\" content=\"https:\/\/www.visit-ulcinj.com\/blog\/2013\/12\/01\/ndotje-alarmante-e-detit-te-ulqinit-nga-shqiperia\/\" \/>\n<meta property=\"og:site_name\" content=\"Lajme nga Ulqini\" \/>\n<meta property=\"article:published_time\" content=\"2013-12-01T08:57:20+00:00\" \/>\n<meta property=\"article:modified_time\" content=\"2013-12-01T17:19:19+00:00\" \/>\n<meta property=\"og:image\" content=\"http:\/\/www.visit-ulcinj.com\/blog\/wp-content\/uploads\/2013\/12\/Ndotje-alarmante-e-detit-te-Ulqinit.jpg\" \/>\n<meta name=\"twitter:label1\" content=\"Written by\" \/>\n\t<meta name=\"twitter:data1\" content=\"ulqini\" \/>\n\t<meta name=\"twitter:label2\" content=\"Est. reading time\" \/>\n\t<meta name=\"twitter:data2\" content=\"2 minutes\" \/>\n<script type=\"application\/ld+json\" class=\"yoast-schema-graph\">{\"@context\":\"https:\/\/schema.org\",\"@graph\":[{\"@type\":\"WebSite\",\"@id\":\"https:\/\/www.visit-ulcinj.com\/blog\/#website\",\"url\":\"https:\/\/www.visit-ulcinj.com\/blog\/\",\"name\":\"Lajme nga Ulqini\",\"description\":\"Lajme,Vijesti,Ulqini,Ulqin,Crna Gora,Mali i Zi\",\"potentialAction\":[{\"@type\":\"SearchAction\",\"target\":{\"@type\":\"EntryPoint\",\"urlTemplate\":\"https:\/\/www.visit-ulcinj.com\/blog\/?s={search_term_string}\"},\"query-input\":\"required name=search_term_string\"}],\"inLanguage\":\"en-US\"},{\"@type\":\"ImageObject\",\"inLanguage\":\"en-US\",\"@id\":\"https:\/\/www.visit-ulcinj.com\/blog\/2013\/12\/01\/ndotje-alarmante-e-detit-te-ulqinit-nga-shqiperia\/#primaryimage\",\"url\":\"https:\/\/www.visit-ulcinj.com\/blog\/wp-content\/uploads\/2013\/12\/Ndotje-alarmante-e-detit-te-Ulqinit.jpg\",\"contentUrl\":\"https:\/\/www.visit-ulcinj.com\/blog\/wp-content\/uploads\/2013\/12\/Ndotje-alarmante-e-detit-te-Ulqinit.jpg\",\"width\":700,\"height\":394},{\"@type\":\"WebPage\",\"@id\":\"https:\/\/www.visit-ulcinj.com\/blog\/2013\/12\/01\/ndotje-alarmante-e-detit-te-ulqinit-nga-shqiperia\/#webpage\",\"url\":\"https:\/\/www.visit-ulcinj.com\/blog\/2013\/12\/01\/ndotje-alarmante-e-detit-te-ulqinit-nga-shqiperia\/\",\"name\":\"Ndotje alarmante e detit te Ulqinit nga Shqip\u00ebria - Lajme nga Ulqini\",\"isPartOf\":{\"@id\":\"https:\/\/www.visit-ulcinj.com\/blog\/#website\"},\"primaryImageOfPage\":{\"@id\":\"https:\/\/www.visit-ulcinj.com\/blog\/2013\/12\/01\/ndotje-alarmante-e-detit-te-ulqinit-nga-shqiperia\/#primaryimage\"},\"datePublished\":\"2013-12-01T08:57:20+00:00\",\"dateModified\":\"2013-12-01T17:19:19+00:00\",\"author\":{\"@id\":\"https:\/\/www.visit-ulcinj.com\/blog\/#\/schema\/person\/dcab619c614d3038751c63bc2aadc06d\"},\"description\":\"Banor\u00ebt e Ulqinit: Mbeturinat nga Shqip\u00ebria kan\u00eb ndotur bregdetin SHKODER - Mbeturinat nga lumi Buna ndotin bregdetin e plazhit Ada n\u00eb zon\u00ebn e Ulqinit.\",\"breadcrumb\":{\"@id\":\"https:\/\/www.visit-ulcinj.com\/blog\/2013\/12\/01\/ndotje-alarmante-e-detit-te-ulqinit-nga-shqiperia\/#breadcrumb\"},\"inLanguage\":\"en-US\",\"potentialAction\":[{\"@type\":\"ReadAction\",\"target\":[\"https:\/\/www.visit-ulcinj.com\/blog\/2013\/12\/01\/ndotje-alarmante-e-detit-te-ulqinit-nga-shqiperia\/\"]}]},{\"@type\":\"BreadcrumbList\",\"@id\":\"https:\/\/www.visit-ulcinj.com\/blog\/2013\/12\/01\/ndotje-alarmante-e-detit-te-ulqinit-nga-shqiperia\/#breadcrumb\",\"itemListElement\":[{\"@type\":\"ListItem\",\"position\":1,\"name\":\"Ndotje alarmante e detit te Ulqinit nga Shqip\u00ebria\"}]},{\"@type\":\"Person\",\"@id\":\"https:\/\/www.visit-ulcinj.com\/blog\/#\/schema\/person\/dcab619c614d3038751c63bc2aadc06d\",\"name\":\"ulqini\",\"sameAs\":[\"http:\/\/www.visit-ulcinj.com\"],\"url\":\"https:\/\/www.visit-ulcinj.com\/blog\/author\/admin\/\"}]}<\/script>\n<!-- \/ Yoast SEO plugin. -->","yoast_head_json":{"title":"Ndotje alarmante e detit te Ulqinit nga Shqip\u00ebria - Lajme nga Ulqini","description":"Banor\u00ebt e Ulqinit: Mbeturinat nga Shqip\u00ebria kan\u00eb ndotur bregdetin SHKODER - Mbeturinat nga lumi Buna ndotin bregdetin e plazhit Ada n\u00eb zon\u00ebn e Ulqinit.","robots":{"index":"index","follow":"follow","max-snippet":"max-snippet:-1","max-image-preview":"max-image-preview:large","max-video-preview":"max-video-preview:-1"},"canonical":"https:\/\/www.visit-ulcinj.com\/blog\/2013\/12\/01\/ndotje-alarmante-e-detit-te-ulqinit-nga-shqiperia\/","og_locale":"en_US","og_type":"article","og_title":"Ndotje alarmante e detit te Ulqinit nga Shqip\u00ebria - Lajme nga Ulqini","og_description":"Banor\u00ebt e Ulqinit: Mbeturinat nga Shqip\u00ebria kan\u00eb ndotur bregdetin SHKODER - Mbeturinat nga lumi Buna ndotin bregdetin e plazhit Ada n\u00eb zon\u00ebn e Ulqinit.","og_url":"https:\/\/www.visit-ulcinj.com\/blog\/2013\/12\/01\/ndotje-alarmante-e-detit-te-ulqinit-nga-shqiperia\/","og_site_name":"Lajme nga Ulqini","article_published_time":"2013-12-01T08:57:20+00:00","article_modified_time":"2013-12-01T17:19:19+00:00","og_image":[{"url":"http:\/\/www.visit-ulcinj.com\/blog\/wp-content\/uploads\/2013\/12\/Ndotje-alarmante-e-detit-te-Ulqinit.jpg"}],"twitter_misc":{"Written by":"ulqini","Est. reading time":"2 minutes"},"schema":{"@context":"https:\/\/schema.org","@graph":[{"@type":"WebSite","@id":"https:\/\/www.visit-ulcinj.com\/blog\/#website","url":"https:\/\/www.visit-ulcinj.com\/blog\/","name":"Lajme nga Ulqini","description":"Lajme,Vijesti,Ulqini,Ulqin,Crna Gora,Mali i Zi","potentialAction":[{"@type":"SearchAction","target":{"@type":"EntryPoint","urlTemplate":"https:\/\/www.visit-ulcinj.com\/blog\/?s={search_term_string}"},"query-input":"required name=search_term_string"}],"inLanguage":"en-US"},{"@type":"ImageObject","inLanguage":"en-US","@id":"https:\/\/www.visit-ulcinj.com\/blog\/2013\/12\/01\/ndotje-alarmante-e-detit-te-ulqinit-nga-shqiperia\/#primaryimage","url":"https:\/\/www.visit-ulcinj.com\/blog\/wp-content\/uploads\/2013\/12\/Ndotje-alarmante-e-detit-te-Ulqinit.jpg","contentUrl":"https:\/\/www.visit-ulcinj.com\/blog\/wp-content\/uploads\/2013\/12\/Ndotje-alarmante-e-detit-te-Ulqinit.jpg","width":700,"height":394},{"@type":"WebPage","@id":"https:\/\/www.visit-ulcinj.com\/blog\/2013\/12\/01\/ndotje-alarmante-e-detit-te-ulqinit-nga-shqiperia\/#webpage","url":"https:\/\/www.visit-ulcinj.com\/blog\/2013\/12\/01\/ndotje-alarmante-e-detit-te-ulqinit-nga-shqiperia\/","name":"Ndotje alarmante e detit te Ulqinit nga Shqip\u00ebria - Lajme nga Ulqini","isPartOf":{"@id":"https:\/\/www.visit-ulcinj.com\/blog\/#website"},"primaryImageOfPage":{"@id":"https:\/\/www.visit-ulcinj.com\/blog\/2013\/12\/01\/ndotje-alarmante-e-detit-te-ulqinit-nga-shqiperia\/#primaryimage"},"datePublished":"2013-12-01T08:57:20+00:00","dateModified":"2013-12-01T17:19:19+00:00","author":{"@id":"https:\/\/www.visit-ulcinj.com\/blog\/#\/schema\/person\/dcab619c614d3038751c63bc2aadc06d"},"description":"Banor\u00ebt e Ulqinit: Mbeturinat nga Shqip\u00ebria kan\u00eb ndotur bregdetin SHKODER - Mbeturinat nga lumi Buna ndotin bregdetin e plazhit Ada n\u00eb zon\u00ebn e Ulqinit.","breadcrumb":{"@id":"https:\/\/www.visit-ulcinj.com\/blog\/2013\/12\/01\/ndotje-alarmante-e-detit-te-ulqinit-nga-shqiperia\/#breadcrumb"},"inLanguage":"en-US","potentialAction":[{"@type":"ReadAction","target":["https:\/\/www.visit-ulcinj.com\/blog\/2013\/12\/01\/ndotje-alarmante-e-detit-te-ulqinit-nga-shqiperia\/"]}]},{"@type":"BreadcrumbList","@id":"https:\/\/www.visit-ulcinj.com\/blog\/2013\/12\/01\/ndotje-alarmante-e-detit-te-ulqinit-nga-shqiperia\/#breadcrumb","itemListElement":[{"@type":"ListItem","position":1,"name":"Ndotje alarmante e detit te Ulqinit nga Shqip\u00ebria"}]},{"@type":"Person","@id":"https:\/\/www.visit-ulcinj.com\/blog\/#\/schema\/person\/dcab619c614d3038751c63bc2aadc06d","name":"ulqini","sameAs":["http:\/\/www.visit-ulcinj.com"],"url":"https:\/\/www.visit-ulcinj.com\/blog\/author\/admin\/"}]}},"jetpack_featured_media_url":"","jetpack_sharing_enabled":true,"jetpack_shortlink":"https:\/\/wp.me\/pe6lTn-jZi","_links":{"self":[{"href":"https:\/\/www.visit-ulcinj.com\/blog\/wp-json\/wp\/v2\/posts\/76836"}],"collection":[{"href":"https:\/\/www.visit-ulcinj.com\/blog\/wp-json\/wp\/v2\/posts"}],"about":[{"href":"https:\/\/www.visit-ulcinj.com\/blog\/wp-json\/wp\/v2\/types\/post"}],"author":[{"embeddable":true,"href":"https:\/\/www.visit-ulcinj.com\/blog\/wp-json\/wp\/v2\/users\/1"}],"replies":[{"embeddable":true,"href":"https:\/\/www.visit-ulcinj.com\/blog\/wp-json\/wp\/v2\/comments?post=76836"}],"version-history":[{"count":2,"href":"https:\/\/www.visit-ulcinj.com\/blog\/wp-json\/wp\/v2\/posts\/76836\/revisions"}],"predecessor-version":[{"id":76840,"href":"https:\/\/www.visit-ulcinj.com\/blog\/wp-json\/wp\/v2\/posts\/76836\/revisions\/76840"}],"wp:attachment":[{"href":"https:\/\/www.visit-ulcinj.com\/blog\/wp-json\/wp\/v2\/media?parent=76836"}],"wp:term":[{"taxonomy":"category","embeddable":true,"href":"https:\/\/www.visit-ulcinj.com\/blog\/wp-json\/wp\/v2\/categories?post=76836"},{"taxonomy":"post_tag","embeddable":true,"href":"https:\/\/www.visit-ulcinj.com\/blog\/wp-json\/wp\/v2\/tags?post=76836"}],"curies":[{"name":"wp","href":"https:\/\/api.w.org\/{rel}","templated":true}]}}