{"id":76846,"date":"2013-12-02T15:58:24","date_gmt":"2013-12-02T14:58:24","guid":{"rendered":"http:\/\/www.visit-ulcinj.com\/blog\/?p=76846"},"modified":"2013-12-05T21:18:46","modified_gmt":"2013-12-05T20:18:46","slug":"behet-prezantimi-projektit-m2res-ne-bashkepunim-kompanine-etg-ne-podgorice","status":"publish","type":"post","link":"https:\/\/www.visit-ulcinj.com\/blog\/2013\/12\/02\/behet-prezantimi-projektit-m2res-ne-bashkepunim-kompanine-etg-ne-podgorice\/","title":{"rendered":"B\u00ebhet prezantimi i projektit M2RES n\u00eb bashk\u00ebpunim me kompanin\u00eb ETG n\u00eb Podgoric\u00eb"},"content":{"rendered":"<p><a href=\"http:\/\/www.visit-ulcinj.com\/blog\/wp-content\/uploads\/2013\/12\/Prezantimi-i-projektit-M2RES.jpg\"><img loading=\"lazy\" class=\"alignleft  wp-image-76847\" alt=\"Prezantimi i projektit M2RES\" src=\"http:\/\/www.visit-ulcinj.com\/blog\/wp-content\/uploads\/2013\/12\/Prezantimi-i-projektit-M2RES.jpg\" width=\"508\" height=\"360\" \/><\/a>Me dat\u00ebn 27. 11. 2013 n\u00eb qendr\u00ebn e kompanis\u00eb \u201eETG Ind\u017einjering&#8221; n\u00eb Podgoric\u00eb \u00ebsht\u00eb mbajtur prezantimi i projektit M2RES t\u00eb cilin e implementon Komuna e Ulqinit (zyra p\u00ebr projekte dhe bashk\u00ebpunim nd\u00ebrkomb\u00ebtar). Projekti ka t\u00eb bej\u00eb me energjin\u00eb e rinovushme (diellit, er\u00ebs, geotermale) e cila mund t\u00eb p\u00ebrdoret n\u00eb terene margjinale t\u00eb cilat nuk jan\u00eb n\u00eb p\u00ebrdorim t\u00eb m\u00eb tutjesh\u00ebm.<\/p>\n<p>N\u00eb takim poashtu jan\u00eb prezantuar studimet e deritashme t\u00eb projektit si dhe aktiviteti i fundit i cili parasheh hapjen e nj\u00eb tenderi nd\u00ebrkomb\u00ebtar p\u00ebr investitor\u00eb t\u00eb interesuar p\u00ebr energjin\u00eb e rinovushme. Duhet cekur edhe vet\u00eb faktin se Komuna e Uqlinit ka potencilalet m\u00eb t\u00eb favorshme n\u00eb Mal t\u00eb Zi sa i p\u00ebrket er\u00ebs dhe dit\u00ebve me diell gjat\u00eb vitit. Pas prezantimit t\u00eb projektit, kompania ETG ka b\u00ebr\u00eb prezantimin e efiqenc\u00ebs energjike n\u00eb institucionet publike me metodat m\u00eb t\u00eb reja bashkohore n\u00eb tregun bot\u00ebror. Duhet cekur poashtu se Kompania ETG \u00ebsht\u00eb lidere n\u00eb Mal t\u00eb Zi sa i p\u00ebrket efiqences energjike si dhe pajisjeve p\u00ebr nxemje dhe ftohje. Pas prezatimit patem mund\u00ebsi t\u00eb vizitojm\u00eb nj\u00eb nd\u00ebrtes\u00eb t\u00eb ETG kur ishin zyrat e kompanis\u00eb duke na shpjeguar sistemet e reja t\u00eb nxemjes dhe ftohjes. Psh. T\u00eb gjitha zyrat e kopmanis\u00eb me nj\u00eb sip\u00ebrfaqe prej 750m\u00b2 p\u00ebrdornin nj\u00eb sistem p\u00ebr nxemje dhe ky sistem p\u00ebr siperfaqe konsum vet\u00ebm 11,5 kw\/h, gj\u00eb q\u00eb p\u00ebr secilin institucion publik n\u00eb Mal t\u00eb Zi \u00ebsht\u00eb e pamundur p\u00ebr momentin.<br \/>\nN\u00eb takim mor\u00ebn pjes\u00eb perfaq\u00ebsuesit e OJQ &#8211; s Nasa Akcija, In\u017einjerski pedago\u0161ki forum, Komun\u00ebs s\u00eb Kotorit, Komun\u00ebs s\u00eb Nikshiqit si dhe bank\u00ebs KFW.<\/p>\n<p>N\u00eb muajin e ardhsh\u00ebm \u00ebsht\u00eb dakorduar nj\u00eb takim me p\u00ebrfaq\u00ebsuesit e ETG \u2013 s n\u00eb Komun\u00ebn e Ulqinit p\u00ebr mund\u00ebsit\u00eb e kursimit t\u00eb energjis\u00eb n\u00eb nd\u00ebrtes\u00ebn e Komun\u00ebs si dhe mbar\u00eb instituciuonet publike t\u00eb Komun\u00ebs.<\/p>\n","protected":false},"excerpt":{"rendered":"<p>Me dat\u00ebn 27. 11. 2013 n\u00eb qendr\u00ebn e kompanis\u00eb \u201eETG Ind\u017einjering&#8221; n\u00eb Podgoric\u00eb \u00ebsht\u00eb mbajtur prezantimi i projektit M2RES t\u00eb cilin e implementon Komuna e Ulqinit (zyra p\u00ebr projekte dhe bashk\u00ebpunim nd\u00ebrkomb\u00ebtar). Projekti ka t\u00eb bej\u00eb me energjin\u00eb e rinovushme (diellit, er\u00ebs, geotermale) e cila mund t\u00eb p\u00ebrdoret n\u00eb terene margjinale t\u00eb cilat nuk jan\u00eb [&hellip;]<\/p>\n","protected":false},"author":1,"featured_media":0,"comment_status":"closed","ping_status":"closed","sticky":false,"template":"","format":"standard","meta":{"spay_email":"","jetpack_publicize_message":"","jetpack_is_tweetstorm":false,"jetpack_publicize_feature_enabled":true},"categories":[1,12],"tags":[],"jetpack_publicize_connections":[],"yoast_head":"<!-- This site is optimized with the Yoast SEO plugin v19.1 - https:\/\/yoast.com\/wordpress\/plugins\/seo\/ -->\n<title>B\u00ebhet prezantimi i projektit M2RES n\u00eb bashk\u00ebpunim me kompanin\u00eb ETG n\u00eb Podgoric\u00eb - Lajme nga Ulqini<\/title>\n<meta name=\"description\" content=\"Me dat\u00ebn 27. 11. 2013 n\u00eb qendr\u00ebn e kompanis\u00eb \u201eETG Ind\u017einjering&quot; n\u00eb Podgoric\u00eb \u00ebsht\u00eb mbajtur prezantimi i projektit M2RES t\u00eb cilin e implementon Komuna e\" \/>\n<meta name=\"robots\" content=\"index, follow, max-snippet:-1, max-image-preview:large, max-video-preview:-1\" \/>\n<link rel=\"canonical\" href=\"https:\/\/www.visit-ulcinj.com\/blog\/2013\/12\/02\/behet-prezantimi-projektit-m2res-ne-bashkepunim-kompanine-etg-ne-podgorice\/\" \/>\n<meta property=\"og:locale\" content=\"en_US\" \/>\n<meta property=\"og:type\" content=\"article\" \/>\n<meta property=\"og:title\" content=\"B\u00ebhet prezantimi i projektit M2RES n\u00eb bashk\u00ebpunim me kompanin\u00eb ETG n\u00eb Podgoric\u00eb - Lajme nga Ulqini\" \/>\n<meta property=\"og:description\" content=\"Me dat\u00ebn 27. 11. 2013 n\u00eb qendr\u00ebn e kompanis\u00eb \u201eETG Ind\u017einjering&quot; n\u00eb Podgoric\u00eb \u00ebsht\u00eb mbajtur prezantimi i projektit M2RES t\u00eb cilin e implementon Komuna e\" \/>\n<meta property=\"og:url\" content=\"https:\/\/www.visit-ulcinj.com\/blog\/2013\/12\/02\/behet-prezantimi-projektit-m2res-ne-bashkepunim-kompanine-etg-ne-podgorice\/\" \/>\n<meta property=\"og:site_name\" content=\"Lajme nga Ulqini\" \/>\n<meta property=\"article:published_time\" content=\"2013-12-02T14:58:24+00:00\" \/>\n<meta property=\"article:modified_time\" content=\"2013-12-05T20:18:46+00:00\" \/>\n<meta property=\"og:image\" content=\"http:\/\/www.visit-ulcinj.com\/blog\/wp-content\/uploads\/2013\/12\/Prezantimi-i-projektit-M2RES.jpg\" \/>\n<meta name=\"twitter:label1\" content=\"Written by\" \/>\n\t<meta name=\"twitter:data1\" content=\"ulqini\" \/>\n\t<meta name=\"twitter:label2\" content=\"Est. reading time\" \/>\n\t<meta name=\"twitter:data2\" content=\"2 minutes\" \/>\n<script type=\"application\/ld+json\" class=\"yoast-schema-graph\">{\"@context\":\"https:\/\/schema.org\",\"@graph\":[{\"@type\":\"WebSite\",\"@id\":\"https:\/\/www.visit-ulcinj.com\/blog\/#website\",\"url\":\"https:\/\/www.visit-ulcinj.com\/blog\/\",\"name\":\"Lajme nga Ulqini\",\"description\":\"Lajme,Vijesti,Ulqini,Ulqin,Crna Gora,Mali i Zi\",\"potentialAction\":[{\"@type\":\"SearchAction\",\"target\":{\"@type\":\"EntryPoint\",\"urlTemplate\":\"https:\/\/www.visit-ulcinj.com\/blog\/?s={search_term_string}\"},\"query-input\":\"required name=search_term_string\"}],\"inLanguage\":\"en-US\"},{\"@type\":\"ImageObject\",\"inLanguage\":\"en-US\",\"@id\":\"https:\/\/www.visit-ulcinj.com\/blog\/2013\/12\/02\/behet-prezantimi-projektit-m2res-ne-bashkepunim-kompanine-etg-ne-podgorice\/#primaryimage\",\"url\":\"https:\/\/www.visit-ulcinj.com\/blog\/wp-content\/uploads\/2013\/12\/Prezantimi-i-projektit-M2RES.jpg\",\"contentUrl\":\"https:\/\/www.visit-ulcinj.com\/blog\/wp-content\/uploads\/2013\/12\/Prezantimi-i-projektit-M2RES.jpg\",\"width\":768,\"height\":576},{\"@type\":\"WebPage\",\"@id\":\"https:\/\/www.visit-ulcinj.com\/blog\/2013\/12\/02\/behet-prezantimi-projektit-m2res-ne-bashkepunim-kompanine-etg-ne-podgorice\/#webpage\",\"url\":\"https:\/\/www.visit-ulcinj.com\/blog\/2013\/12\/02\/behet-prezantimi-projektit-m2res-ne-bashkepunim-kompanine-etg-ne-podgorice\/\",\"name\":\"B\u00ebhet prezantimi i projektit M2RES n\u00eb bashk\u00ebpunim me kompanin\u00eb ETG n\u00eb Podgoric\u00eb - Lajme nga Ulqini\",\"isPartOf\":{\"@id\":\"https:\/\/www.visit-ulcinj.com\/blog\/#website\"},\"primaryImageOfPage\":{\"@id\":\"https:\/\/www.visit-ulcinj.com\/blog\/2013\/12\/02\/behet-prezantimi-projektit-m2res-ne-bashkepunim-kompanine-etg-ne-podgorice\/#primaryimage\"},\"datePublished\":\"2013-12-02T14:58:24+00:00\",\"dateModified\":\"2013-12-05T20:18:46+00:00\",\"author\":{\"@id\":\"https:\/\/www.visit-ulcinj.com\/blog\/#\/schema\/person\/dcab619c614d3038751c63bc2aadc06d\"},\"description\":\"Me dat\u00ebn 27. 11. 2013 n\u00eb qendr\u00ebn e kompanis\u00eb \u201eETG Ind\u017einjering\\\" n\u00eb Podgoric\u00eb \u00ebsht\u00eb mbajtur prezantimi i projektit M2RES t\u00eb cilin e implementon Komuna e\",\"breadcrumb\":{\"@id\":\"https:\/\/www.visit-ulcinj.com\/blog\/2013\/12\/02\/behet-prezantimi-projektit-m2res-ne-bashkepunim-kompanine-etg-ne-podgorice\/#breadcrumb\"},\"inLanguage\":\"en-US\",\"potentialAction\":[{\"@type\":\"ReadAction\",\"target\":[\"https:\/\/www.visit-ulcinj.com\/blog\/2013\/12\/02\/behet-prezantimi-projektit-m2res-ne-bashkepunim-kompanine-etg-ne-podgorice\/\"]}]},{\"@type\":\"BreadcrumbList\",\"@id\":\"https:\/\/www.visit-ulcinj.com\/blog\/2013\/12\/02\/behet-prezantimi-projektit-m2res-ne-bashkepunim-kompanine-etg-ne-podgorice\/#breadcrumb\",\"itemListElement\":[{\"@type\":\"ListItem\",\"position\":1,\"name\":\"B\u00ebhet prezantimi i projektit M2RES n\u00eb bashk\u00ebpunim me kompanin\u00eb ETG n\u00eb Podgoric\u00eb\"}]},{\"@type\":\"Person\",\"@id\":\"https:\/\/www.visit-ulcinj.com\/blog\/#\/schema\/person\/dcab619c614d3038751c63bc2aadc06d\",\"name\":\"ulqini\",\"sameAs\":[\"http:\/\/www.visit-ulcinj.com\"],\"url\":\"https:\/\/www.visit-ulcinj.com\/blog\/author\/admin\/\"}]}<\/script>\n<!-- \/ Yoast SEO plugin. -->","yoast_head_json":{"title":"B\u00ebhet prezantimi i projektit M2RES n\u00eb bashk\u00ebpunim me kompanin\u00eb ETG n\u00eb Podgoric\u00eb - Lajme nga Ulqini","description":"Me dat\u00ebn 27. 11. 2013 n\u00eb qendr\u00ebn e kompanis\u00eb \u201eETG Ind\u017einjering\" n\u00eb Podgoric\u00eb \u00ebsht\u00eb mbajtur prezantimi i projektit M2RES t\u00eb cilin e implementon Komuna e","robots":{"index":"index","follow":"follow","max-snippet":"max-snippet:-1","max-image-preview":"max-image-preview:large","max-video-preview":"max-video-preview:-1"},"canonical":"https:\/\/www.visit-ulcinj.com\/blog\/2013\/12\/02\/behet-prezantimi-projektit-m2res-ne-bashkepunim-kompanine-etg-ne-podgorice\/","og_locale":"en_US","og_type":"article","og_title":"B\u00ebhet prezantimi i projektit M2RES n\u00eb bashk\u00ebpunim me kompanin\u00eb ETG n\u00eb Podgoric\u00eb - Lajme nga Ulqini","og_description":"Me dat\u00ebn 27. 11. 2013 n\u00eb qendr\u00ebn e kompanis\u00eb \u201eETG Ind\u017einjering\" n\u00eb Podgoric\u00eb \u00ebsht\u00eb mbajtur prezantimi i projektit M2RES t\u00eb cilin e implementon Komuna e","og_url":"https:\/\/www.visit-ulcinj.com\/blog\/2013\/12\/02\/behet-prezantimi-projektit-m2res-ne-bashkepunim-kompanine-etg-ne-podgorice\/","og_site_name":"Lajme nga Ulqini","article_published_time":"2013-12-02T14:58:24+00:00","article_modified_time":"2013-12-05T20:18:46+00:00","og_image":[{"url":"http:\/\/www.visit-ulcinj.com\/blog\/wp-content\/uploads\/2013\/12\/Prezantimi-i-projektit-M2RES.jpg"}],"twitter_misc":{"Written by":"ulqini","Est. reading time":"2 minutes"},"schema":{"@context":"https:\/\/schema.org","@graph":[{"@type":"WebSite","@id":"https:\/\/www.visit-ulcinj.com\/blog\/#website","url":"https:\/\/www.visit-ulcinj.com\/blog\/","name":"Lajme nga Ulqini","description":"Lajme,Vijesti,Ulqini,Ulqin,Crna Gora,Mali i Zi","potentialAction":[{"@type":"SearchAction","target":{"@type":"EntryPoint","urlTemplate":"https:\/\/www.visit-ulcinj.com\/blog\/?s={search_term_string}"},"query-input":"required name=search_term_string"}],"inLanguage":"en-US"},{"@type":"ImageObject","inLanguage":"en-US","@id":"https:\/\/www.visit-ulcinj.com\/blog\/2013\/12\/02\/behet-prezantimi-projektit-m2res-ne-bashkepunim-kompanine-etg-ne-podgorice\/#primaryimage","url":"https:\/\/www.visit-ulcinj.com\/blog\/wp-content\/uploads\/2013\/12\/Prezantimi-i-projektit-M2RES.jpg","contentUrl":"https:\/\/www.visit-ulcinj.com\/blog\/wp-content\/uploads\/2013\/12\/Prezantimi-i-projektit-M2RES.jpg","width":768,"height":576},{"@type":"WebPage","@id":"https:\/\/www.visit-ulcinj.com\/blog\/2013\/12\/02\/behet-prezantimi-projektit-m2res-ne-bashkepunim-kompanine-etg-ne-podgorice\/#webpage","url":"https:\/\/www.visit-ulcinj.com\/blog\/2013\/12\/02\/behet-prezantimi-projektit-m2res-ne-bashkepunim-kompanine-etg-ne-podgorice\/","name":"B\u00ebhet prezantimi i projektit M2RES n\u00eb bashk\u00ebpunim me kompanin\u00eb ETG n\u00eb Podgoric\u00eb - Lajme nga Ulqini","isPartOf":{"@id":"https:\/\/www.visit-ulcinj.com\/blog\/#website"},"primaryImageOfPage":{"@id":"https:\/\/www.visit-ulcinj.com\/blog\/2013\/12\/02\/behet-prezantimi-projektit-m2res-ne-bashkepunim-kompanine-etg-ne-podgorice\/#primaryimage"},"datePublished":"2013-12-02T14:58:24+00:00","dateModified":"2013-12-05T20:18:46+00:00","author":{"@id":"https:\/\/www.visit-ulcinj.com\/blog\/#\/schema\/person\/dcab619c614d3038751c63bc2aadc06d"},"description":"Me dat\u00ebn 27. 11. 2013 n\u00eb qendr\u00ebn e kompanis\u00eb \u201eETG Ind\u017einjering\" n\u00eb Podgoric\u00eb \u00ebsht\u00eb mbajtur prezantimi i projektit M2RES t\u00eb cilin e implementon Komuna e","breadcrumb":{"@id":"https:\/\/www.visit-ulcinj.com\/blog\/2013\/12\/02\/behet-prezantimi-projektit-m2res-ne-bashkepunim-kompanine-etg-ne-podgorice\/#breadcrumb"},"inLanguage":"en-US","potentialAction":[{"@type":"ReadAction","target":["https:\/\/www.visit-ulcinj.com\/blog\/2013\/12\/02\/behet-prezantimi-projektit-m2res-ne-bashkepunim-kompanine-etg-ne-podgorice\/"]}]},{"@type":"BreadcrumbList","@id":"https:\/\/www.visit-ulcinj.com\/blog\/2013\/12\/02\/behet-prezantimi-projektit-m2res-ne-bashkepunim-kompanine-etg-ne-podgorice\/#breadcrumb","itemListElement":[{"@type":"ListItem","position":1,"name":"B\u00ebhet prezantimi i projektit M2RES n\u00eb bashk\u00ebpunim me kompanin\u00eb ETG n\u00eb Podgoric\u00eb"}]},{"@type":"Person","@id":"https:\/\/www.visit-ulcinj.com\/blog\/#\/schema\/person\/dcab619c614d3038751c63bc2aadc06d","name":"ulqini","sameAs":["http:\/\/www.visit-ulcinj.com"],"url":"https:\/\/www.visit-ulcinj.com\/blog\/author\/admin\/"}]}},"jetpack_featured_media_url":"","jetpack_sharing_enabled":true,"jetpack_shortlink":"https:\/\/wp.me\/pe6lTn-jZs","_links":{"self":[{"href":"https:\/\/www.visit-ulcinj.com\/blog\/wp-json\/wp\/v2\/posts\/76846"}],"collection":[{"href":"https:\/\/www.visit-ulcinj.com\/blog\/wp-json\/wp\/v2\/posts"}],"about":[{"href":"https:\/\/www.visit-ulcinj.com\/blog\/wp-json\/wp\/v2\/types\/post"}],"author":[{"embeddable":true,"href":"https:\/\/www.visit-ulcinj.com\/blog\/wp-json\/wp\/v2\/users\/1"}],"replies":[{"embeddable":true,"href":"https:\/\/www.visit-ulcinj.com\/blog\/wp-json\/wp\/v2\/comments?post=76846"}],"version-history":[{"count":1,"href":"https:\/\/www.visit-ulcinj.com\/blog\/wp-json\/wp\/v2\/posts\/76846\/revisions"}],"predecessor-version":[{"id":76848,"href":"https:\/\/www.visit-ulcinj.com\/blog\/wp-json\/wp\/v2\/posts\/76846\/revisions\/76848"}],"wp:attachment":[{"href":"https:\/\/www.visit-ulcinj.com\/blog\/wp-json\/wp\/v2\/media?parent=76846"}],"wp:term":[{"taxonomy":"category","embeddable":true,"href":"https:\/\/www.visit-ulcinj.com\/blog\/wp-json\/wp\/v2\/categories?post=76846"},{"taxonomy":"post_tag","embeddable":true,"href":"https:\/\/www.visit-ulcinj.com\/blog\/wp-json\/wp\/v2\/tags?post=76846"}],"curies":[{"name":"wp","href":"https:\/\/api.w.org\/{rel}","templated":true}]}}