{"id":76849,"date":"2013-12-02T18:07:34","date_gmt":"2013-12-02T17:07:34","guid":{"rendered":"http:\/\/www.visit-ulcinj.com\/blog\/?p=76849"},"modified":"2013-12-02T18:08:11","modified_gmt":"2013-12-02T17:08:11","slug":"gradani-ulcinja-ce-uzimati-u-zakup-svoja-dvorista","status":"publish","type":"post","link":"https:\/\/www.visit-ulcinj.com\/blog\/2013\/12\/02\/gradani-ulcinja-ce-uzimati-u-zakup-svoja-dvorista\/","title":{"rendered":"Gra\u0111ani Ulcinja \u0107e uzimati u zakup svoja dvori\u0161ta"},"content":{"rendered":"<p><a href=\"http:\/\/www.visit-ulcinj.com\/blog\/wp-content\/uploads\/2012\/02\/investment-in-Montenegro_velika-plaza_ulcinj-for-sale.jpg\"><img loading=\"lazy\" class=\"alignleft  wp-image-57692\" alt=\"investment  in Montenegro_velika-plaza_ulcinj-for-sale\" src=\"http:\/\/www.visit-ulcinj.com\/blog\/wp-content\/uploads\/2012\/02\/investment-in-Montenegro_velika-plaza_ulcinj-for-sale.jpg\" width=\"508\" height=\"360\" \/><\/a>Vrhovni sud Crne Gore je, u poku\u0161aju da rije\u0161i problem \u201epodijeljenih mi\u0161ljenja u dosada\u0161njoj praksi sudova&#8221; kada je u pitanju kori\u0161\u0107enje morskog dobra, donio pravni stav kojim se, kako ka\u017eu neko pravnici, na mala vrata uvodi nacionalizacija najvrednije imovine familija koje \u017eive na primorju.<\/p>\n<div>\n<p>\u201ePravo kori\u0161\u0107enja zemlji\u0161ta koje predstavlja morsko dobro pripada ranijim vlasnicima samo zaklju\u010denjem ugovora sa javnim preduze\u0107em koje upravlja morskim dobrom, u kom slu\u010daju imaju pre\u010de pravo kori\u0161\u0107enja morskog dobra, za slu\u010daj da konkuri\u0161u za sticanje prava&#8221;, pi\u0161e u pravnom stavu koji je Gra\u0111ansko odjeljenje Vrhovnog suda Crne Gore donijelo na sjednici odr\u017eanoj 7. oktobra ove godine, prenose Vijesti.<\/p>\n<p>Ovaj stav, kako se isti\u010de, donijet je jednoglasno, a potpisuje ga predsjednik Gra\u0111anskog odjeljenja Vrhovnog suda Radoje Orovi\u0107.<\/p>\n<p>Ovo zna\u010di da, na primjer, svi vlasnici vjekovima starih kamenih ku\u0107a u du\u017eobalnim naseljima Boke, nisu vlasnici sopstvenih dvori\u0161ta, ve\u0107, da bi ih koristili, moraju ih prethodno iznajmiti od JP \u201eMorsko dobro&#8221;.<\/p>\n<p>Ista stvar je i sa recimo, ulcinjskim poljoprivrednicima iz \u0160toja koji bi, da bi gajili lubenice ili povr\u0107e, svoje njive morali prethodno uzeti u zakup od Morskog dobra jer granica morskog dobra tamo dopire i kilometrima daleko od obale.<\/p>\n<p>Odluka Vrhovnog suda uznemirila je duhove na primorju pa tako, prema saznanjima Vijesti pojedine primorske mjesne zajednice ve\u0107 najavljuju organizovanje zborova gra\u0111ana kako bi se dogovorili o na\u010dinu na koji \u0107e jedinstveno poku\u0161ati da za\u0161tite svoja svojinska prava, koja im garantuju Ustav i me\u0111unarodni propisi.<\/p>\n<p>Sud se u ovakvom tuma\u010denju, pozvao i na Zakon o pomorskom dobru i morskim lukama Republike Hrvatske iz 2009. godine.<\/p>\n<p><strong>Izvor: Vijesti \/CDM<\/strong><\/p>\n<\/div>\n","protected":false},"excerpt":{"rendered":"<p>Vrhovni sud Crne Gore je, u poku\u0161aju da rije\u0161i problem \u201epodijeljenih mi\u0161ljenja u dosada\u0161njoj praksi sudova&#8221; kada je u pitanju kori\u0161\u0107enje morskog dobra, donio pravni stav kojim se, kako ka\u017eu neko pravnici, na mala vrata uvodi nacionalizacija najvrednije imovine familija koje \u017eive na primorju. \u201ePravo kori\u0161\u0107enja zemlji\u0161ta koje predstavlja morsko dobro pripada ranijim vlasnicima samo [&hellip;]<\/p>\n","protected":false},"author":1,"featured_media":0,"comment_status":"closed","ping_status":"closed","sticky":false,"template":"","format":"standard","meta":{"spay_email":"","jetpack_publicize_message":"","jetpack_is_tweetstorm":false,"jetpack_publicize_feature_enabled":true},"categories":[8337],"tags":[],"jetpack_publicize_connections":[],"yoast_head":"<!-- This site is optimized with the Yoast SEO plugin v19.1 - https:\/\/yoast.com\/wordpress\/plugins\/seo\/ -->\n<title>Gra\u0111ani Ulcinja \u0107e uzimati u zakup svoja dvori\u0161ta - Lajme nga Ulqini<\/title>\n<meta name=\"description\" content=\"Vrhovni sud Crne Gore je, u poku\u0161aju da rije\u0161i problem \u201epodijeljenih mi\u0161ljenja u dosada\u0161njoj praksi sudova&quot; kada je u pitanju kori\u0161\u0107enje morskog dobra,\" \/>\n<meta name=\"robots\" content=\"index, follow, max-snippet:-1, max-image-preview:large, max-video-preview:-1\" \/>\n<link rel=\"canonical\" href=\"https:\/\/www.visit-ulcinj.com\/blog\/2013\/12\/02\/gradani-ulcinja-ce-uzimati-u-zakup-svoja-dvorista\/\" \/>\n<meta property=\"og:locale\" content=\"en_US\" \/>\n<meta property=\"og:type\" content=\"article\" \/>\n<meta property=\"og:title\" content=\"Gra\u0111ani Ulcinja \u0107e uzimati u zakup svoja dvori\u0161ta - Lajme nga Ulqini\" \/>\n<meta property=\"og:description\" content=\"Vrhovni sud Crne Gore je, u poku\u0161aju da rije\u0161i problem \u201epodijeljenih mi\u0161ljenja u dosada\u0161njoj praksi sudova&quot; kada je u pitanju kori\u0161\u0107enje morskog dobra,\" \/>\n<meta property=\"og:url\" content=\"https:\/\/www.visit-ulcinj.com\/blog\/2013\/12\/02\/gradani-ulcinja-ce-uzimati-u-zakup-svoja-dvorista\/\" \/>\n<meta property=\"og:site_name\" content=\"Lajme nga Ulqini\" \/>\n<meta property=\"article:published_time\" content=\"2013-12-02T17:07:34+00:00\" \/>\n<meta property=\"article:modified_time\" content=\"2013-12-02T17:08:11+00:00\" \/>\n<meta property=\"og:image\" content=\"http:\/\/www.visit-ulcinj.com\/blog\/wp-content\/uploads\/2012\/02\/investment-in-Montenegro_velika-plaza_ulcinj-for-sale.jpg\" \/>\n<meta name=\"twitter:label1\" content=\"Written by\" \/>\n\t<meta name=\"twitter:data1\" content=\"ulqini\" \/>\n\t<meta name=\"twitter:label2\" content=\"Est. reading time\" \/>\n\t<meta name=\"twitter:data2\" content=\"1 minute\" \/>\n<script type=\"application\/ld+json\" class=\"yoast-schema-graph\">{\"@context\":\"https:\/\/schema.org\",\"@graph\":[{\"@type\":\"WebSite\",\"@id\":\"https:\/\/www.visit-ulcinj.com\/blog\/#website\",\"url\":\"https:\/\/www.visit-ulcinj.com\/blog\/\",\"name\":\"Lajme nga Ulqini\",\"description\":\"Lajme,Vijesti,Ulqini,Ulqin,Crna Gora,Mali i Zi\",\"potentialAction\":[{\"@type\":\"SearchAction\",\"target\":{\"@type\":\"EntryPoint\",\"urlTemplate\":\"https:\/\/www.visit-ulcinj.com\/blog\/?s={search_term_string}\"},\"query-input\":\"required name=search_term_string\"}],\"inLanguage\":\"en-US\"},{\"@type\":\"ImageObject\",\"inLanguage\":\"en-US\",\"@id\":\"https:\/\/www.visit-ulcinj.com\/blog\/2013\/12\/02\/gradani-ulcinja-ce-uzimati-u-zakup-svoja-dvorista\/#primaryimage\",\"url\":\"https:\/\/www.visit-ulcinj.com\/blog\/wp-content\/uploads\/2012\/02\/investment-in-Montenegro_velika-plaza_ulcinj-for-sale.jpg\",\"contentUrl\":\"https:\/\/www.visit-ulcinj.com\/blog\/wp-content\/uploads\/2012\/02\/investment-in-Montenegro_velika-plaza_ulcinj-for-sale.jpg\",\"width\":\"985\",\"height\":\"651\"},{\"@type\":\"WebPage\",\"@id\":\"https:\/\/www.visit-ulcinj.com\/blog\/2013\/12\/02\/gradani-ulcinja-ce-uzimati-u-zakup-svoja-dvorista\/#webpage\",\"url\":\"https:\/\/www.visit-ulcinj.com\/blog\/2013\/12\/02\/gradani-ulcinja-ce-uzimati-u-zakup-svoja-dvorista\/\",\"name\":\"Gra\u0111ani Ulcinja \u0107e uzimati u zakup svoja dvori\u0161ta - Lajme nga Ulqini\",\"isPartOf\":{\"@id\":\"https:\/\/www.visit-ulcinj.com\/blog\/#website\"},\"primaryImageOfPage\":{\"@id\":\"https:\/\/www.visit-ulcinj.com\/blog\/2013\/12\/02\/gradani-ulcinja-ce-uzimati-u-zakup-svoja-dvorista\/#primaryimage\"},\"datePublished\":\"2013-12-02T17:07:34+00:00\",\"dateModified\":\"2013-12-02T17:08:11+00:00\",\"author\":{\"@id\":\"https:\/\/www.visit-ulcinj.com\/blog\/#\/schema\/person\/dcab619c614d3038751c63bc2aadc06d\"},\"description\":\"Vrhovni sud Crne Gore je, u poku\u0161aju da rije\u0161i problem \u201epodijeljenih mi\u0161ljenja u dosada\u0161njoj praksi sudova\\\" kada je u pitanju kori\u0161\u0107enje morskog dobra,\",\"breadcrumb\":{\"@id\":\"https:\/\/www.visit-ulcinj.com\/blog\/2013\/12\/02\/gradani-ulcinja-ce-uzimati-u-zakup-svoja-dvorista\/#breadcrumb\"},\"inLanguage\":\"en-US\",\"potentialAction\":[{\"@type\":\"ReadAction\",\"target\":[\"https:\/\/www.visit-ulcinj.com\/blog\/2013\/12\/02\/gradani-ulcinja-ce-uzimati-u-zakup-svoja-dvorista\/\"]}]},{\"@type\":\"BreadcrumbList\",\"@id\":\"https:\/\/www.visit-ulcinj.com\/blog\/2013\/12\/02\/gradani-ulcinja-ce-uzimati-u-zakup-svoja-dvorista\/#breadcrumb\",\"itemListElement\":[{\"@type\":\"ListItem\",\"position\":1,\"name\":\"Gra\u0111ani Ulcinja \u0107e uzimati u zakup svoja dvori\u0161ta\"}]},{\"@type\":\"Person\",\"@id\":\"https:\/\/www.visit-ulcinj.com\/blog\/#\/schema\/person\/dcab619c614d3038751c63bc2aadc06d\",\"name\":\"ulqini\",\"sameAs\":[\"http:\/\/www.visit-ulcinj.com\"],\"url\":\"https:\/\/www.visit-ulcinj.com\/blog\/author\/admin\/\"}]}<\/script>\n<!-- \/ Yoast SEO plugin. -->","yoast_head_json":{"title":"Gra\u0111ani Ulcinja \u0107e uzimati u zakup svoja dvori\u0161ta - Lajme nga Ulqini","description":"Vrhovni sud Crne Gore je, u poku\u0161aju da rije\u0161i problem \u201epodijeljenih mi\u0161ljenja u dosada\u0161njoj praksi sudova\" kada je u pitanju kori\u0161\u0107enje morskog dobra,","robots":{"index":"index","follow":"follow","max-snippet":"max-snippet:-1","max-image-preview":"max-image-preview:large","max-video-preview":"max-video-preview:-1"},"canonical":"https:\/\/www.visit-ulcinj.com\/blog\/2013\/12\/02\/gradani-ulcinja-ce-uzimati-u-zakup-svoja-dvorista\/","og_locale":"en_US","og_type":"article","og_title":"Gra\u0111ani Ulcinja \u0107e uzimati u zakup svoja dvori\u0161ta - Lajme nga Ulqini","og_description":"Vrhovni sud Crne Gore je, u poku\u0161aju da rije\u0161i problem \u201epodijeljenih mi\u0161ljenja u dosada\u0161njoj praksi sudova\" kada je u pitanju kori\u0161\u0107enje morskog dobra,","og_url":"https:\/\/www.visit-ulcinj.com\/blog\/2013\/12\/02\/gradani-ulcinja-ce-uzimati-u-zakup-svoja-dvorista\/","og_site_name":"Lajme nga Ulqini","article_published_time":"2013-12-02T17:07:34+00:00","article_modified_time":"2013-12-02T17:08:11+00:00","og_image":[{"url":"http:\/\/www.visit-ulcinj.com\/blog\/wp-content\/uploads\/2012\/02\/investment-in-Montenegro_velika-plaza_ulcinj-for-sale.jpg"}],"twitter_misc":{"Written by":"ulqini","Est. reading time":"1 minute"},"schema":{"@context":"https:\/\/schema.org","@graph":[{"@type":"WebSite","@id":"https:\/\/www.visit-ulcinj.com\/blog\/#website","url":"https:\/\/www.visit-ulcinj.com\/blog\/","name":"Lajme nga Ulqini","description":"Lajme,Vijesti,Ulqini,Ulqin,Crna Gora,Mali i Zi","potentialAction":[{"@type":"SearchAction","target":{"@type":"EntryPoint","urlTemplate":"https:\/\/www.visit-ulcinj.com\/blog\/?s={search_term_string}"},"query-input":"required name=search_term_string"}],"inLanguage":"en-US"},{"@type":"ImageObject","inLanguage":"en-US","@id":"https:\/\/www.visit-ulcinj.com\/blog\/2013\/12\/02\/gradani-ulcinja-ce-uzimati-u-zakup-svoja-dvorista\/#primaryimage","url":"https:\/\/www.visit-ulcinj.com\/blog\/wp-content\/uploads\/2012\/02\/investment-in-Montenegro_velika-plaza_ulcinj-for-sale.jpg","contentUrl":"https:\/\/www.visit-ulcinj.com\/blog\/wp-content\/uploads\/2012\/02\/investment-in-Montenegro_velika-plaza_ulcinj-for-sale.jpg","width":"985","height":"651"},{"@type":"WebPage","@id":"https:\/\/www.visit-ulcinj.com\/blog\/2013\/12\/02\/gradani-ulcinja-ce-uzimati-u-zakup-svoja-dvorista\/#webpage","url":"https:\/\/www.visit-ulcinj.com\/blog\/2013\/12\/02\/gradani-ulcinja-ce-uzimati-u-zakup-svoja-dvorista\/","name":"Gra\u0111ani Ulcinja \u0107e uzimati u zakup svoja dvori\u0161ta - Lajme nga Ulqini","isPartOf":{"@id":"https:\/\/www.visit-ulcinj.com\/blog\/#website"},"primaryImageOfPage":{"@id":"https:\/\/www.visit-ulcinj.com\/blog\/2013\/12\/02\/gradani-ulcinja-ce-uzimati-u-zakup-svoja-dvorista\/#primaryimage"},"datePublished":"2013-12-02T17:07:34+00:00","dateModified":"2013-12-02T17:08:11+00:00","author":{"@id":"https:\/\/www.visit-ulcinj.com\/blog\/#\/schema\/person\/dcab619c614d3038751c63bc2aadc06d"},"description":"Vrhovni sud Crne Gore je, u poku\u0161aju da rije\u0161i problem \u201epodijeljenih mi\u0161ljenja u dosada\u0161njoj praksi sudova\" kada je u pitanju kori\u0161\u0107enje morskog dobra,","breadcrumb":{"@id":"https:\/\/www.visit-ulcinj.com\/blog\/2013\/12\/02\/gradani-ulcinja-ce-uzimati-u-zakup-svoja-dvorista\/#breadcrumb"},"inLanguage":"en-US","potentialAction":[{"@type":"ReadAction","target":["https:\/\/www.visit-ulcinj.com\/blog\/2013\/12\/02\/gradani-ulcinja-ce-uzimati-u-zakup-svoja-dvorista\/"]}]},{"@type":"BreadcrumbList","@id":"https:\/\/www.visit-ulcinj.com\/blog\/2013\/12\/02\/gradani-ulcinja-ce-uzimati-u-zakup-svoja-dvorista\/#breadcrumb","itemListElement":[{"@type":"ListItem","position":1,"name":"Gra\u0111ani Ulcinja \u0107e uzimati u zakup svoja dvori\u0161ta"}]},{"@type":"Person","@id":"https:\/\/www.visit-ulcinj.com\/blog\/#\/schema\/person\/dcab619c614d3038751c63bc2aadc06d","name":"ulqini","sameAs":["http:\/\/www.visit-ulcinj.com"],"url":"https:\/\/www.visit-ulcinj.com\/blog\/author\/admin\/"}]}},"jetpack_featured_media_url":"","jetpack_sharing_enabled":true,"jetpack_shortlink":"https:\/\/wp.me\/pe6lTn-jZv","_links":{"self":[{"href":"https:\/\/www.visit-ulcinj.com\/blog\/wp-json\/wp\/v2\/posts\/76849"}],"collection":[{"href":"https:\/\/www.visit-ulcinj.com\/blog\/wp-json\/wp\/v2\/posts"}],"about":[{"href":"https:\/\/www.visit-ulcinj.com\/blog\/wp-json\/wp\/v2\/types\/post"}],"author":[{"embeddable":true,"href":"https:\/\/www.visit-ulcinj.com\/blog\/wp-json\/wp\/v2\/users\/1"}],"replies":[{"embeddable":true,"href":"https:\/\/www.visit-ulcinj.com\/blog\/wp-json\/wp\/v2\/comments?post=76849"}],"version-history":[{"count":2,"href":"https:\/\/www.visit-ulcinj.com\/blog\/wp-json\/wp\/v2\/posts\/76849\/revisions"}],"predecessor-version":[{"id":76851,"href":"https:\/\/www.visit-ulcinj.com\/blog\/wp-json\/wp\/v2\/posts\/76849\/revisions\/76851"}],"wp:attachment":[{"href":"https:\/\/www.visit-ulcinj.com\/blog\/wp-json\/wp\/v2\/media?parent=76849"}],"wp:term":[{"taxonomy":"category","embeddable":true,"href":"https:\/\/www.visit-ulcinj.com\/blog\/wp-json\/wp\/v2\/categories?post=76849"},{"taxonomy":"post_tag","embeddable":true,"href":"https:\/\/www.visit-ulcinj.com\/blog\/wp-json\/wp\/v2\/tags?post=76849"}],"curies":[{"name":"wp","href":"https:\/\/api.w.org\/{rel}","templated":true}]}}