{"id":76852,"date":"2013-12-02T18:16:06","date_gmt":"2013-12-02T17:16:06","guid":{"rendered":"http:\/\/www.visit-ulcinj.com\/blog\/?p=76852"},"modified":"2013-12-02T18:18:29","modified_gmt":"2013-12-02T17:18:29","slug":"ulcinj-ima-li-predizborna-kampanja-smisla","status":"publish","type":"post","link":"https:\/\/www.visit-ulcinj.com\/blog\/2013\/12\/02\/ulcinj-ima-li-predizborna-kampanja-smisla\/","title":{"rendered":"Ulcinj: Ima li predizborna kampanja smisla?"},"content":{"rendered":"<p><a href=\"http:\/\/www.visit-ulcinj.com\/blog\/wp-content\/uploads\/2013\/12\/Ulcinj-Ima-li-predizborna-kampanja-smisla.jpg\"><img loading=\"lazy\" class=\"alignleft  wp-image-76853\" alt=\"Ulcinj- Ima li predizborna kampanja smisla\" src=\"http:\/\/www.visit-ulcinj.com\/blog\/wp-content\/uploads\/2013\/12\/Ulcinj-Ima-li-predizborna-kampanja-smisla.jpg\" width=\"508\" height=\"360\" \/><\/a>Sve \u010de\u0161\u0107i izbori bili oni na lokalnom ili dr\u017eavnom nivou i politi\u010dka scena uglavnom u neizmjenjenom sastavu postavljaju jasno pitanje, ima li predizborna kampanja smisla?<\/p>\n<div>Osim \u0161to \u0107e se utro\u0161iti pozama\u0161na svota novca u nimalo zavidnoj finansijskoj situaciji (\u010ditaj bankrot Op\u0161tine), prekriti gotovo svaki vidljivi dio grada gomilom plakata sa velikim zaokru\u017eenim magi\u010dnim brojem partije, konkretnih rje\u0161enja za izlazak iz krize vjerovatno ne\u0107e biti.<\/p>\n<p>\u010citava politi\u010dka scena vi\u0161e li\u010di na neko pozori\u0161te u kojem isti glumci igraju jednu predstavu dugi niz godina. Svima je jasno da ta predstava nema nikakvog smisla, ali i dalje opstaje zahvaljuju\u0107i nezainteresovanosti publike koja u\u017eivaju\u0107i u kokicama ne primje\u0107uje da se bina u potpunosti sru\u0161ila.<br \/>\nUlcinj \u0107e u ove izbore u\u0107i poput broda &#8220;Coste Concordia&#8221;, dok besomu\u010dno tone njegova posada uska\u010de u spasila\u010dke \u010damce na \u010delu sa njegovim kapetanom. Dok posada bje\u017ei u sigurnim \u010damcima, gra\u0111ani se dr\u017ee za komad drveta tjelom uronjeni u hladnoj vodi besparice i otkaza. Uni\u0161teni su svi motori grada, Solana odbrojava dane a novim hotelima ni traga. Ovdje ne treba ra\u010dunati malo ve\u0107e ku\u0107e koje natpisom &#8220;hotel&#8221; na svojim terasama mogu zavarati statistiku, ali ne i ljude koji su radili u &#8220;Ulcinjskoj rivijeri&#8221; u zlatnim godinama ulcinjskog turizma.U\u017earenu loptu odgovornosti prebaciva\u0107e iz jedne ruke u drugu iako bi se trebali kolektivno uhvatiti za nju s obzirom da su u devastaciji u\u010destvovali zajedno.<\/p>\n<p>Mo\u017eda \u0107e kampanja prote\u0107i u duhu otkaza, najavljeno je 6000 \u010destitki iz dr\u017eavnih organa te \u0107e sada umjesto igre ko \u0107e ponuditi vi\u0161e radnih mjesta pre\u0107i na ko \u0107e ponuditi manje otkaza.<br \/>\nNa kraju bi\u0107e makar za gorivo te po\u010dasni krug gradom raduju\u0107i se sopstvenoj sahrani.<\/p>\n<p><strong>Izvor: Portalulcinj.me<\/strong><\/p>\n","protected":false},"excerpt":{"rendered":"<p>Sve \u010de\u0161\u0107i izbori bili oni na lokalnom ili dr\u017eavnom nivou i politi\u010dka scena uglavnom u neizmjenjenom sastavu postavljaju jasno pitanje, ima li predizborna kampanja smisla? Osim \u0161to \u0107e se utro\u0161iti pozama\u0161na svota novca u nimalo zavidnoj finansijskoj situaciji (\u010ditaj bankrot Op\u0161tine), prekriti gotovo svaki vidljivi dio grada gomilom plakata sa velikim zaokru\u017eenim magi\u010dnim brojem partije, [&hellip;]<\/p>\n","protected":false},"author":1,"featured_media":0,"comment_status":"closed","ping_status":"closed","sticky":false,"template":"","format":"standard","meta":{"spay_email":"","jetpack_publicize_message":"","jetpack_is_tweetstorm":false,"jetpack_publicize_feature_enabled":true},"categories":[6950],"tags":[],"jetpack_publicize_connections":[],"yoast_head":"<!-- This site is optimized with the Yoast SEO plugin v19.1 - https:\/\/yoast.com\/wordpress\/plugins\/seo\/ -->\n<title>Ulcinj: Ima li predizborna kampanja smisla? - Lajme nga Ulqini<\/title>\n<meta name=\"description\" content=\"Sve \u010de\u0161\u0107i izbori bili oni na lokalnom ili dr\u017eavnom nivou i politi\u010dka scena uglavnom u neizmjenjenom sastavu postavljaju jasno pitanje, ima li predizborna\" \/>\n<meta name=\"robots\" content=\"index, follow, max-snippet:-1, max-image-preview:large, max-video-preview:-1\" \/>\n<link rel=\"canonical\" href=\"https:\/\/www.visit-ulcinj.com\/blog\/2013\/12\/02\/ulcinj-ima-li-predizborna-kampanja-smisla\/\" \/>\n<meta property=\"og:locale\" content=\"en_US\" \/>\n<meta property=\"og:type\" content=\"article\" \/>\n<meta property=\"og:title\" content=\"Ulcinj: Ima li predizborna kampanja smisla? - Lajme nga Ulqini\" \/>\n<meta property=\"og:description\" content=\"Sve \u010de\u0161\u0107i izbori bili oni na lokalnom ili dr\u017eavnom nivou i politi\u010dka scena uglavnom u neizmjenjenom sastavu postavljaju jasno pitanje, ima li predizborna\" \/>\n<meta property=\"og:url\" content=\"https:\/\/www.visit-ulcinj.com\/blog\/2013\/12\/02\/ulcinj-ima-li-predizborna-kampanja-smisla\/\" \/>\n<meta property=\"og:site_name\" content=\"Lajme nga Ulqini\" \/>\n<meta property=\"article:published_time\" content=\"2013-12-02T17:16:06+00:00\" \/>\n<meta property=\"article:modified_time\" content=\"2013-12-02T17:18:29+00:00\" \/>\n<meta property=\"og:image\" content=\"http:\/\/www.visit-ulcinj.com\/blog\/wp-content\/uploads\/2013\/12\/Ulcinj-Ima-li-predizborna-kampanja-smisla.jpg\" \/>\n<meta name=\"twitter:label1\" content=\"Written by\" \/>\n\t<meta name=\"twitter:data1\" content=\"ulqini\" \/>\n\t<meta name=\"twitter:label2\" content=\"Est. reading time\" \/>\n\t<meta name=\"twitter:data2\" content=\"2 minutes\" \/>\n<script type=\"application\/ld+json\" class=\"yoast-schema-graph\">{\"@context\":\"https:\/\/schema.org\",\"@graph\":[{\"@type\":\"WebSite\",\"@id\":\"https:\/\/www.visit-ulcinj.com\/blog\/#website\",\"url\":\"https:\/\/www.visit-ulcinj.com\/blog\/\",\"name\":\"Lajme nga Ulqini\",\"description\":\"Lajme,Vijesti,Ulqini,Ulqin,Crna Gora,Mali i Zi\",\"potentialAction\":[{\"@type\":\"SearchAction\",\"target\":{\"@type\":\"EntryPoint\",\"urlTemplate\":\"https:\/\/www.visit-ulcinj.com\/blog\/?s={search_term_string}\"},\"query-input\":\"required name=search_term_string\"}],\"inLanguage\":\"en-US\"},{\"@type\":\"ImageObject\",\"inLanguage\":\"en-US\",\"@id\":\"https:\/\/www.visit-ulcinj.com\/blog\/2013\/12\/02\/ulcinj-ima-li-predizborna-kampanja-smisla\/#primaryimage\",\"url\":\"https:\/\/www.visit-ulcinj.com\/blog\/wp-content\/uploads\/2013\/12\/Ulcinj-Ima-li-predizborna-kampanja-smisla.jpg\",\"contentUrl\":\"https:\/\/www.visit-ulcinj.com\/blog\/wp-content\/uploads\/2013\/12\/Ulcinj-Ima-li-predizborna-kampanja-smisla.jpg\",\"width\":590,\"height\":391},{\"@type\":\"WebPage\",\"@id\":\"https:\/\/www.visit-ulcinj.com\/blog\/2013\/12\/02\/ulcinj-ima-li-predizborna-kampanja-smisla\/#webpage\",\"url\":\"https:\/\/www.visit-ulcinj.com\/blog\/2013\/12\/02\/ulcinj-ima-li-predizborna-kampanja-smisla\/\",\"name\":\"Ulcinj: Ima li predizborna kampanja smisla? - Lajme nga Ulqini\",\"isPartOf\":{\"@id\":\"https:\/\/www.visit-ulcinj.com\/blog\/#website\"},\"primaryImageOfPage\":{\"@id\":\"https:\/\/www.visit-ulcinj.com\/blog\/2013\/12\/02\/ulcinj-ima-li-predizborna-kampanja-smisla\/#primaryimage\"},\"datePublished\":\"2013-12-02T17:16:06+00:00\",\"dateModified\":\"2013-12-02T17:18:29+00:00\",\"author\":{\"@id\":\"https:\/\/www.visit-ulcinj.com\/blog\/#\/schema\/person\/dcab619c614d3038751c63bc2aadc06d\"},\"description\":\"Sve \u010de\u0161\u0107i izbori bili oni na lokalnom ili dr\u017eavnom nivou i politi\u010dka scena uglavnom u neizmjenjenom sastavu postavljaju jasno pitanje, ima li predizborna\",\"breadcrumb\":{\"@id\":\"https:\/\/www.visit-ulcinj.com\/blog\/2013\/12\/02\/ulcinj-ima-li-predizborna-kampanja-smisla\/#breadcrumb\"},\"inLanguage\":\"en-US\",\"potentialAction\":[{\"@type\":\"ReadAction\",\"target\":[\"https:\/\/www.visit-ulcinj.com\/blog\/2013\/12\/02\/ulcinj-ima-li-predizborna-kampanja-smisla\/\"]}]},{\"@type\":\"BreadcrumbList\",\"@id\":\"https:\/\/www.visit-ulcinj.com\/blog\/2013\/12\/02\/ulcinj-ima-li-predizborna-kampanja-smisla\/#breadcrumb\",\"itemListElement\":[{\"@type\":\"ListItem\",\"position\":1,\"name\":\"Ulcinj: Ima li predizborna kampanja smisla?\"}]},{\"@type\":\"Person\",\"@id\":\"https:\/\/www.visit-ulcinj.com\/blog\/#\/schema\/person\/dcab619c614d3038751c63bc2aadc06d\",\"name\":\"ulqini\",\"sameAs\":[\"http:\/\/www.visit-ulcinj.com\"],\"url\":\"https:\/\/www.visit-ulcinj.com\/blog\/author\/admin\/\"}]}<\/script>\n<!-- \/ Yoast SEO plugin. -->","yoast_head_json":{"title":"Ulcinj: Ima li predizborna kampanja smisla? - Lajme nga Ulqini","description":"Sve \u010de\u0161\u0107i izbori bili oni na lokalnom ili dr\u017eavnom nivou i politi\u010dka scena uglavnom u neizmjenjenom sastavu postavljaju jasno pitanje, ima li predizborna","robots":{"index":"index","follow":"follow","max-snippet":"max-snippet:-1","max-image-preview":"max-image-preview:large","max-video-preview":"max-video-preview:-1"},"canonical":"https:\/\/www.visit-ulcinj.com\/blog\/2013\/12\/02\/ulcinj-ima-li-predizborna-kampanja-smisla\/","og_locale":"en_US","og_type":"article","og_title":"Ulcinj: Ima li predizborna kampanja smisla? - Lajme nga Ulqini","og_description":"Sve \u010de\u0161\u0107i izbori bili oni na lokalnom ili dr\u017eavnom nivou i politi\u010dka scena uglavnom u neizmjenjenom sastavu postavljaju jasno pitanje, ima li predizborna","og_url":"https:\/\/www.visit-ulcinj.com\/blog\/2013\/12\/02\/ulcinj-ima-li-predizborna-kampanja-smisla\/","og_site_name":"Lajme nga Ulqini","article_published_time":"2013-12-02T17:16:06+00:00","article_modified_time":"2013-12-02T17:18:29+00:00","og_image":[{"url":"http:\/\/www.visit-ulcinj.com\/blog\/wp-content\/uploads\/2013\/12\/Ulcinj-Ima-li-predizborna-kampanja-smisla.jpg"}],"twitter_misc":{"Written by":"ulqini","Est. reading time":"2 minutes"},"schema":{"@context":"https:\/\/schema.org","@graph":[{"@type":"WebSite","@id":"https:\/\/www.visit-ulcinj.com\/blog\/#website","url":"https:\/\/www.visit-ulcinj.com\/blog\/","name":"Lajme nga Ulqini","description":"Lajme,Vijesti,Ulqini,Ulqin,Crna Gora,Mali i Zi","potentialAction":[{"@type":"SearchAction","target":{"@type":"EntryPoint","urlTemplate":"https:\/\/www.visit-ulcinj.com\/blog\/?s={search_term_string}"},"query-input":"required name=search_term_string"}],"inLanguage":"en-US"},{"@type":"ImageObject","inLanguage":"en-US","@id":"https:\/\/www.visit-ulcinj.com\/blog\/2013\/12\/02\/ulcinj-ima-li-predizborna-kampanja-smisla\/#primaryimage","url":"https:\/\/www.visit-ulcinj.com\/blog\/wp-content\/uploads\/2013\/12\/Ulcinj-Ima-li-predizborna-kampanja-smisla.jpg","contentUrl":"https:\/\/www.visit-ulcinj.com\/blog\/wp-content\/uploads\/2013\/12\/Ulcinj-Ima-li-predizborna-kampanja-smisla.jpg","width":590,"height":391},{"@type":"WebPage","@id":"https:\/\/www.visit-ulcinj.com\/blog\/2013\/12\/02\/ulcinj-ima-li-predizborna-kampanja-smisla\/#webpage","url":"https:\/\/www.visit-ulcinj.com\/blog\/2013\/12\/02\/ulcinj-ima-li-predizborna-kampanja-smisla\/","name":"Ulcinj: Ima li predizborna kampanja smisla? - Lajme nga Ulqini","isPartOf":{"@id":"https:\/\/www.visit-ulcinj.com\/blog\/#website"},"primaryImageOfPage":{"@id":"https:\/\/www.visit-ulcinj.com\/blog\/2013\/12\/02\/ulcinj-ima-li-predizborna-kampanja-smisla\/#primaryimage"},"datePublished":"2013-12-02T17:16:06+00:00","dateModified":"2013-12-02T17:18:29+00:00","author":{"@id":"https:\/\/www.visit-ulcinj.com\/blog\/#\/schema\/person\/dcab619c614d3038751c63bc2aadc06d"},"description":"Sve \u010de\u0161\u0107i izbori bili oni na lokalnom ili dr\u017eavnom nivou i politi\u010dka scena uglavnom u neizmjenjenom sastavu postavljaju jasno pitanje, ima li predizborna","breadcrumb":{"@id":"https:\/\/www.visit-ulcinj.com\/blog\/2013\/12\/02\/ulcinj-ima-li-predizborna-kampanja-smisla\/#breadcrumb"},"inLanguage":"en-US","potentialAction":[{"@type":"ReadAction","target":["https:\/\/www.visit-ulcinj.com\/blog\/2013\/12\/02\/ulcinj-ima-li-predizborna-kampanja-smisla\/"]}]},{"@type":"BreadcrumbList","@id":"https:\/\/www.visit-ulcinj.com\/blog\/2013\/12\/02\/ulcinj-ima-li-predizborna-kampanja-smisla\/#breadcrumb","itemListElement":[{"@type":"ListItem","position":1,"name":"Ulcinj: Ima li predizborna kampanja smisla?"}]},{"@type":"Person","@id":"https:\/\/www.visit-ulcinj.com\/blog\/#\/schema\/person\/dcab619c614d3038751c63bc2aadc06d","name":"ulqini","sameAs":["http:\/\/www.visit-ulcinj.com"],"url":"https:\/\/www.visit-ulcinj.com\/blog\/author\/admin\/"}]}},"jetpack_featured_media_url":"","jetpack_sharing_enabled":true,"jetpack_shortlink":"https:\/\/wp.me\/pe6lTn-jZy","_links":{"self":[{"href":"https:\/\/www.visit-ulcinj.com\/blog\/wp-json\/wp\/v2\/posts\/76852"}],"collection":[{"href":"https:\/\/www.visit-ulcinj.com\/blog\/wp-json\/wp\/v2\/posts"}],"about":[{"href":"https:\/\/www.visit-ulcinj.com\/blog\/wp-json\/wp\/v2\/types\/post"}],"author":[{"embeddable":true,"href":"https:\/\/www.visit-ulcinj.com\/blog\/wp-json\/wp\/v2\/users\/1"}],"replies":[{"embeddable":true,"href":"https:\/\/www.visit-ulcinj.com\/blog\/wp-json\/wp\/v2\/comments?post=76852"}],"version-history":[{"count":3,"href":"https:\/\/www.visit-ulcinj.com\/blog\/wp-json\/wp\/v2\/posts\/76852\/revisions"}],"predecessor-version":[{"id":76856,"href":"https:\/\/www.visit-ulcinj.com\/blog\/wp-json\/wp\/v2\/posts\/76852\/revisions\/76856"}],"wp:attachment":[{"href":"https:\/\/www.visit-ulcinj.com\/blog\/wp-json\/wp\/v2\/media?parent=76852"}],"wp:term":[{"taxonomy":"category","embeddable":true,"href":"https:\/\/www.visit-ulcinj.com\/blog\/wp-json\/wp\/v2\/categories?post=76852"},{"taxonomy":"post_tag","embeddable":true,"href":"https:\/\/www.visit-ulcinj.com\/blog\/wp-json\/wp\/v2\/tags?post=76852"}],"curies":[{"name":"wp","href":"https:\/\/api.w.org\/{rel}","templated":true}]}}