{"id":76870,"date":"2013-12-03T16:26:34","date_gmt":"2013-12-03T15:26:34","guid":{"rendered":"http:\/\/www.visit-ulcinj.com\/blog\/?p=76870"},"modified":"2013-12-03T16:27:01","modified_gmt":"2013-12-03T15:27:01","slug":"draga-harmonia-nderfetare-si-dukuri-moderne-nder-shqiptare","status":"publish","type":"post","link":"https:\/\/www.visit-ulcinj.com\/blog\/2013\/12\/03\/draga-harmonia-nderfetare-si-dukuri-moderne-nder-shqiptare\/","title":{"rendered":"Draga: Harmonia  nd\u00ebrfetare si dukuri moderne nd\u00ebr shqiptar\u00eb"},"content":{"rendered":"<p><strong><a href=\"http:\/\/www.visit-ulcinj.com\/blog\/wp-content\/uploads\/2013\/06\/NAIL-DRAGA-ULQIN.jpg\"><img loading=\"lazy\" class=\"alignleft  wp-image-72099\" alt=\"NAIL-DRAGA-ULQIN\" src=\"http:\/\/www.visit-ulcinj.com\/blog\/wp-content\/uploads\/2013\/06\/NAIL-DRAGA-ULQIN.jpg\" width=\"508\" height=\"360\" \/><\/a>Dr.Nail Draga<\/strong><\/p>\n<p>Organizimi i themelimit t\u00eb K\u00ebshillit Shqiptar t\u00eb Paq\u00ebs, n\u00eb qytetin historik t\u00eb Prizrenit, ka nj\u00eb dom\u00ebth\u00ebnie t\u00eb ve\u00e7ant\u00eb s\u00eb mbahet n\u00eb 135-vjetorin e Lidhjes Shqiptare t\u00eb Prizrenit, organizat\u00ebs politike mbar\u00ebkomb\u00ebtare, q\u00eb \u00ebsht\u00eb ngjarja m\u00eb madhore e shqiptar\u00ebve n\u00eb shek.XIX.<\/p>\n<p>N\u00ebse vitin e kaluar\u00a0 e t\u00ebr\u00eb bota shqiptare n\u00eb hap\u00ebsir\u00ebn e saj\u00a0 etnogjeografike si dhe n\u00eb diaspor\u00eb festoj m\u00eb krenari 100-vjetorin e themelimit t\u00eb Shtetit Shqiptar-Shqip\u00ebris\u00eb, ky vit \u00ebsht\u00eb e kund\u00ebrta ai \u00ebsht\u00eb\u00a0\u00a0 tragjik se 100-vjet m\u00eb par\u00eb u b\u00eb ndarja zyrtare e hap\u00ebsir\u00ebs shqiptare n\u00eb Konferenc\u00ebn e Ambasador\u00ebve n\u00eb Lond\u00ebr, ku \u00a0saj\u00eb t\u00eb kufijve\u00a0 artificial jasht\u00eb shtetit komb\u00ebtar shqiptar mbeti m\u00eb tep\u00ebr s\u00eb gjysma e popullsis\u00eb dhe e territoreve shqiptare. Dhe p\u00ebr k\u00ebto 100 vite shqiptar\u00ebt p\u00ebrjetuan dhun\u00eb, shp\u00ebrngulje, asimilim dhe luft\u00ebra t\u00eb ndryshme, por mbijetuan dhe sfiduan rrethanat e koh\u00ebs dhe politikat ekspansioniste t\u00eb fqinj\u00ebve tan\u00eb.<\/p>\n<p>Ndon\u00ebse populli shqiptar trash\u00ebgon nj\u00eb divesistet t\u00eb theksuar fetar, bashk\u00ebekzistenca, harmonia dhe toleranca fetare e kan\u00eb ve\u00e7uar t\u00eb kaluar\u00ebn dhe t\u00eb tashm\u00ebn e shqiptar\u00ebve. Esht\u00eb kjo nj\u00eb vler\u00eb e \u00e7muar historike q\u00eb rrall\u00eb kush e ka nga popujt e tjer\u00eb n\u00eb bot\u00eb, andaj ne m\u00eb k\u00ebnaq\u00ebsi iu ofrojm\u00eb popujve t\u00eb tjer\u00eb t\u00eb bot\u00ebs n\u00eb luft\u00ebn kund\u00ebr intoleranc\u00ebs, fanatizmit dhe ekstremizmit fetar.<\/p>\n<p>Toleranca fetare, nuk \u00ebsht\u00eb dukuri e re e as e panjohur p\u00ebr shqiptar\u00ebt, sepse ajo gjat\u00eb shekujve u b\u00eb vyrtyt specifik i popullit ton\u00eb. Nga Mesjeta\u00a0 kur shqiptar\u00ebt n\u00eb hap\u00ebsir\u00ebn e tyre etnogjeografike, u p\u00ebrhap islamizmi u ruajt toleranca fetare, sepse vazhduan t\u00eb nj\u00ebjtet faktor\u00eb si territori i p\u00ebrbashk\u00ebt, gjuha, tradita dhe marr\u00ebdh\u00ebniet shpirt\u00ebrore.<\/p>\n<p>N\u00eb saj\u00eb te t\u00eb dh\u00ebnave q\u00eb disponojm\u00eb del se ekzistimi i tre konfesioneve fetare t\u00eb shqiptar\u00ebt: katolicizmi, ortodoksizmi dhe islamizmi, iu ka b\u00ebr\u00eb p\u00ebrshtypje edhe personaliteteve t\u00eb huaja t\u00eb cil\u00ebt kan\u00eb vizituar viset shqiptare n\u00eb t\u00eb kaluar\u00ebn.<\/p>\n<p>Vazhdimisht ka ekzistuar bashk\u00ebpunimi reciprok n\u00eb mes komuniteteve t\u00eb\u00a0 tre besimeve t\u00eb ndryshme, n\u00eb rrethana t\u00eb ndryshme shoq\u00ebrore.Botimet e ndryshme t\u00eb k\u00ebsaj natyre jan\u00eb d\u00ebshmi e nj\u00eb konstatimi t\u00eb till\u00eb praktik, si t\u00eb asnj\u00eb poipull tjet\u00ebr.<\/p>\n<p>N\u00ebse analizojm\u00eb faktor\u00ebt q\u00eb pat\u00ebn ndikim t\u00eb jasht\u00ebzakonsh\u00ebm n\u00eb kultivimin e toleranc\u00ebs fetare t\u00eb shqiptar\u00ebt nuk ka dilem\u00eb se rolin dominant e kan\u00eb pasur ideolog\u00ebt e Rindj\u00ebs Komb\u00ebtare Shqiptare. Ata ndikuan q\u00eb politika e p\u00ebr\u00e7arj\u00ebs fetare t\u00eb d\u00ebshtoj, sepse ata me veprat e tyre kultivuan atdhedashurin\u00eb, se me vetdije vuan p\u00ebrpara kombin e m\u00eb pas besimin. Ishte ky nj\u00eb veprim larg\u00ebpam\u00ebs, q\u00eb dalloheshin nga fqinj\u00ebt tan\u00eb t\u00eb cil\u00ebt m\u00eb par\u00eb vendosnin besimin e m\u00eb pas kombin. Ka mbetur nga ajo koh\u00eb th\u00ebnia emblematike e Pashko Vas\u00ebs \u201cfeja e shqiptarit \u00ebsht\u00eb shqiptaria\u201d. Ishte ky nj\u00eb kushtrim p\u00ebr koh\u00ebn por si i till\u00eb vjen deri n\u00eb dit\u00ebt tona,\u00a0 plot emocion dhe idealiz\u00ebm. Dhe k\u00ebshtu t\u00eb bashkuar me idealiz\u00ebm, me rastin e shpallj\u00ebs s\u00eb Pavar\u00ebsis\u00eb s\u00eb Shqip\u00ebris\u00eb m\u00eb 28 n\u00ebntort 1912, toleranca fetare d\u00ebshmohet n\u00eb praktik\u00eb nga p\u00ebrb\u00ebrja e Qeveris\u00eb s\u00eb par\u00eb shqiptare e cila p\u00ebrb\u00ebh\u00ebj nga p\u00ebrfaq\u00ebsuesit e te tre konfesioneve fetare.<\/p>\n<p>Kujtojm\u00eb m\u00eb ket\u00eb rast priftin katolik at\u00eb Luigj Bum\u00e7i i cili n\u00eb dhjetor t\u00eb vitit 1919 shkoj t\u00eb Papa n\u00eb Vatikan, p\u00ebr t\u00eb k\u00ebrkuar mbeshtetje p\u00ebr \u00e7\u00ebshtjen shqiptare. Ai n\u00eb mes tjerash \u00a0i d\u00ebshmoj Pap\u00ebs s\u00eb ndonse\u00a0 shumica e shqiptar\u00ebve jan\u00eb t\u00eb besimit islam, ata e kishin zgjedhur p\u00ebr kryetar t\u00eb delegacionit t\u00eb tyre.<\/p>\n<p>Nd\u00ebrsa n\u00eb takimin n\u00eb Gjenev\u00eb me 17.12.1920 n\u00eb Lidhjen e Kombeve, ku diskutohej p\u00ebr pranimin e Shqip\u00ebris\u00eb n\u00eb ket\u00eb organiz\u00ebm, Shqip\u00ebria p\u00ebrfaq\u00ebsohej nga Fan S.Noli.<\/p>\n<p>Po ashtu edhe Mbreti i shqiptar\u00ebve Zogu I, n\u00eb dit\u00ebn q\u00eb u inaugurua p\u00ebr mbret me 1 shtator 1928 e b\u00ebri betimin me njer\u00ebn dor\u00eb n\u00eb Kuran dhe tjetr\u00ebn n\u00eb Bibel, duke simbolizuar k\u00ebshtu unitetin komb\u00ebtar. Kjo \u00e7\u00ebshtje pas Luft\u00ebs s\u00eb Dyt\u00eb Bot\u00ebrore, me instalimin e diktatur\u00ebs komuniste n\u00eb hap\u00ebsir\u00ebn shqiptare, mbeti e margjinalizuar n\u00eb \u00e7do aspekt, sepse \u00e7\u00ebshtja e besimit trajtohej si e rrezikshme e madje edhe e denushme. Ishte koha kur qasja ideologjike e partis\u00eb shtet eliminonte \u00e7do \u00a0trajtim tjet\u00ebr t\u00eb \u00e7\u00ebshtjeve shoq\u00ebrore, duke anashkaluar edhe p\u00ebrvoj\u00ebn pozitive\u00a0 nga e kaluara, nga \u00e7\u00ebshtja\u00a0 e besimit.Vet\u00ebm pas d\u00ebshtimit t\u00eb monizmit dhe miratimit t\u00eb pluralizmit ndryshuan rrethanat t\u00eb cilat jan\u00eb n\u00eb favor t\u00eb diversitetit t\u00eb besimit dhe vlerave morale t\u00eb tyre.<\/p>\n<p>Ndihma reciproke dhe bashk\u00ebpunimi i \u00a0pjes\u00ebtar\u00ebve t\u00eb komuniteteve fetare t\u00eb popullit shqiptar edhe sot vazhdon n\u00eb forma t\u00eb ndryshme. Ne ket\u00eb aspekt kemi shembuj \u00a0qe jan\u00eb p\u00ebr admirim dhe ne mburremi me to. Si e till\u00eb harmonia dhe bashk\u00ebjetesa\u00a0 fetare e shqiptar\u00ebve \u00ebsht\u00eb rast unik n\u00eb bot\u00eb dhe sh\u00ebmbull p\u00ebr popujt e tjer\u00eb. Nuk ka dilem\u00eb se ket\u00eb vler\u00eb duhet mbrojtur dhe avancuar, sepse \u00ebsht\u00eb vler\u00eb civilizuese.<\/p>\n<p>Shqiptar\u00ebt si nj\u00eb nder popujt m\u00eb t\u00eb vjet\u00ebr t\u00eb Evrop\u00ebs do t\u00eb vazhdojn\u00eb m\u00eb ket\u00eb filozofi t\u00eb veprimit, nd\u00ebrsa kontributin e tyre do ta japim edhe ne si ambasador t\u00eb paq\u00ebs. Duke marr\u00eb parasysh se shek.XXI \u00ebsht\u00eb shekulli i shqiptar\u00ebve, shum\u00eb \u00e7ka varet nga ne se si do t\u00eb veprojm\u00eb dhe koordinojm\u00eb veprimet brenda veht\u00ebs dhe me aleat\u00ebt tan\u00eb n\u00eb m\u00ebnyr\u00eb qe t\u00eb realizojm\u00eb aspiratat tona komb\u00ebtare.<\/p>\n<p>&nbsp;<\/p>\n<p>(Fjala e mbajtur m\u00eb rastin e themelimit t\u00eb K\u00ebshillit Shqiptar t\u00eb Paq\u00ebs, n\u00eb Prizren m\u00eb 17.11.2013)<\/p>\n","protected":false},"excerpt":{"rendered":"<p>Dr.Nail Draga Organizimi i themelimit t\u00eb K\u00ebshillit Shqiptar t\u00eb Paq\u00ebs, n\u00eb qytetin historik t\u00eb Prizrenit, ka nj\u00eb dom\u00ebth\u00ebnie t\u00eb ve\u00e7ant\u00eb s\u00eb mbahet n\u00eb 135-vjetorin e Lidhjes Shqiptare t\u00eb Prizrenit, organizat\u00ebs politike mbar\u00ebkomb\u00ebtare, q\u00eb \u00ebsht\u00eb ngjarja m\u00eb madhore e shqiptar\u00ebve n\u00eb shek.XIX. N\u00ebse vitin e kaluar\u00a0 e t\u00ebr\u00eb bota shqiptare n\u00eb hap\u00ebsir\u00ebn e saj\u00a0 etnogjeografike si [&hellip;]<\/p>\n","protected":false},"author":1,"featured_media":0,"comment_status":"closed","ping_status":"closed","sticky":false,"template":"","format":"standard","meta":{"spay_email":"","jetpack_publicize_message":"","jetpack_is_tweetstorm":false,"jetpack_publicize_feature_enabled":true},"categories":[4],"tags":[],"jetpack_publicize_connections":[],"yoast_head":"<!-- This site is optimized with the Yoast SEO plugin v19.1 - https:\/\/yoast.com\/wordpress\/plugins\/seo\/ -->\n<title>Draga: Harmonia nd\u00ebrfetare si dukuri moderne nd\u00ebr shqiptar\u00eb - Lajme nga Ulqini<\/title>\n<meta name=\"description\" content=\"Dr.Nail Draga Organizimi i themelimit t\u00eb K\u00ebshillit Shqiptar t\u00eb Paq\u00ebs, n\u00eb qytetin historik t\u00eb Prizrenit, ka nj\u00eb dom\u00ebth\u00ebnie t\u00eb ve\u00e7ant\u00eb s\u00eb mbahet n\u00eb\" \/>\n<meta name=\"robots\" content=\"index, follow, max-snippet:-1, max-image-preview:large, max-video-preview:-1\" \/>\n<link rel=\"canonical\" href=\"https:\/\/www.visit-ulcinj.com\/blog\/2013\/12\/03\/draga-harmonia-nderfetare-si-dukuri-moderne-nder-shqiptare\/\" \/>\n<meta property=\"og:locale\" content=\"en_US\" \/>\n<meta property=\"og:type\" content=\"article\" \/>\n<meta property=\"og:title\" content=\"Draga: Harmonia nd\u00ebrfetare si dukuri moderne nd\u00ebr shqiptar\u00eb - Lajme nga Ulqini\" \/>\n<meta property=\"og:description\" content=\"Dr.Nail Draga Organizimi i themelimit t\u00eb K\u00ebshillit Shqiptar t\u00eb Paq\u00ebs, n\u00eb qytetin historik t\u00eb Prizrenit, ka nj\u00eb dom\u00ebth\u00ebnie t\u00eb ve\u00e7ant\u00eb s\u00eb mbahet n\u00eb\" \/>\n<meta property=\"og:url\" content=\"https:\/\/www.visit-ulcinj.com\/blog\/2013\/12\/03\/draga-harmonia-nderfetare-si-dukuri-moderne-nder-shqiptare\/\" \/>\n<meta property=\"og:site_name\" content=\"Lajme nga Ulqini\" \/>\n<meta property=\"article:published_time\" content=\"2013-12-03T15:26:34+00:00\" \/>\n<meta property=\"article:modified_time\" content=\"2013-12-03T15:27:01+00:00\" \/>\n<meta property=\"og:image\" content=\"http:\/\/www.visit-ulcinj.com\/blog\/wp-content\/uploads\/2013\/06\/NAIL-DRAGA-ULQIN.jpg\" \/>\n<meta name=\"twitter:label1\" content=\"Written by\" \/>\n\t<meta name=\"twitter:data1\" content=\"ulqini\" \/>\n\t<meta name=\"twitter:label2\" content=\"Est. reading time\" \/>\n\t<meta name=\"twitter:data2\" content=\"5 minutes\" \/>\n<script type=\"application\/ld+json\" class=\"yoast-schema-graph\">{\"@context\":\"https:\/\/schema.org\",\"@graph\":[{\"@type\":\"WebSite\",\"@id\":\"https:\/\/www.visit-ulcinj.com\/blog\/#website\",\"url\":\"https:\/\/www.visit-ulcinj.com\/blog\/\",\"name\":\"Lajme nga Ulqini\",\"description\":\"Lajme,Vijesti,Ulqini,Ulqin,Crna Gora,Mali i Zi\",\"potentialAction\":[{\"@type\":\"SearchAction\",\"target\":{\"@type\":\"EntryPoint\",\"urlTemplate\":\"https:\/\/www.visit-ulcinj.com\/blog\/?s={search_term_string}\"},\"query-input\":\"required name=search_term_string\"}],\"inLanguage\":\"en-US\"},{\"@type\":\"ImageObject\",\"inLanguage\":\"en-US\",\"@id\":\"https:\/\/www.visit-ulcinj.com\/blog\/2013\/12\/03\/draga-harmonia-nderfetare-si-dukuri-moderne-nder-shqiptare\/#primaryimage\",\"url\":\"https:\/\/www.visit-ulcinj.com\/blog\/wp-content\/uploads\/2013\/06\/NAIL-DRAGA-ULQIN.jpg\",\"contentUrl\":\"https:\/\/www.visit-ulcinj.com\/blog\/wp-content\/uploads\/2013\/06\/NAIL-DRAGA-ULQIN.jpg\",\"width\":540,\"height\":396},{\"@type\":\"WebPage\",\"@id\":\"https:\/\/www.visit-ulcinj.com\/blog\/2013\/12\/03\/draga-harmonia-nderfetare-si-dukuri-moderne-nder-shqiptare\/#webpage\",\"url\":\"https:\/\/www.visit-ulcinj.com\/blog\/2013\/12\/03\/draga-harmonia-nderfetare-si-dukuri-moderne-nder-shqiptare\/\",\"name\":\"Draga: Harmonia nd\u00ebrfetare si dukuri moderne nd\u00ebr shqiptar\u00eb - Lajme nga Ulqini\",\"isPartOf\":{\"@id\":\"https:\/\/www.visit-ulcinj.com\/blog\/#website\"},\"primaryImageOfPage\":{\"@id\":\"https:\/\/www.visit-ulcinj.com\/blog\/2013\/12\/03\/draga-harmonia-nderfetare-si-dukuri-moderne-nder-shqiptare\/#primaryimage\"},\"datePublished\":\"2013-12-03T15:26:34+00:00\",\"dateModified\":\"2013-12-03T15:27:01+00:00\",\"author\":{\"@id\":\"https:\/\/www.visit-ulcinj.com\/blog\/#\/schema\/person\/dcab619c614d3038751c63bc2aadc06d\"},\"description\":\"Dr.Nail Draga Organizimi i themelimit t\u00eb K\u00ebshillit Shqiptar t\u00eb Paq\u00ebs, n\u00eb qytetin historik t\u00eb Prizrenit, ka nj\u00eb dom\u00ebth\u00ebnie t\u00eb ve\u00e7ant\u00eb s\u00eb mbahet n\u00eb\",\"breadcrumb\":{\"@id\":\"https:\/\/www.visit-ulcinj.com\/blog\/2013\/12\/03\/draga-harmonia-nderfetare-si-dukuri-moderne-nder-shqiptare\/#breadcrumb\"},\"inLanguage\":\"en-US\",\"potentialAction\":[{\"@type\":\"ReadAction\",\"target\":[\"https:\/\/www.visit-ulcinj.com\/blog\/2013\/12\/03\/draga-harmonia-nderfetare-si-dukuri-moderne-nder-shqiptare\/\"]}]},{\"@type\":\"BreadcrumbList\",\"@id\":\"https:\/\/www.visit-ulcinj.com\/blog\/2013\/12\/03\/draga-harmonia-nderfetare-si-dukuri-moderne-nder-shqiptare\/#breadcrumb\",\"itemListElement\":[{\"@type\":\"ListItem\",\"position\":1,\"name\":\"Draga: Harmonia nd\u00ebrfetare si dukuri moderne nd\u00ebr shqiptar\u00eb\"}]},{\"@type\":\"Person\",\"@id\":\"https:\/\/www.visit-ulcinj.com\/blog\/#\/schema\/person\/dcab619c614d3038751c63bc2aadc06d\",\"name\":\"ulqini\",\"sameAs\":[\"http:\/\/www.visit-ulcinj.com\"],\"url\":\"https:\/\/www.visit-ulcinj.com\/blog\/author\/admin\/\"}]}<\/script>\n<!-- \/ Yoast SEO plugin. -->","yoast_head_json":{"title":"Draga: Harmonia nd\u00ebrfetare si dukuri moderne nd\u00ebr shqiptar\u00eb - Lajme nga Ulqini","description":"Dr.Nail Draga Organizimi i themelimit t\u00eb K\u00ebshillit Shqiptar t\u00eb Paq\u00ebs, n\u00eb qytetin historik t\u00eb Prizrenit, ka nj\u00eb dom\u00ebth\u00ebnie t\u00eb ve\u00e7ant\u00eb s\u00eb mbahet n\u00eb","robots":{"index":"index","follow":"follow","max-snippet":"max-snippet:-1","max-image-preview":"max-image-preview:large","max-video-preview":"max-video-preview:-1"},"canonical":"https:\/\/www.visit-ulcinj.com\/blog\/2013\/12\/03\/draga-harmonia-nderfetare-si-dukuri-moderne-nder-shqiptare\/","og_locale":"en_US","og_type":"article","og_title":"Draga: Harmonia nd\u00ebrfetare si dukuri moderne nd\u00ebr shqiptar\u00eb - Lajme nga Ulqini","og_description":"Dr.Nail Draga Organizimi i themelimit t\u00eb K\u00ebshillit Shqiptar t\u00eb Paq\u00ebs, n\u00eb qytetin historik t\u00eb Prizrenit, ka nj\u00eb dom\u00ebth\u00ebnie t\u00eb ve\u00e7ant\u00eb s\u00eb mbahet n\u00eb","og_url":"https:\/\/www.visit-ulcinj.com\/blog\/2013\/12\/03\/draga-harmonia-nderfetare-si-dukuri-moderne-nder-shqiptare\/","og_site_name":"Lajme nga Ulqini","article_published_time":"2013-12-03T15:26:34+00:00","article_modified_time":"2013-12-03T15:27:01+00:00","og_image":[{"url":"http:\/\/www.visit-ulcinj.com\/blog\/wp-content\/uploads\/2013\/06\/NAIL-DRAGA-ULQIN.jpg"}],"twitter_misc":{"Written by":"ulqini","Est. reading time":"5 minutes"},"schema":{"@context":"https:\/\/schema.org","@graph":[{"@type":"WebSite","@id":"https:\/\/www.visit-ulcinj.com\/blog\/#website","url":"https:\/\/www.visit-ulcinj.com\/blog\/","name":"Lajme nga Ulqini","description":"Lajme,Vijesti,Ulqini,Ulqin,Crna Gora,Mali i Zi","potentialAction":[{"@type":"SearchAction","target":{"@type":"EntryPoint","urlTemplate":"https:\/\/www.visit-ulcinj.com\/blog\/?s={search_term_string}"},"query-input":"required name=search_term_string"}],"inLanguage":"en-US"},{"@type":"ImageObject","inLanguage":"en-US","@id":"https:\/\/www.visit-ulcinj.com\/blog\/2013\/12\/03\/draga-harmonia-nderfetare-si-dukuri-moderne-nder-shqiptare\/#primaryimage","url":"https:\/\/www.visit-ulcinj.com\/blog\/wp-content\/uploads\/2013\/06\/NAIL-DRAGA-ULQIN.jpg","contentUrl":"https:\/\/www.visit-ulcinj.com\/blog\/wp-content\/uploads\/2013\/06\/NAIL-DRAGA-ULQIN.jpg","width":540,"height":396},{"@type":"WebPage","@id":"https:\/\/www.visit-ulcinj.com\/blog\/2013\/12\/03\/draga-harmonia-nderfetare-si-dukuri-moderne-nder-shqiptare\/#webpage","url":"https:\/\/www.visit-ulcinj.com\/blog\/2013\/12\/03\/draga-harmonia-nderfetare-si-dukuri-moderne-nder-shqiptare\/","name":"Draga: Harmonia nd\u00ebrfetare si dukuri moderne nd\u00ebr shqiptar\u00eb - Lajme nga Ulqini","isPartOf":{"@id":"https:\/\/www.visit-ulcinj.com\/blog\/#website"},"primaryImageOfPage":{"@id":"https:\/\/www.visit-ulcinj.com\/blog\/2013\/12\/03\/draga-harmonia-nderfetare-si-dukuri-moderne-nder-shqiptare\/#primaryimage"},"datePublished":"2013-12-03T15:26:34+00:00","dateModified":"2013-12-03T15:27:01+00:00","author":{"@id":"https:\/\/www.visit-ulcinj.com\/blog\/#\/schema\/person\/dcab619c614d3038751c63bc2aadc06d"},"description":"Dr.Nail Draga Organizimi i themelimit t\u00eb K\u00ebshillit Shqiptar t\u00eb Paq\u00ebs, n\u00eb qytetin historik t\u00eb Prizrenit, ka nj\u00eb dom\u00ebth\u00ebnie t\u00eb ve\u00e7ant\u00eb s\u00eb mbahet n\u00eb","breadcrumb":{"@id":"https:\/\/www.visit-ulcinj.com\/blog\/2013\/12\/03\/draga-harmonia-nderfetare-si-dukuri-moderne-nder-shqiptare\/#breadcrumb"},"inLanguage":"en-US","potentialAction":[{"@type":"ReadAction","target":["https:\/\/www.visit-ulcinj.com\/blog\/2013\/12\/03\/draga-harmonia-nderfetare-si-dukuri-moderne-nder-shqiptare\/"]}]},{"@type":"BreadcrumbList","@id":"https:\/\/www.visit-ulcinj.com\/blog\/2013\/12\/03\/draga-harmonia-nderfetare-si-dukuri-moderne-nder-shqiptare\/#breadcrumb","itemListElement":[{"@type":"ListItem","position":1,"name":"Draga: Harmonia nd\u00ebrfetare si dukuri moderne nd\u00ebr shqiptar\u00eb"}]},{"@type":"Person","@id":"https:\/\/www.visit-ulcinj.com\/blog\/#\/schema\/person\/dcab619c614d3038751c63bc2aadc06d","name":"ulqini","sameAs":["http:\/\/www.visit-ulcinj.com"],"url":"https:\/\/www.visit-ulcinj.com\/blog\/author\/admin\/"}]}},"jetpack_featured_media_url":"","jetpack_sharing_enabled":true,"jetpack_shortlink":"https:\/\/wp.me\/pe6lTn-jZQ","_links":{"self":[{"href":"https:\/\/www.visit-ulcinj.com\/blog\/wp-json\/wp\/v2\/posts\/76870"}],"collection":[{"href":"https:\/\/www.visit-ulcinj.com\/blog\/wp-json\/wp\/v2\/posts"}],"about":[{"href":"https:\/\/www.visit-ulcinj.com\/blog\/wp-json\/wp\/v2\/types\/post"}],"author":[{"embeddable":true,"href":"https:\/\/www.visit-ulcinj.com\/blog\/wp-json\/wp\/v2\/users\/1"}],"replies":[{"embeddable":true,"href":"https:\/\/www.visit-ulcinj.com\/blog\/wp-json\/wp\/v2\/comments?post=76870"}],"version-history":[{"count":2,"href":"https:\/\/www.visit-ulcinj.com\/blog\/wp-json\/wp\/v2\/posts\/76870\/revisions"}],"predecessor-version":[{"id":76872,"href":"https:\/\/www.visit-ulcinj.com\/blog\/wp-json\/wp\/v2\/posts\/76870\/revisions\/76872"}],"wp:attachment":[{"href":"https:\/\/www.visit-ulcinj.com\/blog\/wp-json\/wp\/v2\/media?parent=76870"}],"wp:term":[{"taxonomy":"category","embeddable":true,"href":"https:\/\/www.visit-ulcinj.com\/blog\/wp-json\/wp\/v2\/categories?post=76870"},{"taxonomy":"post_tag","embeddable":true,"href":"https:\/\/www.visit-ulcinj.com\/blog\/wp-json\/wp\/v2\/tags?post=76870"}],"curies":[{"name":"wp","href":"https:\/\/api.w.org\/{rel}","templated":true}]}}