{"id":76873,"date":"2013-12-03T16:39:28","date_gmt":"2013-12-03T15:39:28","guid":{"rendered":"http:\/\/www.visit-ulcinj.com\/blog\/?p=76873"},"modified":"2013-12-04T08:33:48","modified_gmt":"2013-12-04T07:33:48","slug":"zenka-nacionalizim-modern-prones-private-te-shqiptareve","status":"publish","type":"post","link":"https:\/\/www.visit-ulcinj.com\/blog\/2013\/12\/03\/zenka-nacionalizim-modern-prones-private-te-shqiptareve\/","title":{"rendered":"Zenka: Nacionalizim modern i pron\u00ebs private t\u00eb Shqiptar\u00ebve ?!"},"content":{"rendered":"<p><a href=\"http:\/\/www.visit-ulcinj.com\/blog\/wp-content\/uploads\/2013\/02\/MEHMET-ZENKA.jpg\"><img loading=\"lazy\" class=\"alignleft  wp-image-68268\" alt=\"MEHMET ZENKA\" src=\"http:\/\/www.visit-ulcinj.com\/blog\/wp-content\/uploads\/2013\/02\/MEHMET-ZENKA.jpg\" width=\"508\" height=\"360\" \/><\/a>Ulqin, 03.12.2013<\/p>\n<p>Unioni Demokratik i Shqiptar\u00ebve mbas mbledhjes s\u00eb jasht\u00ebzakonshme t\u00eb Kryesis\u00eb s\u00eb partis\u00eb t\u00eb mbajtur lidhur me vendimin e Gjykat\u00ebs supreme t\u00eb Malit t\u00eb Zi d\u00ebnon ashp\u00ebr vendimin e Gjykat\u00ebs supreme t\u00eb cil\u00ebn e cil\u00ebson tejet t\u00eb d\u00ebmsh\u00ebm dhe shkat\u00ebrrues p\u00ebr ekonomin\u00eb tanim\u00eb t\u00eb rr\u00ebnuar t\u00eb qytetit t\u00eb Ulqinit.<\/p>\n<p>Edhe ky vendim si dhe t\u00eb gjith\u00eb vendimet tjera t\u00eb cil\u00ebt trajtojn\u00eb rripin e t\u00eb Mirave detare m\u00eb s\u00eb shumti prek qytetar\u00ebt e Ulqinit nga t\u00eb gjith\u00eb komunat tjera bregdetare, nd\u00ebrsa n\u00eb favor t\u00eb k\u00ebsaj flet dhe fakti q\u00eb nuk ishte aq v\u00ebshtir\u00eb q\u00eb nj\u00ebz\u00ebri ta sjellin nj\u00eb vendim t\u00eb till\u00eb.<\/p>\n<p>Nuk \u00ebsht\u00eb e mjaftueshme q\u00eb mesatarja e shtrirjes s\u00eb rripit t\u00eb T\u00eb mirave detare n\u00eb komun\u00eb t\u00eb Ulqinit \u00ebsht\u00eb 600m (pes\u00eb her\u00eb m\u00eb i madh se n\u00eb komunat tjera bregdetare), q\u00eb 57% e territorit t\u00eb T\u00eb mirave detare e p\u00ebrben Ulqini (t\u00eb gjitha komunat tjera p\u00ebrfshijn\u00eb 43%), por \u00ebsht\u00eb dashur edhe ky vendim i Gjykat\u00ebs supreme n\u00eb m\u00ebnyr\u00eb q\u00eb 100% t\u00eb merret kontrolli ndaj resursit m\u00eb t\u00eb r\u00ebnd\u00ebsish\u00ebm ekonomik t\u00eb qytetit t\u00eb Ulqinit.<\/p>\n<p>Jemi t\u00eb sigurt q\u00eb sikur k\u00ebto t\u00eb dh\u00ebna t\u00eb ishin anasjelltas, ky vendim dhe vendime t\u00eb ngjash\u00ebm me k\u00ebt\u00eb asnj\u00ebher\u00eb nuk do t\u00eb shihnin drit\u00ebn e diellit madje as nuk do t\u00eb guxonin t\u00eb bihen.<\/p>\n<p>Ja mund\u00ebsia q\u00eb deputet\u00ebt tan\u00eb t\u00eb tregojn\u00eb dhe d\u00ebshmojn\u00eb sa e duan qytetin e vet dhe sa jan\u00eb n\u00eb gjendje t\u00eb b\u00ebjn\u00eb dhe ti ndihmojn\u00eb vendit t\u00eb vet. Ja dhe mund\u00ebsi t\u00eb d\u00ebshmohet sa vlen pozicioni i kryetarit t\u00eb KD T\u00eb Mirat detare.<\/p>\n<p>Ky vendim i\u00a0 Gjykat\u00ebs supreme nuk \u00ebsht\u00eb asgj\u00eb tjet\u00ebr p\u00ebrve\u00e7 nacionalizim i pron\u00ebs private n\u00eb m\u00ebnyr\u00eb modern, pse jo kur dihet q\u00eb n\u00eb 80% e k\u00ebsaj toke \u00ebsht\u00eb n\u00eb pron\u00ebsi t\u00eb Shqiptar\u00ebve.<\/p>\n<p>Ftojm\u00eb faktor\u00ebt politik t\u00eb komun\u00ebs s\u00eb Ulqinit n\u00eb krye me kryetarin q\u00eb sa m\u00eb urgjent t\u00eb caktojn\u00eb mbledhje t\u00eb jasht\u00ebzakonshme t\u00eb kuvendit t\u00eb Ulqinit dhe q\u00eb t\u00eb p\u00ebrcaktohen ndaj k\u00ebtij vendimi.<\/p>\n<p><strong>Kryetari i UDSH-s\u00eb,\u00a0\u00a0\u00a0\u00a0\u00a0\u00a0\u00a0\u00a0<\/strong><\/p>\n<p><strong>Mehmed Zenka,d.v.<\/strong><\/p>\n","protected":false},"excerpt":{"rendered":"<p>Ulqin, 03.12.2013 Unioni Demokratik i Shqiptar\u00ebve mbas mbledhjes s\u00eb jasht\u00ebzakonshme t\u00eb Kryesis\u00eb s\u00eb partis\u00eb t\u00eb mbajtur lidhur me vendimin e Gjykat\u00ebs supreme t\u00eb Malit t\u00eb Zi d\u00ebnon ashp\u00ebr vendimin e Gjykat\u00ebs supreme t\u00eb cil\u00ebn e cil\u00ebson tejet t\u00eb d\u00ebmsh\u00ebm dhe shkat\u00ebrrues p\u00ebr ekonomin\u00eb tanim\u00eb t\u00eb rr\u00ebnuar t\u00eb qytetit t\u00eb Ulqinit. Edhe ky vendim si dhe [&hellip;]<\/p>\n","protected":false},"author":1,"featured_media":0,"comment_status":"closed","ping_status":"closed","sticky":false,"template":"","format":"standard","meta":{"spay_email":"","jetpack_publicize_message":"","jetpack_is_tweetstorm":false,"jetpack_publicize_feature_enabled":true},"categories":[1,6],"tags":[],"jetpack_publicize_connections":[],"yoast_head":"<!-- This site is optimized with the Yoast SEO plugin v19.1 - https:\/\/yoast.com\/wordpress\/plugins\/seo\/ -->\n<title>Zenka: Nacionalizim modern i pron\u00ebs private t\u00eb Shqiptar\u00ebve ?! - Lajme nga Ulqini<\/title>\n<meta name=\"description\" content=\"Ulqin, 03.12.2013 Unioni Demokratik i Shqiptar\u00ebve mbas mbledhjes s\u00eb jasht\u00ebzakonshme t\u00eb Kryesis\u00eb s\u00eb partis\u00eb t\u00eb mbajtur lidhur me vendimin e Gjykat\u00ebs\" \/>\n<meta name=\"robots\" content=\"index, follow, max-snippet:-1, max-image-preview:large, max-video-preview:-1\" \/>\n<link rel=\"canonical\" href=\"https:\/\/www.visit-ulcinj.com\/blog\/2013\/12\/03\/zenka-nacionalizim-modern-prones-private-te-shqiptareve\/\" \/>\n<meta property=\"og:locale\" content=\"en_US\" \/>\n<meta property=\"og:type\" content=\"article\" \/>\n<meta property=\"og:title\" content=\"Zenka: Nacionalizim modern i pron\u00ebs private t\u00eb Shqiptar\u00ebve ?! - Lajme nga Ulqini\" \/>\n<meta property=\"og:description\" content=\"Ulqin, 03.12.2013 Unioni Demokratik i Shqiptar\u00ebve mbas mbledhjes s\u00eb jasht\u00ebzakonshme t\u00eb Kryesis\u00eb s\u00eb partis\u00eb t\u00eb mbajtur lidhur me vendimin e Gjykat\u00ebs\" \/>\n<meta property=\"og:url\" content=\"https:\/\/www.visit-ulcinj.com\/blog\/2013\/12\/03\/zenka-nacionalizim-modern-prones-private-te-shqiptareve\/\" \/>\n<meta property=\"og:site_name\" content=\"Lajme nga Ulqini\" \/>\n<meta property=\"article:published_time\" content=\"2013-12-03T15:39:28+00:00\" \/>\n<meta property=\"article:modified_time\" content=\"2013-12-04T07:33:48+00:00\" \/>\n<meta property=\"og:image\" content=\"http:\/\/www.visit-ulcinj.com\/blog\/wp-content\/uploads\/2013\/02\/MEHMET-ZENKA.jpg\" \/>\n<meta name=\"twitter:label1\" content=\"Written by\" \/>\n\t<meta name=\"twitter:data1\" content=\"ulqini\" \/>\n\t<meta name=\"twitter:label2\" content=\"Est. reading time\" \/>\n\t<meta name=\"twitter:data2\" content=\"2 minutes\" \/>\n<script type=\"application\/ld+json\" class=\"yoast-schema-graph\">{\"@context\":\"https:\/\/schema.org\",\"@graph\":[{\"@type\":\"WebSite\",\"@id\":\"https:\/\/www.visit-ulcinj.com\/blog\/#website\",\"url\":\"https:\/\/www.visit-ulcinj.com\/blog\/\",\"name\":\"Lajme nga Ulqini\",\"description\":\"Lajme,Vijesti,Ulqini,Ulqin,Crna Gora,Mali i Zi\",\"potentialAction\":[{\"@type\":\"SearchAction\",\"target\":{\"@type\":\"EntryPoint\",\"urlTemplate\":\"https:\/\/www.visit-ulcinj.com\/blog\/?s={search_term_string}\"},\"query-input\":\"required name=search_term_string\"}],\"inLanguage\":\"en-US\"},{\"@type\":\"ImageObject\",\"inLanguage\":\"en-US\",\"@id\":\"https:\/\/www.visit-ulcinj.com\/blog\/2013\/12\/03\/zenka-nacionalizim-modern-prones-private-te-shqiptareve\/#primaryimage\",\"url\":\"https:\/\/www.visit-ulcinj.com\/blog\/wp-content\/uploads\/2013\/02\/MEHMET-ZENKA.jpg\",\"contentUrl\":\"https:\/\/www.visit-ulcinj.com\/blog\/wp-content\/uploads\/2013\/02\/MEHMET-ZENKA.jpg\",\"width\":960,\"height\":856},{\"@type\":\"WebPage\",\"@id\":\"https:\/\/www.visit-ulcinj.com\/blog\/2013\/12\/03\/zenka-nacionalizim-modern-prones-private-te-shqiptareve\/#webpage\",\"url\":\"https:\/\/www.visit-ulcinj.com\/blog\/2013\/12\/03\/zenka-nacionalizim-modern-prones-private-te-shqiptareve\/\",\"name\":\"Zenka: Nacionalizim modern i pron\u00ebs private t\u00eb Shqiptar\u00ebve ?! - Lajme nga Ulqini\",\"isPartOf\":{\"@id\":\"https:\/\/www.visit-ulcinj.com\/blog\/#website\"},\"primaryImageOfPage\":{\"@id\":\"https:\/\/www.visit-ulcinj.com\/blog\/2013\/12\/03\/zenka-nacionalizim-modern-prones-private-te-shqiptareve\/#primaryimage\"},\"datePublished\":\"2013-12-03T15:39:28+00:00\",\"dateModified\":\"2013-12-04T07:33:48+00:00\",\"author\":{\"@id\":\"https:\/\/www.visit-ulcinj.com\/blog\/#\/schema\/person\/dcab619c614d3038751c63bc2aadc06d\"},\"description\":\"Ulqin, 03.12.2013 Unioni Demokratik i Shqiptar\u00ebve mbas mbledhjes s\u00eb jasht\u00ebzakonshme t\u00eb Kryesis\u00eb s\u00eb partis\u00eb t\u00eb mbajtur lidhur me vendimin e Gjykat\u00ebs\",\"breadcrumb\":{\"@id\":\"https:\/\/www.visit-ulcinj.com\/blog\/2013\/12\/03\/zenka-nacionalizim-modern-prones-private-te-shqiptareve\/#breadcrumb\"},\"inLanguage\":\"en-US\",\"potentialAction\":[{\"@type\":\"ReadAction\",\"target\":[\"https:\/\/www.visit-ulcinj.com\/blog\/2013\/12\/03\/zenka-nacionalizim-modern-prones-private-te-shqiptareve\/\"]}]},{\"@type\":\"BreadcrumbList\",\"@id\":\"https:\/\/www.visit-ulcinj.com\/blog\/2013\/12\/03\/zenka-nacionalizim-modern-prones-private-te-shqiptareve\/#breadcrumb\",\"itemListElement\":[{\"@type\":\"ListItem\",\"position\":1,\"name\":\"Zenka: Nacionalizim modern i pron\u00ebs private t\u00eb Shqiptar\u00ebve ?!\"}]},{\"@type\":\"Person\",\"@id\":\"https:\/\/www.visit-ulcinj.com\/blog\/#\/schema\/person\/dcab619c614d3038751c63bc2aadc06d\",\"name\":\"ulqini\",\"sameAs\":[\"http:\/\/www.visit-ulcinj.com\"],\"url\":\"https:\/\/www.visit-ulcinj.com\/blog\/author\/admin\/\"}]}<\/script>\n<!-- \/ Yoast SEO plugin. -->","yoast_head_json":{"title":"Zenka: Nacionalizim modern i pron\u00ebs private t\u00eb Shqiptar\u00ebve ?! - Lajme nga Ulqini","description":"Ulqin, 03.12.2013 Unioni Demokratik i Shqiptar\u00ebve mbas mbledhjes s\u00eb jasht\u00ebzakonshme t\u00eb Kryesis\u00eb s\u00eb partis\u00eb t\u00eb mbajtur lidhur me vendimin e Gjykat\u00ebs","robots":{"index":"index","follow":"follow","max-snippet":"max-snippet:-1","max-image-preview":"max-image-preview:large","max-video-preview":"max-video-preview:-1"},"canonical":"https:\/\/www.visit-ulcinj.com\/blog\/2013\/12\/03\/zenka-nacionalizim-modern-prones-private-te-shqiptareve\/","og_locale":"en_US","og_type":"article","og_title":"Zenka: Nacionalizim modern i pron\u00ebs private t\u00eb Shqiptar\u00ebve ?! - Lajme nga Ulqini","og_description":"Ulqin, 03.12.2013 Unioni Demokratik i Shqiptar\u00ebve mbas mbledhjes s\u00eb jasht\u00ebzakonshme t\u00eb Kryesis\u00eb s\u00eb partis\u00eb t\u00eb mbajtur lidhur me vendimin e Gjykat\u00ebs","og_url":"https:\/\/www.visit-ulcinj.com\/blog\/2013\/12\/03\/zenka-nacionalizim-modern-prones-private-te-shqiptareve\/","og_site_name":"Lajme nga Ulqini","article_published_time":"2013-12-03T15:39:28+00:00","article_modified_time":"2013-12-04T07:33:48+00:00","og_image":[{"url":"http:\/\/www.visit-ulcinj.com\/blog\/wp-content\/uploads\/2013\/02\/MEHMET-ZENKA.jpg"}],"twitter_misc":{"Written by":"ulqini","Est. reading time":"2 minutes"},"schema":{"@context":"https:\/\/schema.org","@graph":[{"@type":"WebSite","@id":"https:\/\/www.visit-ulcinj.com\/blog\/#website","url":"https:\/\/www.visit-ulcinj.com\/blog\/","name":"Lajme nga Ulqini","description":"Lajme,Vijesti,Ulqini,Ulqin,Crna Gora,Mali i Zi","potentialAction":[{"@type":"SearchAction","target":{"@type":"EntryPoint","urlTemplate":"https:\/\/www.visit-ulcinj.com\/blog\/?s={search_term_string}"},"query-input":"required name=search_term_string"}],"inLanguage":"en-US"},{"@type":"ImageObject","inLanguage":"en-US","@id":"https:\/\/www.visit-ulcinj.com\/blog\/2013\/12\/03\/zenka-nacionalizim-modern-prones-private-te-shqiptareve\/#primaryimage","url":"https:\/\/www.visit-ulcinj.com\/blog\/wp-content\/uploads\/2013\/02\/MEHMET-ZENKA.jpg","contentUrl":"https:\/\/www.visit-ulcinj.com\/blog\/wp-content\/uploads\/2013\/02\/MEHMET-ZENKA.jpg","width":960,"height":856},{"@type":"WebPage","@id":"https:\/\/www.visit-ulcinj.com\/blog\/2013\/12\/03\/zenka-nacionalizim-modern-prones-private-te-shqiptareve\/#webpage","url":"https:\/\/www.visit-ulcinj.com\/blog\/2013\/12\/03\/zenka-nacionalizim-modern-prones-private-te-shqiptareve\/","name":"Zenka: Nacionalizim modern i pron\u00ebs private t\u00eb Shqiptar\u00ebve ?! - Lajme nga Ulqini","isPartOf":{"@id":"https:\/\/www.visit-ulcinj.com\/blog\/#website"},"primaryImageOfPage":{"@id":"https:\/\/www.visit-ulcinj.com\/blog\/2013\/12\/03\/zenka-nacionalizim-modern-prones-private-te-shqiptareve\/#primaryimage"},"datePublished":"2013-12-03T15:39:28+00:00","dateModified":"2013-12-04T07:33:48+00:00","author":{"@id":"https:\/\/www.visit-ulcinj.com\/blog\/#\/schema\/person\/dcab619c614d3038751c63bc2aadc06d"},"description":"Ulqin, 03.12.2013 Unioni Demokratik i Shqiptar\u00ebve mbas mbledhjes s\u00eb jasht\u00ebzakonshme t\u00eb Kryesis\u00eb s\u00eb partis\u00eb t\u00eb mbajtur lidhur me vendimin e Gjykat\u00ebs","breadcrumb":{"@id":"https:\/\/www.visit-ulcinj.com\/blog\/2013\/12\/03\/zenka-nacionalizim-modern-prones-private-te-shqiptareve\/#breadcrumb"},"inLanguage":"en-US","potentialAction":[{"@type":"ReadAction","target":["https:\/\/www.visit-ulcinj.com\/blog\/2013\/12\/03\/zenka-nacionalizim-modern-prones-private-te-shqiptareve\/"]}]},{"@type":"BreadcrumbList","@id":"https:\/\/www.visit-ulcinj.com\/blog\/2013\/12\/03\/zenka-nacionalizim-modern-prones-private-te-shqiptareve\/#breadcrumb","itemListElement":[{"@type":"ListItem","position":1,"name":"Zenka: Nacionalizim modern i pron\u00ebs private t\u00eb Shqiptar\u00ebve ?!"}]},{"@type":"Person","@id":"https:\/\/www.visit-ulcinj.com\/blog\/#\/schema\/person\/dcab619c614d3038751c63bc2aadc06d","name":"ulqini","sameAs":["http:\/\/www.visit-ulcinj.com"],"url":"https:\/\/www.visit-ulcinj.com\/blog\/author\/admin\/"}]}},"jetpack_featured_media_url":"","jetpack_sharing_enabled":true,"jetpack_shortlink":"https:\/\/wp.me\/pe6lTn-jZT","_links":{"self":[{"href":"https:\/\/www.visit-ulcinj.com\/blog\/wp-json\/wp\/v2\/posts\/76873"}],"collection":[{"href":"https:\/\/www.visit-ulcinj.com\/blog\/wp-json\/wp\/v2\/posts"}],"about":[{"href":"https:\/\/www.visit-ulcinj.com\/blog\/wp-json\/wp\/v2\/types\/post"}],"author":[{"embeddable":true,"href":"https:\/\/www.visit-ulcinj.com\/blog\/wp-json\/wp\/v2\/users\/1"}],"replies":[{"embeddable":true,"href":"https:\/\/www.visit-ulcinj.com\/blog\/wp-json\/wp\/v2\/comments?post=76873"}],"version-history":[{"count":1,"href":"https:\/\/www.visit-ulcinj.com\/blog\/wp-json\/wp\/v2\/posts\/76873\/revisions"}],"predecessor-version":[{"id":76874,"href":"https:\/\/www.visit-ulcinj.com\/blog\/wp-json\/wp\/v2\/posts\/76873\/revisions\/76874"}],"wp:attachment":[{"href":"https:\/\/www.visit-ulcinj.com\/blog\/wp-json\/wp\/v2\/media?parent=76873"}],"wp:term":[{"taxonomy":"category","embeddable":true,"href":"https:\/\/www.visit-ulcinj.com\/blog\/wp-json\/wp\/v2\/categories?post=76873"},{"taxonomy":"post_tag","embeddable":true,"href":"https:\/\/www.visit-ulcinj.com\/blog\/wp-json\/wp\/v2\/tags?post=76873"}],"curies":[{"name":"wp","href":"https:\/\/api.w.org\/{rel}","templated":true}]}}