{"id":76878,"date":"2013-12-03T16:58:31","date_gmt":"2013-12-03T15:58:31","guid":{"rendered":"http:\/\/www.visit-ulcinj.com\/blog\/?p=76878"},"modified":"2013-12-03T16:58:31","modified_gmt":"2013-12-03T15:58:31","slug":"shmangen-proceset-gjygjesore-ndaj-ish-ndermarrjes-primorje","status":"publish","type":"post","link":"https:\/\/www.visit-ulcinj.com\/blog\/2013\/12\/03\/shmangen-proceset-gjygjesore-ndaj-ish-ndermarrjes-primorje\/","title":{"rendered":"Shmangen proceset gjygj\u00ebsore ndaj  ish nd\u00ebrmarrjes \u201ePrimorje&#8221;"},"content":{"rendered":"<p><strong><a href=\"http:\/\/www.visit-ulcinj.com\/blog\/wp-content\/uploads\/2013\/12\/Nazif-Cungu-ndermarja-Primorje.jpg\"><img loading=\"lazy\" class=\"alignleft  wp-image-76879\" alt=\"Nazif-Cungu-ndermarja-Primorje\" src=\"http:\/\/www.visit-ulcinj.com\/blog\/wp-content\/uploads\/2013\/12\/Nazif-Cungu-ndermarja-Primorje.jpg\" width=\"508\" height=\"360\" \/><\/a>Takim lidhur me situat\u00ebn n\u00eb ish Nd\u00ebrmarrjen e nd\u00ebrtimtaris\u00eb \u201ePrimorja&#8221; n\u00eb falimentim<\/strong><\/p>\n<p>Sot kryetari i Komun\u00ebs s\u00eb Ulqinit Nazif Cungu ka mbajtur nj\u00eb takim lidhur me situat\u00ebn n\u00eb ish Nd\u00ebrmarrjen e nd\u00ebrtimtaris\u00eb \u201ePrimorja&#8221; n\u00eb falimentim. N\u00eb takim kan\u00eb marr\u00eb pjes\u00eb p\u00ebrfaq\u00ebsuesi i sindikat\u00ebs t\u00eb ish pun\u00ebtor\u00ebve, drejtori i falimentimit dhe pronari i shumic\u00ebs s\u00eb nd\u00ebrmarrjes.<br \/>\nN\u00eb takim \u00ebsht\u00eb p\u00ebrmendur q\u00eb nd\u00ebrmarrja ka borxh rreth 1.200.000 Euro q\u00eb duhen paguar nga shuma e falimentimit, e prej tyre rreth 320.000 Euro pun\u00ebtor\u00ebve. Drejtori i falimentimit Ognjen Jovoviq, ka paralajm\u00ebruar se s\u00eb shpejti do t\u00eb paguhet nj\u00eb e treta e shum\u00ebs q\u00eb i kan\u00eb borxh pun\u00ebtor\u00ebve, nd\u00ebrsa p\u00ebr borxhet e tjer\u00eb duhet pritur shitja e shum\u00ebs s\u00eb falimentimit.<\/p>\n<p>N\u00eb takim n\u00eb ve\u00e7anti \u00ebsht\u00eb b\u00ebr\u00eb fjal\u00eb p\u00ebr raportet pron\u00ebsore t\u00eb Komun\u00ebs dhe \u201ePrimorjes&#8221;, p\u00ebrkat\u00ebsisht p\u00ebr disa procese gjyq\u00ebsore q\u00eb jan\u00eb n\u00eb rocedur\u00eb n\u00eb mes k\u00ebtyre dy subjekteve, e prej t\u00eb cil\u00ebve disa edhe m\u00eb gjat\u00eb se 10 vjet. Bashkarisht \u00ebsht\u00eb vler\u00ebsuar se zhagitja e m\u00ebtejshme e proceseve gjyq\u00ebsore nuk shkon n\u00eb favor as t\u00eb nj\u00ebr\u00ebs e as t\u00eb pal\u00ebs tjet\u00ebr, e p\u00ebr k\u00ebt\u00eb \u00ebsht\u00eb r\u00ebn\u00eb dakord q\u00eb t\u00eb b\u00ebhet nj\u00eb prerje e gjendjes pas t\u00eb cil\u00ebs gj\u00eb t\u00eb dyja pal\u00ebt do t\u00eb paraqisnin q\u00ebndrimet dhe pozitat e veta, e pastaj n\u00eb biseda t\u00eb p\u00ebrbashk\u00ebta t\u00eb tentohet t\u00eb b\u00ebhet nj\u00eb barazim dhe t\u00eb shmangen proceset e m\u00ebtejm gjyq\u00ebsor\u00eb. N\u00eb k\u00ebt\u00eb m\u00ebnyr\u00eb m\u00eb von\u00eb me shitjen e pasuris\u00eb s\u00eb nd\u00ebrmarrjes do t\u00eb mund t\u00eb paguhen t\u00eb gjth\u00eb kreditor\u00ebt, para s\u00eb gjithash ish pun\u00ebtor\u00ebt t\u00eb cil\u00ebt me vite k\u00ebrkojn\u00eb t\u00eb drejtat e tyre.<\/p>\n","protected":false},"excerpt":{"rendered":"<p>Takim lidhur me situat\u00ebn n\u00eb ish Nd\u00ebrmarrjen e nd\u00ebrtimtaris\u00eb \u201ePrimorja&#8221; n\u00eb falimentim Sot kryetari i Komun\u00ebs s\u00eb Ulqinit Nazif Cungu ka mbajtur nj\u00eb takim lidhur me situat\u00ebn n\u00eb ish Nd\u00ebrmarrjen e nd\u00ebrtimtaris\u00eb \u201ePrimorja&#8221; n\u00eb falimentim. N\u00eb takim kan\u00eb marr\u00eb pjes\u00eb p\u00ebrfaq\u00ebsuesi i sindikat\u00ebs t\u00eb ish pun\u00ebtor\u00ebve, drejtori i falimentimit dhe pronari i shumic\u00ebs s\u00eb nd\u00ebrmarrjes. [&hellip;]<\/p>\n","protected":false},"author":1,"featured_media":0,"comment_status":"closed","ping_status":"closed","sticky":false,"template":"","format":"standard","meta":{"spay_email":"","jetpack_publicize_message":"","jetpack_is_tweetstorm":false,"jetpack_publicize_feature_enabled":true},"categories":[10],"tags":[],"jetpack_publicize_connections":[],"yoast_head":"<!-- This site is optimized with the Yoast SEO plugin v19.1 - https:\/\/yoast.com\/wordpress\/plugins\/seo\/ -->\n<title>Shmangen proceset gjygj\u00ebsore ndaj ish nd\u00ebrmarrjes \u201ePrimorje&quot; - Lajme nga Ulqini<\/title>\n<meta name=\"description\" content=\"Takim lidhur me situat\u00ebn n\u00eb ish Nd\u00ebrmarrjen e nd\u00ebrtimtaris\u00eb \u201ePrimorja&quot; n\u00eb falimentim Sot kryetari i Komun\u00ebs s\u00eb Ulqinit Nazif Cungu ka mbajtur nj\u00eb takim\" \/>\n<meta name=\"robots\" content=\"index, follow, max-snippet:-1, max-image-preview:large, max-video-preview:-1\" \/>\n<link rel=\"canonical\" href=\"https:\/\/www.visit-ulcinj.com\/blog\/2013\/12\/03\/shmangen-proceset-gjygjesore-ndaj-ish-ndermarrjes-primorje\/\" \/>\n<meta property=\"og:locale\" content=\"en_US\" \/>\n<meta property=\"og:type\" content=\"article\" \/>\n<meta property=\"og:title\" content=\"Shmangen proceset gjygj\u00ebsore ndaj ish nd\u00ebrmarrjes \u201ePrimorje&quot; - Lajme nga Ulqini\" \/>\n<meta property=\"og:description\" content=\"Takim lidhur me situat\u00ebn n\u00eb ish Nd\u00ebrmarrjen e nd\u00ebrtimtaris\u00eb \u201ePrimorja&quot; n\u00eb falimentim Sot kryetari i Komun\u00ebs s\u00eb Ulqinit Nazif Cungu ka mbajtur nj\u00eb takim\" \/>\n<meta property=\"og:url\" content=\"https:\/\/www.visit-ulcinj.com\/blog\/2013\/12\/03\/shmangen-proceset-gjygjesore-ndaj-ish-ndermarrjes-primorje\/\" \/>\n<meta property=\"og:site_name\" content=\"Lajme nga Ulqini\" \/>\n<meta property=\"article:published_time\" content=\"2013-12-03T15:58:31+00:00\" \/>\n<meta property=\"og:image\" content=\"http:\/\/www.visit-ulcinj.com\/blog\/wp-content\/uploads\/2013\/12\/Nazif-Cungu-ndermarja-Primorje.jpg\" \/>\n<meta name=\"twitter:label1\" content=\"Written by\" \/>\n\t<meta name=\"twitter:data1\" content=\"ulqini\" \/>\n\t<meta name=\"twitter:label2\" content=\"Est. reading time\" \/>\n\t<meta name=\"twitter:data2\" content=\"2 minutes\" \/>\n<script type=\"application\/ld+json\" class=\"yoast-schema-graph\">{\"@context\":\"https:\/\/schema.org\",\"@graph\":[{\"@type\":\"WebSite\",\"@id\":\"https:\/\/www.visit-ulcinj.com\/blog\/#website\",\"url\":\"https:\/\/www.visit-ulcinj.com\/blog\/\",\"name\":\"Lajme nga Ulqini\",\"description\":\"Lajme,Vijesti,Ulqini,Ulqin,Crna Gora,Mali i Zi\",\"potentialAction\":[{\"@type\":\"SearchAction\",\"target\":{\"@type\":\"EntryPoint\",\"urlTemplate\":\"https:\/\/www.visit-ulcinj.com\/blog\/?s={search_term_string}\"},\"query-input\":\"required name=search_term_string\"}],\"inLanguage\":\"en-US\"},{\"@type\":\"ImageObject\",\"inLanguage\":\"en-US\",\"@id\":\"https:\/\/www.visit-ulcinj.com\/blog\/2013\/12\/03\/shmangen-proceset-gjygjesore-ndaj-ish-ndermarrjes-primorje\/#primaryimage\",\"url\":\"https:\/\/www.visit-ulcinj.com\/blog\/wp-content\/uploads\/2013\/12\/Nazif-Cungu-ndermarja-Primorje.jpg\",\"contentUrl\":\"https:\/\/www.visit-ulcinj.com\/blog\/wp-content\/uploads\/2013\/12\/Nazif-Cungu-ndermarja-Primorje.jpg\",\"width\":768,\"height\":509},{\"@type\":\"WebPage\",\"@id\":\"https:\/\/www.visit-ulcinj.com\/blog\/2013\/12\/03\/shmangen-proceset-gjygjesore-ndaj-ish-ndermarrjes-primorje\/#webpage\",\"url\":\"https:\/\/www.visit-ulcinj.com\/blog\/2013\/12\/03\/shmangen-proceset-gjygjesore-ndaj-ish-ndermarrjes-primorje\/\",\"name\":\"Shmangen proceset gjygj\u00ebsore ndaj ish nd\u00ebrmarrjes \u201ePrimorje\\\" - Lajme nga Ulqini\",\"isPartOf\":{\"@id\":\"https:\/\/www.visit-ulcinj.com\/blog\/#website\"},\"primaryImageOfPage\":{\"@id\":\"https:\/\/www.visit-ulcinj.com\/blog\/2013\/12\/03\/shmangen-proceset-gjygjesore-ndaj-ish-ndermarrjes-primorje\/#primaryimage\"},\"datePublished\":\"2013-12-03T15:58:31+00:00\",\"dateModified\":\"2013-12-03T15:58:31+00:00\",\"author\":{\"@id\":\"https:\/\/www.visit-ulcinj.com\/blog\/#\/schema\/person\/dcab619c614d3038751c63bc2aadc06d\"},\"description\":\"Takim lidhur me situat\u00ebn n\u00eb ish Nd\u00ebrmarrjen e nd\u00ebrtimtaris\u00eb \u201ePrimorja\\\" n\u00eb falimentim Sot kryetari i Komun\u00ebs s\u00eb Ulqinit Nazif Cungu ka mbajtur nj\u00eb takim\",\"breadcrumb\":{\"@id\":\"https:\/\/www.visit-ulcinj.com\/blog\/2013\/12\/03\/shmangen-proceset-gjygjesore-ndaj-ish-ndermarrjes-primorje\/#breadcrumb\"},\"inLanguage\":\"en-US\",\"potentialAction\":[{\"@type\":\"ReadAction\",\"target\":[\"https:\/\/www.visit-ulcinj.com\/blog\/2013\/12\/03\/shmangen-proceset-gjygjesore-ndaj-ish-ndermarrjes-primorje\/\"]}]},{\"@type\":\"BreadcrumbList\",\"@id\":\"https:\/\/www.visit-ulcinj.com\/blog\/2013\/12\/03\/shmangen-proceset-gjygjesore-ndaj-ish-ndermarrjes-primorje\/#breadcrumb\",\"itemListElement\":[{\"@type\":\"ListItem\",\"position\":1,\"name\":\"Shmangen proceset gjygj\u00ebsore ndaj ish nd\u00ebrmarrjes \u201ePrimorje&#8221;\"}]},{\"@type\":\"Person\",\"@id\":\"https:\/\/www.visit-ulcinj.com\/blog\/#\/schema\/person\/dcab619c614d3038751c63bc2aadc06d\",\"name\":\"ulqini\",\"sameAs\":[\"http:\/\/www.visit-ulcinj.com\"],\"url\":\"https:\/\/www.visit-ulcinj.com\/blog\/author\/admin\/\"}]}<\/script>\n<!-- \/ Yoast SEO plugin. -->","yoast_head_json":{"title":"Shmangen proceset gjygj\u00ebsore ndaj ish nd\u00ebrmarrjes \u201ePrimorje\" - Lajme nga Ulqini","description":"Takim lidhur me situat\u00ebn n\u00eb ish Nd\u00ebrmarrjen e nd\u00ebrtimtaris\u00eb \u201ePrimorja\" n\u00eb falimentim Sot kryetari i Komun\u00ebs s\u00eb Ulqinit Nazif Cungu ka mbajtur nj\u00eb takim","robots":{"index":"index","follow":"follow","max-snippet":"max-snippet:-1","max-image-preview":"max-image-preview:large","max-video-preview":"max-video-preview:-1"},"canonical":"https:\/\/www.visit-ulcinj.com\/blog\/2013\/12\/03\/shmangen-proceset-gjygjesore-ndaj-ish-ndermarrjes-primorje\/","og_locale":"en_US","og_type":"article","og_title":"Shmangen proceset gjygj\u00ebsore ndaj ish nd\u00ebrmarrjes \u201ePrimorje\" - Lajme nga Ulqini","og_description":"Takim lidhur me situat\u00ebn n\u00eb ish Nd\u00ebrmarrjen e nd\u00ebrtimtaris\u00eb \u201ePrimorja\" n\u00eb falimentim Sot kryetari i Komun\u00ebs s\u00eb Ulqinit Nazif Cungu ka mbajtur nj\u00eb takim","og_url":"https:\/\/www.visit-ulcinj.com\/blog\/2013\/12\/03\/shmangen-proceset-gjygjesore-ndaj-ish-ndermarrjes-primorje\/","og_site_name":"Lajme nga Ulqini","article_published_time":"2013-12-03T15:58:31+00:00","og_image":[{"url":"http:\/\/www.visit-ulcinj.com\/blog\/wp-content\/uploads\/2013\/12\/Nazif-Cungu-ndermarja-Primorje.jpg"}],"twitter_misc":{"Written by":"ulqini","Est. reading time":"2 minutes"},"schema":{"@context":"https:\/\/schema.org","@graph":[{"@type":"WebSite","@id":"https:\/\/www.visit-ulcinj.com\/blog\/#website","url":"https:\/\/www.visit-ulcinj.com\/blog\/","name":"Lajme nga Ulqini","description":"Lajme,Vijesti,Ulqini,Ulqin,Crna Gora,Mali i Zi","potentialAction":[{"@type":"SearchAction","target":{"@type":"EntryPoint","urlTemplate":"https:\/\/www.visit-ulcinj.com\/blog\/?s={search_term_string}"},"query-input":"required name=search_term_string"}],"inLanguage":"en-US"},{"@type":"ImageObject","inLanguage":"en-US","@id":"https:\/\/www.visit-ulcinj.com\/blog\/2013\/12\/03\/shmangen-proceset-gjygjesore-ndaj-ish-ndermarrjes-primorje\/#primaryimage","url":"https:\/\/www.visit-ulcinj.com\/blog\/wp-content\/uploads\/2013\/12\/Nazif-Cungu-ndermarja-Primorje.jpg","contentUrl":"https:\/\/www.visit-ulcinj.com\/blog\/wp-content\/uploads\/2013\/12\/Nazif-Cungu-ndermarja-Primorje.jpg","width":768,"height":509},{"@type":"WebPage","@id":"https:\/\/www.visit-ulcinj.com\/blog\/2013\/12\/03\/shmangen-proceset-gjygjesore-ndaj-ish-ndermarrjes-primorje\/#webpage","url":"https:\/\/www.visit-ulcinj.com\/blog\/2013\/12\/03\/shmangen-proceset-gjygjesore-ndaj-ish-ndermarrjes-primorje\/","name":"Shmangen proceset gjygj\u00ebsore ndaj ish nd\u00ebrmarrjes \u201ePrimorje\" - Lajme nga Ulqini","isPartOf":{"@id":"https:\/\/www.visit-ulcinj.com\/blog\/#website"},"primaryImageOfPage":{"@id":"https:\/\/www.visit-ulcinj.com\/blog\/2013\/12\/03\/shmangen-proceset-gjygjesore-ndaj-ish-ndermarrjes-primorje\/#primaryimage"},"datePublished":"2013-12-03T15:58:31+00:00","dateModified":"2013-12-03T15:58:31+00:00","author":{"@id":"https:\/\/www.visit-ulcinj.com\/blog\/#\/schema\/person\/dcab619c614d3038751c63bc2aadc06d"},"description":"Takim lidhur me situat\u00ebn n\u00eb ish Nd\u00ebrmarrjen e nd\u00ebrtimtaris\u00eb \u201ePrimorja\" n\u00eb falimentim Sot kryetari i Komun\u00ebs s\u00eb Ulqinit Nazif Cungu ka mbajtur nj\u00eb takim","breadcrumb":{"@id":"https:\/\/www.visit-ulcinj.com\/blog\/2013\/12\/03\/shmangen-proceset-gjygjesore-ndaj-ish-ndermarrjes-primorje\/#breadcrumb"},"inLanguage":"en-US","potentialAction":[{"@type":"ReadAction","target":["https:\/\/www.visit-ulcinj.com\/blog\/2013\/12\/03\/shmangen-proceset-gjygjesore-ndaj-ish-ndermarrjes-primorje\/"]}]},{"@type":"BreadcrumbList","@id":"https:\/\/www.visit-ulcinj.com\/blog\/2013\/12\/03\/shmangen-proceset-gjygjesore-ndaj-ish-ndermarrjes-primorje\/#breadcrumb","itemListElement":[{"@type":"ListItem","position":1,"name":"Shmangen proceset gjygj\u00ebsore ndaj ish nd\u00ebrmarrjes \u201ePrimorje&#8221;"}]},{"@type":"Person","@id":"https:\/\/www.visit-ulcinj.com\/blog\/#\/schema\/person\/dcab619c614d3038751c63bc2aadc06d","name":"ulqini","sameAs":["http:\/\/www.visit-ulcinj.com"],"url":"https:\/\/www.visit-ulcinj.com\/blog\/author\/admin\/"}]}},"jetpack_featured_media_url":"","jetpack_sharing_enabled":true,"jetpack_shortlink":"https:\/\/wp.me\/pe6lTn-jZY","_links":{"self":[{"href":"https:\/\/www.visit-ulcinj.com\/blog\/wp-json\/wp\/v2\/posts\/76878"}],"collection":[{"href":"https:\/\/www.visit-ulcinj.com\/blog\/wp-json\/wp\/v2\/posts"}],"about":[{"href":"https:\/\/www.visit-ulcinj.com\/blog\/wp-json\/wp\/v2\/types\/post"}],"author":[{"embeddable":true,"href":"https:\/\/www.visit-ulcinj.com\/blog\/wp-json\/wp\/v2\/users\/1"}],"replies":[{"embeddable":true,"href":"https:\/\/www.visit-ulcinj.com\/blog\/wp-json\/wp\/v2\/comments?post=76878"}],"version-history":[{"count":1,"href":"https:\/\/www.visit-ulcinj.com\/blog\/wp-json\/wp\/v2\/posts\/76878\/revisions"}],"predecessor-version":[{"id":76880,"href":"https:\/\/www.visit-ulcinj.com\/blog\/wp-json\/wp\/v2\/posts\/76878\/revisions\/76880"}],"wp:attachment":[{"href":"https:\/\/www.visit-ulcinj.com\/blog\/wp-json\/wp\/v2\/media?parent=76878"}],"wp:term":[{"taxonomy":"category","embeddable":true,"href":"https:\/\/www.visit-ulcinj.com\/blog\/wp-json\/wp\/v2\/categories?post=76878"},{"taxonomy":"post_tag","embeddable":true,"href":"https:\/\/www.visit-ulcinj.com\/blog\/wp-json\/wp\/v2\/tags?post=76878"}],"curies":[{"name":"wp","href":"https:\/\/api.w.org\/{rel}","templated":true}]}}