{"id":76885,"date":"2013-12-03T17:17:30","date_gmt":"2013-12-03T16:17:30","guid":{"rendered":"http:\/\/www.visit-ulcinj.com\/blog\/?p=76885"},"modified":"2013-12-03T17:17:30","modified_gmt":"2013-12-03T16:17:30","slug":"izbjegli-sudski-postupci-opstine-ulcinj-bivsem-gradevinskom-preduzecu-primorije","status":"publish","type":"post","link":"https:\/\/www.visit-ulcinj.com\/blog\/2013\/12\/03\/izbjegli-sudski-postupci-opstine-ulcinj-bivsem-gradevinskom-preduzecu-primorije\/","title":{"rendered":"Izbjegli sudski postupci Op\u0161tine Ulcinj i biv\u0161em Gra\u0111evinskom preduze\u0107u \u201ePrimorije&#8221;"},"content":{"rendered":"<p><strong><a href=\"http:\/\/www.visit-ulcinj.com\/blog\/wp-content\/uploads\/2013\/12\/Nazif-Cungu-PREDUZECE-Primorje.jpg\"><img loading=\"lazy\" class=\"alignleft  wp-image-76886\" alt=\"Nazif-Cungu-PREDUZECE-Primorje\" src=\"http:\/\/www.visit-ulcinj.com\/blog\/wp-content\/uploads\/2013\/12\/Nazif-Cungu-PREDUZECE-Primorje.jpg\" width=\"508\" height=\"360\" \/><\/a>Sastanak u vezi stanja u biv\u0161em Gra\u0111evinskom preduze\u0107u \u201ePrimorije&#8221; u ste\u010daju<\/strong><\/p>\n<p>Danas je predsjednik Op\u0161tine Ulcinj Nazif Cungu odr\u017eao sastanak u vezi stanja u biv\u0161em Gra\u0111evinskom preduze\u0107u \u201ePrimorije&#8221; u ste\u010daju. Sastanku su prisustvovali predstavnik sindikata biv\u0161ih radnika, ste\u010dajni upravnik i ve\u0107inski vlasnik preduze\u0107a.<br \/>\nNa sastanku je iznijeto da preduze\u0107e duguje oko 1.200.000 eura koje je potrebno isplatiti iz ste\u010dajne mase, a od toga oko 320.000 eura biv\u0161im radnicima. Ste\u010dajni upravnik Ognjen Jovovi\u0107 najavio je da \u0107e se ubrzo isplatiti jedna tre\u0107ina od iznosa koji se duguje radnicima, dok je za ostale dugove potrebno sa\u010dekati prodaju ste\u010dajne mase.<\/p>\n<p>Na sastanku je posebno bilo rije\u010di o me\u0111usobnim imovinskim odnosima Op\u0161tine i \u201ePrimorija&#8221;, odnosno o vi\u0161e sudskih sporova koji se vode izme\u0111u ta dva subjekta, od kojih neki i du\u017ee od 10 godina. Zajedni\u010dki je ocijenjeno da dalje odugovla\u010denje sudskih postupaka ne ide u prilog ni jednoj ni drugoj strani, s toga je dogovoreno da se napravi jedan presjek stanja nakon \u010dega bi obije strane iznijele svoje stavove i pozicije, te da se potom me\u0111usobnim razgovorima poku\u0161a napraviti poravnanje i izbjegli dalji sudski postupci. Na taj na\u010din \u0107e se kasnije prodajom imovine preduze\u0107a mo\u0107i namiriti svi povjerioci, prije svega biv\u0161i radnici koji godinama tra\u017ee svoja prava.<\/p>\n","protected":false},"excerpt":{"rendered":"<p>Sastanak u vezi stanja u biv\u0161em Gra\u0111evinskom preduze\u0107u \u201ePrimorije&#8221; u ste\u010daju Danas je predsjednik Op\u0161tine Ulcinj Nazif Cungu odr\u017eao sastanak u vezi stanja u biv\u0161em Gra\u0111evinskom preduze\u0107u \u201ePrimorije&#8221; u ste\u010daju. Sastanku su prisustvovali predstavnik sindikata biv\u0161ih radnika, ste\u010dajni upravnik i ve\u0107inski vlasnik preduze\u0107a. Na sastanku je iznijeto da preduze\u0107e duguje oko 1.200.000 eura koje je [&hellip;]<\/p>\n","protected":false},"author":1,"featured_media":0,"comment_status":"closed","ping_status":"closed","sticky":false,"template":"","format":"standard","meta":{"spay_email":"","jetpack_publicize_message":"","jetpack_is_tweetstorm":false,"jetpack_publicize_feature_enabled":true},"categories":[8337],"tags":[],"jetpack_publicize_connections":[],"yoast_head":"<!-- This site is optimized with the Yoast SEO plugin v19.1 - https:\/\/yoast.com\/wordpress\/plugins\/seo\/ -->\n<title>Izbjegli sudski postupci Op\u0161tine Ulcinj i biv\u0161em Gra\u0111evinskom preduze\u0107u \u201ePrimorije&quot; - Lajme nga Ulqini<\/title>\n<meta name=\"description\" content=\"Sastanak u vezi stanja u biv\u0161em Gra\u0111evinskom preduze\u0107u \u201ePrimorije&quot; u ste\u010daju Danas je predsjednik Op\u0161tine Ulcinj Nazif Cungu odr\u017eao sastanak u vezi stanja\" \/>\n<meta name=\"robots\" content=\"index, follow, max-snippet:-1, max-image-preview:large, max-video-preview:-1\" \/>\n<link rel=\"canonical\" href=\"https:\/\/www.visit-ulcinj.com\/blog\/2013\/12\/03\/izbjegli-sudski-postupci-opstine-ulcinj-bivsem-gradevinskom-preduzecu-primorije\/\" \/>\n<meta property=\"og:locale\" content=\"en_US\" \/>\n<meta property=\"og:type\" content=\"article\" \/>\n<meta property=\"og:title\" content=\"Izbjegli sudski postupci Op\u0161tine Ulcinj i biv\u0161em Gra\u0111evinskom preduze\u0107u \u201ePrimorije&quot; - Lajme nga Ulqini\" \/>\n<meta property=\"og:description\" content=\"Sastanak u vezi stanja u biv\u0161em Gra\u0111evinskom preduze\u0107u \u201ePrimorije&quot; u ste\u010daju Danas je predsjednik Op\u0161tine Ulcinj Nazif Cungu odr\u017eao sastanak u vezi stanja\" \/>\n<meta property=\"og:url\" content=\"https:\/\/www.visit-ulcinj.com\/blog\/2013\/12\/03\/izbjegli-sudski-postupci-opstine-ulcinj-bivsem-gradevinskom-preduzecu-primorije\/\" \/>\n<meta property=\"og:site_name\" content=\"Lajme nga Ulqini\" \/>\n<meta property=\"article:published_time\" content=\"2013-12-03T16:17:30+00:00\" \/>\n<meta property=\"og:image\" content=\"http:\/\/www.visit-ulcinj.com\/blog\/wp-content\/uploads\/2013\/12\/Nazif-Cungu-PREDUZECE-Primorje.jpg\" \/>\n<meta name=\"twitter:label1\" content=\"Written by\" \/>\n\t<meta name=\"twitter:data1\" content=\"ulqini\" \/>\n\t<meta name=\"twitter:label2\" content=\"Est. reading time\" \/>\n\t<meta name=\"twitter:data2\" content=\"1 minute\" \/>\n<script type=\"application\/ld+json\" class=\"yoast-schema-graph\">{\"@context\":\"https:\/\/schema.org\",\"@graph\":[{\"@type\":\"WebSite\",\"@id\":\"https:\/\/www.visit-ulcinj.com\/blog\/#website\",\"url\":\"https:\/\/www.visit-ulcinj.com\/blog\/\",\"name\":\"Lajme nga Ulqini\",\"description\":\"Lajme,Vijesti,Ulqini,Ulqin,Crna Gora,Mali i Zi\",\"potentialAction\":[{\"@type\":\"SearchAction\",\"target\":{\"@type\":\"EntryPoint\",\"urlTemplate\":\"https:\/\/www.visit-ulcinj.com\/blog\/?s={search_term_string}\"},\"query-input\":\"required name=search_term_string\"}],\"inLanguage\":\"en-US\"},{\"@type\":\"ImageObject\",\"inLanguage\":\"en-US\",\"@id\":\"https:\/\/www.visit-ulcinj.com\/blog\/2013\/12\/03\/izbjegli-sudski-postupci-opstine-ulcinj-bivsem-gradevinskom-preduzecu-primorije\/#primaryimage\",\"url\":\"https:\/\/www.visit-ulcinj.com\/blog\/wp-content\/uploads\/2013\/12\/Nazif-Cungu-PREDUZECE-Primorje.jpg\",\"contentUrl\":\"https:\/\/www.visit-ulcinj.com\/blog\/wp-content\/uploads\/2013\/12\/Nazif-Cungu-PREDUZECE-Primorje.jpg\",\"width\":768,\"height\":509},{\"@type\":\"WebPage\",\"@id\":\"https:\/\/www.visit-ulcinj.com\/blog\/2013\/12\/03\/izbjegli-sudski-postupci-opstine-ulcinj-bivsem-gradevinskom-preduzecu-primorije\/#webpage\",\"url\":\"https:\/\/www.visit-ulcinj.com\/blog\/2013\/12\/03\/izbjegli-sudski-postupci-opstine-ulcinj-bivsem-gradevinskom-preduzecu-primorije\/\",\"name\":\"Izbjegli sudski postupci Op\u0161tine Ulcinj i biv\u0161em Gra\u0111evinskom preduze\u0107u \u201ePrimorije\\\" - Lajme nga Ulqini\",\"isPartOf\":{\"@id\":\"https:\/\/www.visit-ulcinj.com\/blog\/#website\"},\"primaryImageOfPage\":{\"@id\":\"https:\/\/www.visit-ulcinj.com\/blog\/2013\/12\/03\/izbjegli-sudski-postupci-opstine-ulcinj-bivsem-gradevinskom-preduzecu-primorije\/#primaryimage\"},\"datePublished\":\"2013-12-03T16:17:30+00:00\",\"dateModified\":\"2013-12-03T16:17:30+00:00\",\"author\":{\"@id\":\"https:\/\/www.visit-ulcinj.com\/blog\/#\/schema\/person\/dcab619c614d3038751c63bc2aadc06d\"},\"description\":\"Sastanak u vezi stanja u biv\u0161em Gra\u0111evinskom preduze\u0107u \u201ePrimorije\\\" u ste\u010daju Danas je predsjednik Op\u0161tine Ulcinj Nazif Cungu odr\u017eao sastanak u vezi stanja\",\"breadcrumb\":{\"@id\":\"https:\/\/www.visit-ulcinj.com\/blog\/2013\/12\/03\/izbjegli-sudski-postupci-opstine-ulcinj-bivsem-gradevinskom-preduzecu-primorije\/#breadcrumb\"},\"inLanguage\":\"en-US\",\"potentialAction\":[{\"@type\":\"ReadAction\",\"target\":[\"https:\/\/www.visit-ulcinj.com\/blog\/2013\/12\/03\/izbjegli-sudski-postupci-opstine-ulcinj-bivsem-gradevinskom-preduzecu-primorije\/\"]}]},{\"@type\":\"BreadcrumbList\",\"@id\":\"https:\/\/www.visit-ulcinj.com\/blog\/2013\/12\/03\/izbjegli-sudski-postupci-opstine-ulcinj-bivsem-gradevinskom-preduzecu-primorije\/#breadcrumb\",\"itemListElement\":[{\"@type\":\"ListItem\",\"position\":1,\"name\":\"Izbjegli sudski postupci Op\u0161tine Ulcinj i biv\u0161em Gra\u0111evinskom preduze\u0107u \u201ePrimorije&#8221;\"}]},{\"@type\":\"Person\",\"@id\":\"https:\/\/www.visit-ulcinj.com\/blog\/#\/schema\/person\/dcab619c614d3038751c63bc2aadc06d\",\"name\":\"ulqini\",\"sameAs\":[\"http:\/\/www.visit-ulcinj.com\"],\"url\":\"https:\/\/www.visit-ulcinj.com\/blog\/author\/admin\/\"}]}<\/script>\n<!-- \/ Yoast SEO plugin. -->","yoast_head_json":{"title":"Izbjegli sudski postupci Op\u0161tine Ulcinj i biv\u0161em Gra\u0111evinskom preduze\u0107u \u201ePrimorije\" - Lajme nga Ulqini","description":"Sastanak u vezi stanja u biv\u0161em Gra\u0111evinskom preduze\u0107u \u201ePrimorije\" u ste\u010daju Danas je predsjednik Op\u0161tine Ulcinj Nazif Cungu odr\u017eao sastanak u vezi stanja","robots":{"index":"index","follow":"follow","max-snippet":"max-snippet:-1","max-image-preview":"max-image-preview:large","max-video-preview":"max-video-preview:-1"},"canonical":"https:\/\/www.visit-ulcinj.com\/blog\/2013\/12\/03\/izbjegli-sudski-postupci-opstine-ulcinj-bivsem-gradevinskom-preduzecu-primorije\/","og_locale":"en_US","og_type":"article","og_title":"Izbjegli sudski postupci Op\u0161tine Ulcinj i biv\u0161em Gra\u0111evinskom preduze\u0107u \u201ePrimorije\" - Lajme nga Ulqini","og_description":"Sastanak u vezi stanja u biv\u0161em Gra\u0111evinskom preduze\u0107u \u201ePrimorije\" u ste\u010daju Danas je predsjednik Op\u0161tine Ulcinj Nazif Cungu odr\u017eao sastanak u vezi stanja","og_url":"https:\/\/www.visit-ulcinj.com\/blog\/2013\/12\/03\/izbjegli-sudski-postupci-opstine-ulcinj-bivsem-gradevinskom-preduzecu-primorije\/","og_site_name":"Lajme nga Ulqini","article_published_time":"2013-12-03T16:17:30+00:00","og_image":[{"url":"http:\/\/www.visit-ulcinj.com\/blog\/wp-content\/uploads\/2013\/12\/Nazif-Cungu-PREDUZECE-Primorje.jpg"}],"twitter_misc":{"Written by":"ulqini","Est. reading time":"1 minute"},"schema":{"@context":"https:\/\/schema.org","@graph":[{"@type":"WebSite","@id":"https:\/\/www.visit-ulcinj.com\/blog\/#website","url":"https:\/\/www.visit-ulcinj.com\/blog\/","name":"Lajme nga Ulqini","description":"Lajme,Vijesti,Ulqini,Ulqin,Crna Gora,Mali i Zi","potentialAction":[{"@type":"SearchAction","target":{"@type":"EntryPoint","urlTemplate":"https:\/\/www.visit-ulcinj.com\/blog\/?s={search_term_string}"},"query-input":"required name=search_term_string"}],"inLanguage":"en-US"},{"@type":"ImageObject","inLanguage":"en-US","@id":"https:\/\/www.visit-ulcinj.com\/blog\/2013\/12\/03\/izbjegli-sudski-postupci-opstine-ulcinj-bivsem-gradevinskom-preduzecu-primorije\/#primaryimage","url":"https:\/\/www.visit-ulcinj.com\/blog\/wp-content\/uploads\/2013\/12\/Nazif-Cungu-PREDUZECE-Primorje.jpg","contentUrl":"https:\/\/www.visit-ulcinj.com\/blog\/wp-content\/uploads\/2013\/12\/Nazif-Cungu-PREDUZECE-Primorje.jpg","width":768,"height":509},{"@type":"WebPage","@id":"https:\/\/www.visit-ulcinj.com\/blog\/2013\/12\/03\/izbjegli-sudski-postupci-opstine-ulcinj-bivsem-gradevinskom-preduzecu-primorije\/#webpage","url":"https:\/\/www.visit-ulcinj.com\/blog\/2013\/12\/03\/izbjegli-sudski-postupci-opstine-ulcinj-bivsem-gradevinskom-preduzecu-primorije\/","name":"Izbjegli sudski postupci Op\u0161tine Ulcinj i biv\u0161em Gra\u0111evinskom preduze\u0107u \u201ePrimorije\" - Lajme nga Ulqini","isPartOf":{"@id":"https:\/\/www.visit-ulcinj.com\/blog\/#website"},"primaryImageOfPage":{"@id":"https:\/\/www.visit-ulcinj.com\/blog\/2013\/12\/03\/izbjegli-sudski-postupci-opstine-ulcinj-bivsem-gradevinskom-preduzecu-primorije\/#primaryimage"},"datePublished":"2013-12-03T16:17:30+00:00","dateModified":"2013-12-03T16:17:30+00:00","author":{"@id":"https:\/\/www.visit-ulcinj.com\/blog\/#\/schema\/person\/dcab619c614d3038751c63bc2aadc06d"},"description":"Sastanak u vezi stanja u biv\u0161em Gra\u0111evinskom preduze\u0107u \u201ePrimorije\" u ste\u010daju Danas je predsjednik Op\u0161tine Ulcinj Nazif Cungu odr\u017eao sastanak u vezi stanja","breadcrumb":{"@id":"https:\/\/www.visit-ulcinj.com\/blog\/2013\/12\/03\/izbjegli-sudski-postupci-opstine-ulcinj-bivsem-gradevinskom-preduzecu-primorije\/#breadcrumb"},"inLanguage":"en-US","potentialAction":[{"@type":"ReadAction","target":["https:\/\/www.visit-ulcinj.com\/blog\/2013\/12\/03\/izbjegli-sudski-postupci-opstine-ulcinj-bivsem-gradevinskom-preduzecu-primorije\/"]}]},{"@type":"BreadcrumbList","@id":"https:\/\/www.visit-ulcinj.com\/blog\/2013\/12\/03\/izbjegli-sudski-postupci-opstine-ulcinj-bivsem-gradevinskom-preduzecu-primorije\/#breadcrumb","itemListElement":[{"@type":"ListItem","position":1,"name":"Izbjegli sudski postupci Op\u0161tine Ulcinj i biv\u0161em Gra\u0111evinskom preduze\u0107u \u201ePrimorije&#8221;"}]},{"@type":"Person","@id":"https:\/\/www.visit-ulcinj.com\/blog\/#\/schema\/person\/dcab619c614d3038751c63bc2aadc06d","name":"ulqini","sameAs":["http:\/\/www.visit-ulcinj.com"],"url":"https:\/\/www.visit-ulcinj.com\/blog\/author\/admin\/"}]}},"jetpack_featured_media_url":"","jetpack_sharing_enabled":true,"jetpack_shortlink":"https:\/\/wp.me\/pe6lTn-k05","_links":{"self":[{"href":"https:\/\/www.visit-ulcinj.com\/blog\/wp-json\/wp\/v2\/posts\/76885"}],"collection":[{"href":"https:\/\/www.visit-ulcinj.com\/blog\/wp-json\/wp\/v2\/posts"}],"about":[{"href":"https:\/\/www.visit-ulcinj.com\/blog\/wp-json\/wp\/v2\/types\/post"}],"author":[{"embeddable":true,"href":"https:\/\/www.visit-ulcinj.com\/blog\/wp-json\/wp\/v2\/users\/1"}],"replies":[{"embeddable":true,"href":"https:\/\/www.visit-ulcinj.com\/blog\/wp-json\/wp\/v2\/comments?post=76885"}],"version-history":[{"count":1,"href":"https:\/\/www.visit-ulcinj.com\/blog\/wp-json\/wp\/v2\/posts\/76885\/revisions"}],"predecessor-version":[{"id":76887,"href":"https:\/\/www.visit-ulcinj.com\/blog\/wp-json\/wp\/v2\/posts\/76885\/revisions\/76887"}],"wp:attachment":[{"href":"https:\/\/www.visit-ulcinj.com\/blog\/wp-json\/wp\/v2\/media?parent=76885"}],"wp:term":[{"taxonomy":"category","embeddable":true,"href":"https:\/\/www.visit-ulcinj.com\/blog\/wp-json\/wp\/v2\/categories?post=76885"},{"taxonomy":"post_tag","embeddable":true,"href":"https:\/\/www.visit-ulcinj.com\/blog\/wp-json\/wp\/v2\/tags?post=76885"}],"curies":[{"name":"wp","href":"https:\/\/api.w.org\/{rel}","templated":true}]}}