{"id":76891,"date":"2013-12-03T18:00:38","date_gmt":"2013-12-03T17:00:38","guid":{"rendered":"http:\/\/www.visit-ulcinj.com\/blog\/?p=76891"},"modified":"2013-12-03T18:01:55","modified_gmt":"2013-12-03T17:01:55","slug":"u-ulcinjskoj-luci-jakuzi-barke-nijesu-sigurne-video","status":"publish","type":"post","link":"https:\/\/www.visit-ulcinj.com\/blog\/2013\/12\/03\/u-ulcinjskoj-luci-jakuzi-barke-nijesu-sigurne-video\/","title":{"rendered":"U Ulcinjskoj luci &#8220;Jakuzi&#8221; barke nijesu sigurne &#8211; Video"},"content":{"rendered":"<p><a href=\"http:\/\/www.visit-ulcinj.com\/blog\/wp-content\/uploads\/2013\/12\/U-Ulcinjskoj-luci-Jakuzi-barke-nijesu-sigurne.jpg\"><img loading=\"lazy\" class=\"alignleft  wp-image-76892\" alt=\"U Ulcinjskoj luci Jakuzi barke nijesu sigurne\" src=\"http:\/\/www.visit-ulcinj.com\/blog\/wp-content\/uploads\/2013\/12\/U-Ulcinjskoj-luci-Jakuzi-barke-nijesu-sigurne.jpg\" width=\"508\" height=\"360\" \/><\/a>Ulcinjanin Rade Mini\u0107 ostao je bez barke i skupocjenog motora u sna\u017enoj buri u nedjelju ve\u010de uprkos tome \u0161to je \u010damac ostavio uredno vezan u lu\u010dici Kacema ispod Starog grada. On je ju\u010de sa jo\u0161 nekoliko mje\u0161tana sa puta posmatrao djelove barke u praznoj lu\u010dici koji su plutali povr\u0161inom vode.<\/p>\n<p>\u201cSamo motor ko\u0161tao je oko dvije hiljade eura\u201d, ka\u017ee i slije\u017ee ramenima na pitanje za\u0161to barku nije izvukao na suvo.<\/p>\n<p>\u201cMislio sam da je ovdje sigurna\u201d, ka\u017ee on. Dodaje da nikad prije nego \u0161to je izgra\u0111ena lu\u010dica, u Kacemi nije potopljena barka usred nevremena.<\/p>\n<p>\u201cBarka je bila stara decenijama i u tome je njena vrijednost. Za mene je bila istinsko i neprocjenjivo bogatstvo. Istorija koju nikad i niko ne mo\u017ee napisati\u201d, emotivan je Mini\u0107.<\/p>\n<p><a href=\"http:\/\/www.visit-ulcinj.com\/blog\/wp-content\/uploads\/2013\/12\/U-Ulcinjskoj-luci-Jakuzi-barke-nijesu-sigurne-1.jpg\"><img loading=\"lazy\" class=\"alignleft  wp-image-76893\" alt=\"U Ulcinjskoj luci Jakuzi barke nijesu sigurne-1\" src=\"http:\/\/www.visit-ulcinj.com\/blog\/wp-content\/uploads\/2013\/12\/U-Ulcinjskoj-luci-Jakuzi-barke-nijesu-sigurne-1.jpg\" width=\"508\" height=\"360\" \/><\/a><\/p>\n<p>Da ironija bude ve\u0107a, na par metara od potopljene barke javno preduze\u0107e za upravljanje morskim dobrom, postavilo je tablu sa preciznim upustvima o vezivanju barki i zonama unutar Kaceme.<\/p>\n<p>U vrijeme kada su talasi potopili Mini\u0107evu barku, u Kacemi je bio jo\u0161 jedan ribarski \u010damac ali su mje\u0161tani uspjeli da ga spasu i izvuku.<\/p>\n<p>Ribari su upozoravali JP \u201cMorsko dobro\u201d, koje je bilo nosilac vrijedne investicije, da je Kacema iako vizuelno lijepa, potpuno nefunkcionalna i nesigurna kada je nevrijeme ili \u201esnije\u017eno more\u201c sa velikim talasima, kakvo je bilo u nedjelju i ju\u010de. Oni se \u017eale i na strmi navoz te skoro nemogu\u0107e izvla\u010denje barki iz Kaceme na ulicu zbog ograda. Ju\u010de se vidjelo i za\u0161to su ribari govorili da bi lukobran morao biti znatno du\u017ei &#8211; na kraju Kaceme gdje se vidjela potopljena barka, mora nije ni bilo.<\/p>\n<p>\u201cVidite i sami da je marina plitka. Tu barke ne mogu biti vezane jer more stalno nanosi pijesak u Kacemu\u201d, tvrde ribari. Oni su se po\u017ealili da na platou Kaceme ima mjesta samo za par barki.<\/p>\n<p>\u201cZato moramo da pla\u0107amo dizalice da nam barke izvuku na ulicu preko ograde\u201d. Ribari su ljetos imali verbalni sukob sa predstavnicima JP \u201cMorsko dobro\u201d koji su im govorili da barke ne mogu da postavljaju na plato ve\u0107 u Kacemi iako nije sigurna za njih. Jedan od njih im je \u010dak \u201esugerisao\u201c da barke nose ku\u0107i te \u201eda je marina dobra za koga je napravljena\u201c. Iz JP \u201cMorsko dobro\u201d \u201cVijestima\u201d je ju\u010de saop\u0161teno da lu\u010dica Kacema ima gra\u0111evinsku, ali ne i upotrebnu dozvolu.<\/p>\n<p><a href=\"http:\/\/www.visit-ulcinj.com\/blog\/wp-content\/uploads\/2013\/12\/U-Ulcinjskoj-luci-Jakuzi-barke-nijesu-sigurne-2.jpg\"><img loading=\"lazy\" class=\"alignleft  wp-image-76894\" alt=\"U Ulcinjskoj luci Jakuzi barke nijesu sigurne-2\" src=\"http:\/\/www.visit-ulcinj.com\/blog\/wp-content\/uploads\/2013\/12\/U-Ulcinjskoj-luci-Jakuzi-barke-nijesu-sigurne-2.jpg\" width=\"508\" height=\"360\" \/><\/a><\/p>\n<p>\u201cKacema nije bezbjedena za barke u slu\u010daju nevremena i to smo vi\u0161e puta javno kazali. Takav je slu\u010daj i sa ostalim sli\u010dnim lu\u010dicama\u201d, kazala je \u201cVijestima\u201d portparol JP \u201cMorsko dobro\u201d Jelena Jelu\u0161i\u0107.<\/p>\n<p>Podsjetila je da je javno preduze\u0107e sada limitirano kada su u pitanju dodatne investicije u Kacemi.<\/p>\n<p>\u201cOp\u0161tina Ulcinj ima 75 odsto ukupnih prihoda iz zone morskog dobra i ona odre\u0111uje prioritete. JP je na nedavnom sastanku predlo\u017eilo \u010di\u0161\u0107enje dna, odnosno pijeska iz Kaceme, ali \u0107e o tome odlu\u010diti Op\u0161tina\u201d, kazala je Jelu\u0161i\u0107.<\/p>\n<p><a href=\"http:\/\/www.vijesti.me\/vijesti\/barke-nijesu-sigurne-ulcinjskoj-luci-clanak-163874\" target=\"_blank\"><strong>Samir Adrovi\u0107<\/strong><\/a><br \/>\n<a href=\"http:\/\/www.vijesti.me\/vijesti\/barke-nijesu-sigurne-ulcinjskoj-luci-clanak-163874\" target=\"_blank\"><strong>Vijesti online<\/strong><\/a><\/p>\n<p><strong>Foto + Video Ismet Karamanaga Facebook<\/strong><\/p>\n<p><iframe loading=\"lazy\" src=\"\/\/www.youtube.com\/embed\/e3BDw8Cq_30\" height=\"360\" width=\"508\" allowfullscreen=\"\" frameborder=\"0\"><\/iframe><\/p>\n","protected":false},"excerpt":{"rendered":"<p>Ulcinjanin Rade Mini\u0107 ostao je bez barke i skupocjenog motora u sna\u017enoj buri u nedjelju ve\u010de uprkos tome \u0161to je \u010damac ostavio uredno vezan u lu\u010dici Kacema ispod Starog grada. On je ju\u010de sa jo\u0161 nekoliko mje\u0161tana sa puta posmatrao djelove barke u praznoj lu\u010dici koji su plutali povr\u0161inom vode. \u201cSamo motor ko\u0161tao je oko [&hellip;]<\/p>\n","protected":false},"author":1,"featured_media":0,"comment_status":"closed","ping_status":"closed","sticky":false,"template":"","format":"standard","meta":{"spay_email":"","jetpack_publicize_message":"","jetpack_is_tweetstorm":false,"jetpack_publicize_feature_enabled":true},"categories":[8337],"tags":[],"jetpack_publicize_connections":[],"yoast_head":"<!-- This site is optimized with the Yoast SEO plugin v19.1 - https:\/\/yoast.com\/wordpress\/plugins\/seo\/ -->\n<title>U Ulcinjskoj luci &quot;Jakuzi&quot; barke nijesu sigurne - Video - Lajme nga Ulqini<\/title>\n<meta name=\"description\" content=\"Ulcinjanin Rade Mini\u0107 ostao je bez barke i skupocjenog motora u sna\u017enoj buri u nedjelju ve\u010de uprkos tome \u0161to je \u010damac ostavio uredno vezan u lu\u010dici Kacema\" \/>\n<meta name=\"robots\" content=\"index, follow, max-snippet:-1, max-image-preview:large, max-video-preview:-1\" \/>\n<link rel=\"canonical\" href=\"https:\/\/www.visit-ulcinj.com\/blog\/2013\/12\/03\/u-ulcinjskoj-luci-jakuzi-barke-nijesu-sigurne-video\/\" \/>\n<meta property=\"og:locale\" content=\"en_US\" \/>\n<meta property=\"og:type\" content=\"article\" \/>\n<meta property=\"og:title\" content=\"U Ulcinjskoj luci &quot;Jakuzi&quot; barke nijesu sigurne - Video - Lajme nga Ulqini\" \/>\n<meta property=\"og:description\" content=\"Ulcinjanin Rade Mini\u0107 ostao je bez barke i skupocjenog motora u sna\u017enoj buri u nedjelju ve\u010de uprkos tome \u0161to je \u010damac ostavio uredno vezan u lu\u010dici Kacema\" \/>\n<meta property=\"og:url\" content=\"https:\/\/www.visit-ulcinj.com\/blog\/2013\/12\/03\/u-ulcinjskoj-luci-jakuzi-barke-nijesu-sigurne-video\/\" \/>\n<meta property=\"og:site_name\" content=\"Lajme nga Ulqini\" \/>\n<meta property=\"article:published_time\" content=\"2013-12-03T17:00:38+00:00\" \/>\n<meta property=\"article:modified_time\" content=\"2013-12-03T17:01:55+00:00\" \/>\n<meta property=\"og:image\" content=\"http:\/\/www.visit-ulcinj.com\/blog\/wp-content\/uploads\/2013\/12\/U-Ulcinjskoj-luci-Jakuzi-barke-nijesu-sigurne.jpg\" \/>\n<meta name=\"twitter:label1\" content=\"Written by\" \/>\n\t<meta name=\"twitter:data1\" content=\"ulqini\" \/>\n\t<meta name=\"twitter:label2\" content=\"Est. reading time\" \/>\n\t<meta name=\"twitter:data2\" content=\"3 minutes\" \/>\n<script type=\"application\/ld+json\" class=\"yoast-schema-graph\">{\"@context\":\"https:\/\/schema.org\",\"@graph\":[{\"@type\":\"WebSite\",\"@id\":\"https:\/\/www.visit-ulcinj.com\/blog\/#website\",\"url\":\"https:\/\/www.visit-ulcinj.com\/blog\/\",\"name\":\"Lajme nga Ulqini\",\"description\":\"Lajme,Vijesti,Ulqini,Ulqin,Crna Gora,Mali i Zi\",\"potentialAction\":[{\"@type\":\"SearchAction\",\"target\":{\"@type\":\"EntryPoint\",\"urlTemplate\":\"https:\/\/www.visit-ulcinj.com\/blog\/?s={search_term_string}\"},\"query-input\":\"required name=search_term_string\"}],\"inLanguage\":\"en-US\"},{\"@type\":\"ImageObject\",\"inLanguage\":\"en-US\",\"@id\":\"https:\/\/www.visit-ulcinj.com\/blog\/2013\/12\/03\/u-ulcinjskoj-luci-jakuzi-barke-nijesu-sigurne-video\/#primaryimage\",\"url\":\"https:\/\/www.visit-ulcinj.com\/blog\/wp-content\/uploads\/2013\/12\/U-Ulcinjskoj-luci-Jakuzi-barke-nijesu-sigurne.jpg\",\"contentUrl\":\"https:\/\/www.visit-ulcinj.com\/blog\/wp-content\/uploads\/2013\/12\/U-Ulcinjskoj-luci-Jakuzi-barke-nijesu-sigurne.jpg\",\"width\":960,\"height\":720},{\"@type\":\"WebPage\",\"@id\":\"https:\/\/www.visit-ulcinj.com\/blog\/2013\/12\/03\/u-ulcinjskoj-luci-jakuzi-barke-nijesu-sigurne-video\/#webpage\",\"url\":\"https:\/\/www.visit-ulcinj.com\/blog\/2013\/12\/03\/u-ulcinjskoj-luci-jakuzi-barke-nijesu-sigurne-video\/\",\"name\":\"U Ulcinjskoj luci \\\"Jakuzi\\\" barke nijesu sigurne - Video - Lajme nga Ulqini\",\"isPartOf\":{\"@id\":\"https:\/\/www.visit-ulcinj.com\/blog\/#website\"},\"primaryImageOfPage\":{\"@id\":\"https:\/\/www.visit-ulcinj.com\/blog\/2013\/12\/03\/u-ulcinjskoj-luci-jakuzi-barke-nijesu-sigurne-video\/#primaryimage\"},\"datePublished\":\"2013-12-03T17:00:38+00:00\",\"dateModified\":\"2013-12-03T17:01:55+00:00\",\"author\":{\"@id\":\"https:\/\/www.visit-ulcinj.com\/blog\/#\/schema\/person\/dcab619c614d3038751c63bc2aadc06d\"},\"description\":\"Ulcinjanin Rade Mini\u0107 ostao je bez barke i skupocjenog motora u sna\u017enoj buri u nedjelju ve\u010de uprkos tome \u0161to je \u010damac ostavio uredno vezan u lu\u010dici Kacema\",\"breadcrumb\":{\"@id\":\"https:\/\/www.visit-ulcinj.com\/blog\/2013\/12\/03\/u-ulcinjskoj-luci-jakuzi-barke-nijesu-sigurne-video\/#breadcrumb\"},\"inLanguage\":\"en-US\",\"potentialAction\":[{\"@type\":\"ReadAction\",\"target\":[\"https:\/\/www.visit-ulcinj.com\/blog\/2013\/12\/03\/u-ulcinjskoj-luci-jakuzi-barke-nijesu-sigurne-video\/\"]}]},{\"@type\":\"BreadcrumbList\",\"@id\":\"https:\/\/www.visit-ulcinj.com\/blog\/2013\/12\/03\/u-ulcinjskoj-luci-jakuzi-barke-nijesu-sigurne-video\/#breadcrumb\",\"itemListElement\":[{\"@type\":\"ListItem\",\"position\":1,\"name\":\"U Ulcinjskoj luci &#8220;Jakuzi&#8221; barke nijesu sigurne &#8211; Video\"}]},{\"@type\":\"Person\",\"@id\":\"https:\/\/www.visit-ulcinj.com\/blog\/#\/schema\/person\/dcab619c614d3038751c63bc2aadc06d\",\"name\":\"ulqini\",\"sameAs\":[\"http:\/\/www.visit-ulcinj.com\"],\"url\":\"https:\/\/www.visit-ulcinj.com\/blog\/author\/admin\/\"}]}<\/script>\n<!-- \/ Yoast SEO plugin. -->","yoast_head_json":{"title":"U Ulcinjskoj luci \"Jakuzi\" barke nijesu sigurne - Video - Lajme nga Ulqini","description":"Ulcinjanin Rade Mini\u0107 ostao je bez barke i skupocjenog motora u sna\u017enoj buri u nedjelju ve\u010de uprkos tome \u0161to je \u010damac ostavio uredno vezan u lu\u010dici Kacema","robots":{"index":"index","follow":"follow","max-snippet":"max-snippet:-1","max-image-preview":"max-image-preview:large","max-video-preview":"max-video-preview:-1"},"canonical":"https:\/\/www.visit-ulcinj.com\/blog\/2013\/12\/03\/u-ulcinjskoj-luci-jakuzi-barke-nijesu-sigurne-video\/","og_locale":"en_US","og_type":"article","og_title":"U Ulcinjskoj luci \"Jakuzi\" barke nijesu sigurne - Video - Lajme nga Ulqini","og_description":"Ulcinjanin Rade Mini\u0107 ostao je bez barke i skupocjenog motora u sna\u017enoj buri u nedjelju ve\u010de uprkos tome \u0161to je \u010damac ostavio uredno vezan u lu\u010dici Kacema","og_url":"https:\/\/www.visit-ulcinj.com\/blog\/2013\/12\/03\/u-ulcinjskoj-luci-jakuzi-barke-nijesu-sigurne-video\/","og_site_name":"Lajme nga Ulqini","article_published_time":"2013-12-03T17:00:38+00:00","article_modified_time":"2013-12-03T17:01:55+00:00","og_image":[{"url":"http:\/\/www.visit-ulcinj.com\/blog\/wp-content\/uploads\/2013\/12\/U-Ulcinjskoj-luci-Jakuzi-barke-nijesu-sigurne.jpg"}],"twitter_misc":{"Written by":"ulqini","Est. reading time":"3 minutes"},"schema":{"@context":"https:\/\/schema.org","@graph":[{"@type":"WebSite","@id":"https:\/\/www.visit-ulcinj.com\/blog\/#website","url":"https:\/\/www.visit-ulcinj.com\/blog\/","name":"Lajme nga Ulqini","description":"Lajme,Vijesti,Ulqini,Ulqin,Crna Gora,Mali i Zi","potentialAction":[{"@type":"SearchAction","target":{"@type":"EntryPoint","urlTemplate":"https:\/\/www.visit-ulcinj.com\/blog\/?s={search_term_string}"},"query-input":"required name=search_term_string"}],"inLanguage":"en-US"},{"@type":"ImageObject","inLanguage":"en-US","@id":"https:\/\/www.visit-ulcinj.com\/blog\/2013\/12\/03\/u-ulcinjskoj-luci-jakuzi-barke-nijesu-sigurne-video\/#primaryimage","url":"https:\/\/www.visit-ulcinj.com\/blog\/wp-content\/uploads\/2013\/12\/U-Ulcinjskoj-luci-Jakuzi-barke-nijesu-sigurne.jpg","contentUrl":"https:\/\/www.visit-ulcinj.com\/blog\/wp-content\/uploads\/2013\/12\/U-Ulcinjskoj-luci-Jakuzi-barke-nijesu-sigurne.jpg","width":960,"height":720},{"@type":"WebPage","@id":"https:\/\/www.visit-ulcinj.com\/blog\/2013\/12\/03\/u-ulcinjskoj-luci-jakuzi-barke-nijesu-sigurne-video\/#webpage","url":"https:\/\/www.visit-ulcinj.com\/blog\/2013\/12\/03\/u-ulcinjskoj-luci-jakuzi-barke-nijesu-sigurne-video\/","name":"U Ulcinjskoj luci \"Jakuzi\" barke nijesu sigurne - Video - Lajme nga Ulqini","isPartOf":{"@id":"https:\/\/www.visit-ulcinj.com\/blog\/#website"},"primaryImageOfPage":{"@id":"https:\/\/www.visit-ulcinj.com\/blog\/2013\/12\/03\/u-ulcinjskoj-luci-jakuzi-barke-nijesu-sigurne-video\/#primaryimage"},"datePublished":"2013-12-03T17:00:38+00:00","dateModified":"2013-12-03T17:01:55+00:00","author":{"@id":"https:\/\/www.visit-ulcinj.com\/blog\/#\/schema\/person\/dcab619c614d3038751c63bc2aadc06d"},"description":"Ulcinjanin Rade Mini\u0107 ostao je bez barke i skupocjenog motora u sna\u017enoj buri u nedjelju ve\u010de uprkos tome \u0161to je \u010damac ostavio uredno vezan u lu\u010dici Kacema","breadcrumb":{"@id":"https:\/\/www.visit-ulcinj.com\/blog\/2013\/12\/03\/u-ulcinjskoj-luci-jakuzi-barke-nijesu-sigurne-video\/#breadcrumb"},"inLanguage":"en-US","potentialAction":[{"@type":"ReadAction","target":["https:\/\/www.visit-ulcinj.com\/blog\/2013\/12\/03\/u-ulcinjskoj-luci-jakuzi-barke-nijesu-sigurne-video\/"]}]},{"@type":"BreadcrumbList","@id":"https:\/\/www.visit-ulcinj.com\/blog\/2013\/12\/03\/u-ulcinjskoj-luci-jakuzi-barke-nijesu-sigurne-video\/#breadcrumb","itemListElement":[{"@type":"ListItem","position":1,"name":"U Ulcinjskoj luci &#8220;Jakuzi&#8221; barke nijesu sigurne &#8211; Video"}]},{"@type":"Person","@id":"https:\/\/www.visit-ulcinj.com\/blog\/#\/schema\/person\/dcab619c614d3038751c63bc2aadc06d","name":"ulqini","sameAs":["http:\/\/www.visit-ulcinj.com"],"url":"https:\/\/www.visit-ulcinj.com\/blog\/author\/admin\/"}]}},"jetpack_featured_media_url":"","jetpack_sharing_enabled":true,"jetpack_shortlink":"https:\/\/wp.me\/pe6lTn-k0b","_links":{"self":[{"href":"https:\/\/www.visit-ulcinj.com\/blog\/wp-json\/wp\/v2\/posts\/76891"}],"collection":[{"href":"https:\/\/www.visit-ulcinj.com\/blog\/wp-json\/wp\/v2\/posts"}],"about":[{"href":"https:\/\/www.visit-ulcinj.com\/blog\/wp-json\/wp\/v2\/types\/post"}],"author":[{"embeddable":true,"href":"https:\/\/www.visit-ulcinj.com\/blog\/wp-json\/wp\/v2\/users\/1"}],"replies":[{"embeddable":true,"href":"https:\/\/www.visit-ulcinj.com\/blog\/wp-json\/wp\/v2\/comments?post=76891"}],"version-history":[{"count":2,"href":"https:\/\/www.visit-ulcinj.com\/blog\/wp-json\/wp\/v2\/posts\/76891\/revisions"}],"predecessor-version":[{"id":76896,"href":"https:\/\/www.visit-ulcinj.com\/blog\/wp-json\/wp\/v2\/posts\/76891\/revisions\/76896"}],"wp:attachment":[{"href":"https:\/\/www.visit-ulcinj.com\/blog\/wp-json\/wp\/v2\/media?parent=76891"}],"wp:term":[{"taxonomy":"category","embeddable":true,"href":"https:\/\/www.visit-ulcinj.com\/blog\/wp-json\/wp\/v2\/categories?post=76891"},{"taxonomy":"post_tag","embeddable":true,"href":"https:\/\/www.visit-ulcinj.com\/blog\/wp-json\/wp\/v2\/tags?post=76891"}],"curies":[{"name":"wp","href":"https:\/\/api.w.org\/{rel}","templated":true}]}}