{"id":76928,"date":"2013-12-04T08:32:18","date_gmt":"2013-12-04T07:32:18","guid":{"rendered":"http:\/\/www.visit-ulcinj.com\/blog\/?p=76928"},"modified":"2013-12-05T16:55:18","modified_gmt":"2013-12-05T15:55:18","slug":"esad-kraja-u-stolis-medalje-te-arte-ne-durres","status":"publish","type":"post","link":"https:\/\/www.visit-ulcinj.com\/blog\/2013\/12\/04\/esad-kraja-u-stolis-medalje-te-arte-ne-durres\/","title":{"rendered":"Esad Kraja u stolis me medalje t\u00eb art\u00eb n\u00eb Durr\u00ebs"},"content":{"rendered":"<p><strong><a href=\"http:\/\/www.visit-ulcinj.com\/blog\/wp-content\/uploads\/2013\/12\/Esad-Kraja-medalje-t\u00eb-art\u00eb-n\u00eb-Durr\u00ebs.jpg\"><img loading=\"lazy\" class=\"alignleft size-full wp-image-76929\" alt=\"Esad Kraja-medalje t\u00eb art\u00eb n\u00eb -Durr\u00ebs\" src=\"http:\/\/www.visit-ulcinj.com\/blog\/wp-content\/uploads\/2013\/12\/Esad-Kraja-medalje-t\u00eb-art\u00eb-n\u00eb-Durr\u00ebs.jpg\" width=\"508\" height=\"578\" srcset=\"https:\/\/www.visit-ulcinj.com\/blog\/wp-content\/uploads\/2013\/12\/Esad-Kraja-medalje-t\u00eb-art\u00eb-n\u00eb-Durr\u00ebs.jpg 508w, https:\/\/www.visit-ulcinj.com\/blog\/wp-content\/uploads\/2013\/12\/Esad-Kraja-medalje-t\u00eb-art\u00eb-n\u00eb-Durr\u00ebs-263x300.jpg 263w\" sizes=\"(max-width: 508px) 100vw, 508px\" \/><\/a>Taekwondo Ulqini suksesi i radh\u00ebs.<\/strong><\/p>\n<p>Me dat\u00eb 01.12.2013 n\u00eb Durr\u00ebs u mbajt\u00eb turneu nd\u00ebrkomb\u00ebtar\u00eb n\u00eb sportin olimpik t\u00eb Taekwondo-s\u00eb.<\/p>\n<p>N\u00eb k\u00ebt\u00eb turne morr\u00ebn pjes\u00eb rreth 170 garues nga Shqip\u00ebria, Maqedonia, Greqia, Mali i Zi.<\/p>\n<p>N\u00eb k\u00ebt\u00eb turne u paraqit edhe klubi i Taekwondo-s\u00eb Ulqini i cili u p\u00ebrfaq\u00ebsua me kat\u00ebr garues. Taekwondo Ulqini fiton 3 medalje, nj\u00eb medalje t\u00eb art\u00eb, nj\u00eb t\u00eb argjend dhe nj\u00eb t\u00eb bronzit.<\/p>\n<p>Esad Kraja fiton medaljen e art\u00eb i cili arrin\u00eb t\u00eb fitoj tre ndeshje n\u00eb kategorin\u00eb kadet i ri, pesha -32kg.<\/p>\n<p>Artan Fici fiton medaljen e argjend i cili arrin\u00eb deri n\u00eb finale, nd\u00ebrsa n\u00eb finale humb\u00eb nga garuesi Grek.<\/p>\n<p>Garuesja tjeter e cila u kurorzua me medalje \u00ebsht\u00eb edhe Medina Kanaqi e cila fiton medaljen e bronzit.<\/p>\n<p>&nbsp;<\/p>\n<p>Falenderojm\u00eb t\u00eb gjiht\u00eb sponsor\u00ebt p\u00ebr p\u00ebrkrahje financiare.<\/p>\n<h5 data-ft=\"{&quot;tn&quot;:&quot;C&quot;}\"><a id=\"js_21\" href=\"https:\/\/www.facebook.com\/taekwondo.ulqini\" data-ft=\"{&quot;tn&quot;:&quot;l&quot;}\" data-hovercard=\"\/ajax\/hovercard\/user.php?id=100002842451824\">Taekwon Do Ulqini<\/a> Facebook<\/h5>\n\n\t\t<style type=\"text\/css\">\n\t\t\t#gallery-1 {\n\t\t\t\tmargin: auto;\n\t\t\t}\n\t\t\t#gallery-1 .gallery-item {\n\t\t\t\tfloat: left;\n\t\t\t\tmargin-top: 10px;\n\t\t\t\ttext-align: center;\n\t\t\t\twidth: 33%;\n\t\t\t}\n\t\t\t#gallery-1 img {\n\t\t\t\tborder: 2px solid #cfcfcf;\n\t\t\t}\n\t\t\t#gallery-1 .gallery-caption {\n\t\t\t\tmargin-left: 0;\n\t\t\t}\n\t\t\t\/* see gallery_shortcode() in wp-includes\/media.php *\/\n\t\t<\/style>\n\t\t<div id='gallery-1' class='gallery galleryid-76928 gallery-columns-3 gallery-size-thumbnail'><dl class='gallery-item'>\n\t\t\t<dt class='gallery-icon landscape'>\n\t\t\t\t<a href='https:\/\/www.visit-ulcinj.com\/blog\/2013\/12\/04\/esad-kraja-u-stolis-medalje-te-arte-ne-durres\/taekwondo-ulqini-durres-2013\/'><img width=\"150\" height=\"150\" src=\"https:\/\/www.visit-ulcinj.com\/blog\/wp-content\/uploads\/2013\/12\/Taekwondo-Ulqini-Durres-2013-150x150.jpg\" class=\"attachment-thumbnail size-thumbnail\" alt=\"\" loading=\"lazy\" \/><\/a>\n\t\t\t<\/dt><\/dl><dl class='gallery-item'>\n\t\t\t<dt class='gallery-icon landscape'>\n\t\t\t\t<a href='https:\/\/www.visit-ulcinj.com\/blog\/2013\/12\/04\/esad-kraja-u-stolis-medalje-te-arte-ne-durres\/taekwondo-ulqini-durres-2013-1\/'><img width=\"150\" height=\"150\" src=\"https:\/\/www.visit-ulcinj.com\/blog\/wp-content\/uploads\/2013\/12\/Taekwondo-Ulqini-Durres-2013-1-150x150.jpg\" class=\"attachment-thumbnail size-thumbnail\" alt=\"\" loading=\"lazy\" \/><\/a>\n\t\t\t<\/dt><\/dl><dl class='gallery-item'>\n\t\t\t<dt class='gallery-icon portrait'>\n\t\t\t\t<a href='https:\/\/www.visit-ulcinj.com\/blog\/2013\/12\/04\/esad-kraja-u-stolis-medalje-te-arte-ne-durres\/taekwondo-ulqini-durres-2013-2\/'><img width=\"150\" height=\"150\" src=\"https:\/\/www.visit-ulcinj.com\/blog\/wp-content\/uploads\/2013\/12\/Taekwondo-Ulqini-Durres-2013-2-150x150.jpg\" class=\"attachment-thumbnail size-thumbnail\" alt=\"\" loading=\"lazy\" \/><\/a>\n\t\t\t<\/dt><\/dl><br style=\"clear: both\" \/><dl class='gallery-item'>\n\t\t\t<dt class='gallery-icon portrait'>\n\t\t\t\t<a href='https:\/\/www.visit-ulcinj.com\/blog\/2013\/12\/04\/esad-kraja-u-stolis-medalje-te-arte-ne-durres\/taekwondo-ulqini-durres-2013-3\/'><img width=\"150\" height=\"150\" src=\"https:\/\/www.visit-ulcinj.com\/blog\/wp-content\/uploads\/2013\/12\/Taekwondo-Ulqini-Durres-2013-3-150x150.jpg\" class=\"attachment-thumbnail size-thumbnail\" alt=\"\" loading=\"lazy\" \/><\/a>\n\t\t\t<\/dt><\/dl><dl class='gallery-item'>\n\t\t\t<dt class='gallery-icon portrait'>\n\t\t\t\t<a href='https:\/\/www.visit-ulcinj.com\/blog\/2013\/12\/04\/esad-kraja-u-stolis-medalje-te-arte-ne-durres\/taekwondo-ulqini-durres-2013-4\/'><img width=\"150\" height=\"150\" src=\"https:\/\/www.visit-ulcinj.com\/blog\/wp-content\/uploads\/2013\/12\/Taekwondo-Ulqini-Durres-2013-4-150x150.jpg\" class=\"attachment-thumbnail size-thumbnail\" alt=\"\" loading=\"lazy\" \/><\/a>\n\t\t\t<\/dt><\/dl><dl class='gallery-item'>\n\t\t\t<dt class='gallery-icon portrait'>\n\t\t\t\t<a href='https:\/\/www.visit-ulcinj.com\/blog\/2013\/12\/04\/esad-kraja-u-stolis-medalje-te-arte-ne-durres\/taekwondo-ulqini-durres-2013-5\/'><img width=\"150\" height=\"150\" src=\"https:\/\/www.visit-ulcinj.com\/blog\/wp-content\/uploads\/2013\/12\/Taekwondo-Ulqini-Durres-2013-5-150x150.jpg\" class=\"attachment-thumbnail size-thumbnail\" alt=\"\" loading=\"lazy\" \/><\/a>\n\t\t\t<\/dt><\/dl><br style=\"clear: both\" \/>\n\t\t<\/div>\n\n","protected":false},"excerpt":{"rendered":"<p>Taekwondo Ulqini suksesi i radh\u00ebs. Me dat\u00eb 01.12.2013 n\u00eb Durr\u00ebs u mbajt\u00eb turneu nd\u00ebrkomb\u00ebtar\u00eb n\u00eb sportin olimpik t\u00eb Taekwondo-s\u00eb. N\u00eb k\u00ebt\u00eb turne morr\u00ebn pjes\u00eb rreth 170 garues nga Shqip\u00ebria, Maqedonia, Greqia, Mali i Zi. N\u00eb k\u00ebt\u00eb turne u paraqit edhe klubi i Taekwondo-s\u00eb Ulqini i cili u p\u00ebrfaq\u00ebsua me kat\u00ebr garues. Taekwondo Ulqini fiton 3 [&hellip;]<\/p>\n","protected":false},"author":1,"featured_media":0,"comment_status":"closed","ping_status":"closed","sticky":false,"template":"","format":"standard","meta":{"spay_email":"","jetpack_publicize_message":"","jetpack_is_tweetstorm":false,"jetpack_publicize_feature_enabled":true},"categories":[1,3],"tags":[],"jetpack_publicize_connections":[],"yoast_head":"<!-- This site is optimized with the Yoast SEO plugin v19.1 - https:\/\/yoast.com\/wordpress\/plugins\/seo\/ -->\n<title>Esad Kraja u stolis me medalje t\u00eb art\u00eb n\u00eb Durr\u00ebs - Lajme nga Ulqini<\/title>\n<meta name=\"description\" content=\"Taekwondo Ulqini suksesi i radh\u00ebs. Me dat\u00eb 01.12.2013 n\u00eb Durr\u00ebs u mbajt\u00eb turneu nd\u00ebrkomb\u00ebtar\u00eb n\u00eb sportin olimpik t\u00eb Taekwondo-s\u00eb. N\u00eb k\u00ebt\u00eb turne morr\u00ebn\" \/>\n<meta name=\"robots\" content=\"index, follow, max-snippet:-1, max-image-preview:large, max-video-preview:-1\" \/>\n<link rel=\"canonical\" href=\"https:\/\/www.visit-ulcinj.com\/blog\/2013\/12\/04\/esad-kraja-u-stolis-medalje-te-arte-ne-durres\/\" \/>\n<meta property=\"og:locale\" content=\"en_US\" \/>\n<meta property=\"og:type\" content=\"article\" \/>\n<meta property=\"og:title\" content=\"Esad Kraja u stolis me medalje t\u00eb art\u00eb n\u00eb Durr\u00ebs - Lajme nga Ulqini\" \/>\n<meta property=\"og:description\" content=\"Taekwondo Ulqini suksesi i radh\u00ebs. Me dat\u00eb 01.12.2013 n\u00eb Durr\u00ebs u mbajt\u00eb turneu nd\u00ebrkomb\u00ebtar\u00eb n\u00eb sportin olimpik t\u00eb Taekwondo-s\u00eb. N\u00eb k\u00ebt\u00eb turne morr\u00ebn\" \/>\n<meta property=\"og:url\" content=\"https:\/\/www.visit-ulcinj.com\/blog\/2013\/12\/04\/esad-kraja-u-stolis-medalje-te-arte-ne-durres\/\" \/>\n<meta property=\"og:site_name\" content=\"Lajme nga Ulqini\" \/>\n<meta property=\"article:published_time\" content=\"2013-12-04T07:32:18+00:00\" \/>\n<meta property=\"article:modified_time\" content=\"2013-12-05T15:55:18+00:00\" \/>\n<meta property=\"og:image\" content=\"https:\/\/www.visit-ulcinj.com\/blog\/wp-content\/uploads\/2013\/12\/Taekwondo-Ulqini-Durres-2013-150x150.jpg\" \/>\n<meta name=\"twitter:label1\" content=\"Written by\" \/>\n\t<meta name=\"twitter:data1\" content=\"ulqini\" \/>\n\t<meta name=\"twitter:label2\" content=\"Est. reading time\" \/>\n\t<meta name=\"twitter:data2\" content=\"1 minute\" \/>\n<script type=\"application\/ld+json\" class=\"yoast-schema-graph\">{\"@context\":\"https:\/\/schema.org\",\"@graph\":[{\"@type\":\"WebSite\",\"@id\":\"https:\/\/www.visit-ulcinj.com\/blog\/#website\",\"url\":\"https:\/\/www.visit-ulcinj.com\/blog\/\",\"name\":\"Lajme nga Ulqini\",\"description\":\"Lajme,Vijesti,Ulqini,Ulqin,Crna Gora,Mali i Zi\",\"potentialAction\":[{\"@type\":\"SearchAction\",\"target\":{\"@type\":\"EntryPoint\",\"urlTemplate\":\"https:\/\/www.visit-ulcinj.com\/blog\/?s={search_term_string}\"},\"query-input\":\"required name=search_term_string\"}],\"inLanguage\":\"en-US\"},{\"@type\":\"WebPage\",\"@id\":\"https:\/\/www.visit-ulcinj.com\/blog\/2013\/12\/04\/esad-kraja-u-stolis-medalje-te-arte-ne-durres\/#webpage\",\"url\":\"https:\/\/www.visit-ulcinj.com\/blog\/2013\/12\/04\/esad-kraja-u-stolis-medalje-te-arte-ne-durres\/\",\"name\":\"Esad Kraja u stolis me medalje t\u00eb art\u00eb n\u00eb Durr\u00ebs - Lajme nga Ulqini\",\"isPartOf\":{\"@id\":\"https:\/\/www.visit-ulcinj.com\/blog\/#website\"},\"datePublished\":\"2013-12-04T07:32:18+00:00\",\"dateModified\":\"2013-12-05T15:55:18+00:00\",\"author\":{\"@id\":\"https:\/\/www.visit-ulcinj.com\/blog\/#\/schema\/person\/dcab619c614d3038751c63bc2aadc06d\"},\"description\":\"Taekwondo Ulqini suksesi i radh\u00ebs. Me dat\u00eb 01.12.2013 n\u00eb Durr\u00ebs u mbajt\u00eb turneu nd\u00ebrkomb\u00ebtar\u00eb n\u00eb sportin olimpik t\u00eb Taekwondo-s\u00eb. N\u00eb k\u00ebt\u00eb turne morr\u00ebn\",\"breadcrumb\":{\"@id\":\"https:\/\/www.visit-ulcinj.com\/blog\/2013\/12\/04\/esad-kraja-u-stolis-medalje-te-arte-ne-durres\/#breadcrumb\"},\"inLanguage\":\"en-US\",\"potentialAction\":[{\"@type\":\"ReadAction\",\"target\":[\"https:\/\/www.visit-ulcinj.com\/blog\/2013\/12\/04\/esad-kraja-u-stolis-medalje-te-arte-ne-durres\/\"]}]},{\"@type\":\"BreadcrumbList\",\"@id\":\"https:\/\/www.visit-ulcinj.com\/blog\/2013\/12\/04\/esad-kraja-u-stolis-medalje-te-arte-ne-durres\/#breadcrumb\",\"itemListElement\":[{\"@type\":\"ListItem\",\"position\":1,\"name\":\"Esad Kraja u stolis me medalje t\u00eb art\u00eb n\u00eb Durr\u00ebs\"}]},{\"@type\":\"Person\",\"@id\":\"https:\/\/www.visit-ulcinj.com\/blog\/#\/schema\/person\/dcab619c614d3038751c63bc2aadc06d\",\"name\":\"ulqini\",\"sameAs\":[\"http:\/\/www.visit-ulcinj.com\"],\"url\":\"https:\/\/www.visit-ulcinj.com\/blog\/author\/admin\/\"}]}<\/script>\n<!-- \/ Yoast SEO plugin. -->","yoast_head_json":{"title":"Esad Kraja u stolis me medalje t\u00eb art\u00eb n\u00eb Durr\u00ebs - Lajme nga Ulqini","description":"Taekwondo Ulqini suksesi i radh\u00ebs. Me dat\u00eb 01.12.2013 n\u00eb Durr\u00ebs u mbajt\u00eb turneu nd\u00ebrkomb\u00ebtar\u00eb n\u00eb sportin olimpik t\u00eb Taekwondo-s\u00eb. N\u00eb k\u00ebt\u00eb turne morr\u00ebn","robots":{"index":"index","follow":"follow","max-snippet":"max-snippet:-1","max-image-preview":"max-image-preview:large","max-video-preview":"max-video-preview:-1"},"canonical":"https:\/\/www.visit-ulcinj.com\/blog\/2013\/12\/04\/esad-kraja-u-stolis-medalje-te-arte-ne-durres\/","og_locale":"en_US","og_type":"article","og_title":"Esad Kraja u stolis me medalje t\u00eb art\u00eb n\u00eb Durr\u00ebs - Lajme nga Ulqini","og_description":"Taekwondo Ulqini suksesi i radh\u00ebs. Me dat\u00eb 01.12.2013 n\u00eb Durr\u00ebs u mbajt\u00eb turneu nd\u00ebrkomb\u00ebtar\u00eb n\u00eb sportin olimpik t\u00eb Taekwondo-s\u00eb. N\u00eb k\u00ebt\u00eb turne morr\u00ebn","og_url":"https:\/\/www.visit-ulcinj.com\/blog\/2013\/12\/04\/esad-kraja-u-stolis-medalje-te-arte-ne-durres\/","og_site_name":"Lajme nga Ulqini","article_published_time":"2013-12-04T07:32:18+00:00","article_modified_time":"2013-12-05T15:55:18+00:00","og_image":[{"url":"https:\/\/www.visit-ulcinj.com\/blog\/wp-content\/uploads\/2013\/12\/Taekwondo-Ulqini-Durres-2013-150x150.jpg"}],"twitter_misc":{"Written by":"ulqini","Est. reading time":"1 minute"},"schema":{"@context":"https:\/\/schema.org","@graph":[{"@type":"WebSite","@id":"https:\/\/www.visit-ulcinj.com\/blog\/#website","url":"https:\/\/www.visit-ulcinj.com\/blog\/","name":"Lajme nga Ulqini","description":"Lajme,Vijesti,Ulqini,Ulqin,Crna Gora,Mali i Zi","potentialAction":[{"@type":"SearchAction","target":{"@type":"EntryPoint","urlTemplate":"https:\/\/www.visit-ulcinj.com\/blog\/?s={search_term_string}"},"query-input":"required name=search_term_string"}],"inLanguage":"en-US"},{"@type":"WebPage","@id":"https:\/\/www.visit-ulcinj.com\/blog\/2013\/12\/04\/esad-kraja-u-stolis-medalje-te-arte-ne-durres\/#webpage","url":"https:\/\/www.visit-ulcinj.com\/blog\/2013\/12\/04\/esad-kraja-u-stolis-medalje-te-arte-ne-durres\/","name":"Esad Kraja u stolis me medalje t\u00eb art\u00eb n\u00eb Durr\u00ebs - Lajme nga Ulqini","isPartOf":{"@id":"https:\/\/www.visit-ulcinj.com\/blog\/#website"},"datePublished":"2013-12-04T07:32:18+00:00","dateModified":"2013-12-05T15:55:18+00:00","author":{"@id":"https:\/\/www.visit-ulcinj.com\/blog\/#\/schema\/person\/dcab619c614d3038751c63bc2aadc06d"},"description":"Taekwondo Ulqini suksesi i radh\u00ebs. Me dat\u00eb 01.12.2013 n\u00eb Durr\u00ebs u mbajt\u00eb turneu nd\u00ebrkomb\u00ebtar\u00eb n\u00eb sportin olimpik t\u00eb Taekwondo-s\u00eb. N\u00eb k\u00ebt\u00eb turne morr\u00ebn","breadcrumb":{"@id":"https:\/\/www.visit-ulcinj.com\/blog\/2013\/12\/04\/esad-kraja-u-stolis-medalje-te-arte-ne-durres\/#breadcrumb"},"inLanguage":"en-US","potentialAction":[{"@type":"ReadAction","target":["https:\/\/www.visit-ulcinj.com\/blog\/2013\/12\/04\/esad-kraja-u-stolis-medalje-te-arte-ne-durres\/"]}]},{"@type":"BreadcrumbList","@id":"https:\/\/www.visit-ulcinj.com\/blog\/2013\/12\/04\/esad-kraja-u-stolis-medalje-te-arte-ne-durres\/#breadcrumb","itemListElement":[{"@type":"ListItem","position":1,"name":"Esad Kraja u stolis me medalje t\u00eb art\u00eb n\u00eb Durr\u00ebs"}]},{"@type":"Person","@id":"https:\/\/www.visit-ulcinj.com\/blog\/#\/schema\/person\/dcab619c614d3038751c63bc2aadc06d","name":"ulqini","sameAs":["http:\/\/www.visit-ulcinj.com"],"url":"https:\/\/www.visit-ulcinj.com\/blog\/author\/admin\/"}]}},"jetpack_featured_media_url":"","jetpack_sharing_enabled":true,"jetpack_shortlink":"https:\/\/wp.me\/pe6lTn-k0M","_links":{"self":[{"href":"https:\/\/www.visit-ulcinj.com\/blog\/wp-json\/wp\/v2\/posts\/76928"}],"collection":[{"href":"https:\/\/www.visit-ulcinj.com\/blog\/wp-json\/wp\/v2\/posts"}],"about":[{"href":"https:\/\/www.visit-ulcinj.com\/blog\/wp-json\/wp\/v2\/types\/post"}],"author":[{"embeddable":true,"href":"https:\/\/www.visit-ulcinj.com\/blog\/wp-json\/wp\/v2\/users\/1"}],"replies":[{"embeddable":true,"href":"https:\/\/www.visit-ulcinj.com\/blog\/wp-json\/wp\/v2\/comments?post=76928"}],"version-history":[{"count":2,"href":"https:\/\/www.visit-ulcinj.com\/blog\/wp-json\/wp\/v2\/posts\/76928\/revisions"}],"predecessor-version":[{"id":76938,"href":"https:\/\/www.visit-ulcinj.com\/blog\/wp-json\/wp\/v2\/posts\/76928\/revisions\/76938"}],"wp:attachment":[{"href":"https:\/\/www.visit-ulcinj.com\/blog\/wp-json\/wp\/v2\/media?parent=76928"}],"wp:term":[{"taxonomy":"category","embeddable":true,"href":"https:\/\/www.visit-ulcinj.com\/blog\/wp-json\/wp\/v2\/categories?post=76928"},{"taxonomy":"post_tag","embeddable":true,"href":"https:\/\/www.visit-ulcinj.com\/blog\/wp-json\/wp\/v2\/tags?post=76928"}],"curies":[{"name":"wp","href":"https:\/\/api.w.org\/{rel}","templated":true}]}}