{"id":76939,"date":"2013-12-04T18:13:31","date_gmt":"2013-12-04T17:13:31","guid":{"rendered":"http:\/\/www.visit-ulcinj.com\/blog\/?p=76939"},"modified":"2013-12-06T09:57:25","modified_gmt":"2013-12-06T08:57:25","slug":"sekretar-raspisao-oglas-pa-konkurisao","status":"publish","type":"post","link":"https:\/\/www.visit-ulcinj.com\/blog\/2013\/12\/04\/sekretar-raspisao-oglas-pa-konkurisao\/","title":{"rendered":"Sekretar raspisao oglas, pa konkurisao"},"content":{"rendered":"<p><a href=\"http:\/\/www.visit-ulcinj.com\/blog\/wp-content\/uploads\/2013\/12\/Avdulla-Dervishi.jpg\"><img loading=\"lazy\" class=\"alignleft  wp-image-76978\" alt=\"Avdulla Dervishi-Sekretar Sekretarijata za komunalne poslove Avdula Dervi\u0161i \" src=\"http:\/\/www.visit-ulcinj.com\/blog\/wp-content\/uploads\/2013\/12\/Avdulla-Dervishi.jpg\" width=\"508\" height=\"336\" \/><\/a>Sekretar ulcinjskog Sekretarijata za komunalne poslove i funkcioner Force Avdula Dervi\u0161i raspisao je nedavno konkurs za mjesto samostalnog savjetnika u tom organu, a zatim se prijavio za tu funkciju. Lokalni izbori u Ulcinju zakazani su za 26. januar, a opozicija je ukazala da \u201ena ovaj na\u010din sekretari prave odstupnicu u slu\u010daju gubitka izbora, a sve kako bi se sa\u010duvali radna mjesta i privilegije\u201d.<br \/>\nU ulcinjskom odboru Socijalisti\u010dke narodne partije smatraju da bi ovaj slu\u010daj mogao da bude nazvan afera \u201eSnimak\u201c u produ\u017eenom trajanju. Oni su u saop\u0161tenju naveli da je razlika u tome \u0161to su akteri afere \u201eSnimak\u201d zapo\u0161ljavali svoje bli\u017enje, a \u201eovi u Ulcinju zapo\u0161ljavaju sebe\u201d.<br \/>\nIz SNP-a isti\u010du da ni\u0161ta ne bi bilo sporno, \u010dudno, niti sumnjivo da dokumentaciju za u\u010de\u0161\u0107e na navedeni konkurs za prijem u radni odnos nije podnio i sekretar pomenutog sekretarijata, koji, u krajnjem, nakon postupka provjere sposobnosti i procedure javnog oglasa, i donosi i potpisuje odluku o izboru najboljeg kandidata.<br \/>\n\u2013Ovaj slu\u010daj je klasi\u010dan primjer nepotizma, u korelaciji sa kr\u0161enjem brojnih zakona, a sve sa ciljem da se, pored postoje\u0107eg radnog mjesta, preko le\u0111a dr\u017eave dobije i zadr\u017ei jo\u0161 jedno radno mjesto \u2013 ocijenjeno je iz ulcinjskog SNP-a.<br \/>\nOni se pitaju da li je Dervi\u0161i svjestan da ovim aktima vr\u0161i sticaj krivi\u010dnih djela ka\u017enjivih po zakonu i da li \u0107e izabrati sebe za svog savjetnika, pa da istovremeno bude zaposlen po osnovu dva rje\u0161enja za rad. Zanima ih i kako sekretar misli da prilo\u017ei potvrdu sa Zavoda za zapo\u0161ljavanje da je nezaposlen kad je sekretar u Op\u0161tini.<br \/>\n\u2013Sve ovo se radi kako bi, ukoliko nakon 26. januara, za kada su zakazani vanredni izbori, do\u0111e do smjene vlasti i gubitka mjesta sekretara, ostali na poslu na mjestu savjetnika. Akteri ovog skandala pona\u0161aju se u duhu one narodne \u201eod vi\u0161ka glava ne boli\u201d. A da li boli op\u0161tinski bud\u017eet, to je za njih manje va\u017eno \u2013 navodi se u saop\u0161tenju SNP-a.<br \/>\nPredsjednik ulcinjskog odbora SNP-a Andrija \u0106etkovi\u0107 kazao je da se iz ovog slu\u010daja jasno vidi da se u vladaju\u0107u granituru uvukao veliki strah od gubitka vlasti.<br \/>\n\u2013O\u010dekujemo da reaguju nadle\u017eni dr\u017eavni organi, a ako ta reakcija izostane, ne preostaje nam ni\u0161ta drugo nego da sada\u0161njem sekretaru stisnemo \u0161aku, izljubimo ga, \u010destitamo mu i po\u017eelimo puno sre\u0107e u sekretarsko-savjetni\u010dkim poslovima \u2013 rekao je \u0106etkovi\u0107.<br \/>\nZa lidera Demokratske unije Albanaca (DUA) Mehmeta Zenku zloupotrebe prilikom zapo\u0161ljavanja u lokalnoj upravi ne predstavljaju veliko iznena\u0111enje.<br \/>\n\u2013 Kod ovakve vlasti sve je mogu\u0107e. Ipak, o\u010dekivani slijed doga\u0111aja nala\u017ee da prvo podnese ostavku, pa da tek onda konkuri\u0161e za to mjesto. Ne znam kako je mislio da se zaposli ako ve\u0107 ima posao. Koliko znam, sli\u010dan slu\u010daj desio se u jo\u0161 jednom sekretarijatu, mislim da je u pitanju Sekretarijat za administrativne poslove. To je jasan pokazatelj da se pravi odstupnica u slu\u010daju gubitka izbora, a sve kako bi se sa\u010duvala radna mjesta i privilegije \u2013 rekao je Zenka i dodao da \u0107e najbolji sud o svemu dati gra\u0111ani na predstoje\u0107im izborima.<br \/>\nPredsjednica odbora Nove srpske demokratije Ljiljana \u0110ura\u0161kovi\u0107 smatra da slu\u010daj sekretara Sekretarijata za komunalne poslove najavljuje velike zloupotrebe u predizbornoj kampanji. Prema njenim rije\u010dima, oni koji su na vlasti, kao i prije svih ranijih izbora, pokazuju nervozu i poku\u0161avaju na sve nedozvoljene na\u010dine da utvrde svoje pozicije.<br \/>\n&#8211; \u0160ta da o\u010dekujemo do 26. januara kada se ve\u0107 sada tako flagrantno kr\u0161i zakon. Po svemu sude\u0107i, u Forci se pribojavaju gubitka povjerenja gra\u0111ana \u010dim su spremni na ovakve egzibicije. Vlast im je mila, pa bi da je zadr\u017ee po svaku cijenu. DF o\u010dekuje reakciju nadle\u017enih i pa\u017eljivo \u0107e pratiti de\u0161avanja u lokalnoj upravi i upozoravati i na najmanje nepravilnosti \u2013 poru\u010dila je \u0110ura\u0161kovi\u0107eva. M.K.<\/p>\n<p><strong>Cungu neobavije\u0161ten<\/strong><\/p>\n<p>Lider Force i predsjednik op\u0161tine Ulcinj Nazif Cungu kazao je da mu nije poznato da se funkcioner te partije Avdula Dervi\u0161i javio na konkurs za mjesto savjetnika u Sekretarijatu za komunalne poslove.<br \/>\n\u2013 Oglas za to radno mjesto objavljen je u skladu sa zakonom. Dobili smo saglasnost od Ministarstva finansija, jer nam je to obaveza zbog sanacionog plana. A ko se sve prijavio, to \u0107emo da vidimo \u2013 rekao je Cungu.<\/p>\n<p><strong>Dervi\u0161i tvrdi da ne kr\u0161i zakon<\/strong><\/p>\n<p>Sekretar Sekretarijata za komunalne poslove Avdula Dervi\u0161i potvrdio je ju\u010de \u201eDanu\u201c da se prijavio na konkurs koji je nedavno sam raspisao. On u tome ne vidi ni\u0161ta sporno i tvrdi da je sve u skladu sa zakonom.<br \/>\n\u2013 To je mjesto predvi\u0111eno odlukom o sistematizaciji radnih mjesta i dobijena je saglasnost resornog ministarstva, pa se mo\u017ee javiti svako ko ispunjava uslove. Ja ispunjavam uslove bez obzira na to \u0161to imam zasnovan radni odnos. Uostalom, nijesam se javio samo ja, ima jo\u0161 prijava. Komisija \u0107e na kraju odlu\u010diti ko \u0107e biti primljen. Ukoliko budem primljen, ne\u0107u vi\u0161e obavljati funkciju sekretara \u2013 rekao je Dervi\u0161i.<\/p>\n<p><strong>Izvor: DAN<\/strong><\/p>\n","protected":false},"excerpt":{"rendered":"<p>Sekretar ulcinjskog Sekretarijata za komunalne poslove i funkcioner Force Avdula Dervi\u0161i raspisao je nedavno konkurs za mjesto samostalnog savjetnika u tom organu, a zatim se prijavio za tu funkciju. Lokalni izbori u Ulcinju zakazani su za 26. januar, a opozicija je ukazala da \u201ena ovaj na\u010din sekretari prave odstupnicu u slu\u010daju gubitka izbora, a sve [&hellip;]<\/p>\n","protected":false},"author":1,"featured_media":0,"comment_status":"closed","ping_status":"closed","sticky":false,"template":"","format":"standard","meta":{"spay_email":"","jetpack_publicize_message":"","jetpack_is_tweetstorm":false,"jetpack_publicize_feature_enabled":true},"categories":[8337],"tags":[],"jetpack_publicize_connections":[],"yoast_head":"<!-- This site is optimized with the Yoast SEO plugin v19.1 - https:\/\/yoast.com\/wordpress\/plugins\/seo\/ -->\n<title>Sekretar raspisao oglas, pa konkurisao - Lajme nga Ulqini<\/title>\n<meta name=\"description\" content=\"Sekretar ulcinjskog Sekretarijata za komunalne poslove i funkcioner Force Avdula Dervi\u0161i raspisao je nedavno konkurs za mjesto samostalnog savjetnika u\" \/>\n<meta name=\"robots\" content=\"index, follow, max-snippet:-1, max-image-preview:large, max-video-preview:-1\" \/>\n<link rel=\"canonical\" href=\"https:\/\/www.visit-ulcinj.com\/blog\/2013\/12\/04\/sekretar-raspisao-oglas-pa-konkurisao\/\" \/>\n<meta property=\"og:locale\" content=\"en_US\" \/>\n<meta property=\"og:type\" content=\"article\" \/>\n<meta property=\"og:title\" content=\"Sekretar raspisao oglas, pa konkurisao - Lajme nga Ulqini\" \/>\n<meta property=\"og:description\" content=\"Sekretar ulcinjskog Sekretarijata za komunalne poslove i funkcioner Force Avdula Dervi\u0161i raspisao je nedavno konkurs za mjesto samostalnog savjetnika u\" \/>\n<meta property=\"og:url\" content=\"https:\/\/www.visit-ulcinj.com\/blog\/2013\/12\/04\/sekretar-raspisao-oglas-pa-konkurisao\/\" \/>\n<meta property=\"og:site_name\" content=\"Lajme nga Ulqini\" \/>\n<meta property=\"article:published_time\" content=\"2013-12-04T17:13:31+00:00\" \/>\n<meta property=\"article:modified_time\" content=\"2013-12-06T08:57:25+00:00\" \/>\n<meta property=\"og:image\" content=\"http:\/\/www.visit-ulcinj.com\/blog\/wp-content\/uploads\/2013\/12\/Avdulla-Dervishi.jpg\" \/>\n<meta name=\"twitter:label1\" content=\"Written by\" \/>\n\t<meta name=\"twitter:data1\" content=\"ulqini\" \/>\n\t<meta name=\"twitter:label2\" content=\"Est. reading time\" \/>\n\t<meta name=\"twitter:data2\" content=\"4 minutes\" \/>\n<script type=\"application\/ld+json\" class=\"yoast-schema-graph\">{\"@context\":\"https:\/\/schema.org\",\"@graph\":[{\"@type\":\"WebSite\",\"@id\":\"https:\/\/www.visit-ulcinj.com\/blog\/#website\",\"url\":\"https:\/\/www.visit-ulcinj.com\/blog\/\",\"name\":\"Lajme nga Ulqini\",\"description\":\"Lajme,Vijesti,Ulqini,Ulqin,Crna Gora,Mali i Zi\",\"potentialAction\":[{\"@type\":\"SearchAction\",\"target\":{\"@type\":\"EntryPoint\",\"urlTemplate\":\"https:\/\/www.visit-ulcinj.com\/blog\/?s={search_term_string}\"},\"query-input\":\"required name=search_term_string\"}],\"inLanguage\":\"en-US\"},{\"@type\":\"ImageObject\",\"inLanguage\":\"en-US\",\"@id\":\"https:\/\/www.visit-ulcinj.com\/blog\/2013\/12\/04\/sekretar-raspisao-oglas-pa-konkurisao\/#primaryimage\",\"url\":\"https:\/\/www.visit-ulcinj.com\/blog\/wp-content\/uploads\/2013\/12\/Avdulla-Dervishi.jpg\",\"contentUrl\":\"https:\/\/www.visit-ulcinj.com\/blog\/wp-content\/uploads\/2013\/12\/Avdulla-Dervishi.jpg\",\"width\":486,\"height\":336},{\"@type\":\"WebPage\",\"@id\":\"https:\/\/www.visit-ulcinj.com\/blog\/2013\/12\/04\/sekretar-raspisao-oglas-pa-konkurisao\/#webpage\",\"url\":\"https:\/\/www.visit-ulcinj.com\/blog\/2013\/12\/04\/sekretar-raspisao-oglas-pa-konkurisao\/\",\"name\":\"Sekretar raspisao oglas, pa konkurisao - Lajme nga Ulqini\",\"isPartOf\":{\"@id\":\"https:\/\/www.visit-ulcinj.com\/blog\/#website\"},\"primaryImageOfPage\":{\"@id\":\"https:\/\/www.visit-ulcinj.com\/blog\/2013\/12\/04\/sekretar-raspisao-oglas-pa-konkurisao\/#primaryimage\"},\"datePublished\":\"2013-12-04T17:13:31+00:00\",\"dateModified\":\"2013-12-06T08:57:25+00:00\",\"author\":{\"@id\":\"https:\/\/www.visit-ulcinj.com\/blog\/#\/schema\/person\/dcab619c614d3038751c63bc2aadc06d\"},\"description\":\"Sekretar ulcinjskog Sekretarijata za komunalne poslove i funkcioner Force Avdula Dervi\u0161i raspisao je nedavno konkurs za mjesto samostalnog savjetnika u\",\"breadcrumb\":{\"@id\":\"https:\/\/www.visit-ulcinj.com\/blog\/2013\/12\/04\/sekretar-raspisao-oglas-pa-konkurisao\/#breadcrumb\"},\"inLanguage\":\"en-US\",\"potentialAction\":[{\"@type\":\"ReadAction\",\"target\":[\"https:\/\/www.visit-ulcinj.com\/blog\/2013\/12\/04\/sekretar-raspisao-oglas-pa-konkurisao\/\"]}]},{\"@type\":\"BreadcrumbList\",\"@id\":\"https:\/\/www.visit-ulcinj.com\/blog\/2013\/12\/04\/sekretar-raspisao-oglas-pa-konkurisao\/#breadcrumb\",\"itemListElement\":[{\"@type\":\"ListItem\",\"position\":1,\"name\":\"Sekretar raspisao oglas, pa konkurisao\"}]},{\"@type\":\"Person\",\"@id\":\"https:\/\/www.visit-ulcinj.com\/blog\/#\/schema\/person\/dcab619c614d3038751c63bc2aadc06d\",\"name\":\"ulqini\",\"sameAs\":[\"http:\/\/www.visit-ulcinj.com\"],\"url\":\"https:\/\/www.visit-ulcinj.com\/blog\/author\/admin\/\"}]}<\/script>\n<!-- \/ Yoast SEO plugin. -->","yoast_head_json":{"title":"Sekretar raspisao oglas, pa konkurisao - Lajme nga Ulqini","description":"Sekretar ulcinjskog Sekretarijata za komunalne poslove i funkcioner Force Avdula Dervi\u0161i raspisao je nedavno konkurs za mjesto samostalnog savjetnika u","robots":{"index":"index","follow":"follow","max-snippet":"max-snippet:-1","max-image-preview":"max-image-preview:large","max-video-preview":"max-video-preview:-1"},"canonical":"https:\/\/www.visit-ulcinj.com\/blog\/2013\/12\/04\/sekretar-raspisao-oglas-pa-konkurisao\/","og_locale":"en_US","og_type":"article","og_title":"Sekretar raspisao oglas, pa konkurisao - Lajme nga Ulqini","og_description":"Sekretar ulcinjskog Sekretarijata za komunalne poslove i funkcioner Force Avdula Dervi\u0161i raspisao je nedavno konkurs za mjesto samostalnog savjetnika u","og_url":"https:\/\/www.visit-ulcinj.com\/blog\/2013\/12\/04\/sekretar-raspisao-oglas-pa-konkurisao\/","og_site_name":"Lajme nga Ulqini","article_published_time":"2013-12-04T17:13:31+00:00","article_modified_time":"2013-12-06T08:57:25+00:00","og_image":[{"url":"http:\/\/www.visit-ulcinj.com\/blog\/wp-content\/uploads\/2013\/12\/Avdulla-Dervishi.jpg"}],"twitter_misc":{"Written by":"ulqini","Est. reading time":"4 minutes"},"schema":{"@context":"https:\/\/schema.org","@graph":[{"@type":"WebSite","@id":"https:\/\/www.visit-ulcinj.com\/blog\/#website","url":"https:\/\/www.visit-ulcinj.com\/blog\/","name":"Lajme nga Ulqini","description":"Lajme,Vijesti,Ulqini,Ulqin,Crna Gora,Mali i Zi","potentialAction":[{"@type":"SearchAction","target":{"@type":"EntryPoint","urlTemplate":"https:\/\/www.visit-ulcinj.com\/blog\/?s={search_term_string}"},"query-input":"required name=search_term_string"}],"inLanguage":"en-US"},{"@type":"ImageObject","inLanguage":"en-US","@id":"https:\/\/www.visit-ulcinj.com\/blog\/2013\/12\/04\/sekretar-raspisao-oglas-pa-konkurisao\/#primaryimage","url":"https:\/\/www.visit-ulcinj.com\/blog\/wp-content\/uploads\/2013\/12\/Avdulla-Dervishi.jpg","contentUrl":"https:\/\/www.visit-ulcinj.com\/blog\/wp-content\/uploads\/2013\/12\/Avdulla-Dervishi.jpg","width":486,"height":336},{"@type":"WebPage","@id":"https:\/\/www.visit-ulcinj.com\/blog\/2013\/12\/04\/sekretar-raspisao-oglas-pa-konkurisao\/#webpage","url":"https:\/\/www.visit-ulcinj.com\/blog\/2013\/12\/04\/sekretar-raspisao-oglas-pa-konkurisao\/","name":"Sekretar raspisao oglas, pa konkurisao - Lajme nga Ulqini","isPartOf":{"@id":"https:\/\/www.visit-ulcinj.com\/blog\/#website"},"primaryImageOfPage":{"@id":"https:\/\/www.visit-ulcinj.com\/blog\/2013\/12\/04\/sekretar-raspisao-oglas-pa-konkurisao\/#primaryimage"},"datePublished":"2013-12-04T17:13:31+00:00","dateModified":"2013-12-06T08:57:25+00:00","author":{"@id":"https:\/\/www.visit-ulcinj.com\/blog\/#\/schema\/person\/dcab619c614d3038751c63bc2aadc06d"},"description":"Sekretar ulcinjskog Sekretarijata za komunalne poslove i funkcioner Force Avdula Dervi\u0161i raspisao je nedavno konkurs za mjesto samostalnog savjetnika u","breadcrumb":{"@id":"https:\/\/www.visit-ulcinj.com\/blog\/2013\/12\/04\/sekretar-raspisao-oglas-pa-konkurisao\/#breadcrumb"},"inLanguage":"en-US","potentialAction":[{"@type":"ReadAction","target":["https:\/\/www.visit-ulcinj.com\/blog\/2013\/12\/04\/sekretar-raspisao-oglas-pa-konkurisao\/"]}]},{"@type":"BreadcrumbList","@id":"https:\/\/www.visit-ulcinj.com\/blog\/2013\/12\/04\/sekretar-raspisao-oglas-pa-konkurisao\/#breadcrumb","itemListElement":[{"@type":"ListItem","position":1,"name":"Sekretar raspisao oglas, pa konkurisao"}]},{"@type":"Person","@id":"https:\/\/www.visit-ulcinj.com\/blog\/#\/schema\/person\/dcab619c614d3038751c63bc2aadc06d","name":"ulqini","sameAs":["http:\/\/www.visit-ulcinj.com"],"url":"https:\/\/www.visit-ulcinj.com\/blog\/author\/admin\/"}]}},"jetpack_featured_media_url":"","jetpack_sharing_enabled":true,"jetpack_shortlink":"https:\/\/wp.me\/pe6lTn-k0X","_links":{"self":[{"href":"https:\/\/www.visit-ulcinj.com\/blog\/wp-json\/wp\/v2\/posts\/76939"}],"collection":[{"href":"https:\/\/www.visit-ulcinj.com\/blog\/wp-json\/wp\/v2\/posts"}],"about":[{"href":"https:\/\/www.visit-ulcinj.com\/blog\/wp-json\/wp\/v2\/types\/post"}],"author":[{"embeddable":true,"href":"https:\/\/www.visit-ulcinj.com\/blog\/wp-json\/wp\/v2\/users\/1"}],"replies":[{"embeddable":true,"href":"https:\/\/www.visit-ulcinj.com\/blog\/wp-json\/wp\/v2\/comments?post=76939"}],"version-history":[{"count":3,"href":"https:\/\/www.visit-ulcinj.com\/blog\/wp-json\/wp\/v2\/posts\/76939\/revisions"}],"predecessor-version":[{"id":76980,"href":"https:\/\/www.visit-ulcinj.com\/blog\/wp-json\/wp\/v2\/posts\/76939\/revisions\/76980"}],"wp:attachment":[{"href":"https:\/\/www.visit-ulcinj.com\/blog\/wp-json\/wp\/v2\/media?parent=76939"}],"wp:term":[{"taxonomy":"category","embeddable":true,"href":"https:\/\/www.visit-ulcinj.com\/blog\/wp-json\/wp\/v2\/categories?post=76939"},{"taxonomy":"post_tag","embeddable":true,"href":"https:\/\/www.visit-ulcinj.com\/blog\/wp-json\/wp\/v2\/tags?post=76939"}],"curies":[{"name":"wp","href":"https:\/\/api.w.org\/{rel}","templated":true}]}}