{"id":76941,"date":"2013-12-04T18:22:08","date_gmt":"2013-12-04T17:22:08","guid":{"rendered":"http:\/\/www.visit-ulcinj.com\/blog\/?p=76941"},"modified":"2013-12-04T18:22:08","modified_gmt":"2013-12-04T17:22:08","slug":"morsko-dobro-reketira-opstinu-bar","status":"publish","type":"post","link":"https:\/\/www.visit-ulcinj.com\/blog\/2013\/12\/04\/morsko-dobro-reketira-opstinu-bar\/","title":{"rendered":"Morsko dobro reketira Op\u0161tinu Bar"},"content":{"rendered":"<p><a href=\"http:\/\/www.visit-ulcinj.com\/blog\/wp-content\/uploads\/2013\/12\/Opstina-Bar.jpg\"><img loading=\"lazy\" class=\"alignleft  wp-image-76942\" alt=\"Opstina Bar\" src=\"http:\/\/www.visit-ulcinj.com\/blog\/wp-content\/uploads\/2013\/12\/Opstina-Bar.jpg\" width=\"508\" height=\"316\" \/><\/a>BAR \u2013 Drugog dana zasjedanja Skup\u0161tine op\u0161tine Bar odbornici su upoznati sa informacijama o radu JP za upravljanje Morskim dobrom na teritoriji op\u0161tine Bar za 2012. godinu i Poreske uprave CG \u2013 Podru\u010dna jedinica Bar o ostvarivanju naplate poreza i drugih javnih prihoda na teritoriji op\u0161tine.<br \/>\nOdbornici opozicije zamjerili su zbog \u0161turosti izvje\u0161taja JP za upravljanje Morskim dobrom, a brojna pitanja odnosila su se se na nadle\u017enosti Morskog dobra i Op\u0161tine oko granica priobalnog dijela.<br \/>\nPredstavnik Morskog dobra Vesko Vojinovi\u0107 saglasio se sa konstatacijom da je izvje\u0161taj \u0161tur, isti\u010du\u0107i da je preduze\u0107e u partnerskom odnosu sa Op\u0161tinom Bar.<br \/>\n\u2013 U zoni Morskog dobra zaklju\u010den je 51 ugovor, od \u010dega 46 za ustupanje pla\u017ea, kupali\u0161ta i dijelova obale, pet za kori\u0161\u0107enje privremenih lokacija za terase i objekte, dok je Op\u0161tina Bar imala 71 ugovor za privremene lokacije \u2013 kazao je Vojinovi\u0107.<br \/>\nPrema njegovim rije\u010dima, u 2012. godini Op\u0161tina Bar je prihodovala 664.960 eura, i to 432.947 od kupali\u0161ta, a 232.012 eura od privremenih lokacija i terasa.<br \/>\n\u2013 Po zakonu o finansiranju lokalne uprave, taj novac je dijeljen u proporciji 80 odsto za Morsko dobro prema 20 odsto za Op\u0161tinu, a u teku\u0107oj godini prihodi se dijele po pola \u2013 kazao je on.<br \/>\nOdbornik Nove Dejan \u0110urovi\u0107 kazao je da op\u0161tina ne uzima novac od Morskog dobra.<br \/>\n\u2013 Vi reketirate Op\u0161tinu, a za to su zaslu\u017eni ljudi na \u010delu lokalne uprave koji se ne bore protiv ovog nezvani\u010dnog reketa. \u0160ta je preduze\u0107e doprinijelo po\u0161to ste uzeli 80 odsto napla\u0107enog novca? Znam da \u0107ete re\u0107i da je to odluka Vlade, ali ako se Op\u0161tina ne suprotstavi, vi \u0107ete i dalje biti om\u010da oko vrata op\u0161tini Bar, i uzimati nam 600.000 eura \u2013 kazao je \u0110urovi\u0107.<br \/>\nBranko Bulatovi\u0107 (SNP) podsje\u0107a da su u izvje\u0161taju Morskog dobra bila predvi\u0111ena sredstva za ure\u0111enje centralnog trga u Sutomoru.<br \/>\n\u2013 Sredstva su deponovana, ali je rok za zapo\u010dinjanje radova istekao 30. novembra. Interesuje me da li su ta sredstva vra\u0107ena Morskom dobru \u2013 kazao je Bulatovi\u0107.<br \/>\nPrema rije\u010dima Zorana Taji\u0107a (PzP), Zakon o Morskom dobru veliki je proma\u0161aj na\u0161eg zakonodavstva. Njegov kolega Ranko Aligrudi\u0107 mi\u0161ljenja je da se zakasnilo sa ovim izvje\u0161tajem kojeg je lokalni parlament mnogo ranije tra\u017eio.<br \/>\n\u2013 Bilo bi logi\u010dno da je izvje\u0161taj dat prije ili na samom po\u010detku turisti\u010dke sezone, da bismo mogli ispravljati propuste \u2013 kazao je Aligrudi\u0107.<br \/>\nDirektor op\u0161tinske Agencije za investicije i imovinu Vido Dabanovi\u0107 istakao je dobru saradnju Op\u0161tine i Morskog dobra.<br \/>\n\u2013 U martu 2013. godine, po osnovu ure\u0111enja trga u Sutomoru, upla\u0107en je iznos od 190.000 eura, ali je nastao problem u toku realizacije. Taj prostor predstavlja \u010dvori\u0161te kanalizacionog sistema i predstoji da se uredi kanalizaciona mre\u017ea. Neracionalno je prvo sre\u0111ivati trg, pa ga poslije ponovo prekopavati. Preba\u010dena sredstva pripadaju Op\u0161tini, ubrana su na tom prostoru, nijesu jo\u0161 realizovana, ali su namjenska \u2013 objasnio je Dabanovi\u0107.<br \/>\nNa samom kraju ju\u010dera\u0161njeg zasjedanja, prilikom postavljanja odborni\u010dkih pitanja, opozicija je napustila sjednicu koja je potom ptrekinuta zbog nedostatka kvoruma.<br \/>\n\u2013 Nijesu nas udostojili odgovorima na odborni\u010dka pitanja jo\u0161 sa 15. sjednice \u2013 kazao je Savo Vujo\u0161evi\u0107 (Nova).<br \/>\nDosada\u0161nja direktorica JP Komunalne djelatnosti Nedeljka Orlandi\u0107 jednoglasno je dobila drugi mandat za ovu funkciju.D.S.<\/p>\n<p><strong>Falsifikovanje zavr\u0161nog ra\u010duna<\/strong><\/p>\n<p>Vujo\u0161evi\u0107 je rekao da su odbornici dobili falsifikovani zavr\u0161ni ra\u010dun za 2012. godinu.<br \/>\n\u2013 Prema izvje\u0161taju bud\u017eeta prikazano je da su upla\u0107ene 62.674,45 eura kao naknada od Morskog dobra za kori\u0161\u0107nje zemlji\u0161ta. Bilo je planirano 130.000, a prikazano je 62.000 eura. Od Vojinovi\u0107a smo \u010duli da je Op\u0161tini Bar upla\u0107eno 132.992 eura. Gospoda iz vladaju\u0107e koalicije treba da ka\u017eu gdje su nestala ta sredstva, i \u0161ta je bilo s njima. Da ih nije maca pojela \u2013 kazao je Vujo\u0161evi\u0107.<br \/>\nNa to je reagovala predsjednica SO Bar Branka Nikezi\u0107.<br \/>\n\u2013 \u0160to se mene ti\u010de, insistirala bih da se isti \u010das odgovori, jer sumnja ne smije ostati ni dan, ali ako to bude sastavni dio ra\u010duna koji smo usvojili za 2012. o\u010dekujemo da se izvinite, ili da se ve\u0107 jednom prestane s ovakvim istra\u017eiva\u010dkim pitanjima koje postavlja\u0161 kao da si agent CIA \u2013 kazala je Nikezi\u0107eva Vujo\u0161evi\u0107u.<br \/>\nVe\u0107inom glasova prihva\u0107en je zaklju\u010dak odbornika Dejana \u0110urovi\u0107a da se formira komisija Op\u0161tine i Morskog dobra da bi se utvrdile granice izme\u0111u op\u0161tine i ovog preduze\u0107a.<\/p>\n<p><strong>Naplata poreza<\/strong><\/p>\n<p>U popodnevnim satima odbornici su se upoznali sa izvje\u0161tajem Poreske uprave CG \u2013 Podru\u010dna jedinica Bar o ostvarivanju naplate poreza i drugih javnih prihoda na teritoriji op\u0161tine.<br \/>\n\u2013 Ukupna naplata poreza i doprinosa u 2012. godini bila je 32.823.000 eura. Najve\u0107e u\u010de\u0161\u0107e je u naplati dorinosa 15.909.000, zatim PDV-a 5.332.000, a porez na dohodak iznosi 5.903.000 eura. Sistemom prinudne naplate u upravnom postupku, blokadom \u017eiro ra\u010duna i prodajom imovine napla\u0107eno je 5.525 eura \u2013 kazao je na\u010delnik Poreske uprave u Baru Sini\u0161a Kova\u010devi\u0107.<br \/>\nDejan \u0110urovi\u0107 je podsjetio da je dug Op\u0161tine za li\u010dna primanja i doprinose polovinom ove godine iznosio 2.692.000 eura, JP Komunalne djelatnosti 2.084.514 eura, a JP Vodovod i kanalizacija oko 300.000.<br \/>\n\u2013 Za\u0161to direkcija nije ranije reagovala, nego je \u010dekala da dug dostigne cifru od skoro \u0161est miliona eura, pa da onda blokira \u017eiro ra\u010dun Op\u0161tine \u2013 pitao je \u0110urovi\u0107.<\/p>\n<p><strong>Izvor: DAN<\/strong><\/p>\n","protected":false},"excerpt":{"rendered":"<p>BAR \u2013 Drugog dana zasjedanja Skup\u0161tine op\u0161tine Bar odbornici su upoznati sa informacijama o radu JP za upravljanje Morskim dobrom na teritoriji op\u0161tine Bar za 2012. godinu i Poreske uprave CG \u2013 Podru\u010dna jedinica Bar o ostvarivanju naplate poreza i drugih javnih prihoda na teritoriji op\u0161tine. Odbornici opozicije zamjerili su zbog \u0161turosti izvje\u0161taja JP za [&hellip;]<\/p>\n","protected":false},"author":1,"featured_media":0,"comment_status":"closed","ping_status":"closed","sticky":false,"template":"","format":"standard","meta":{"spay_email":"","jetpack_publicize_message":"","jetpack_is_tweetstorm":false,"jetpack_publicize_feature_enabled":true},"categories":[6950],"tags":[],"jetpack_publicize_connections":[],"yoast_head":"<!-- This site is optimized with the Yoast SEO plugin v19.1 - https:\/\/yoast.com\/wordpress\/plugins\/seo\/ -->\n<title>Morsko dobro reketira Op\u0161tinu Bar - Lajme nga Ulqini<\/title>\n<meta name=\"description\" content=\"BAR \u2013 Drugog dana zasjedanja Skup\u0161tine op\u0161tine Bar odbornici su upoznati sa informacijama o radu JP za upravljanje Morskim dobrom na teritoriji op\u0161tine\" \/>\n<meta name=\"robots\" content=\"index, follow, max-snippet:-1, max-image-preview:large, max-video-preview:-1\" \/>\n<link rel=\"canonical\" href=\"https:\/\/www.visit-ulcinj.com\/blog\/2013\/12\/04\/morsko-dobro-reketira-opstinu-bar\/\" \/>\n<meta property=\"og:locale\" content=\"en_US\" \/>\n<meta property=\"og:type\" content=\"article\" \/>\n<meta property=\"og:title\" content=\"Morsko dobro reketira Op\u0161tinu Bar - Lajme nga Ulqini\" \/>\n<meta property=\"og:description\" content=\"BAR \u2013 Drugog dana zasjedanja Skup\u0161tine op\u0161tine Bar odbornici su upoznati sa informacijama o radu JP za upravljanje Morskim dobrom na teritoriji op\u0161tine\" \/>\n<meta property=\"og:url\" content=\"https:\/\/www.visit-ulcinj.com\/blog\/2013\/12\/04\/morsko-dobro-reketira-opstinu-bar\/\" \/>\n<meta property=\"og:site_name\" content=\"Lajme nga Ulqini\" \/>\n<meta property=\"article:published_time\" content=\"2013-12-04T17:22:08+00:00\" \/>\n<meta property=\"og:image\" content=\"http:\/\/www.visit-ulcinj.com\/blog\/wp-content\/uploads\/2013\/12\/Opstina-Bar.jpg\" \/>\n<meta name=\"twitter:label1\" content=\"Written by\" \/>\n\t<meta name=\"twitter:data1\" content=\"ulqini\" \/>\n\t<meta name=\"twitter:label2\" content=\"Est. reading time\" \/>\n\t<meta name=\"twitter:data2\" content=\"5 minutes\" \/>\n<script type=\"application\/ld+json\" class=\"yoast-schema-graph\">{\"@context\":\"https:\/\/schema.org\",\"@graph\":[{\"@type\":\"WebSite\",\"@id\":\"https:\/\/www.visit-ulcinj.com\/blog\/#website\",\"url\":\"https:\/\/www.visit-ulcinj.com\/blog\/\",\"name\":\"Lajme nga Ulqini\",\"description\":\"Lajme,Vijesti,Ulqini,Ulqin,Crna Gora,Mali i Zi\",\"potentialAction\":[{\"@type\":\"SearchAction\",\"target\":{\"@type\":\"EntryPoint\",\"urlTemplate\":\"https:\/\/www.visit-ulcinj.com\/blog\/?s={search_term_string}\"},\"query-input\":\"required name=search_term_string\"}],\"inLanguage\":\"en-US\"},{\"@type\":\"ImageObject\",\"inLanguage\":\"en-US\",\"@id\":\"https:\/\/www.visit-ulcinj.com\/blog\/2013\/12\/04\/morsko-dobro-reketira-opstinu-bar\/#primaryimage\",\"url\":\"https:\/\/www.visit-ulcinj.com\/blog\/wp-content\/uploads\/2013\/12\/Opstina-Bar.jpg\",\"contentUrl\":\"https:\/\/www.visit-ulcinj.com\/blog\/wp-content\/uploads\/2013\/12\/Opstina-Bar.jpg\",\"width\":519,\"height\":316},{\"@type\":\"WebPage\",\"@id\":\"https:\/\/www.visit-ulcinj.com\/blog\/2013\/12\/04\/morsko-dobro-reketira-opstinu-bar\/#webpage\",\"url\":\"https:\/\/www.visit-ulcinj.com\/blog\/2013\/12\/04\/morsko-dobro-reketira-opstinu-bar\/\",\"name\":\"Morsko dobro reketira Op\u0161tinu Bar - Lajme nga Ulqini\",\"isPartOf\":{\"@id\":\"https:\/\/www.visit-ulcinj.com\/blog\/#website\"},\"primaryImageOfPage\":{\"@id\":\"https:\/\/www.visit-ulcinj.com\/blog\/2013\/12\/04\/morsko-dobro-reketira-opstinu-bar\/#primaryimage\"},\"datePublished\":\"2013-12-04T17:22:08+00:00\",\"dateModified\":\"2013-12-04T17:22:08+00:00\",\"author\":{\"@id\":\"https:\/\/www.visit-ulcinj.com\/blog\/#\/schema\/person\/dcab619c614d3038751c63bc2aadc06d\"},\"description\":\"BAR \u2013 Drugog dana zasjedanja Skup\u0161tine op\u0161tine Bar odbornici su upoznati sa informacijama o radu JP za upravljanje Morskim dobrom na teritoriji op\u0161tine\",\"breadcrumb\":{\"@id\":\"https:\/\/www.visit-ulcinj.com\/blog\/2013\/12\/04\/morsko-dobro-reketira-opstinu-bar\/#breadcrumb\"},\"inLanguage\":\"en-US\",\"potentialAction\":[{\"@type\":\"ReadAction\",\"target\":[\"https:\/\/www.visit-ulcinj.com\/blog\/2013\/12\/04\/morsko-dobro-reketira-opstinu-bar\/\"]}]},{\"@type\":\"BreadcrumbList\",\"@id\":\"https:\/\/www.visit-ulcinj.com\/blog\/2013\/12\/04\/morsko-dobro-reketira-opstinu-bar\/#breadcrumb\",\"itemListElement\":[{\"@type\":\"ListItem\",\"position\":1,\"name\":\"Morsko dobro reketira Op\u0161tinu Bar\"}]},{\"@type\":\"Person\",\"@id\":\"https:\/\/www.visit-ulcinj.com\/blog\/#\/schema\/person\/dcab619c614d3038751c63bc2aadc06d\",\"name\":\"ulqini\",\"sameAs\":[\"http:\/\/www.visit-ulcinj.com\"],\"url\":\"https:\/\/www.visit-ulcinj.com\/blog\/author\/admin\/\"}]}<\/script>\n<!-- \/ Yoast SEO plugin. -->","yoast_head_json":{"title":"Morsko dobro reketira Op\u0161tinu Bar - Lajme nga Ulqini","description":"BAR \u2013 Drugog dana zasjedanja Skup\u0161tine op\u0161tine Bar odbornici su upoznati sa informacijama o radu JP za upravljanje Morskim dobrom na teritoriji op\u0161tine","robots":{"index":"index","follow":"follow","max-snippet":"max-snippet:-1","max-image-preview":"max-image-preview:large","max-video-preview":"max-video-preview:-1"},"canonical":"https:\/\/www.visit-ulcinj.com\/blog\/2013\/12\/04\/morsko-dobro-reketira-opstinu-bar\/","og_locale":"en_US","og_type":"article","og_title":"Morsko dobro reketira Op\u0161tinu Bar - Lajme nga Ulqini","og_description":"BAR \u2013 Drugog dana zasjedanja Skup\u0161tine op\u0161tine Bar odbornici su upoznati sa informacijama o radu JP za upravljanje Morskim dobrom na teritoriji op\u0161tine","og_url":"https:\/\/www.visit-ulcinj.com\/blog\/2013\/12\/04\/morsko-dobro-reketira-opstinu-bar\/","og_site_name":"Lajme nga Ulqini","article_published_time":"2013-12-04T17:22:08+00:00","og_image":[{"url":"http:\/\/www.visit-ulcinj.com\/blog\/wp-content\/uploads\/2013\/12\/Opstina-Bar.jpg"}],"twitter_misc":{"Written by":"ulqini","Est. reading time":"5 minutes"},"schema":{"@context":"https:\/\/schema.org","@graph":[{"@type":"WebSite","@id":"https:\/\/www.visit-ulcinj.com\/blog\/#website","url":"https:\/\/www.visit-ulcinj.com\/blog\/","name":"Lajme nga Ulqini","description":"Lajme,Vijesti,Ulqini,Ulqin,Crna Gora,Mali i Zi","potentialAction":[{"@type":"SearchAction","target":{"@type":"EntryPoint","urlTemplate":"https:\/\/www.visit-ulcinj.com\/blog\/?s={search_term_string}"},"query-input":"required name=search_term_string"}],"inLanguage":"en-US"},{"@type":"ImageObject","inLanguage":"en-US","@id":"https:\/\/www.visit-ulcinj.com\/blog\/2013\/12\/04\/morsko-dobro-reketira-opstinu-bar\/#primaryimage","url":"https:\/\/www.visit-ulcinj.com\/blog\/wp-content\/uploads\/2013\/12\/Opstina-Bar.jpg","contentUrl":"https:\/\/www.visit-ulcinj.com\/blog\/wp-content\/uploads\/2013\/12\/Opstina-Bar.jpg","width":519,"height":316},{"@type":"WebPage","@id":"https:\/\/www.visit-ulcinj.com\/blog\/2013\/12\/04\/morsko-dobro-reketira-opstinu-bar\/#webpage","url":"https:\/\/www.visit-ulcinj.com\/blog\/2013\/12\/04\/morsko-dobro-reketira-opstinu-bar\/","name":"Morsko dobro reketira Op\u0161tinu Bar - Lajme nga Ulqini","isPartOf":{"@id":"https:\/\/www.visit-ulcinj.com\/blog\/#website"},"primaryImageOfPage":{"@id":"https:\/\/www.visit-ulcinj.com\/blog\/2013\/12\/04\/morsko-dobro-reketira-opstinu-bar\/#primaryimage"},"datePublished":"2013-12-04T17:22:08+00:00","dateModified":"2013-12-04T17:22:08+00:00","author":{"@id":"https:\/\/www.visit-ulcinj.com\/blog\/#\/schema\/person\/dcab619c614d3038751c63bc2aadc06d"},"description":"BAR \u2013 Drugog dana zasjedanja Skup\u0161tine op\u0161tine Bar odbornici su upoznati sa informacijama o radu JP za upravljanje Morskim dobrom na teritoriji op\u0161tine","breadcrumb":{"@id":"https:\/\/www.visit-ulcinj.com\/blog\/2013\/12\/04\/morsko-dobro-reketira-opstinu-bar\/#breadcrumb"},"inLanguage":"en-US","potentialAction":[{"@type":"ReadAction","target":["https:\/\/www.visit-ulcinj.com\/blog\/2013\/12\/04\/morsko-dobro-reketira-opstinu-bar\/"]}]},{"@type":"BreadcrumbList","@id":"https:\/\/www.visit-ulcinj.com\/blog\/2013\/12\/04\/morsko-dobro-reketira-opstinu-bar\/#breadcrumb","itemListElement":[{"@type":"ListItem","position":1,"name":"Morsko dobro reketira Op\u0161tinu Bar"}]},{"@type":"Person","@id":"https:\/\/www.visit-ulcinj.com\/blog\/#\/schema\/person\/dcab619c614d3038751c63bc2aadc06d","name":"ulqini","sameAs":["http:\/\/www.visit-ulcinj.com"],"url":"https:\/\/www.visit-ulcinj.com\/blog\/author\/admin\/"}]}},"jetpack_featured_media_url":"","jetpack_sharing_enabled":true,"jetpack_shortlink":"https:\/\/wp.me\/pe6lTn-k0Z","_links":{"self":[{"href":"https:\/\/www.visit-ulcinj.com\/blog\/wp-json\/wp\/v2\/posts\/76941"}],"collection":[{"href":"https:\/\/www.visit-ulcinj.com\/blog\/wp-json\/wp\/v2\/posts"}],"about":[{"href":"https:\/\/www.visit-ulcinj.com\/blog\/wp-json\/wp\/v2\/types\/post"}],"author":[{"embeddable":true,"href":"https:\/\/www.visit-ulcinj.com\/blog\/wp-json\/wp\/v2\/users\/1"}],"replies":[{"embeddable":true,"href":"https:\/\/www.visit-ulcinj.com\/blog\/wp-json\/wp\/v2\/comments?post=76941"}],"version-history":[{"count":1,"href":"https:\/\/www.visit-ulcinj.com\/blog\/wp-json\/wp\/v2\/posts\/76941\/revisions"}],"predecessor-version":[{"id":76943,"href":"https:\/\/www.visit-ulcinj.com\/blog\/wp-json\/wp\/v2\/posts\/76941\/revisions\/76943"}],"wp:attachment":[{"href":"https:\/\/www.visit-ulcinj.com\/blog\/wp-json\/wp\/v2\/media?parent=76941"}],"wp:term":[{"taxonomy":"category","embeddable":true,"href":"https:\/\/www.visit-ulcinj.com\/blog\/wp-json\/wp\/v2\/categories?post=76941"},{"taxonomy":"post_tag","embeddable":true,"href":"https:\/\/www.visit-ulcinj.com\/blog\/wp-json\/wp\/v2\/tags?post=76941"}],"curies":[{"name":"wp","href":"https:\/\/api.w.org\/{rel}","templated":true}]}}