{"id":76946,"date":"2013-12-05T16:54:06","date_gmt":"2013-12-05T15:54:06","guid":{"rendered":"http:\/\/www.visit-ulcinj.com\/blog\/?p=76946"},"modified":"2013-12-05T21:16:51","modified_gmt":"2013-12-05T20:16:51","slug":"cmimet-me-te-lira-ne-turqi-se-ne-ulqin","status":"publish","type":"post","link":"https:\/\/www.visit-ulcinj.com\/blog\/2013\/12\/05\/cmimet-me-te-lira-ne-turqi-se-ne-ulqin\/","title":{"rendered":"\u00c7mimet me te lira ne Turqi se n\u00eb Ulqin"},"content":{"rendered":"<p><a href=\"http:\/\/www.booking.com\/searchresults.html?aid=348800&amp;amp;city=-99159;&amp;checkin_monthday=05&amp;checkin_year_month=2013-12&amp;checkout_monthday=06&amp;checkout_year_month=2013-12&amp;label=2-0-1386258797059888#availability_target\" target=\"_blank\"><img loading=\"lazy\" class=\"alignleft  wp-image-76947\" alt=\"Booking.com-Ulqin\" src=\"http:\/\/www.visit-ulcinj.com\/blog\/wp-content\/uploads\/2013\/12\/Booking.com-Ulqin.jpg\" width=\"508\" height=\"360\" \/><\/a>Ofertat tona turistike jane te aranzhuara ne menyre te atille qe gjithkush te mund te gjej di\u00e7ka interesante per vete. Mirpo tek ne n\u00eb Ulqin ndodh\u00eb e kund\u00ebrta.<\/p>\n<p>Kategoria e hoteleve\u00a0 dhe apartamenteve te paraqitura ketu n\u00eb Booking.com eshte nje menyre me e shpejte per te gjetur akomodim ekonomik ne Ulqin dhe gjithkejt n\u00eb bot\u00eb. Perzgjedhja e tyre eshte bere ne menyre te tille qe \u00e7mimet ekonomike qe ofrojne te mos kompromentojne kurrsesi cilesine dhe kushtet qe duhet te ofrojne. Megjithese hotelet dhe apartamentet ekonomike te qytetit, t\u00eb Ulqinit\u00a0 jane me te shtrenjte se te qyteteve te tjera, ato jane prape se prape shume me te arsyeshem ne \u00e7mime se hotelet e ketij lloji ne kryeqytete te tjera Europiane. Sigurisht hotelet e paraqitura ne kete seksion ofrojne disa prej akomodimeve me te lira ne Ulqin.<\/p>\n","protected":false},"excerpt":{"rendered":"<p>Ofertat tona turistike jane te aranzhuara ne menyre te atille qe gjithkush te mund te gjej di\u00e7ka interesante per vete. Mirpo tek ne n\u00eb Ulqin ndodh\u00eb e kund\u00ebrta. Kategoria e hoteleve\u00a0 dhe apartamenteve te paraqitura ketu n\u00eb Booking.com eshte nje menyre me e shpejte per te gjetur akomodim ekonomik ne Ulqin dhe gjithkejt n\u00eb bot\u00eb. [&hellip;]<\/p>\n","protected":false},"author":1,"featured_media":0,"comment_status":"closed","ping_status":"closed","sticky":false,"template":"","format":"standard","meta":{"spay_email":"","jetpack_publicize_message":"","jetpack_is_tweetstorm":false,"jetpack_publicize_feature_enabled":true},"categories":[1,15],"tags":[],"jetpack_publicize_connections":[],"yoast_head":"<!-- This site is optimized with the Yoast SEO plugin v19.1 - https:\/\/yoast.com\/wordpress\/plugins\/seo\/ -->\n<title>\u00c7mimet me te lira ne Turqi se n\u00eb Ulqin - Lajme nga Ulqini<\/title>\n<meta name=\"description\" content=\"Ofertat tona turistike jane te aranzhuara ne menyre te atille qe gjithkush te mund te gjej di\u00e7ka interesante per vete. Mirpo tek ne n\u00eb Ulqin ndodh\u00eb e\" \/>\n<meta name=\"robots\" content=\"index, follow, max-snippet:-1, max-image-preview:large, max-video-preview:-1\" \/>\n<link rel=\"canonical\" href=\"https:\/\/www.visit-ulcinj.com\/blog\/2013\/12\/05\/cmimet-me-te-lira-ne-turqi-se-ne-ulqin\/\" \/>\n<meta property=\"og:locale\" content=\"en_US\" \/>\n<meta property=\"og:type\" content=\"article\" \/>\n<meta property=\"og:title\" content=\"\u00c7mimet me te lira ne Turqi se n\u00eb Ulqin - Lajme nga Ulqini\" \/>\n<meta property=\"og:description\" content=\"Ofertat tona turistike jane te aranzhuara ne menyre te atille qe gjithkush te mund te gjej di\u00e7ka interesante per vete. Mirpo tek ne n\u00eb Ulqin ndodh\u00eb e\" \/>\n<meta property=\"og:url\" content=\"https:\/\/www.visit-ulcinj.com\/blog\/2013\/12\/05\/cmimet-me-te-lira-ne-turqi-se-ne-ulqin\/\" \/>\n<meta property=\"og:site_name\" content=\"Lajme nga Ulqini\" \/>\n<meta property=\"article:published_time\" content=\"2013-12-05T15:54:06+00:00\" \/>\n<meta property=\"article:modified_time\" content=\"2013-12-05T20:16:51+00:00\" \/>\n<meta property=\"og:image\" content=\"http:\/\/www.visit-ulcinj.com\/blog\/wp-content\/uploads\/2013\/12\/Booking.com-Ulqin.jpg\" \/>\n<meta name=\"twitter:label1\" content=\"Written by\" \/>\n\t<meta name=\"twitter:data1\" content=\"ulqini\" \/>\n\t<meta name=\"twitter:label2\" content=\"Est. reading time\" \/>\n\t<meta name=\"twitter:data2\" content=\"1 minute\" \/>\n<script type=\"application\/ld+json\" class=\"yoast-schema-graph\">{\"@context\":\"https:\/\/schema.org\",\"@graph\":[{\"@type\":\"WebSite\",\"@id\":\"https:\/\/www.visit-ulcinj.com\/blog\/#website\",\"url\":\"https:\/\/www.visit-ulcinj.com\/blog\/\",\"name\":\"Lajme nga Ulqini\",\"description\":\"Lajme,Vijesti,Ulqini,Ulqin,Crna Gora,Mali i Zi\",\"potentialAction\":[{\"@type\":\"SearchAction\",\"target\":{\"@type\":\"EntryPoint\",\"urlTemplate\":\"https:\/\/www.visit-ulcinj.com\/blog\/?s={search_term_string}\"},\"query-input\":\"required name=search_term_string\"}],\"inLanguage\":\"en-US\"},{\"@type\":\"ImageObject\",\"inLanguage\":\"en-US\",\"@id\":\"https:\/\/www.visit-ulcinj.com\/blog\/2013\/12\/05\/cmimet-me-te-lira-ne-turqi-se-ne-ulqin\/#primaryimage\",\"url\":\"https:\/\/www.visit-ulcinj.com\/blog\/wp-content\/uploads\/2013\/12\/Booking.com-Ulqin.jpg\",\"contentUrl\":\"https:\/\/www.visit-ulcinj.com\/blog\/wp-content\/uploads\/2013\/12\/Booking.com-Ulqin.jpg\",\"width\":763,\"height\":519},{\"@type\":\"WebPage\",\"@id\":\"https:\/\/www.visit-ulcinj.com\/blog\/2013\/12\/05\/cmimet-me-te-lira-ne-turqi-se-ne-ulqin\/#webpage\",\"url\":\"https:\/\/www.visit-ulcinj.com\/blog\/2013\/12\/05\/cmimet-me-te-lira-ne-turqi-se-ne-ulqin\/\",\"name\":\"\u00c7mimet me te lira ne Turqi se n\u00eb Ulqin - Lajme nga Ulqini\",\"isPartOf\":{\"@id\":\"https:\/\/www.visit-ulcinj.com\/blog\/#website\"},\"primaryImageOfPage\":{\"@id\":\"https:\/\/www.visit-ulcinj.com\/blog\/2013\/12\/05\/cmimet-me-te-lira-ne-turqi-se-ne-ulqin\/#primaryimage\"},\"datePublished\":\"2013-12-05T15:54:06+00:00\",\"dateModified\":\"2013-12-05T20:16:51+00:00\",\"author\":{\"@id\":\"https:\/\/www.visit-ulcinj.com\/blog\/#\/schema\/person\/dcab619c614d3038751c63bc2aadc06d\"},\"description\":\"Ofertat tona turistike jane te aranzhuara ne menyre te atille qe gjithkush te mund te gjej di\u00e7ka interesante per vete. Mirpo tek ne n\u00eb Ulqin ndodh\u00eb e\",\"breadcrumb\":{\"@id\":\"https:\/\/www.visit-ulcinj.com\/blog\/2013\/12\/05\/cmimet-me-te-lira-ne-turqi-se-ne-ulqin\/#breadcrumb\"},\"inLanguage\":\"en-US\",\"potentialAction\":[{\"@type\":\"ReadAction\",\"target\":[\"https:\/\/www.visit-ulcinj.com\/blog\/2013\/12\/05\/cmimet-me-te-lira-ne-turqi-se-ne-ulqin\/\"]}]},{\"@type\":\"BreadcrumbList\",\"@id\":\"https:\/\/www.visit-ulcinj.com\/blog\/2013\/12\/05\/cmimet-me-te-lira-ne-turqi-se-ne-ulqin\/#breadcrumb\",\"itemListElement\":[{\"@type\":\"ListItem\",\"position\":1,\"name\":\"\u00c7mimet me te lira ne Turqi se n\u00eb Ulqin\"}]},{\"@type\":\"Person\",\"@id\":\"https:\/\/www.visit-ulcinj.com\/blog\/#\/schema\/person\/dcab619c614d3038751c63bc2aadc06d\",\"name\":\"ulqini\",\"sameAs\":[\"http:\/\/www.visit-ulcinj.com\"],\"url\":\"https:\/\/www.visit-ulcinj.com\/blog\/author\/admin\/\"}]}<\/script>\n<!-- \/ Yoast SEO plugin. -->","yoast_head_json":{"title":"\u00c7mimet me te lira ne Turqi se n\u00eb Ulqin - Lajme nga Ulqini","description":"Ofertat tona turistike jane te aranzhuara ne menyre te atille qe gjithkush te mund te gjej di\u00e7ka interesante per vete. Mirpo tek ne n\u00eb Ulqin ndodh\u00eb e","robots":{"index":"index","follow":"follow","max-snippet":"max-snippet:-1","max-image-preview":"max-image-preview:large","max-video-preview":"max-video-preview:-1"},"canonical":"https:\/\/www.visit-ulcinj.com\/blog\/2013\/12\/05\/cmimet-me-te-lira-ne-turqi-se-ne-ulqin\/","og_locale":"en_US","og_type":"article","og_title":"\u00c7mimet me te lira ne Turqi se n\u00eb Ulqin - Lajme nga Ulqini","og_description":"Ofertat tona turistike jane te aranzhuara ne menyre te atille qe gjithkush te mund te gjej di\u00e7ka interesante per vete. Mirpo tek ne n\u00eb Ulqin ndodh\u00eb e","og_url":"https:\/\/www.visit-ulcinj.com\/blog\/2013\/12\/05\/cmimet-me-te-lira-ne-turqi-se-ne-ulqin\/","og_site_name":"Lajme nga Ulqini","article_published_time":"2013-12-05T15:54:06+00:00","article_modified_time":"2013-12-05T20:16:51+00:00","og_image":[{"url":"http:\/\/www.visit-ulcinj.com\/blog\/wp-content\/uploads\/2013\/12\/Booking.com-Ulqin.jpg"}],"twitter_misc":{"Written by":"ulqini","Est. reading time":"1 minute"},"schema":{"@context":"https:\/\/schema.org","@graph":[{"@type":"WebSite","@id":"https:\/\/www.visit-ulcinj.com\/blog\/#website","url":"https:\/\/www.visit-ulcinj.com\/blog\/","name":"Lajme nga Ulqini","description":"Lajme,Vijesti,Ulqini,Ulqin,Crna Gora,Mali i Zi","potentialAction":[{"@type":"SearchAction","target":{"@type":"EntryPoint","urlTemplate":"https:\/\/www.visit-ulcinj.com\/blog\/?s={search_term_string}"},"query-input":"required name=search_term_string"}],"inLanguage":"en-US"},{"@type":"ImageObject","inLanguage":"en-US","@id":"https:\/\/www.visit-ulcinj.com\/blog\/2013\/12\/05\/cmimet-me-te-lira-ne-turqi-se-ne-ulqin\/#primaryimage","url":"https:\/\/www.visit-ulcinj.com\/blog\/wp-content\/uploads\/2013\/12\/Booking.com-Ulqin.jpg","contentUrl":"https:\/\/www.visit-ulcinj.com\/blog\/wp-content\/uploads\/2013\/12\/Booking.com-Ulqin.jpg","width":763,"height":519},{"@type":"WebPage","@id":"https:\/\/www.visit-ulcinj.com\/blog\/2013\/12\/05\/cmimet-me-te-lira-ne-turqi-se-ne-ulqin\/#webpage","url":"https:\/\/www.visit-ulcinj.com\/blog\/2013\/12\/05\/cmimet-me-te-lira-ne-turqi-se-ne-ulqin\/","name":"\u00c7mimet me te lira ne Turqi se n\u00eb Ulqin - Lajme nga Ulqini","isPartOf":{"@id":"https:\/\/www.visit-ulcinj.com\/blog\/#website"},"primaryImageOfPage":{"@id":"https:\/\/www.visit-ulcinj.com\/blog\/2013\/12\/05\/cmimet-me-te-lira-ne-turqi-se-ne-ulqin\/#primaryimage"},"datePublished":"2013-12-05T15:54:06+00:00","dateModified":"2013-12-05T20:16:51+00:00","author":{"@id":"https:\/\/www.visit-ulcinj.com\/blog\/#\/schema\/person\/dcab619c614d3038751c63bc2aadc06d"},"description":"Ofertat tona turistike jane te aranzhuara ne menyre te atille qe gjithkush te mund te gjej di\u00e7ka interesante per vete. Mirpo tek ne n\u00eb Ulqin ndodh\u00eb e","breadcrumb":{"@id":"https:\/\/www.visit-ulcinj.com\/blog\/2013\/12\/05\/cmimet-me-te-lira-ne-turqi-se-ne-ulqin\/#breadcrumb"},"inLanguage":"en-US","potentialAction":[{"@type":"ReadAction","target":["https:\/\/www.visit-ulcinj.com\/blog\/2013\/12\/05\/cmimet-me-te-lira-ne-turqi-se-ne-ulqin\/"]}]},{"@type":"BreadcrumbList","@id":"https:\/\/www.visit-ulcinj.com\/blog\/2013\/12\/05\/cmimet-me-te-lira-ne-turqi-se-ne-ulqin\/#breadcrumb","itemListElement":[{"@type":"ListItem","position":1,"name":"\u00c7mimet me te lira ne Turqi se n\u00eb Ulqin"}]},{"@type":"Person","@id":"https:\/\/www.visit-ulcinj.com\/blog\/#\/schema\/person\/dcab619c614d3038751c63bc2aadc06d","name":"ulqini","sameAs":["http:\/\/www.visit-ulcinj.com"],"url":"https:\/\/www.visit-ulcinj.com\/blog\/author\/admin\/"}]}},"jetpack_featured_media_url":"","jetpack_sharing_enabled":true,"jetpack_shortlink":"https:\/\/wp.me\/pe6lTn-k14","_links":{"self":[{"href":"https:\/\/www.visit-ulcinj.com\/blog\/wp-json\/wp\/v2\/posts\/76946"}],"collection":[{"href":"https:\/\/www.visit-ulcinj.com\/blog\/wp-json\/wp\/v2\/posts"}],"about":[{"href":"https:\/\/www.visit-ulcinj.com\/blog\/wp-json\/wp\/v2\/types\/post"}],"author":[{"embeddable":true,"href":"https:\/\/www.visit-ulcinj.com\/blog\/wp-json\/wp\/v2\/users\/1"}],"replies":[{"embeddable":true,"href":"https:\/\/www.visit-ulcinj.com\/blog\/wp-json\/wp\/v2\/comments?post=76946"}],"version-history":[{"count":3,"href":"https:\/\/www.visit-ulcinj.com\/blog\/wp-json\/wp\/v2\/posts\/76946\/revisions"}],"predecessor-version":[{"id":76950,"href":"https:\/\/www.visit-ulcinj.com\/blog\/wp-json\/wp\/v2\/posts\/76946\/revisions\/76950"}],"wp:attachment":[{"href":"https:\/\/www.visit-ulcinj.com\/blog\/wp-json\/wp\/v2\/media?parent=76946"}],"wp:term":[{"taxonomy":"category","embeddable":true,"href":"https:\/\/www.visit-ulcinj.com\/blog\/wp-json\/wp\/v2\/categories?post=76946"},{"taxonomy":"post_tag","embeddable":true,"href":"https:\/\/www.visit-ulcinj.com\/blog\/wp-json\/wp\/v2\/tags?post=76946"}],"curies":[{"name":"wp","href":"https:\/\/api.w.org\/{rel}","templated":true}]}}