{"id":76981,"date":"2013-12-06T12:27:58","date_gmt":"2013-12-06T11:27:58","guid":{"rendered":"http:\/\/www.visit-ulcinj.com\/blog\/?p=76981"},"modified":"2013-12-06T12:27:58","modified_gmt":"2013-12-06T11:27:58","slug":"nimanbegu-u-ostros-se-ne-ulaze-zbog-etnicke-pripadnosti","status":"publish","type":"post","link":"https:\/\/www.visit-ulcinj.com\/blog\/2013\/12\/06\/nimanbegu-u-ostros-se-ne-ulaze-zbog-etnicke-pripadnosti\/","title":{"rendered":"Nimanbegu: U Ostros se ne ula\u017ee zbog etni\u010dke pripadnosti"},"content":{"rendered":"<p><a href=\"http:\/\/www.visit-ulcinj.com\/blog\/wp-content\/uploads\/2013\/12\/genci-nimanbegu.jpg\"><img loading=\"lazy\" class=\"alignleft  wp-image-76982\" alt=\"genci-nimanbegu\" src=\"http:\/\/www.visit-ulcinj.com\/blog\/wp-content\/uploads\/2013\/12\/genci-nimanbegu.jpg\" width=\"508\" height=\"360\" \/><\/a>Poslanici su, sa godinu ka\u0161njenja, razmatrali Izvje\u0161taj o realizaciji strategije regionalnog razvoja za 2011. godinu, i nijesu uspjeli da se usaglase da li je tokom te i 2012. godine, i uop\u0161te do danas, do\u0161lo do razvoja sjevernog regiona u \u0161ta su, makar na papiru, ulo\u017eeni milioni.<\/p>\n<p>Poslanik Force Genci Nimanbegu kazao je da se u Krajinu i Ostros u barskoj op\u0161tini ne ula\u017ee zbog etni\u010dke pripadnosti stanovni\u0161ta i da je to jedino obja\u0161njenje za\u0161to taj kraj i dalje nema vode. Rekao je i da je stopa nezaposlenosti mnogo ve\u0107a od one koju saop\u0161tava Zavod za zapo\u0161ljavanje.<\/p>\n<p>&#8220;Nije samo sjever nerazvijen. Ve\u0107 \u010detiri godine Ulcinj je op\u0161tina sa najni\u017eom prosje\u010dnom zaradom&#8221;, podsjetio je Nimanbegu.<\/p>\n<p>Re\u010deno je da je Odbor za ekonomiju izvje\u0161taj razmatrao jo\u0161 u oktobru pro\u0161le godine ali da je na plenum, koji \u0107e danas nastaviti raspravu, do\u0161ao na red tek sada.<\/p>\n<p>Poslanici opozicije su zamjerili ministru ekonomije Vladimiru Kavari\u0107u \u0161to je predstavljaju\u0107i izvje\u0161taj saop\u0161tavao samo brojke, ali da se ne zna ko je nadle\u017ean za rad na regionalnom razvoju kao ni \u0161ta taj termin obuhvata.<\/p>\n<p>Kavari\u0107 je rekao da je na sjeveru pove\u0107an broj malih i srednjih preduze\u0107a (MSP) kao i privrednika, i da su rasle zarade ali da, ipak, nije do\u0161lo do smanjenja stope nezaposlenosti.<\/p>\n<p>Poslanik DF-a Milan Kne\u017eevi\u0107 je rekao da Kavari\u0107 ima bra\u0107u Grim za savjetnike (pisci bajki) ili da je izvje\u0161taj radio neko ko pi\u0161e bajke ili ko je &#8220;u dubokoj komi&#8221;.<\/p>\n<p>&#8220;Ako sjever ima potencijale, za\u0161to gra\u0111ani migriraju. Navodite da ste ulo\u017eili 100 miliona eura u solarne kolektore i vjetroelektrane, pa za te pare mogli smo ovdje dovesti i sunce i mjesec da nas griju&#8221;, kazao je Kne\u017eevi\u0107.<\/p>\n<p>Poslanici opozicije su zamjerili potpredsjedniku Vlade za regionalni razvoj Rafetu Husovi\u0107u koji je, smatraju, trebalo da bude tu iako se samo decembar 2012. godine odnosi na njegov mandat. I poslanik DPS-a Zoran Vuk\u010devi\u0107 je kazao da je jo\u0161 neko iz Vlade, osim Kavari\u0107a, trebalo da bude prisutan.<\/p>\n<p>&#8220;Mogao je biti ovdje jer se nije pretrgao od posla&#8221;, rekao je poslanik Pozitivne Dritan Abazovi\u0107. On je istakao i da ni\u0161ta nije ura\u0111eno, da je &#8220;sve iznad Bio\u010da sramno i pora\u017eavaju\u0107e&#8221;.<\/p>\n<p>&#8220;Sude\u0107i po izvje\u0161taju i zgrada parlamenta u Glavnom gradu je u svrhu regionalnog razvoja. Mora se definisati \u0161ta je regionalni razvoj, jer ako to ne znamo za svaku investiciju se mo\u017ee re\u0107i da je u funkciji regionalnog razvoja&#8221;, rekao je poslanik SNP-a Aleksandar Damjanovi\u0107.<\/p>\n<p><strong>Autoput gotov po prezentacijama<\/strong><\/p>\n<p>Za poslanika Pozitivne Mladena Bojani\u0107a lo\u0161 regionalni razvoj je rezultat neuspje\u0161no vo\u0111ene ekonomske politike.<\/p>\n<p>&#8220;Uspje\u0107e da izjedna\u010de regionalne razlike i svi \u0107emo \u017eivjeti u siroma\u0161tvu, a ne blagostanju&#8221;, rekao je Bojani\u0107, dodaju\u0107i da Vlada uporno insistira na strategiji koja ne daje rezultate.<\/p>\n<p>&#8220;Koliko smo prezentacija gledali, sad vi\u0161e ni sami ne vjerujemo da nema autoputa&#8221;, kazao je Bojani\u0107.<\/p>\n<p><a href=\"http:\/\/www.vijesti.me\/vijesti\/regionalni-razvoj-dzaba-lijepa-prica-kad-se-sa-sjevera-bjezi-clanak-164456\" target=\"_blank\"><strong>Marijana Camovi\u0107<\/strong><\/a><br \/>\n<a href=\"http:\/\/www.vijesti.me\/vijesti\/regionalni-razvoj-dzaba-lijepa-prica-kad-se-sa-sjevera-bjezi-clanak-164456\" target=\"_blank\"><strong>Vijesti online<\/strong><\/a><\/p>\n","protected":false},"excerpt":{"rendered":"<p>Poslanici su, sa godinu ka\u0161njenja, razmatrali Izvje\u0161taj o realizaciji strategije regionalnog razvoja za 2011. godinu, i nijesu uspjeli da se usaglase da li je tokom te i 2012. godine, i uop\u0161te do danas, do\u0161lo do razvoja sjevernog regiona u \u0161ta su, makar na papiru, ulo\u017eeni milioni. Poslanik Force Genci Nimanbegu kazao je da se u [&hellip;]<\/p>\n","protected":false},"author":1,"featured_media":0,"comment_status":"closed","ping_status":"closed","sticky":false,"template":"","format":"standard","meta":{"spay_email":"","jetpack_publicize_message":"","jetpack_is_tweetstorm":false,"jetpack_publicize_feature_enabled":true},"categories":[6950],"tags":[],"jetpack_publicize_connections":[],"yoast_head":"<!-- This site is optimized with the Yoast SEO plugin v19.1 - https:\/\/yoast.com\/wordpress\/plugins\/seo\/ -->\n<title>Nimanbegu: U Ostros se ne ula\u017ee zbog etni\u010dke pripadnosti - Lajme nga Ulqini<\/title>\n<meta name=\"description\" content=\"Poslanici su, sa godinu ka\u0161njenja, razmatrali Izvje\u0161taj o realizaciji strategije regionalnog razvoja za 2011. godinu, i nijesu uspjeli da se usaglase da\" \/>\n<meta name=\"robots\" content=\"index, follow, max-snippet:-1, max-image-preview:large, max-video-preview:-1\" \/>\n<link rel=\"canonical\" href=\"https:\/\/www.visit-ulcinj.com\/blog\/2013\/12\/06\/nimanbegu-u-ostros-se-ne-ulaze-zbog-etnicke-pripadnosti\/\" \/>\n<meta property=\"og:locale\" content=\"en_US\" \/>\n<meta property=\"og:type\" content=\"article\" \/>\n<meta property=\"og:title\" content=\"Nimanbegu: U Ostros se ne ula\u017ee zbog etni\u010dke pripadnosti - Lajme nga Ulqini\" \/>\n<meta property=\"og:description\" content=\"Poslanici su, sa godinu ka\u0161njenja, razmatrali Izvje\u0161taj o realizaciji strategije regionalnog razvoja za 2011. godinu, i nijesu uspjeli da se usaglase da\" \/>\n<meta property=\"og:url\" content=\"https:\/\/www.visit-ulcinj.com\/blog\/2013\/12\/06\/nimanbegu-u-ostros-se-ne-ulaze-zbog-etnicke-pripadnosti\/\" \/>\n<meta property=\"og:site_name\" content=\"Lajme nga Ulqini\" \/>\n<meta property=\"article:published_time\" content=\"2013-12-06T11:27:58+00:00\" \/>\n<meta property=\"og:image\" content=\"http:\/\/www.visit-ulcinj.com\/blog\/wp-content\/uploads\/2013\/12\/genci-nimanbegu.jpg\" \/>\n<meta name=\"twitter:label1\" content=\"Written by\" \/>\n\t<meta name=\"twitter:data1\" content=\"ulqini\" \/>\n\t<meta name=\"twitter:label2\" content=\"Est. reading time\" \/>\n\t<meta name=\"twitter:data2\" content=\"3 minutes\" \/>\n<script type=\"application\/ld+json\" class=\"yoast-schema-graph\">{\"@context\":\"https:\/\/schema.org\",\"@graph\":[{\"@type\":\"WebSite\",\"@id\":\"https:\/\/www.visit-ulcinj.com\/blog\/#website\",\"url\":\"https:\/\/www.visit-ulcinj.com\/blog\/\",\"name\":\"Lajme nga Ulqini\",\"description\":\"Lajme,Vijesti,Ulqini,Ulqin,Crna Gora,Mali i Zi\",\"potentialAction\":[{\"@type\":\"SearchAction\",\"target\":{\"@type\":\"EntryPoint\",\"urlTemplate\":\"https:\/\/www.visit-ulcinj.com\/blog\/?s={search_term_string}\"},\"query-input\":\"required name=search_term_string\"}],\"inLanguage\":\"en-US\"},{\"@type\":\"ImageObject\",\"inLanguage\":\"en-US\",\"@id\":\"https:\/\/www.visit-ulcinj.com\/blog\/2013\/12\/06\/nimanbegu-u-ostros-se-ne-ulaze-zbog-etnicke-pripadnosti\/#primaryimage\",\"url\":\"https:\/\/www.visit-ulcinj.com\/blog\/wp-content\/uploads\/2013\/12\/genci-nimanbegu.jpg\",\"contentUrl\":\"https:\/\/www.visit-ulcinj.com\/blog\/wp-content\/uploads\/2013\/12\/genci-nimanbegu.jpg\",\"width\":1000,\"height\":620},{\"@type\":\"WebPage\",\"@id\":\"https:\/\/www.visit-ulcinj.com\/blog\/2013\/12\/06\/nimanbegu-u-ostros-se-ne-ulaze-zbog-etnicke-pripadnosti\/#webpage\",\"url\":\"https:\/\/www.visit-ulcinj.com\/blog\/2013\/12\/06\/nimanbegu-u-ostros-se-ne-ulaze-zbog-etnicke-pripadnosti\/\",\"name\":\"Nimanbegu: U Ostros se ne ula\u017ee zbog etni\u010dke pripadnosti - Lajme nga Ulqini\",\"isPartOf\":{\"@id\":\"https:\/\/www.visit-ulcinj.com\/blog\/#website\"},\"primaryImageOfPage\":{\"@id\":\"https:\/\/www.visit-ulcinj.com\/blog\/2013\/12\/06\/nimanbegu-u-ostros-se-ne-ulaze-zbog-etnicke-pripadnosti\/#primaryimage\"},\"datePublished\":\"2013-12-06T11:27:58+00:00\",\"dateModified\":\"2013-12-06T11:27:58+00:00\",\"author\":{\"@id\":\"https:\/\/www.visit-ulcinj.com\/blog\/#\/schema\/person\/dcab619c614d3038751c63bc2aadc06d\"},\"description\":\"Poslanici su, sa godinu ka\u0161njenja, razmatrali Izvje\u0161taj o realizaciji strategije regionalnog razvoja za 2011. godinu, i nijesu uspjeli da se usaglase da\",\"breadcrumb\":{\"@id\":\"https:\/\/www.visit-ulcinj.com\/blog\/2013\/12\/06\/nimanbegu-u-ostros-se-ne-ulaze-zbog-etnicke-pripadnosti\/#breadcrumb\"},\"inLanguage\":\"en-US\",\"potentialAction\":[{\"@type\":\"ReadAction\",\"target\":[\"https:\/\/www.visit-ulcinj.com\/blog\/2013\/12\/06\/nimanbegu-u-ostros-se-ne-ulaze-zbog-etnicke-pripadnosti\/\"]}]},{\"@type\":\"BreadcrumbList\",\"@id\":\"https:\/\/www.visit-ulcinj.com\/blog\/2013\/12\/06\/nimanbegu-u-ostros-se-ne-ulaze-zbog-etnicke-pripadnosti\/#breadcrumb\",\"itemListElement\":[{\"@type\":\"ListItem\",\"position\":1,\"name\":\"Nimanbegu: U Ostros se ne ula\u017ee zbog etni\u010dke pripadnosti\"}]},{\"@type\":\"Person\",\"@id\":\"https:\/\/www.visit-ulcinj.com\/blog\/#\/schema\/person\/dcab619c614d3038751c63bc2aadc06d\",\"name\":\"ulqini\",\"sameAs\":[\"http:\/\/www.visit-ulcinj.com\"],\"url\":\"https:\/\/www.visit-ulcinj.com\/blog\/author\/admin\/\"}]}<\/script>\n<!-- \/ Yoast SEO plugin. -->","yoast_head_json":{"title":"Nimanbegu: U Ostros se ne ula\u017ee zbog etni\u010dke pripadnosti - Lajme nga Ulqini","description":"Poslanici su, sa godinu ka\u0161njenja, razmatrali Izvje\u0161taj o realizaciji strategije regionalnog razvoja za 2011. godinu, i nijesu uspjeli da se usaglase da","robots":{"index":"index","follow":"follow","max-snippet":"max-snippet:-1","max-image-preview":"max-image-preview:large","max-video-preview":"max-video-preview:-1"},"canonical":"https:\/\/www.visit-ulcinj.com\/blog\/2013\/12\/06\/nimanbegu-u-ostros-se-ne-ulaze-zbog-etnicke-pripadnosti\/","og_locale":"en_US","og_type":"article","og_title":"Nimanbegu: U Ostros se ne ula\u017ee zbog etni\u010dke pripadnosti - Lajme nga Ulqini","og_description":"Poslanici su, sa godinu ka\u0161njenja, razmatrali Izvje\u0161taj o realizaciji strategije regionalnog razvoja za 2011. godinu, i nijesu uspjeli da se usaglase da","og_url":"https:\/\/www.visit-ulcinj.com\/blog\/2013\/12\/06\/nimanbegu-u-ostros-se-ne-ulaze-zbog-etnicke-pripadnosti\/","og_site_name":"Lajme nga Ulqini","article_published_time":"2013-12-06T11:27:58+00:00","og_image":[{"url":"http:\/\/www.visit-ulcinj.com\/blog\/wp-content\/uploads\/2013\/12\/genci-nimanbegu.jpg"}],"twitter_misc":{"Written by":"ulqini","Est. reading time":"3 minutes"},"schema":{"@context":"https:\/\/schema.org","@graph":[{"@type":"WebSite","@id":"https:\/\/www.visit-ulcinj.com\/blog\/#website","url":"https:\/\/www.visit-ulcinj.com\/blog\/","name":"Lajme nga Ulqini","description":"Lajme,Vijesti,Ulqini,Ulqin,Crna Gora,Mali i Zi","potentialAction":[{"@type":"SearchAction","target":{"@type":"EntryPoint","urlTemplate":"https:\/\/www.visit-ulcinj.com\/blog\/?s={search_term_string}"},"query-input":"required name=search_term_string"}],"inLanguage":"en-US"},{"@type":"ImageObject","inLanguage":"en-US","@id":"https:\/\/www.visit-ulcinj.com\/blog\/2013\/12\/06\/nimanbegu-u-ostros-se-ne-ulaze-zbog-etnicke-pripadnosti\/#primaryimage","url":"https:\/\/www.visit-ulcinj.com\/blog\/wp-content\/uploads\/2013\/12\/genci-nimanbegu.jpg","contentUrl":"https:\/\/www.visit-ulcinj.com\/blog\/wp-content\/uploads\/2013\/12\/genci-nimanbegu.jpg","width":1000,"height":620},{"@type":"WebPage","@id":"https:\/\/www.visit-ulcinj.com\/blog\/2013\/12\/06\/nimanbegu-u-ostros-se-ne-ulaze-zbog-etnicke-pripadnosti\/#webpage","url":"https:\/\/www.visit-ulcinj.com\/blog\/2013\/12\/06\/nimanbegu-u-ostros-se-ne-ulaze-zbog-etnicke-pripadnosti\/","name":"Nimanbegu: U Ostros se ne ula\u017ee zbog etni\u010dke pripadnosti - Lajme nga Ulqini","isPartOf":{"@id":"https:\/\/www.visit-ulcinj.com\/blog\/#website"},"primaryImageOfPage":{"@id":"https:\/\/www.visit-ulcinj.com\/blog\/2013\/12\/06\/nimanbegu-u-ostros-se-ne-ulaze-zbog-etnicke-pripadnosti\/#primaryimage"},"datePublished":"2013-12-06T11:27:58+00:00","dateModified":"2013-12-06T11:27:58+00:00","author":{"@id":"https:\/\/www.visit-ulcinj.com\/blog\/#\/schema\/person\/dcab619c614d3038751c63bc2aadc06d"},"description":"Poslanici su, sa godinu ka\u0161njenja, razmatrali Izvje\u0161taj o realizaciji strategije regionalnog razvoja za 2011. godinu, i nijesu uspjeli da se usaglase da","breadcrumb":{"@id":"https:\/\/www.visit-ulcinj.com\/blog\/2013\/12\/06\/nimanbegu-u-ostros-se-ne-ulaze-zbog-etnicke-pripadnosti\/#breadcrumb"},"inLanguage":"en-US","potentialAction":[{"@type":"ReadAction","target":["https:\/\/www.visit-ulcinj.com\/blog\/2013\/12\/06\/nimanbegu-u-ostros-se-ne-ulaze-zbog-etnicke-pripadnosti\/"]}]},{"@type":"BreadcrumbList","@id":"https:\/\/www.visit-ulcinj.com\/blog\/2013\/12\/06\/nimanbegu-u-ostros-se-ne-ulaze-zbog-etnicke-pripadnosti\/#breadcrumb","itemListElement":[{"@type":"ListItem","position":1,"name":"Nimanbegu: U Ostros se ne ula\u017ee zbog etni\u010dke pripadnosti"}]},{"@type":"Person","@id":"https:\/\/www.visit-ulcinj.com\/blog\/#\/schema\/person\/dcab619c614d3038751c63bc2aadc06d","name":"ulqini","sameAs":["http:\/\/www.visit-ulcinj.com"],"url":"https:\/\/www.visit-ulcinj.com\/blog\/author\/admin\/"}]}},"jetpack_featured_media_url":"","jetpack_sharing_enabled":true,"jetpack_shortlink":"https:\/\/wp.me\/pe6lTn-k1D","_links":{"self":[{"href":"https:\/\/www.visit-ulcinj.com\/blog\/wp-json\/wp\/v2\/posts\/76981"}],"collection":[{"href":"https:\/\/www.visit-ulcinj.com\/blog\/wp-json\/wp\/v2\/posts"}],"about":[{"href":"https:\/\/www.visit-ulcinj.com\/blog\/wp-json\/wp\/v2\/types\/post"}],"author":[{"embeddable":true,"href":"https:\/\/www.visit-ulcinj.com\/blog\/wp-json\/wp\/v2\/users\/1"}],"replies":[{"embeddable":true,"href":"https:\/\/www.visit-ulcinj.com\/blog\/wp-json\/wp\/v2\/comments?post=76981"}],"version-history":[{"count":1,"href":"https:\/\/www.visit-ulcinj.com\/blog\/wp-json\/wp\/v2\/posts\/76981\/revisions"}],"predecessor-version":[{"id":76983,"href":"https:\/\/www.visit-ulcinj.com\/blog\/wp-json\/wp\/v2\/posts\/76981\/revisions\/76983"}],"wp:attachment":[{"href":"https:\/\/www.visit-ulcinj.com\/blog\/wp-json\/wp\/v2\/media?parent=76981"}],"wp:term":[{"taxonomy":"category","embeddable":true,"href":"https:\/\/www.visit-ulcinj.com\/blog\/wp-json\/wp\/v2\/categories?post=76981"},{"taxonomy":"post_tag","embeddable":true,"href":"https:\/\/www.visit-ulcinj.com\/blog\/wp-json\/wp\/v2\/tags?post=76981"}],"curies":[{"name":"wp","href":"https:\/\/api.w.org\/{rel}","templated":true}]}}