{"id":76989,"date":"2013-12-06T23:12:50","date_gmt":"2013-12-06T22:12:50","guid":{"rendered":"http:\/\/www.visit-ulcinj.com\/blog\/?p=76989"},"modified":"2013-12-06T23:50:44","modified_gmt":"2013-12-06T22:50:44","slug":"kriporja-serisht-ne-tender-cmimi-199-000-000e","status":"publish","type":"post","link":"https:\/\/www.visit-ulcinj.com\/blog\/2013\/12\/06\/kriporja-serisht-ne-tender-cmimi-199-000-000e\/","title":{"rendered":"Kriporja s\u00ebrisht n\u00eb tender, cmimi 199.000.000\u20ac &#8211; Video"},"content":{"rendered":"<p><a href=\"http:\/\/www.visit-ulcinj.com\/blog\/wp-content\/uploads\/2013\/12\/Tenderi-i-kripores-se-Ulqinit.jpg\"><img loading=\"lazy\" class=\"alignleft  wp-image-76990\" alt=\"Tenderi i kripores se Ulqinit\" src=\"http:\/\/www.visit-ulcinj.com\/blog\/wp-content\/uploads\/2013\/12\/Tenderi-i-kripores-se-Ulqinit.jpg\" width=\"508\" height=\"360\" \/><\/a>Administrata e falimentimit e kripores \u201cBajo Sekuliq\u201d, me t\u00eb cil\u00ebn drejton Eurofond nga Podgorica me pronar\u00a0 biznesmenin Veselin Baroviq, ka shpallur nj\u00eb ankand publik p\u00ebr shitjen e aseteve t\u00eb nd\u00ebrmarrjes s\u00eb k\u00ebsaj kompanie nga Ulqini me\u00a0 \u00e7mim fillestar prej\u00a0 199 milion \u20acuro\u00a0 duke mos harruar\u00a0 se n\u00eb tenderin e par\u00eb shuma\u00a0 e afruar p\u00ebr Kripore\u00a0 ishte 257.800.000 \u20acuro.<\/p>\n<p>Te interesuarit dhe kompanit\u00eb duhet t\u00eb paraqesin ofertat deri me deri me 27 dhjetor 2013.<\/p>\n<p>Asetet p\u00ebrfshijn\u00eb pasurit\u00eb e patundshme n\u00eb komun\u00ebn e Ulqinit, t\u00eb p\u00ebrb\u00ebr\u00eb nga toka, objekte, nd\u00ebrtesa industriale, nd\u00ebrtesat tregtare n\u00eb ekonomi, objekte elektroenergjetike, tubacione dhe kanale, pajisje teknologjike, pajisje transporti dhe pajisje p\u00ebr zyr\u00eb etj.<\/p>\n<p>Kriporja e Ulqinit paraqet\u00eb 15 hektar tok\u00eb,t\u00eb bler\u00eb para ca koh\u00ebve me \u00e7mimin 800 mij\u00eb euro,ku pronari i shumic\u00ebs s\u00eb aksioneve t\u00eb kripores \u00ebsht\u00eb \u201cEurofond\u201d, i cili kontrollohet nga Veselin Baroviq, biznesmen nga Podgorica, i cili u b\u00eb pronar i 75 p\u00ebr qind t\u00eb aksioneve t\u00eb kompanis\u00eb.<\/p>\n<p><object id=\"flashObj\" width=\"480\" height=\"270\" classid=\"clsid:D27CDB6E-AE6D-11cf-96B8-444553540000\" codebase=\"http:\/\/download.macromedia.com\/pub\/shockwave\/cabs\/flash\/swflash.cab#version=9,0,47,0\"><param name=\"movie\" value=\"http:\/\/c.brightcove.com\/services\/viewer\/federated_f9?isVid=1&#038;isUI=1\" \/><param name=\"bgcolor\" value=\"#FFFFFF\" \/><param name=\"flashVars\" value=\"videoId=2892883035001&#038;playerID=917389801001&#038;playerKey=AQ~~,AAAA1DWaSzk~,CZSkTksiPhQqITLsbi03E4KbEIFdh_zL&#038;domain=embed&#038;dynamicStreaming=true\" \/><param name=\"base\" value=\"http:\/\/admin.brightcove.com\" \/><param name=\"seamlesstabbing\" value=\"false\" \/><param name=\"allowFullScreen\" value=\"true\" \/><param name=\"swLiveConnect\" value=\"true\" \/><param name=\"allowScriptAccess\" value=\"always\" \/><\/object><\/p>\n","protected":false},"excerpt":{"rendered":"<p>Administrata e falimentimit e kripores \u201cBajo Sekuliq\u201d, me t\u00eb cil\u00ebn drejton Eurofond nga Podgorica me pronar\u00a0 biznesmenin Veselin Baroviq, ka shpallur nj\u00eb ankand publik p\u00ebr shitjen e aseteve t\u00eb nd\u00ebrmarrjes s\u00eb k\u00ebsaj kompanie nga Ulqini me\u00a0 \u00e7mim fillestar prej\u00a0 199 milion \u20acuro\u00a0 duke mos harruar\u00a0 se n\u00eb tenderin e par\u00eb shuma\u00a0 e afruar p\u00ebr Kripore\u00a0 [&hellip;]<\/p>\n","protected":false},"author":1,"featured_media":0,"comment_status":"closed","ping_status":"closed","sticky":false,"template":"","format":"standard","meta":{"spay_email":"","jetpack_publicize_message":"","jetpack_is_tweetstorm":false,"jetpack_publicize_feature_enabled":true},"categories":[10],"tags":[],"jetpack_publicize_connections":[],"yoast_head":"<!-- This site is optimized with the Yoast SEO plugin v19.1 - https:\/\/yoast.com\/wordpress\/plugins\/seo\/ -->\n<title>Kriporja s\u00ebrisht n\u00eb tender, cmimi 199.000.000\u20ac - Video - Lajme nga Ulqini<\/title>\n<meta name=\"description\" content=\"Administrata e falimentimit e kripores \u201cBajo Sekuliq\u201d, me t\u00eb cil\u00ebn drejton Eurofond nga Podgorica me pronar\u00a0 biznesmenin Veselin Baroviq, ka shpallur nj\u00eb\" \/>\n<meta name=\"robots\" content=\"index, follow, max-snippet:-1, max-image-preview:large, max-video-preview:-1\" \/>\n<link rel=\"canonical\" href=\"https:\/\/www.visit-ulcinj.com\/blog\/2013\/12\/06\/kriporja-serisht-ne-tender-cmimi-199-000-000e\/\" \/>\n<meta property=\"og:locale\" content=\"en_US\" \/>\n<meta property=\"og:type\" content=\"article\" \/>\n<meta property=\"og:title\" content=\"Kriporja s\u00ebrisht n\u00eb tender, cmimi 199.000.000\u20ac - Video - Lajme nga Ulqini\" \/>\n<meta property=\"og:description\" content=\"Administrata e falimentimit e kripores \u201cBajo Sekuliq\u201d, me t\u00eb cil\u00ebn drejton Eurofond nga Podgorica me pronar\u00a0 biznesmenin Veselin Baroviq, ka shpallur nj\u00eb\" \/>\n<meta property=\"og:url\" content=\"https:\/\/www.visit-ulcinj.com\/blog\/2013\/12\/06\/kriporja-serisht-ne-tender-cmimi-199-000-000e\/\" \/>\n<meta property=\"og:site_name\" content=\"Lajme nga Ulqini\" \/>\n<meta property=\"article:published_time\" content=\"2013-12-06T22:12:50+00:00\" \/>\n<meta property=\"article:modified_time\" content=\"2013-12-06T22:50:44+00:00\" \/>\n<meta property=\"og:image\" content=\"http:\/\/www.visit-ulcinj.com\/blog\/wp-content\/uploads\/2013\/12\/Tenderi-i-kripores-se-Ulqinit.jpg\" \/>\n<meta name=\"twitter:label1\" content=\"Written by\" \/>\n\t<meta name=\"twitter:data1\" content=\"ulqini\" \/>\n\t<meta name=\"twitter:label2\" content=\"Est. reading time\" \/>\n\t<meta name=\"twitter:data2\" content=\"1 minute\" \/>\n<script type=\"application\/ld+json\" class=\"yoast-schema-graph\">{\"@context\":\"https:\/\/schema.org\",\"@graph\":[{\"@type\":\"WebSite\",\"@id\":\"https:\/\/www.visit-ulcinj.com\/blog\/#website\",\"url\":\"https:\/\/www.visit-ulcinj.com\/blog\/\",\"name\":\"Lajme nga Ulqini\",\"description\":\"Lajme,Vijesti,Ulqini,Ulqin,Crna Gora,Mali i Zi\",\"potentialAction\":[{\"@type\":\"SearchAction\",\"target\":{\"@type\":\"EntryPoint\",\"urlTemplate\":\"https:\/\/www.visit-ulcinj.com\/blog\/?s={search_term_string}\"},\"query-input\":\"required name=search_term_string\"}],\"inLanguage\":\"en-US\"},{\"@type\":\"ImageObject\",\"inLanguage\":\"en-US\",\"@id\":\"https:\/\/www.visit-ulcinj.com\/blog\/2013\/12\/06\/kriporja-serisht-ne-tender-cmimi-199-000-000e\/#primaryimage\",\"url\":\"https:\/\/www.visit-ulcinj.com\/blog\/wp-content\/uploads\/2013\/12\/Tenderi-i-kripores-se-Ulqinit.jpg\",\"contentUrl\":\"https:\/\/www.visit-ulcinj.com\/blog\/wp-content\/uploads\/2013\/12\/Tenderi-i-kripores-se-Ulqinit.jpg\",\"width\":960,\"height\":724},{\"@type\":\"WebPage\",\"@id\":\"https:\/\/www.visit-ulcinj.com\/blog\/2013\/12\/06\/kriporja-serisht-ne-tender-cmimi-199-000-000e\/#webpage\",\"url\":\"https:\/\/www.visit-ulcinj.com\/blog\/2013\/12\/06\/kriporja-serisht-ne-tender-cmimi-199-000-000e\/\",\"name\":\"Kriporja s\u00ebrisht n\u00eb tender, cmimi 199.000.000\u20ac - Video - Lajme nga Ulqini\",\"isPartOf\":{\"@id\":\"https:\/\/www.visit-ulcinj.com\/blog\/#website\"},\"primaryImageOfPage\":{\"@id\":\"https:\/\/www.visit-ulcinj.com\/blog\/2013\/12\/06\/kriporja-serisht-ne-tender-cmimi-199-000-000e\/#primaryimage\"},\"datePublished\":\"2013-12-06T22:12:50+00:00\",\"dateModified\":\"2013-12-06T22:50:44+00:00\",\"author\":{\"@id\":\"https:\/\/www.visit-ulcinj.com\/blog\/#\/schema\/person\/dcab619c614d3038751c63bc2aadc06d\"},\"description\":\"Administrata e falimentimit e kripores \u201cBajo Sekuliq\u201d, me t\u00eb cil\u00ebn drejton Eurofond nga Podgorica me pronar\u00a0 biznesmenin Veselin Baroviq, ka shpallur nj\u00eb\",\"breadcrumb\":{\"@id\":\"https:\/\/www.visit-ulcinj.com\/blog\/2013\/12\/06\/kriporja-serisht-ne-tender-cmimi-199-000-000e\/#breadcrumb\"},\"inLanguage\":\"en-US\",\"potentialAction\":[{\"@type\":\"ReadAction\",\"target\":[\"https:\/\/www.visit-ulcinj.com\/blog\/2013\/12\/06\/kriporja-serisht-ne-tender-cmimi-199-000-000e\/\"]}]},{\"@type\":\"BreadcrumbList\",\"@id\":\"https:\/\/www.visit-ulcinj.com\/blog\/2013\/12\/06\/kriporja-serisht-ne-tender-cmimi-199-000-000e\/#breadcrumb\",\"itemListElement\":[{\"@type\":\"ListItem\",\"position\":1,\"name\":\"Kriporja s\u00ebrisht n\u00eb tender, cmimi 199.000.000\u20ac &#8211; Video\"}]},{\"@type\":\"Person\",\"@id\":\"https:\/\/www.visit-ulcinj.com\/blog\/#\/schema\/person\/dcab619c614d3038751c63bc2aadc06d\",\"name\":\"ulqini\",\"sameAs\":[\"http:\/\/www.visit-ulcinj.com\"],\"url\":\"https:\/\/www.visit-ulcinj.com\/blog\/author\/admin\/\"}]}<\/script>\n<!-- \/ Yoast SEO plugin. -->","yoast_head_json":{"title":"Kriporja s\u00ebrisht n\u00eb tender, cmimi 199.000.000\u20ac - Video - Lajme nga Ulqini","description":"Administrata e falimentimit e kripores \u201cBajo Sekuliq\u201d, me t\u00eb cil\u00ebn drejton Eurofond nga Podgorica me pronar\u00a0 biznesmenin Veselin Baroviq, ka shpallur nj\u00eb","robots":{"index":"index","follow":"follow","max-snippet":"max-snippet:-1","max-image-preview":"max-image-preview:large","max-video-preview":"max-video-preview:-1"},"canonical":"https:\/\/www.visit-ulcinj.com\/blog\/2013\/12\/06\/kriporja-serisht-ne-tender-cmimi-199-000-000e\/","og_locale":"en_US","og_type":"article","og_title":"Kriporja s\u00ebrisht n\u00eb tender, cmimi 199.000.000\u20ac - Video - Lajme nga Ulqini","og_description":"Administrata e falimentimit e kripores \u201cBajo Sekuliq\u201d, me t\u00eb cil\u00ebn drejton Eurofond nga Podgorica me pronar\u00a0 biznesmenin Veselin Baroviq, ka shpallur nj\u00eb","og_url":"https:\/\/www.visit-ulcinj.com\/blog\/2013\/12\/06\/kriporja-serisht-ne-tender-cmimi-199-000-000e\/","og_site_name":"Lajme nga Ulqini","article_published_time":"2013-12-06T22:12:50+00:00","article_modified_time":"2013-12-06T22:50:44+00:00","og_image":[{"url":"http:\/\/www.visit-ulcinj.com\/blog\/wp-content\/uploads\/2013\/12\/Tenderi-i-kripores-se-Ulqinit.jpg"}],"twitter_misc":{"Written by":"ulqini","Est. reading time":"1 minute"},"schema":{"@context":"https:\/\/schema.org","@graph":[{"@type":"WebSite","@id":"https:\/\/www.visit-ulcinj.com\/blog\/#website","url":"https:\/\/www.visit-ulcinj.com\/blog\/","name":"Lajme nga Ulqini","description":"Lajme,Vijesti,Ulqini,Ulqin,Crna Gora,Mali i Zi","potentialAction":[{"@type":"SearchAction","target":{"@type":"EntryPoint","urlTemplate":"https:\/\/www.visit-ulcinj.com\/blog\/?s={search_term_string}"},"query-input":"required name=search_term_string"}],"inLanguage":"en-US"},{"@type":"ImageObject","inLanguage":"en-US","@id":"https:\/\/www.visit-ulcinj.com\/blog\/2013\/12\/06\/kriporja-serisht-ne-tender-cmimi-199-000-000e\/#primaryimage","url":"https:\/\/www.visit-ulcinj.com\/blog\/wp-content\/uploads\/2013\/12\/Tenderi-i-kripores-se-Ulqinit.jpg","contentUrl":"https:\/\/www.visit-ulcinj.com\/blog\/wp-content\/uploads\/2013\/12\/Tenderi-i-kripores-se-Ulqinit.jpg","width":960,"height":724},{"@type":"WebPage","@id":"https:\/\/www.visit-ulcinj.com\/blog\/2013\/12\/06\/kriporja-serisht-ne-tender-cmimi-199-000-000e\/#webpage","url":"https:\/\/www.visit-ulcinj.com\/blog\/2013\/12\/06\/kriporja-serisht-ne-tender-cmimi-199-000-000e\/","name":"Kriporja s\u00ebrisht n\u00eb tender, cmimi 199.000.000\u20ac - Video - Lajme nga Ulqini","isPartOf":{"@id":"https:\/\/www.visit-ulcinj.com\/blog\/#website"},"primaryImageOfPage":{"@id":"https:\/\/www.visit-ulcinj.com\/blog\/2013\/12\/06\/kriporja-serisht-ne-tender-cmimi-199-000-000e\/#primaryimage"},"datePublished":"2013-12-06T22:12:50+00:00","dateModified":"2013-12-06T22:50:44+00:00","author":{"@id":"https:\/\/www.visit-ulcinj.com\/blog\/#\/schema\/person\/dcab619c614d3038751c63bc2aadc06d"},"description":"Administrata e falimentimit e kripores \u201cBajo Sekuliq\u201d, me t\u00eb cil\u00ebn drejton Eurofond nga Podgorica me pronar\u00a0 biznesmenin Veselin Baroviq, ka shpallur nj\u00eb","breadcrumb":{"@id":"https:\/\/www.visit-ulcinj.com\/blog\/2013\/12\/06\/kriporja-serisht-ne-tender-cmimi-199-000-000e\/#breadcrumb"},"inLanguage":"en-US","potentialAction":[{"@type":"ReadAction","target":["https:\/\/www.visit-ulcinj.com\/blog\/2013\/12\/06\/kriporja-serisht-ne-tender-cmimi-199-000-000e\/"]}]},{"@type":"BreadcrumbList","@id":"https:\/\/www.visit-ulcinj.com\/blog\/2013\/12\/06\/kriporja-serisht-ne-tender-cmimi-199-000-000e\/#breadcrumb","itemListElement":[{"@type":"ListItem","position":1,"name":"Kriporja s\u00ebrisht n\u00eb tender, cmimi 199.000.000\u20ac &#8211; Video"}]},{"@type":"Person","@id":"https:\/\/www.visit-ulcinj.com\/blog\/#\/schema\/person\/dcab619c614d3038751c63bc2aadc06d","name":"ulqini","sameAs":["http:\/\/www.visit-ulcinj.com"],"url":"https:\/\/www.visit-ulcinj.com\/blog\/author\/admin\/"}]}},"jetpack_featured_media_url":"","jetpack_sharing_enabled":true,"jetpack_shortlink":"https:\/\/wp.me\/pe6lTn-k1L","_links":{"self":[{"href":"https:\/\/www.visit-ulcinj.com\/blog\/wp-json\/wp\/v2\/posts\/76989"}],"collection":[{"href":"https:\/\/www.visit-ulcinj.com\/blog\/wp-json\/wp\/v2\/posts"}],"about":[{"href":"https:\/\/www.visit-ulcinj.com\/blog\/wp-json\/wp\/v2\/types\/post"}],"author":[{"embeddable":true,"href":"https:\/\/www.visit-ulcinj.com\/blog\/wp-json\/wp\/v2\/users\/1"}],"replies":[{"embeddable":true,"href":"https:\/\/www.visit-ulcinj.com\/blog\/wp-json\/wp\/v2\/comments?post=76989"}],"version-history":[{"count":3,"href":"https:\/\/www.visit-ulcinj.com\/blog\/wp-json\/wp\/v2\/posts\/76989\/revisions"}],"predecessor-version":[{"id":76993,"href":"https:\/\/www.visit-ulcinj.com\/blog\/wp-json\/wp\/v2\/posts\/76989\/revisions\/76993"}],"wp:attachment":[{"href":"https:\/\/www.visit-ulcinj.com\/blog\/wp-json\/wp\/v2\/media?parent=76989"}],"wp:term":[{"taxonomy":"category","embeddable":true,"href":"https:\/\/www.visit-ulcinj.com\/blog\/wp-json\/wp\/v2\/categories?post=76989"},{"taxonomy":"post_tag","embeddable":true,"href":"https:\/\/www.visit-ulcinj.com\/blog\/wp-json\/wp\/v2\/tags?post=76989"}],"curies":[{"name":"wp","href":"https:\/\/api.w.org\/{rel}","templated":true}]}}