{"id":76994,"date":"2013-12-06T23:54:58","date_gmt":"2013-12-06T22:54:58","guid":{"rendered":"http:\/\/www.visit-ulcinj.com\/blog\/?p=76994"},"modified":"2013-12-06T23:55:40","modified_gmt":"2013-12-06T22:55:40","slug":"ptice-umiru-sa-ulcinjskom-solanom-video","status":"publish","type":"post","link":"https:\/\/www.visit-ulcinj.com\/blog\/2013\/12\/06\/ptice-umiru-sa-ulcinjskom-solanom-video\/","title":{"rendered":"I ptice umiru sa ulcinjskom Solanom &#8211; Video"},"content":{"rendered":"<p><a href=\"http:\/\/www.visit-ulcinj.com\/blog\/wp-content\/uploads\/2013\/12\/Tenderi-i-kripores-se-Ulqinit.jpg\"><img loading=\"lazy\" class=\"alignleft  wp-image-76990\" alt=\"Tenderi i kripores se Ulqinit\" src=\"http:\/\/www.visit-ulcinj.com\/blog\/wp-content\/uploads\/2013\/12\/Tenderi-i-kripores-se-Ulqinit.jpg\" width=\"508\" height=\"360\" \/><\/a>Ulcinjska solana grca u dugovima, vlasnici tvde da su jedino rje\u0161enje izgradnja hotela i pokretanje turizma na toj lokaciji, a dr\u017eava insistira na za\u0161titi ptica.<\/p>\n<p>Ne nagriza samo so nekada uspje\u0161nu ulcinjsku kompaniju. Solana &#8220;Bajo Sekuli\u0107&#8221; je od 2011. godine u ste\u010daju, sa blizu \u0161est miliona eura duga, od toga vi\u0161e od polovine radnicima za plate i doprinose. Nekad je ova kompanija imala nekoliko stotina zaposlenih, a danas svega pedesetak, javila je iz <strong><a href=\"http:\/\/balkans.aljazeera.net\/tag\/ulcinj\" target=\"_blank\">Ulcinja<\/a> <\/strong>reporterka Al Jazeere Milica Marinovi\u0107.<\/p>\n<p>&#8220;Lo\u0161e gazdovanje i jako problemati\u010dan menad\u017ement uticali su na to da <strong><a href=\"http:\/\/balkans.aljazeera.net\/tag\/solana\" target=\"_blank\">Solana<\/a><\/strong> ne ide u pozitivnom pravcu. Svake godine se prave odre\u0111ene dubioze i odre\u0111eni minusi. Na\u017ealost, radnici su ti koji to trpe&#8221;, ka\u017ee Marko Miranovi\u0107 iz Sindikata Solane.<\/p>\n<p>Solanom godinama upravlja Eurofond, koji je kupio njene akcije za pribli\u017eno pet miliona eura. Vrijednost imovine preduze\u0107a je 50 puta ve\u0107a. Procjenjuje se na vi\u0161e od 250 miliona eura.<\/p>\n<p><strong>Borba za opstanak<\/strong><\/p>\n<p>Zastarjelost mehanizacije jedan je od najve\u0107ih problema ulcinjske Solane. Vlasnici tvrde da je u fabriku ulo\u017eeno pet miliona eura, ali da prevazi\u0111eni na\u010din proizvodnje, tro\u0161kovi za struju i radnike, te niska cijena soli donose samo gubitke. Planiraju na tom lokalitetu napraviti turisti\u010dki kompleks.<\/p>\n<p>&#8220;Da ostane i nekakva mala proizvodnja soli, ali Solani su u ovom trenutku potrebni i dodatni sadr\u017eaji i nove investicije da bi uop\u0161te mogla da posluje&#8221;, ka\u017ee Zdravko Potpara iz Upravnog odbora Solane.<\/p>\n<p>Opstanak Solane posebno je va\u017ean i za milione ptica koje posjete to podru\u010dje tokom godine. Rije\u010d je o najzna\u010dajnijem prirodnom stani\u0161tu na isto\u010dnoj obali Jadrana.<\/p>\n<p>&#8220;U Evropi je do sada registrovano blizu 500 vrsta ptica, na ulcinjskoj Solani 252 vrste. Zna\u010di da se polovina ukupne evropske faune, koja mo\u017ee da se registruje na starom kontinentu, registruje na ulcinjskoj Solani&#8221;, ka\u017ee orintolog Darko Savelji\u0107.<\/p>\n<p><strong>Odgo\u0111ena gradnja<\/strong><\/p>\n<p>Crnogorski Parlament je zbog toga Solanu pro\u0161le godine proglasio\u00a0podru\u010djem od zna\u010daja i mogu\u0107nost gradnje hotela na tom mjestu odgodio do 2020. godine.\u00a0Vlasnici Solane \u017ealili su se Ustavnom sudu.<\/p>\n<p>&#8220;Sada\u0161nji vlasnici po svaku cijenu \u017eele da izvr\u0161e promjenu te namjene. Me\u0111utim, po prostornom planu, koji \u0107e uskoro da bude na javnoj raspravi, to je fakti\u010dki predvi\u0111eno, da Solana nastavi sa aktivnostima za koje je namjena i bila prije 70-80 godina&#8221;, rekao je Nazif Cungu, predsjednik Op\u0161tine Ulcinj.<\/p>\n<p>&#8220;Solana ima skoro 15 miliona kvadrata i jedan dio se mo\u017ee ostaviti za rezervat, a ovako, kako Solana stoji, ptice \u0107e sigurno biti ugro\u017eene&#8221;, ka\u017ee Marko Marinovi\u0107.<\/p>\n<p>Dok \u010deka sudske odluke i dogovor vlasnika i dr\u017eave, ulcinjska Solana propada. Ostaju samo nade da \u0107e se na\u0107i kompromis, a da \u0107e ovo mjesto dobiti svoju pravu ekolo\u0161ku, ekonomsku i turisti\u010dku namjenu.<\/p>\n<p><strong><em>Izvor: Al Jazeera<\/em><\/strong><\/p>\n<p><object id=\"flashObj\" width=\"480\" height=\"270\" classid=\"clsid:d27cdb6e-ae6d-11cf-96b8-444553540000\" codebase=\"http:\/\/download.macromedia.com\/pub\/shockwave\/cabs\/flash\/swflash.cab#version=6,0,40,0\" bgcolor=\"#FFFFFF\"><param name=\"flashVars\" value=\"videoId=2892883035001&amp;playerID=917389801001&amp;playerKey=AQ~~,AAAA1DWaSzk~,CZSkTksiPhQqITLsbi03E4KbEIFdh_zL&amp;domain=embed&amp;dynamicStreaming=true\" \/><param name=\"base\" value=\"http:\/\/admin.brightcove.com\" \/><param name=\"seamlesstabbing\" value=\"false\" \/><param name=\"allowFullScreen\" value=\"true\" \/><param name=\"swLiveConnect\" value=\"true\" \/><param name=\"allowScriptAccess\" value=\"always\" \/><param name=\"src\" value=\"http:\/\/c.brightcove.com\/services\/viewer\/federated_f9?isVid=1&amp;isUI=1\" \/><param name=\"flashvars\" value=\"videoId=2892883035001&amp;playerID=917389801001&amp;playerKey=AQ~~,AAAA1DWaSzk~,CZSkTksiPhQqITLsbi03E4KbEIFdh_zL&amp;domain=embed&amp;dynamicStreaming=true\" \/><param name=\"allowfullscreen\" value=\"true\" \/><param name=\"allowscriptaccess\" value=\"always\" \/><param name=\"swliveconnect\" value=\"true\" \/><param name=\"pluginspage\" value=\"http:\/\/www.macromedia.com\/shockwave\/download\/index.cgi?P1_Prod_Version=ShockwaveFlash\" \/><\/object><\/p>\n","protected":false},"excerpt":{"rendered":"<p>Ulcinjska solana grca u dugovima, vlasnici tvde da su jedino rje\u0161enje izgradnja hotela i pokretanje turizma na toj lokaciji, a dr\u017eava insistira na za\u0161titi ptica. Ne nagriza samo so nekada uspje\u0161nu ulcinjsku kompaniju. Solana &#8220;Bajo Sekuli\u0107&#8221; je od 2011. godine u ste\u010daju, sa blizu \u0161est miliona eura duga, od toga vi\u0161e od polovine radnicima za [&hellip;]<\/p>\n","protected":false},"author":1,"featured_media":0,"comment_status":"closed","ping_status":"closed","sticky":false,"template":"","format":"standard","meta":{"spay_email":"","jetpack_publicize_message":"","jetpack_is_tweetstorm":false,"jetpack_publicize_feature_enabled":true},"categories":[8337],"tags":[],"jetpack_publicize_connections":[],"yoast_head":"<!-- This site is optimized with the Yoast SEO plugin v19.1 - https:\/\/yoast.com\/wordpress\/plugins\/seo\/ -->\n<title>I ptice umiru sa ulcinjskom Solanom - Video - Lajme nga Ulqini<\/title>\n<meta name=\"description\" content=\"Ulcinjska solana grca u dugovima, vlasnici tvde da su jedino rje\u0161enje izgradnja hotela i pokretanje turizma na toj lokaciji, a dr\u017eava insistira na za\u0161titi\" \/>\n<meta name=\"robots\" content=\"index, follow, max-snippet:-1, max-image-preview:large, max-video-preview:-1\" \/>\n<link rel=\"canonical\" href=\"https:\/\/www.visit-ulcinj.com\/blog\/2013\/12\/06\/ptice-umiru-sa-ulcinjskom-solanom-video\/\" \/>\n<meta property=\"og:locale\" content=\"en_US\" \/>\n<meta property=\"og:type\" content=\"article\" \/>\n<meta property=\"og:title\" content=\"I ptice umiru sa ulcinjskom Solanom - Video - Lajme nga Ulqini\" \/>\n<meta property=\"og:description\" content=\"Ulcinjska solana grca u dugovima, vlasnici tvde da su jedino rje\u0161enje izgradnja hotela i pokretanje turizma na toj lokaciji, a dr\u017eava insistira na za\u0161titi\" \/>\n<meta property=\"og:url\" content=\"https:\/\/www.visit-ulcinj.com\/blog\/2013\/12\/06\/ptice-umiru-sa-ulcinjskom-solanom-video\/\" \/>\n<meta property=\"og:site_name\" content=\"Lajme nga Ulqini\" \/>\n<meta property=\"article:published_time\" content=\"2013-12-06T22:54:58+00:00\" \/>\n<meta property=\"article:modified_time\" content=\"2013-12-06T22:55:40+00:00\" \/>\n<meta property=\"og:image\" content=\"http:\/\/www.visit-ulcinj.com\/blog\/wp-content\/uploads\/2013\/12\/Tenderi-i-kripores-se-Ulqinit.jpg\" \/>\n<meta name=\"twitter:label1\" content=\"Written by\" \/>\n\t<meta name=\"twitter:data1\" content=\"ulqini\" \/>\n\t<meta name=\"twitter:label2\" content=\"Est. reading time\" \/>\n\t<meta name=\"twitter:data2\" content=\"2 minutes\" \/>\n<script type=\"application\/ld+json\" class=\"yoast-schema-graph\">{\"@context\":\"https:\/\/schema.org\",\"@graph\":[{\"@type\":\"WebSite\",\"@id\":\"https:\/\/www.visit-ulcinj.com\/blog\/#website\",\"url\":\"https:\/\/www.visit-ulcinj.com\/blog\/\",\"name\":\"Lajme nga Ulqini\",\"description\":\"Lajme,Vijesti,Ulqini,Ulqin,Crna Gora,Mali i Zi\",\"potentialAction\":[{\"@type\":\"SearchAction\",\"target\":{\"@type\":\"EntryPoint\",\"urlTemplate\":\"https:\/\/www.visit-ulcinj.com\/blog\/?s={search_term_string}\"},\"query-input\":\"required name=search_term_string\"}],\"inLanguage\":\"en-US\"},{\"@type\":\"ImageObject\",\"inLanguage\":\"en-US\",\"@id\":\"https:\/\/www.visit-ulcinj.com\/blog\/2013\/12\/06\/ptice-umiru-sa-ulcinjskom-solanom-video\/#primaryimage\",\"url\":\"https:\/\/www.visit-ulcinj.com\/blog\/wp-content\/uploads\/2013\/12\/Tenderi-i-kripores-se-Ulqinit.jpg\",\"contentUrl\":\"https:\/\/www.visit-ulcinj.com\/blog\/wp-content\/uploads\/2013\/12\/Tenderi-i-kripores-se-Ulqinit.jpg\",\"width\":960,\"height\":724},{\"@type\":\"WebPage\",\"@id\":\"https:\/\/www.visit-ulcinj.com\/blog\/2013\/12\/06\/ptice-umiru-sa-ulcinjskom-solanom-video\/#webpage\",\"url\":\"https:\/\/www.visit-ulcinj.com\/blog\/2013\/12\/06\/ptice-umiru-sa-ulcinjskom-solanom-video\/\",\"name\":\"I ptice umiru sa ulcinjskom Solanom - Video - Lajme nga Ulqini\",\"isPartOf\":{\"@id\":\"https:\/\/www.visit-ulcinj.com\/blog\/#website\"},\"primaryImageOfPage\":{\"@id\":\"https:\/\/www.visit-ulcinj.com\/blog\/2013\/12\/06\/ptice-umiru-sa-ulcinjskom-solanom-video\/#primaryimage\"},\"datePublished\":\"2013-12-06T22:54:58+00:00\",\"dateModified\":\"2013-12-06T22:55:40+00:00\",\"author\":{\"@id\":\"https:\/\/www.visit-ulcinj.com\/blog\/#\/schema\/person\/dcab619c614d3038751c63bc2aadc06d\"},\"description\":\"Ulcinjska solana grca u dugovima, vlasnici tvde da su jedino rje\u0161enje izgradnja hotela i pokretanje turizma na toj lokaciji, a dr\u017eava insistira na za\u0161titi\",\"breadcrumb\":{\"@id\":\"https:\/\/www.visit-ulcinj.com\/blog\/2013\/12\/06\/ptice-umiru-sa-ulcinjskom-solanom-video\/#breadcrumb\"},\"inLanguage\":\"en-US\",\"potentialAction\":[{\"@type\":\"ReadAction\",\"target\":[\"https:\/\/www.visit-ulcinj.com\/blog\/2013\/12\/06\/ptice-umiru-sa-ulcinjskom-solanom-video\/\"]}]},{\"@type\":\"BreadcrumbList\",\"@id\":\"https:\/\/www.visit-ulcinj.com\/blog\/2013\/12\/06\/ptice-umiru-sa-ulcinjskom-solanom-video\/#breadcrumb\",\"itemListElement\":[{\"@type\":\"ListItem\",\"position\":1,\"name\":\"I ptice umiru sa ulcinjskom Solanom &#8211; Video\"}]},{\"@type\":\"Person\",\"@id\":\"https:\/\/www.visit-ulcinj.com\/blog\/#\/schema\/person\/dcab619c614d3038751c63bc2aadc06d\",\"name\":\"ulqini\",\"sameAs\":[\"http:\/\/www.visit-ulcinj.com\"],\"url\":\"https:\/\/www.visit-ulcinj.com\/blog\/author\/admin\/\"}]}<\/script>\n<!-- \/ Yoast SEO plugin. -->","yoast_head_json":{"title":"I ptice umiru sa ulcinjskom Solanom - Video - Lajme nga Ulqini","description":"Ulcinjska solana grca u dugovima, vlasnici tvde da su jedino rje\u0161enje izgradnja hotela i pokretanje turizma na toj lokaciji, a dr\u017eava insistira na za\u0161titi","robots":{"index":"index","follow":"follow","max-snippet":"max-snippet:-1","max-image-preview":"max-image-preview:large","max-video-preview":"max-video-preview:-1"},"canonical":"https:\/\/www.visit-ulcinj.com\/blog\/2013\/12\/06\/ptice-umiru-sa-ulcinjskom-solanom-video\/","og_locale":"en_US","og_type":"article","og_title":"I ptice umiru sa ulcinjskom Solanom - Video - Lajme nga Ulqini","og_description":"Ulcinjska solana grca u dugovima, vlasnici tvde da su jedino rje\u0161enje izgradnja hotela i pokretanje turizma na toj lokaciji, a dr\u017eava insistira na za\u0161titi","og_url":"https:\/\/www.visit-ulcinj.com\/blog\/2013\/12\/06\/ptice-umiru-sa-ulcinjskom-solanom-video\/","og_site_name":"Lajme nga Ulqini","article_published_time":"2013-12-06T22:54:58+00:00","article_modified_time":"2013-12-06T22:55:40+00:00","og_image":[{"url":"http:\/\/www.visit-ulcinj.com\/blog\/wp-content\/uploads\/2013\/12\/Tenderi-i-kripores-se-Ulqinit.jpg"}],"twitter_misc":{"Written by":"ulqini","Est. reading time":"2 minutes"},"schema":{"@context":"https:\/\/schema.org","@graph":[{"@type":"WebSite","@id":"https:\/\/www.visit-ulcinj.com\/blog\/#website","url":"https:\/\/www.visit-ulcinj.com\/blog\/","name":"Lajme nga Ulqini","description":"Lajme,Vijesti,Ulqini,Ulqin,Crna Gora,Mali i Zi","potentialAction":[{"@type":"SearchAction","target":{"@type":"EntryPoint","urlTemplate":"https:\/\/www.visit-ulcinj.com\/blog\/?s={search_term_string}"},"query-input":"required name=search_term_string"}],"inLanguage":"en-US"},{"@type":"ImageObject","inLanguage":"en-US","@id":"https:\/\/www.visit-ulcinj.com\/blog\/2013\/12\/06\/ptice-umiru-sa-ulcinjskom-solanom-video\/#primaryimage","url":"https:\/\/www.visit-ulcinj.com\/blog\/wp-content\/uploads\/2013\/12\/Tenderi-i-kripores-se-Ulqinit.jpg","contentUrl":"https:\/\/www.visit-ulcinj.com\/blog\/wp-content\/uploads\/2013\/12\/Tenderi-i-kripores-se-Ulqinit.jpg","width":960,"height":724},{"@type":"WebPage","@id":"https:\/\/www.visit-ulcinj.com\/blog\/2013\/12\/06\/ptice-umiru-sa-ulcinjskom-solanom-video\/#webpage","url":"https:\/\/www.visit-ulcinj.com\/blog\/2013\/12\/06\/ptice-umiru-sa-ulcinjskom-solanom-video\/","name":"I ptice umiru sa ulcinjskom Solanom - Video - Lajme nga Ulqini","isPartOf":{"@id":"https:\/\/www.visit-ulcinj.com\/blog\/#website"},"primaryImageOfPage":{"@id":"https:\/\/www.visit-ulcinj.com\/blog\/2013\/12\/06\/ptice-umiru-sa-ulcinjskom-solanom-video\/#primaryimage"},"datePublished":"2013-12-06T22:54:58+00:00","dateModified":"2013-12-06T22:55:40+00:00","author":{"@id":"https:\/\/www.visit-ulcinj.com\/blog\/#\/schema\/person\/dcab619c614d3038751c63bc2aadc06d"},"description":"Ulcinjska solana grca u dugovima, vlasnici tvde da su jedino rje\u0161enje izgradnja hotela i pokretanje turizma na toj lokaciji, a dr\u017eava insistira na za\u0161titi","breadcrumb":{"@id":"https:\/\/www.visit-ulcinj.com\/blog\/2013\/12\/06\/ptice-umiru-sa-ulcinjskom-solanom-video\/#breadcrumb"},"inLanguage":"en-US","potentialAction":[{"@type":"ReadAction","target":["https:\/\/www.visit-ulcinj.com\/blog\/2013\/12\/06\/ptice-umiru-sa-ulcinjskom-solanom-video\/"]}]},{"@type":"BreadcrumbList","@id":"https:\/\/www.visit-ulcinj.com\/blog\/2013\/12\/06\/ptice-umiru-sa-ulcinjskom-solanom-video\/#breadcrumb","itemListElement":[{"@type":"ListItem","position":1,"name":"I ptice umiru sa ulcinjskom Solanom &#8211; Video"}]},{"@type":"Person","@id":"https:\/\/www.visit-ulcinj.com\/blog\/#\/schema\/person\/dcab619c614d3038751c63bc2aadc06d","name":"ulqini","sameAs":["http:\/\/www.visit-ulcinj.com"],"url":"https:\/\/www.visit-ulcinj.com\/blog\/author\/admin\/"}]}},"jetpack_featured_media_url":"","jetpack_sharing_enabled":true,"jetpack_shortlink":"https:\/\/wp.me\/pe6lTn-k1Q","_links":{"self":[{"href":"https:\/\/www.visit-ulcinj.com\/blog\/wp-json\/wp\/v2\/posts\/76994"}],"collection":[{"href":"https:\/\/www.visit-ulcinj.com\/blog\/wp-json\/wp\/v2\/posts"}],"about":[{"href":"https:\/\/www.visit-ulcinj.com\/blog\/wp-json\/wp\/v2\/types\/post"}],"author":[{"embeddable":true,"href":"https:\/\/www.visit-ulcinj.com\/blog\/wp-json\/wp\/v2\/users\/1"}],"replies":[{"embeddable":true,"href":"https:\/\/www.visit-ulcinj.com\/blog\/wp-json\/wp\/v2\/comments?post=76994"}],"version-history":[{"count":1,"href":"https:\/\/www.visit-ulcinj.com\/blog\/wp-json\/wp\/v2\/posts\/76994\/revisions"}],"predecessor-version":[{"id":76995,"href":"https:\/\/www.visit-ulcinj.com\/blog\/wp-json\/wp\/v2\/posts\/76994\/revisions\/76995"}],"wp:attachment":[{"href":"https:\/\/www.visit-ulcinj.com\/blog\/wp-json\/wp\/v2\/media?parent=76994"}],"wp:term":[{"taxonomy":"category","embeddable":true,"href":"https:\/\/www.visit-ulcinj.com\/blog\/wp-json\/wp\/v2\/categories?post=76994"},{"taxonomy":"post_tag","embeddable":true,"href":"https:\/\/www.visit-ulcinj.com\/blog\/wp-json\/wp\/v2\/tags?post=76994"}],"curies":[{"name":"wp","href":"https:\/\/api.w.org\/{rel}","templated":true}]}}