{"id":77009,"date":"2013-12-07T20:43:20","date_gmt":"2013-12-07T19:43:20","guid":{"rendered":"http:\/\/www.visit-ulcinj.com\/blog\/?p=77009"},"modified":"2013-12-08T19:46:27","modified_gmt":"2013-12-08T18:46:27","slug":"jakupi-rikthehet-ne-levizjen-qytetare-e-verteta","status":"publish","type":"post","link":"https:\/\/www.visit-ulcinj.com\/blog\/2013\/12\/07\/jakupi-rikthehet-ne-levizjen-qytetare-e-verteta\/","title":{"rendered":"Jakupi rikthehet ne L\u00ebvizjen Qytetare \u201cE Verteta\u201d"},"content":{"rendered":"<p><a href=\"http:\/\/www.visit-ulcinj.com\/blog\/wp-content\/uploads\/2013\/12\/isat-jakupi.jpg\"><img loading=\"lazy\" class=\"alignleft  wp-image-77010\" alt=\"isat-jakupi\" src=\"http:\/\/www.visit-ulcinj.com\/blog\/wp-content\/uploads\/2013\/12\/isat-jakupi.jpg\" width=\"508\" height=\"360\" \/><\/a>Dr Isat Jakupi esht\u00eb larguar nga Partia Social Demokrate dhe q\u00eb n\u00eb zgjedhjet e ardhshme do marr pjes\u00eb n\u00eb m\u00ebnyr\u00eb t\u00eb pavarur ose do bej\u00eb ndonj\u00eb koalicion me ndonj\u00eb parti tjet\u00ebr nga Komuna e Ulqinit.<\/p>\n<p>Ka shum\u00eb zhurm\u00eb ne Ulqin p\u00ebr ket Grup qytetar\u00ebsh, por rrjedhojat jan\u00eb shum\u00eb t\u00eb pakta dhe mendohet se efikasiteti i saj levizje do jet e madhe. L\u00ebvizja qytetare ku kryetari i saj asht Dr.Isat Jakupi i p\u00ebrmbajtur n\u00eb dukje, \u00ebsht\u00eb shum\u00eb m\u00eb efikase pa cenzur dhe pa monopol politik n\u00eb Ulqin.<\/p>\n<p>Dr Isat Jakupi esht\u00eb larguar nga Partia Social Demokrate dhe q\u00eb n\u00eb zgjedhjet e ardhshme do marr pjes\u00eb n\u00eb m\u00ebnyr\u00eb t\u00eb pavarur ose do bej\u00eb ndonj\u00eb koalicion me ndonj\u00eb parti tjet\u00ebr nga Komuna e Ulqinit.<\/p>\n<p>Kjo risi e k\u00ebsaj l\u00ebvizje qytetare ulqinake ka qen\u00eb mesa duket edhe shkaku q\u00eb nism\u00ebtarja e par\u00eb, l\u00ebvizja qytetare u prit n\u00eb fillim me ftoht\u00ebsi dhe u vu n\u00eb sh\u00ebnjest\u00ebr t\u00eb kritikave meskine te Ulqinit.<\/p>\n<p>Dr. Isat Jakupi i cili ka zhvilluar takime me t\u00eb rinjt\u00eb e Ulqinit, t\u00eb cil\u00ebt i ka inkurajuar q\u00eb t\u00eb mb\u00ebshtesin modelin e politikanit q\u00eb guxon dhe q\u00eb e vendos veten n\u00eb sh\u00ebrbim t\u00eb qytetar\u00ebve. Jakupi \u00ebsht\u00eb shprehur se: \u201cMb\u00ebshtetja sa m\u00eb shum\u00eb modelin e politikanit q\u00eb guxon dhe q\u00eb vendos veten n\u00eb sh\u00ebrbim t\u00eb qytetar\u00ebve. Bazuar n\u00eb dinjitetin dhe integritetin e njeriut dhe politikanit q\u00eb p\u00ebrafron vullnetin e qytetar\u00ebve dhe detyrimin e politikan\u00ebve dhe qeveritar\u00ebve p\u00ebr t\u2019iu sh\u00ebrbyer\u201d.\u00a0 Jakupi vler\u00ebsoi, gjithashtu, q\u00eb prej tri vitesh s\u00eb bashku me nj\u00eb grup t\u00eb rinjsh kan\u00eb hapur nj\u00eb debat publik lidhur me demokratizimin dhe modernizimin e partive politike n\u00eb Ulqin, si parakusht p\u00ebr mir\u00ebqeverisjen e vendit.<\/p>\n<p>Nga ana tjet\u00ebr, kandidati i pavarur i L\u00ebvizjes Qytetare te Ulqinit \u201cE Verteta\u201d u shpreh dje se \u201ct\u00eb rinjt\u00eb shqiptar\u00eb meritojn\u00eb t\u00eb ken\u00eb si simbol t\u00eb d\u00ebshmive m\u00eb t\u00eb mira meritokracin\u00eb dhe vullnetin p\u00ebr t\u00eb ecur p\u00ebrpara\u201d. \u201cNj\u00eb vend ec\u00ebn i sigurt drejt t\u00eb ardhmes s\u00eb konsoliduar pik\u00ebrisht at\u00ebher\u00eb kur elitat mendojn\u00eb p\u00ebr gjenerat\u00ebn e ardhshme, dhe jo p\u00ebr karrigen e radh\u00ebs\u201d, p\u00ebrfundoi Jakupi.<\/p>\n","protected":false},"excerpt":{"rendered":"<p>Dr Isat Jakupi esht\u00eb larguar nga Partia Social Demokrate dhe q\u00eb n\u00eb zgjedhjet e ardhshme do marr pjes\u00eb n\u00eb m\u00ebnyr\u00eb t\u00eb pavarur ose do bej\u00eb ndonj\u00eb koalicion me ndonj\u00eb parti tjet\u00ebr nga Komuna e Ulqinit. Ka shum\u00eb zhurm\u00eb ne Ulqin p\u00ebr ket Grup qytetar\u00ebsh, por rrjedhojat jan\u00eb shum\u00eb t\u00eb pakta dhe mendohet se efikasiteti i [&hellip;]<\/p>\n","protected":false},"author":1,"featured_media":0,"comment_status":"closed","ping_status":"closed","sticky":false,"template":"","format":"standard","meta":{"spay_email":"","jetpack_publicize_message":"","jetpack_is_tweetstorm":false,"jetpack_publicize_feature_enabled":true},"categories":[1,6],"tags":[],"jetpack_publicize_connections":[],"yoast_head":"<!-- This site is optimized with the Yoast SEO plugin v19.1 - https:\/\/yoast.com\/wordpress\/plugins\/seo\/ -->\n<title>Jakupi rikthehet ne L\u00ebvizjen Qytetare \u201cE Verteta\u201d - Lajme nga Ulqini<\/title>\n<meta name=\"description\" content=\"Dr Isat Jakupi esht\u00eb larguar nga Partia Social Demokrate dhe q\u00eb n\u00eb zgjedhjet e ardhshme do marr pjes\u00eb n\u00eb m\u00ebnyr\u00eb t\u00eb pavarur ose do bej\u00eb ndonj\u00eb koalicion me\" \/>\n<meta name=\"robots\" content=\"index, follow, max-snippet:-1, max-image-preview:large, max-video-preview:-1\" \/>\n<link rel=\"canonical\" href=\"https:\/\/www.visit-ulcinj.com\/blog\/2013\/12\/07\/jakupi-rikthehet-ne-levizjen-qytetare-e-verteta\/\" \/>\n<meta property=\"og:locale\" content=\"en_US\" \/>\n<meta property=\"og:type\" content=\"article\" \/>\n<meta property=\"og:title\" content=\"Jakupi rikthehet ne L\u00ebvizjen Qytetare \u201cE Verteta\u201d - Lajme nga Ulqini\" \/>\n<meta property=\"og:description\" content=\"Dr Isat Jakupi esht\u00eb larguar nga Partia Social Demokrate dhe q\u00eb n\u00eb zgjedhjet e ardhshme do marr pjes\u00eb n\u00eb m\u00ebnyr\u00eb t\u00eb pavarur ose do bej\u00eb ndonj\u00eb koalicion me\" \/>\n<meta property=\"og:url\" content=\"https:\/\/www.visit-ulcinj.com\/blog\/2013\/12\/07\/jakupi-rikthehet-ne-levizjen-qytetare-e-verteta\/\" \/>\n<meta property=\"og:site_name\" content=\"Lajme nga Ulqini\" \/>\n<meta property=\"article:published_time\" content=\"2013-12-07T19:43:20+00:00\" \/>\n<meta property=\"article:modified_time\" content=\"2013-12-08T18:46:27+00:00\" \/>\n<meta property=\"og:image\" content=\"http:\/\/www.visit-ulcinj.com\/blog\/wp-content\/uploads\/2013\/12\/isat-jakupi.jpg\" \/>\n<meta name=\"twitter:label1\" content=\"Written by\" \/>\n\t<meta name=\"twitter:data1\" content=\"ulqini\" \/>\n\t<meta name=\"twitter:label2\" content=\"Est. reading time\" \/>\n\t<meta name=\"twitter:data2\" content=\"2 minutes\" \/>\n<script type=\"application\/ld+json\" class=\"yoast-schema-graph\">{\"@context\":\"https:\/\/schema.org\",\"@graph\":[{\"@type\":\"WebSite\",\"@id\":\"https:\/\/www.visit-ulcinj.com\/blog\/#website\",\"url\":\"https:\/\/www.visit-ulcinj.com\/blog\/\",\"name\":\"Lajme nga Ulqini\",\"description\":\"Lajme,Vijesti,Ulqini,Ulqin,Crna Gora,Mali i Zi\",\"potentialAction\":[{\"@type\":\"SearchAction\",\"target\":{\"@type\":\"EntryPoint\",\"urlTemplate\":\"https:\/\/www.visit-ulcinj.com\/blog\/?s={search_term_string}\"},\"query-input\":\"required name=search_term_string\"}],\"inLanguage\":\"en-US\"},{\"@type\":\"ImageObject\",\"inLanguage\":\"en-US\",\"@id\":\"https:\/\/www.visit-ulcinj.com\/blog\/2013\/12\/07\/jakupi-rikthehet-ne-levizjen-qytetare-e-verteta\/#primaryimage\",\"url\":\"https:\/\/www.visit-ulcinj.com\/blog\/wp-content\/uploads\/2013\/12\/isat-jakupi.jpg\",\"contentUrl\":\"https:\/\/www.visit-ulcinj.com\/blog\/wp-content\/uploads\/2013\/12\/isat-jakupi.jpg\",\"width\":664,\"height\":545},{\"@type\":\"WebPage\",\"@id\":\"https:\/\/www.visit-ulcinj.com\/blog\/2013\/12\/07\/jakupi-rikthehet-ne-levizjen-qytetare-e-verteta\/#webpage\",\"url\":\"https:\/\/www.visit-ulcinj.com\/blog\/2013\/12\/07\/jakupi-rikthehet-ne-levizjen-qytetare-e-verteta\/\",\"name\":\"Jakupi rikthehet ne L\u00ebvizjen Qytetare \u201cE Verteta\u201d - Lajme nga Ulqini\",\"isPartOf\":{\"@id\":\"https:\/\/www.visit-ulcinj.com\/blog\/#website\"},\"primaryImageOfPage\":{\"@id\":\"https:\/\/www.visit-ulcinj.com\/blog\/2013\/12\/07\/jakupi-rikthehet-ne-levizjen-qytetare-e-verteta\/#primaryimage\"},\"datePublished\":\"2013-12-07T19:43:20+00:00\",\"dateModified\":\"2013-12-08T18:46:27+00:00\",\"author\":{\"@id\":\"https:\/\/www.visit-ulcinj.com\/blog\/#\/schema\/person\/dcab619c614d3038751c63bc2aadc06d\"},\"description\":\"Dr Isat Jakupi esht\u00eb larguar nga Partia Social Demokrate dhe q\u00eb n\u00eb zgjedhjet e ardhshme do marr pjes\u00eb n\u00eb m\u00ebnyr\u00eb t\u00eb pavarur ose do bej\u00eb ndonj\u00eb koalicion me\",\"breadcrumb\":{\"@id\":\"https:\/\/www.visit-ulcinj.com\/blog\/2013\/12\/07\/jakupi-rikthehet-ne-levizjen-qytetare-e-verteta\/#breadcrumb\"},\"inLanguage\":\"en-US\",\"potentialAction\":[{\"@type\":\"ReadAction\",\"target\":[\"https:\/\/www.visit-ulcinj.com\/blog\/2013\/12\/07\/jakupi-rikthehet-ne-levizjen-qytetare-e-verteta\/\"]}]},{\"@type\":\"BreadcrumbList\",\"@id\":\"https:\/\/www.visit-ulcinj.com\/blog\/2013\/12\/07\/jakupi-rikthehet-ne-levizjen-qytetare-e-verteta\/#breadcrumb\",\"itemListElement\":[{\"@type\":\"ListItem\",\"position\":1,\"name\":\"Jakupi rikthehet ne L\u00ebvizjen Qytetare \u201cE Verteta\u201d\"}]},{\"@type\":\"Person\",\"@id\":\"https:\/\/www.visit-ulcinj.com\/blog\/#\/schema\/person\/dcab619c614d3038751c63bc2aadc06d\",\"name\":\"ulqini\",\"sameAs\":[\"http:\/\/www.visit-ulcinj.com\"],\"url\":\"https:\/\/www.visit-ulcinj.com\/blog\/author\/admin\/\"}]}<\/script>\n<!-- \/ Yoast SEO plugin. -->","yoast_head_json":{"title":"Jakupi rikthehet ne L\u00ebvizjen Qytetare \u201cE Verteta\u201d - Lajme nga Ulqini","description":"Dr Isat Jakupi esht\u00eb larguar nga Partia Social Demokrate dhe q\u00eb n\u00eb zgjedhjet e ardhshme do marr pjes\u00eb n\u00eb m\u00ebnyr\u00eb t\u00eb pavarur ose do bej\u00eb ndonj\u00eb koalicion me","robots":{"index":"index","follow":"follow","max-snippet":"max-snippet:-1","max-image-preview":"max-image-preview:large","max-video-preview":"max-video-preview:-1"},"canonical":"https:\/\/www.visit-ulcinj.com\/blog\/2013\/12\/07\/jakupi-rikthehet-ne-levizjen-qytetare-e-verteta\/","og_locale":"en_US","og_type":"article","og_title":"Jakupi rikthehet ne L\u00ebvizjen Qytetare \u201cE Verteta\u201d - Lajme nga Ulqini","og_description":"Dr Isat Jakupi esht\u00eb larguar nga Partia Social Demokrate dhe q\u00eb n\u00eb zgjedhjet e ardhshme do marr pjes\u00eb n\u00eb m\u00ebnyr\u00eb t\u00eb pavarur ose do bej\u00eb ndonj\u00eb koalicion me","og_url":"https:\/\/www.visit-ulcinj.com\/blog\/2013\/12\/07\/jakupi-rikthehet-ne-levizjen-qytetare-e-verteta\/","og_site_name":"Lajme nga Ulqini","article_published_time":"2013-12-07T19:43:20+00:00","article_modified_time":"2013-12-08T18:46:27+00:00","og_image":[{"url":"http:\/\/www.visit-ulcinj.com\/blog\/wp-content\/uploads\/2013\/12\/isat-jakupi.jpg"}],"twitter_misc":{"Written by":"ulqini","Est. reading time":"2 minutes"},"schema":{"@context":"https:\/\/schema.org","@graph":[{"@type":"WebSite","@id":"https:\/\/www.visit-ulcinj.com\/blog\/#website","url":"https:\/\/www.visit-ulcinj.com\/blog\/","name":"Lajme nga Ulqini","description":"Lajme,Vijesti,Ulqini,Ulqin,Crna Gora,Mali i Zi","potentialAction":[{"@type":"SearchAction","target":{"@type":"EntryPoint","urlTemplate":"https:\/\/www.visit-ulcinj.com\/blog\/?s={search_term_string}"},"query-input":"required name=search_term_string"}],"inLanguage":"en-US"},{"@type":"ImageObject","inLanguage":"en-US","@id":"https:\/\/www.visit-ulcinj.com\/blog\/2013\/12\/07\/jakupi-rikthehet-ne-levizjen-qytetare-e-verteta\/#primaryimage","url":"https:\/\/www.visit-ulcinj.com\/blog\/wp-content\/uploads\/2013\/12\/isat-jakupi.jpg","contentUrl":"https:\/\/www.visit-ulcinj.com\/blog\/wp-content\/uploads\/2013\/12\/isat-jakupi.jpg","width":664,"height":545},{"@type":"WebPage","@id":"https:\/\/www.visit-ulcinj.com\/blog\/2013\/12\/07\/jakupi-rikthehet-ne-levizjen-qytetare-e-verteta\/#webpage","url":"https:\/\/www.visit-ulcinj.com\/blog\/2013\/12\/07\/jakupi-rikthehet-ne-levizjen-qytetare-e-verteta\/","name":"Jakupi rikthehet ne L\u00ebvizjen Qytetare \u201cE Verteta\u201d - Lajme nga Ulqini","isPartOf":{"@id":"https:\/\/www.visit-ulcinj.com\/blog\/#website"},"primaryImageOfPage":{"@id":"https:\/\/www.visit-ulcinj.com\/blog\/2013\/12\/07\/jakupi-rikthehet-ne-levizjen-qytetare-e-verteta\/#primaryimage"},"datePublished":"2013-12-07T19:43:20+00:00","dateModified":"2013-12-08T18:46:27+00:00","author":{"@id":"https:\/\/www.visit-ulcinj.com\/blog\/#\/schema\/person\/dcab619c614d3038751c63bc2aadc06d"},"description":"Dr Isat Jakupi esht\u00eb larguar nga Partia Social Demokrate dhe q\u00eb n\u00eb zgjedhjet e ardhshme do marr pjes\u00eb n\u00eb m\u00ebnyr\u00eb t\u00eb pavarur ose do bej\u00eb ndonj\u00eb koalicion me","breadcrumb":{"@id":"https:\/\/www.visit-ulcinj.com\/blog\/2013\/12\/07\/jakupi-rikthehet-ne-levizjen-qytetare-e-verteta\/#breadcrumb"},"inLanguage":"en-US","potentialAction":[{"@type":"ReadAction","target":["https:\/\/www.visit-ulcinj.com\/blog\/2013\/12\/07\/jakupi-rikthehet-ne-levizjen-qytetare-e-verteta\/"]}]},{"@type":"BreadcrumbList","@id":"https:\/\/www.visit-ulcinj.com\/blog\/2013\/12\/07\/jakupi-rikthehet-ne-levizjen-qytetare-e-verteta\/#breadcrumb","itemListElement":[{"@type":"ListItem","position":1,"name":"Jakupi rikthehet ne L\u00ebvizjen Qytetare \u201cE Verteta\u201d"}]},{"@type":"Person","@id":"https:\/\/www.visit-ulcinj.com\/blog\/#\/schema\/person\/dcab619c614d3038751c63bc2aadc06d","name":"ulqini","sameAs":["http:\/\/www.visit-ulcinj.com"],"url":"https:\/\/www.visit-ulcinj.com\/blog\/author\/admin\/"}]}},"jetpack_featured_media_url":"","jetpack_sharing_enabled":true,"jetpack_shortlink":"https:\/\/wp.me\/pe6lTn-k25","_links":{"self":[{"href":"https:\/\/www.visit-ulcinj.com\/blog\/wp-json\/wp\/v2\/posts\/77009"}],"collection":[{"href":"https:\/\/www.visit-ulcinj.com\/blog\/wp-json\/wp\/v2\/posts"}],"about":[{"href":"https:\/\/www.visit-ulcinj.com\/blog\/wp-json\/wp\/v2\/types\/post"}],"author":[{"embeddable":true,"href":"https:\/\/www.visit-ulcinj.com\/blog\/wp-json\/wp\/v2\/users\/1"}],"replies":[{"embeddable":true,"href":"https:\/\/www.visit-ulcinj.com\/blog\/wp-json\/wp\/v2\/comments?post=77009"}],"version-history":[{"count":1,"href":"https:\/\/www.visit-ulcinj.com\/blog\/wp-json\/wp\/v2\/posts\/77009\/revisions"}],"predecessor-version":[{"id":77011,"href":"https:\/\/www.visit-ulcinj.com\/blog\/wp-json\/wp\/v2\/posts\/77009\/revisions\/77011"}],"wp:attachment":[{"href":"https:\/\/www.visit-ulcinj.com\/blog\/wp-json\/wp\/v2\/media?parent=77009"}],"wp:term":[{"taxonomy":"category","embeddable":true,"href":"https:\/\/www.visit-ulcinj.com\/blog\/wp-json\/wp\/v2\/categories?post=77009"},{"taxonomy":"post_tag","embeddable":true,"href":"https:\/\/www.visit-ulcinj.com\/blog\/wp-json\/wp\/v2\/tags?post=77009"}],"curies":[{"name":"wp","href":"https:\/\/api.w.org\/{rel}","templated":true}]}}