{"id":77023,"date":"2013-12-08T20:32:26","date_gmt":"2013-12-08T19:32:26","guid":{"rendered":"http:\/\/www.visit-ulcinj.com\/blog\/?p=77023"},"modified":"2013-12-08T20:32:26","modified_gmt":"2013-12-08T19:32:26","slug":"ulcinj-cungu-da-isplati-plate","status":"publish","type":"post","link":"https:\/\/www.visit-ulcinj.com\/blog\/2013\/12\/08\/ulcinj-cungu-da-isplati-plate\/","title":{"rendered":"Ulcinj: Cungu da isplati plate"},"content":{"rendered":"<p><a href=\"http:\/\/www.visit-ulcinj.com\/blog\/wp-content\/uploads\/2013\/12\/Sindikalne-organizacije-JP-Vodovod-Ulcinj.jpg\"><img loading=\"lazy\" class=\"alignleft  wp-image-77024\" alt=\"Sindikalne organizacije JP Vodovod-Ulcinj\" src=\"http:\/\/www.visit-ulcinj.com\/blog\/wp-content\/uploads\/2013\/12\/Sindikalne-organizacije-JP-Vodovod-Ulcinj.jpg\" width=\"508\" height=\"360\" \/><\/a>Sindikalne organizacije JP \u201eVodovod\u201d i Centar za kulturu najavile su da \u0107e narednih dana organizovati proteste zbog te\u0161ke materijalne situacije zaposlenih, zbog neizmirenih zarada i neupla\u0107enih doprinosa. U sindikatu Centra za kulturu ka\u017eu da \u0107e u subotu, 7. decembra, krenuti sa protestima.<br \/>\n\u2013 Svakog dana \u0107emo na dva sata prekidati rad i na taj na\u010din upozoriti osniva\u010da da mora da ispuni svoje obaveze prema nama \u2013 saop\u0161tila je predsjednica te organizacije Ljiljana Janinovi\u0107.<br \/>\nOna je kazala da \u0107e, ukoliko se u kratkom roku ne na\u0111e neko za radnike prihvatljivo rje\u0161enje, krenuti u radikalnije oblike sindikalne borbe. Prema njenim rije\u010dima, radnicima Centra za kulturu se duguje devet plata, a za \u010dak 39 mjeseci nijesu upla\u0107ivani doprinosi.<br \/>\n\u2013 Na ovaj korak smo se odlu\u010dili jer predsjednik op\u0161tine Nazif Cungu nije ispo\u0161tovao dogovor. Obe\u0107ao nam je jo\u0161 lani da \u0107e do kraja 2012. godine dugovi prema nama biti na nuli. Godinu dana kasnije mi smo u goroj poziciji \u2013 dodala je Janinovi\u0107eva.<br \/>\nPredsjednik Sindikata JP \u201eVodovod\u201d Rasim Osmani tvrdi i da su zaposleni u tom preduze\u0107u odlu\u010dili da stupe u \u0161trajk ukoliko im ne ispune zahtjeve.<br \/>\n\u2013 Prethodnih dana smo uputili zahtjeve rukovodstvu, odnosno direktoru, u kojima izme\u0111u ostalog tra\u017eimo isplatu zaostalih li\u010dnih dohodaka i putnih tro\u0161kova kao i uplatu doprinosa. Tako\u0111e, zahtijevali smo da nam se dostave informacije o stanju u kome se nalazi preduze\u0107e kao i plan izlaska iz evidentne finansijske krize \u2013 kazao je \u201eDanu\u201d Osmani i dodao da 150 radnika sedam mjeseci nije primilo plate, a vi\u0161e od dvije godine nijesu im upla\u0107ivani doprinosi.<br \/>\n\u2013 Dvije godine nijesmo ni dobili putne tro\u0161kove, ljudi ne mogu da idu u penziju iako ima onih koji su to pravo stekli. Ni\u0161ta ne primamo, a mnogi zaposleni pozajmljuju novac kako bi iz udaljenih sela do\u0161li na posao. Situacija je nepodno\u0161ljiva i mi nemamo drugog izbora. Sa\u010deka\u0107emo jo\u0161 nekoliko dana i ukoliko ne budu prihva\u0107eni na\u0161i zahtjevi, spremni smo da radikalizujemo proteste kako bi se izborili za na\u0161a prava \u2013 poru\u010dio je Osmani.<br \/>\nPodsjetimo, radnici javnih preduze\u0107a i organa lokalne uprave ve\u0107 su ranije protestvovali zbog te\u0161kog materijalnog polo\u017eaja, ali su odustali od protesta nakon \u0161to je rukovodstvo Op\u0161tine obe\u0107alo da \u0107e uvo\u0111enjem sanacionog plana mo\u0107i da se kreditno zadu\u017ee kako bi, uz sopstvene prihode, po\u010dela isplata nagomilanih obaveza prema povjeriocima. Kao glavni razlog ka\u0161njenja u isplatama zarada, iz lokalne uprave navode sudske sporove, zbog kojih je \u017eiro ra\u010dun lokalne samouprave vi\u0161e puta bio u blokadi. Op\u0161tina i javna preduze\u0107a za bruto plate du\u017ena su milion i 155 hiljada eura. Dug ze neizmirene poreze i doprinose za zarade iznosi 2,2 miliona, od \u010dega je milion i 140 hiljada obaveza lokalne samouprave.<br \/>\n<strong>M.K.<\/strong><\/p>\n<p><strong>Izvor: DAN<\/strong><\/p>\n","protected":false},"excerpt":{"rendered":"<p>Sindikalne organizacije JP \u201eVodovod\u201d i Centar za kulturu najavile su da \u0107e narednih dana organizovati proteste zbog te\u0161ke materijalne situacije zaposlenih, zbog neizmirenih zarada i neupla\u0107enih doprinosa. U sindikatu Centra za kulturu ka\u017eu da \u0107e u subotu, 7. decembra, krenuti sa protestima. \u2013 Svakog dana \u0107emo na dva sata prekidati rad i na taj na\u010din [&hellip;]<\/p>\n","protected":false},"author":1,"featured_media":0,"comment_status":"closed","ping_status":"closed","sticky":false,"template":"","format":"standard","meta":{"spay_email":"","jetpack_publicize_message":"","jetpack_is_tweetstorm":false,"jetpack_publicize_feature_enabled":true},"categories":[6950],"tags":[],"jetpack_publicize_connections":[],"yoast_head":"<!-- This site is optimized with the Yoast SEO plugin v19.1 - https:\/\/yoast.com\/wordpress\/plugins\/seo\/ -->\n<title>Ulcinj: Cungu da isplati plate - Lajme nga Ulqini<\/title>\n<meta name=\"description\" content=\"Sindikalne organizacije JP \u201eVodovod\u201d i Centar za kulturu najavile su da \u0107e narednih dana organizovati proteste zbog te\u0161ke materijalne situacije\" \/>\n<meta name=\"robots\" content=\"index, follow, max-snippet:-1, max-image-preview:large, max-video-preview:-1\" \/>\n<link rel=\"canonical\" href=\"https:\/\/www.visit-ulcinj.com\/blog\/2013\/12\/08\/ulcinj-cungu-da-isplati-plate\/\" \/>\n<meta property=\"og:locale\" content=\"en_US\" \/>\n<meta property=\"og:type\" content=\"article\" \/>\n<meta property=\"og:title\" content=\"Ulcinj: Cungu da isplati plate - Lajme nga Ulqini\" \/>\n<meta property=\"og:description\" content=\"Sindikalne organizacije JP \u201eVodovod\u201d i Centar za kulturu najavile su da \u0107e narednih dana organizovati proteste zbog te\u0161ke materijalne situacije\" \/>\n<meta property=\"og:url\" content=\"https:\/\/www.visit-ulcinj.com\/blog\/2013\/12\/08\/ulcinj-cungu-da-isplati-plate\/\" \/>\n<meta property=\"og:site_name\" content=\"Lajme nga Ulqini\" \/>\n<meta property=\"article:published_time\" content=\"2013-12-08T19:32:26+00:00\" \/>\n<meta property=\"og:image\" content=\"http:\/\/www.visit-ulcinj.com\/blog\/wp-content\/uploads\/2013\/12\/Sindikalne-organizacije-JP-Vodovod-Ulcinj.jpg\" \/>\n<meta name=\"twitter:label1\" content=\"Written by\" \/>\n\t<meta name=\"twitter:data1\" content=\"ulqini\" \/>\n\t<meta name=\"twitter:label2\" content=\"Est. reading time\" \/>\n\t<meta name=\"twitter:data2\" content=\"2 minutes\" \/>\n<script type=\"application\/ld+json\" class=\"yoast-schema-graph\">{\"@context\":\"https:\/\/schema.org\",\"@graph\":[{\"@type\":\"WebSite\",\"@id\":\"https:\/\/www.visit-ulcinj.com\/blog\/#website\",\"url\":\"https:\/\/www.visit-ulcinj.com\/blog\/\",\"name\":\"Lajme nga Ulqini\",\"description\":\"Lajme,Vijesti,Ulqini,Ulqin,Crna Gora,Mali i Zi\",\"potentialAction\":[{\"@type\":\"SearchAction\",\"target\":{\"@type\":\"EntryPoint\",\"urlTemplate\":\"https:\/\/www.visit-ulcinj.com\/blog\/?s={search_term_string}\"},\"query-input\":\"required name=search_term_string\"}],\"inLanguage\":\"en-US\"},{\"@type\":\"ImageObject\",\"inLanguage\":\"en-US\",\"@id\":\"https:\/\/www.visit-ulcinj.com\/blog\/2013\/12\/08\/ulcinj-cungu-da-isplati-plate\/#primaryimage\",\"url\":\"https:\/\/www.visit-ulcinj.com\/blog\/wp-content\/uploads\/2013\/12\/Sindikalne-organizacije-JP-Vodovod-Ulcinj.jpg\",\"contentUrl\":\"https:\/\/www.visit-ulcinj.com\/blog\/wp-content\/uploads\/2013\/12\/Sindikalne-organizacije-JP-Vodovod-Ulcinj.jpg\",\"width\":640,\"height\":480},{\"@type\":\"WebPage\",\"@id\":\"https:\/\/www.visit-ulcinj.com\/blog\/2013\/12\/08\/ulcinj-cungu-da-isplati-plate\/#webpage\",\"url\":\"https:\/\/www.visit-ulcinj.com\/blog\/2013\/12\/08\/ulcinj-cungu-da-isplati-plate\/\",\"name\":\"Ulcinj: Cungu da isplati plate - Lajme nga Ulqini\",\"isPartOf\":{\"@id\":\"https:\/\/www.visit-ulcinj.com\/blog\/#website\"},\"primaryImageOfPage\":{\"@id\":\"https:\/\/www.visit-ulcinj.com\/blog\/2013\/12\/08\/ulcinj-cungu-da-isplati-plate\/#primaryimage\"},\"datePublished\":\"2013-12-08T19:32:26+00:00\",\"dateModified\":\"2013-12-08T19:32:26+00:00\",\"author\":{\"@id\":\"https:\/\/www.visit-ulcinj.com\/blog\/#\/schema\/person\/dcab619c614d3038751c63bc2aadc06d\"},\"description\":\"Sindikalne organizacije JP \u201eVodovod\u201d i Centar za kulturu najavile su da \u0107e narednih dana organizovati proteste zbog te\u0161ke materijalne situacije\",\"breadcrumb\":{\"@id\":\"https:\/\/www.visit-ulcinj.com\/blog\/2013\/12\/08\/ulcinj-cungu-da-isplati-plate\/#breadcrumb\"},\"inLanguage\":\"en-US\",\"potentialAction\":[{\"@type\":\"ReadAction\",\"target\":[\"https:\/\/www.visit-ulcinj.com\/blog\/2013\/12\/08\/ulcinj-cungu-da-isplati-plate\/\"]}]},{\"@type\":\"BreadcrumbList\",\"@id\":\"https:\/\/www.visit-ulcinj.com\/blog\/2013\/12\/08\/ulcinj-cungu-da-isplati-plate\/#breadcrumb\",\"itemListElement\":[{\"@type\":\"ListItem\",\"position\":1,\"name\":\"Ulcinj: Cungu da isplati plate\"}]},{\"@type\":\"Person\",\"@id\":\"https:\/\/www.visit-ulcinj.com\/blog\/#\/schema\/person\/dcab619c614d3038751c63bc2aadc06d\",\"name\":\"ulqini\",\"sameAs\":[\"http:\/\/www.visit-ulcinj.com\"],\"url\":\"https:\/\/www.visit-ulcinj.com\/blog\/author\/admin\/\"}]}<\/script>\n<!-- \/ Yoast SEO plugin. -->","yoast_head_json":{"title":"Ulcinj: Cungu da isplati plate - Lajme nga Ulqini","description":"Sindikalne organizacije JP \u201eVodovod\u201d i Centar za kulturu najavile su da \u0107e narednih dana organizovati proteste zbog te\u0161ke materijalne situacije","robots":{"index":"index","follow":"follow","max-snippet":"max-snippet:-1","max-image-preview":"max-image-preview:large","max-video-preview":"max-video-preview:-1"},"canonical":"https:\/\/www.visit-ulcinj.com\/blog\/2013\/12\/08\/ulcinj-cungu-da-isplati-plate\/","og_locale":"en_US","og_type":"article","og_title":"Ulcinj: Cungu da isplati plate - Lajme nga Ulqini","og_description":"Sindikalne organizacije JP \u201eVodovod\u201d i Centar za kulturu najavile su da \u0107e narednih dana organizovati proteste zbog te\u0161ke materijalne situacije","og_url":"https:\/\/www.visit-ulcinj.com\/blog\/2013\/12\/08\/ulcinj-cungu-da-isplati-plate\/","og_site_name":"Lajme nga Ulqini","article_published_time":"2013-12-08T19:32:26+00:00","og_image":[{"url":"http:\/\/www.visit-ulcinj.com\/blog\/wp-content\/uploads\/2013\/12\/Sindikalne-organizacije-JP-Vodovod-Ulcinj.jpg"}],"twitter_misc":{"Written by":"ulqini","Est. reading time":"2 minutes"},"schema":{"@context":"https:\/\/schema.org","@graph":[{"@type":"WebSite","@id":"https:\/\/www.visit-ulcinj.com\/blog\/#website","url":"https:\/\/www.visit-ulcinj.com\/blog\/","name":"Lajme nga Ulqini","description":"Lajme,Vijesti,Ulqini,Ulqin,Crna Gora,Mali i Zi","potentialAction":[{"@type":"SearchAction","target":{"@type":"EntryPoint","urlTemplate":"https:\/\/www.visit-ulcinj.com\/blog\/?s={search_term_string}"},"query-input":"required name=search_term_string"}],"inLanguage":"en-US"},{"@type":"ImageObject","inLanguage":"en-US","@id":"https:\/\/www.visit-ulcinj.com\/blog\/2013\/12\/08\/ulcinj-cungu-da-isplati-plate\/#primaryimage","url":"https:\/\/www.visit-ulcinj.com\/blog\/wp-content\/uploads\/2013\/12\/Sindikalne-organizacije-JP-Vodovod-Ulcinj.jpg","contentUrl":"https:\/\/www.visit-ulcinj.com\/blog\/wp-content\/uploads\/2013\/12\/Sindikalne-organizacije-JP-Vodovod-Ulcinj.jpg","width":640,"height":480},{"@type":"WebPage","@id":"https:\/\/www.visit-ulcinj.com\/blog\/2013\/12\/08\/ulcinj-cungu-da-isplati-plate\/#webpage","url":"https:\/\/www.visit-ulcinj.com\/blog\/2013\/12\/08\/ulcinj-cungu-da-isplati-plate\/","name":"Ulcinj: Cungu da isplati plate - Lajme nga Ulqini","isPartOf":{"@id":"https:\/\/www.visit-ulcinj.com\/blog\/#website"},"primaryImageOfPage":{"@id":"https:\/\/www.visit-ulcinj.com\/blog\/2013\/12\/08\/ulcinj-cungu-da-isplati-plate\/#primaryimage"},"datePublished":"2013-12-08T19:32:26+00:00","dateModified":"2013-12-08T19:32:26+00:00","author":{"@id":"https:\/\/www.visit-ulcinj.com\/blog\/#\/schema\/person\/dcab619c614d3038751c63bc2aadc06d"},"description":"Sindikalne organizacije JP \u201eVodovod\u201d i Centar za kulturu najavile su da \u0107e narednih dana organizovati proteste zbog te\u0161ke materijalne situacije","breadcrumb":{"@id":"https:\/\/www.visit-ulcinj.com\/blog\/2013\/12\/08\/ulcinj-cungu-da-isplati-plate\/#breadcrumb"},"inLanguage":"en-US","potentialAction":[{"@type":"ReadAction","target":["https:\/\/www.visit-ulcinj.com\/blog\/2013\/12\/08\/ulcinj-cungu-da-isplati-plate\/"]}]},{"@type":"BreadcrumbList","@id":"https:\/\/www.visit-ulcinj.com\/blog\/2013\/12\/08\/ulcinj-cungu-da-isplati-plate\/#breadcrumb","itemListElement":[{"@type":"ListItem","position":1,"name":"Ulcinj: Cungu da isplati plate"}]},{"@type":"Person","@id":"https:\/\/www.visit-ulcinj.com\/blog\/#\/schema\/person\/dcab619c614d3038751c63bc2aadc06d","name":"ulqini","sameAs":["http:\/\/www.visit-ulcinj.com"],"url":"https:\/\/www.visit-ulcinj.com\/blog\/author\/admin\/"}]}},"jetpack_featured_media_url":"","jetpack_sharing_enabled":true,"jetpack_shortlink":"https:\/\/wp.me\/pe6lTn-k2j","_links":{"self":[{"href":"https:\/\/www.visit-ulcinj.com\/blog\/wp-json\/wp\/v2\/posts\/77023"}],"collection":[{"href":"https:\/\/www.visit-ulcinj.com\/blog\/wp-json\/wp\/v2\/posts"}],"about":[{"href":"https:\/\/www.visit-ulcinj.com\/blog\/wp-json\/wp\/v2\/types\/post"}],"author":[{"embeddable":true,"href":"https:\/\/www.visit-ulcinj.com\/blog\/wp-json\/wp\/v2\/users\/1"}],"replies":[{"embeddable":true,"href":"https:\/\/www.visit-ulcinj.com\/blog\/wp-json\/wp\/v2\/comments?post=77023"}],"version-history":[{"count":1,"href":"https:\/\/www.visit-ulcinj.com\/blog\/wp-json\/wp\/v2\/posts\/77023\/revisions"}],"predecessor-version":[{"id":77025,"href":"https:\/\/www.visit-ulcinj.com\/blog\/wp-json\/wp\/v2\/posts\/77023\/revisions\/77025"}],"wp:attachment":[{"href":"https:\/\/www.visit-ulcinj.com\/blog\/wp-json\/wp\/v2\/media?parent=77023"}],"wp:term":[{"taxonomy":"category","embeddable":true,"href":"https:\/\/www.visit-ulcinj.com\/blog\/wp-json\/wp\/v2\/categories?post=77023"},{"taxonomy":"post_tag","embeddable":true,"href":"https:\/\/www.visit-ulcinj.com\/blog\/wp-json\/wp\/v2\/tags?post=77023"}],"curies":[{"name":"wp","href":"https:\/\/api.w.org\/{rel}","templated":true}]}}