{"id":77029,"date":"2013-12-08T20:52:37","date_gmt":"2013-12-08T19:52:37","guid":{"rendered":"http:\/\/www.visit-ulcinj.com\/blog\/?p=77029"},"modified":"2013-12-08T20:52:37","modified_gmt":"2013-12-08T19:52:37","slug":"eu-da-eliminise-velikoalbanske-udzbenike","status":"publish","type":"post","link":"https:\/\/www.visit-ulcinj.com\/blog\/2013\/12\/08\/eu-da-eliminise-velikoalbanske-udzbenike\/","title":{"rendered":"EU da elimini\u0161e velikoalbanske ud\u017ebenike"},"content":{"rendered":"<p><a href=\"http:\/\/www.visit-ulcinj.com\/blog\/wp-content\/uploads\/2013\/12\/mapa.jpg\"><img loading=\"lazy\" class=\"alignleft  wp-image-77030\" alt=\"mapa\" src=\"http:\/\/www.visit-ulcinj.com\/blog\/wp-content\/uploads\/2013\/12\/mapa.jpg\" width=\"300\" height=\"350\" \/><\/a>Poslanik Evropskog parlamenta (EP) Nikolaos Salavrakos postavio je pitanje komesaru Evropske komisije \u0160tefanu Fileu \u0161ta \u0107e Brisel preduzeti povodom izdavanja ud\u017ebenika albanske geografije za \u010detvrti razred srednje \u0161kole u kome su teritorije susjednih dr\u017eava predstavljene kao teritorije Albanije.<br \/>\nU pitanju dostavljenom Evropskoj komisiji Salavrakos je rekao da \u0107e hiljade u\u010denika u Albaniji \u0161kolsku godinu zavr\u0161iti tako \u0161to \u0107e jedan od glavnih elemenata nastavnog plana biti ud\u017ebenik geografije iz kojeg u\u010de da se albanske nacionalne granice \u0161ire od Gr\u010dke do Crne Gore.<br \/>\n\u2013 U ud\u017ebeniku se navodi da je sjeverozapadni dio Gr\u010dke, od Lerina do Preveza, albanska nacionalna teritorija na kojoj je ranija ve\u0107ina stanovnika bila \u017ertva brutalnog \u201eetni\u010dkog \u010di\u0161\u0107enja\u201d od Grka. Dalje se tvrdi da su albanske teritorije Kosovo, djelovi Crne Gore i Srbije, pola teritorije Makedonije i svi sjeverozapadni djelovi Gr\u010dke, uklju\u010duju\u0107i i prefekture Florina, Kastoria, Grevena, Janina, Arta, Preveza i Tesprotia \u2013 naveo je Salavrakos.<br \/>\nOn je, kako se navodi u tekstu, rekao da na tu temu u Evropskoj uniji treba da obrate posebnu pa\u017enju.<br \/>\n\u2013 Ho\u0107e li Evropska komisija reagovati prema albanskoj vladi s ciljem da se iredentisti\u010dka u\u010denja sadr\u017eana u ud\u017ebenicima isprave i uklone iz nastavnog plana do kraja godine \u2013 pitao je Salavrakos, na \u0161ta Evropska komisija sada treba da odgovori.<br \/>\nTema postojanja albanskih ud\u017ebenika koji promovi\u0161u \u201eVeliku Albaniju\u201d nije nova, jer su gr\u010dki mediji jo\u0161 2011. godine objavili da postoje takvi nastavni planovi, a i pojedini gr\u010dki politi\u010dari zatra\u017eili su od susjednih zemalja da te ud\u017ebenike osude.<br \/>\nU martu ove godine, Ministarstvo vanjskih poslova i evropskih integracija Crne Gore (MVPEI) saop\u0161tilo je da je uputilo instrukciju crnogorskoj ambasadi u Tirani da ispita navode medija u vezi s ud\u017ebenikom geografije za \u010detvrti razred srednje \u0161kole. Ambasada u Tirani zadu\u017eena je i da reaguje kod relevantnih institucija u Republici Albaniji. \u0160ta se kasnije desilo, nije poznato.<br \/>\nKako je \u201eDan\u201d i ranije pisao, prema upozorenju ameri\u010dke obavje\u0161tajne slu\u017ebe (CIA) i vi\u0161e geopoliti\u010dkih eksperata, do 2035. godine na Balkanu \u0107e biti formirana velika albanska dr\u017eava, koja \u0107e, osim dana\u0161nje Albanije, obuhvatiti djelove Crne Gore, Srbije, Makedonije i sjeverne Gr\u010dke.<br \/>\n<strong>M.V.<\/strong><\/p>\n<p><strong> U geografiji Crna Gora bez pet op\u0161tina<\/strong><\/p>\n<p>Srpski i gr\u010dki mediji prenijeli su po\u010detkom ove godine da ud\u017ebenik geografije za \u010detvrti razred srednje \u0161kole sadr\u017ei konstataciju kako su \u201eBar, Ulcinj, Plav, Ro\u017eaje i Gusinje albanska podru\u010dja\u201d. Navodno je navedeno da je isto\u010dni dio Kosova nepravedno dodijeljen Srbiji, a da su albanska podru\u010dja u Crnoj Gori Ulcinj, Plav, Gusinje, Bar i Ro\u017eaje. U ud\u017ebeniku se upozorava da su ta podru\u010dja do 1912. godine bila dio geopoliti\u010dke kompaktne cjeline Albanije, a poslije balkanskih ratova i turske kapitulacije vojni\u010dki su ih osvojele oru\u017eane snage Crne Gore.<\/p>\n<p><strong>Izvor: DAN<\/strong><\/p>\n","protected":false},"excerpt":{"rendered":"<p>Poslanik Evropskog parlamenta (EP) Nikolaos Salavrakos postavio je pitanje komesaru Evropske komisije \u0160tefanu Fileu \u0161ta \u0107e Brisel preduzeti povodom izdavanja ud\u017ebenika albanske geografije za \u010detvrti razred srednje \u0161kole u kome su teritorije susjednih dr\u017eava predstavljene kao teritorije Albanije. U pitanju dostavljenom Evropskoj komisiji Salavrakos je rekao da \u0107e hiljade u\u010denika u Albaniji \u0161kolsku godinu zavr\u0161iti [&hellip;]<\/p>\n","protected":false},"author":1,"featured_media":0,"comment_status":"closed","ping_status":"closed","sticky":false,"template":"","format":"standard","meta":{"spay_email":"","jetpack_publicize_message":"","jetpack_is_tweetstorm":false,"jetpack_publicize_feature_enabled":true},"categories":[6950],"tags":[],"jetpack_publicize_connections":[],"yoast_head":"<!-- This site is optimized with the Yoast SEO plugin v19.1 - https:\/\/yoast.com\/wordpress\/plugins\/seo\/ -->\n<title>EU da elimini\u0161e velikoalbanske ud\u017ebenike - Lajme nga Ulqini<\/title>\n<meta name=\"description\" content=\"Poslanik Evropskog parlamenta (EP) Nikolaos Salavrakos postavio je pitanje komesaru Evropske komisije \u0160tefanu Fileu \u0161ta \u0107e Brisel preduzeti povodom\" \/>\n<meta name=\"robots\" content=\"index, follow, max-snippet:-1, max-image-preview:large, max-video-preview:-1\" \/>\n<link rel=\"canonical\" href=\"https:\/\/www.visit-ulcinj.com\/blog\/2013\/12\/08\/eu-da-eliminise-velikoalbanske-udzbenike\/\" \/>\n<meta property=\"og:locale\" content=\"en_US\" \/>\n<meta property=\"og:type\" content=\"article\" \/>\n<meta property=\"og:title\" content=\"EU da elimini\u0161e velikoalbanske ud\u017ebenike - Lajme nga Ulqini\" \/>\n<meta property=\"og:description\" content=\"Poslanik Evropskog parlamenta (EP) Nikolaos Salavrakos postavio je pitanje komesaru Evropske komisije \u0160tefanu Fileu \u0161ta \u0107e Brisel preduzeti povodom\" \/>\n<meta property=\"og:url\" content=\"https:\/\/www.visit-ulcinj.com\/blog\/2013\/12\/08\/eu-da-eliminise-velikoalbanske-udzbenike\/\" \/>\n<meta property=\"og:site_name\" content=\"Lajme nga Ulqini\" \/>\n<meta property=\"article:published_time\" content=\"2013-12-08T19:52:37+00:00\" \/>\n<meta property=\"og:image\" content=\"http:\/\/www.visit-ulcinj.com\/blog\/wp-content\/uploads\/2013\/12\/mapa.jpg\" \/>\n<meta name=\"twitter:label1\" content=\"Written by\" \/>\n\t<meta name=\"twitter:data1\" content=\"ulqini\" \/>\n\t<meta name=\"twitter:label2\" content=\"Est. reading time\" \/>\n\t<meta name=\"twitter:data2\" content=\"2 minutes\" \/>\n<script type=\"application\/ld+json\" class=\"yoast-schema-graph\">{\"@context\":\"https:\/\/schema.org\",\"@graph\":[{\"@type\":\"WebSite\",\"@id\":\"https:\/\/www.visit-ulcinj.com\/blog\/#website\",\"url\":\"https:\/\/www.visit-ulcinj.com\/blog\/\",\"name\":\"Lajme nga Ulqini\",\"description\":\"Lajme,Vijesti,Ulqini,Ulqin,Crna Gora,Mali i Zi\",\"potentialAction\":[{\"@type\":\"SearchAction\",\"target\":{\"@type\":\"EntryPoint\",\"urlTemplate\":\"https:\/\/www.visit-ulcinj.com\/blog\/?s={search_term_string}\"},\"query-input\":\"required name=search_term_string\"}],\"inLanguage\":\"en-US\"},{\"@type\":\"ImageObject\",\"inLanguage\":\"en-US\",\"@id\":\"https:\/\/www.visit-ulcinj.com\/blog\/2013\/12\/08\/eu-da-eliminise-velikoalbanske-udzbenike\/#primaryimage\",\"url\":\"https:\/\/www.visit-ulcinj.com\/blog\/wp-content\/uploads\/2013\/12\/mapa.jpg\",\"contentUrl\":\"https:\/\/www.visit-ulcinj.com\/blog\/wp-content\/uploads\/2013\/12\/mapa.jpg\",\"width\":350,\"height\":413},{\"@type\":\"WebPage\",\"@id\":\"https:\/\/www.visit-ulcinj.com\/blog\/2013\/12\/08\/eu-da-eliminise-velikoalbanske-udzbenike\/#webpage\",\"url\":\"https:\/\/www.visit-ulcinj.com\/blog\/2013\/12\/08\/eu-da-eliminise-velikoalbanske-udzbenike\/\",\"name\":\"EU da elimini\u0161e velikoalbanske ud\u017ebenike - Lajme nga Ulqini\",\"isPartOf\":{\"@id\":\"https:\/\/www.visit-ulcinj.com\/blog\/#website\"},\"primaryImageOfPage\":{\"@id\":\"https:\/\/www.visit-ulcinj.com\/blog\/2013\/12\/08\/eu-da-eliminise-velikoalbanske-udzbenike\/#primaryimage\"},\"datePublished\":\"2013-12-08T19:52:37+00:00\",\"dateModified\":\"2013-12-08T19:52:37+00:00\",\"author\":{\"@id\":\"https:\/\/www.visit-ulcinj.com\/blog\/#\/schema\/person\/dcab619c614d3038751c63bc2aadc06d\"},\"description\":\"Poslanik Evropskog parlamenta (EP) Nikolaos Salavrakos postavio je pitanje komesaru Evropske komisije \u0160tefanu Fileu \u0161ta \u0107e Brisel preduzeti povodom\",\"breadcrumb\":{\"@id\":\"https:\/\/www.visit-ulcinj.com\/blog\/2013\/12\/08\/eu-da-eliminise-velikoalbanske-udzbenike\/#breadcrumb\"},\"inLanguage\":\"en-US\",\"potentialAction\":[{\"@type\":\"ReadAction\",\"target\":[\"https:\/\/www.visit-ulcinj.com\/blog\/2013\/12\/08\/eu-da-eliminise-velikoalbanske-udzbenike\/\"]}]},{\"@type\":\"BreadcrumbList\",\"@id\":\"https:\/\/www.visit-ulcinj.com\/blog\/2013\/12\/08\/eu-da-eliminise-velikoalbanske-udzbenike\/#breadcrumb\",\"itemListElement\":[{\"@type\":\"ListItem\",\"position\":1,\"name\":\"EU da elimini\u0161e velikoalbanske ud\u017ebenike\"}]},{\"@type\":\"Person\",\"@id\":\"https:\/\/www.visit-ulcinj.com\/blog\/#\/schema\/person\/dcab619c614d3038751c63bc2aadc06d\",\"name\":\"ulqini\",\"sameAs\":[\"http:\/\/www.visit-ulcinj.com\"],\"url\":\"https:\/\/www.visit-ulcinj.com\/blog\/author\/admin\/\"}]}<\/script>\n<!-- \/ Yoast SEO plugin. -->","yoast_head_json":{"title":"EU da elimini\u0161e velikoalbanske ud\u017ebenike - Lajme nga Ulqini","description":"Poslanik Evropskog parlamenta (EP) Nikolaos Salavrakos postavio je pitanje komesaru Evropske komisije \u0160tefanu Fileu \u0161ta \u0107e Brisel preduzeti povodom","robots":{"index":"index","follow":"follow","max-snippet":"max-snippet:-1","max-image-preview":"max-image-preview:large","max-video-preview":"max-video-preview:-1"},"canonical":"https:\/\/www.visit-ulcinj.com\/blog\/2013\/12\/08\/eu-da-eliminise-velikoalbanske-udzbenike\/","og_locale":"en_US","og_type":"article","og_title":"EU da elimini\u0161e velikoalbanske ud\u017ebenike - Lajme nga Ulqini","og_description":"Poslanik Evropskog parlamenta (EP) Nikolaos Salavrakos postavio je pitanje komesaru Evropske komisije \u0160tefanu Fileu \u0161ta \u0107e Brisel preduzeti povodom","og_url":"https:\/\/www.visit-ulcinj.com\/blog\/2013\/12\/08\/eu-da-eliminise-velikoalbanske-udzbenike\/","og_site_name":"Lajme nga Ulqini","article_published_time":"2013-12-08T19:52:37+00:00","og_image":[{"url":"http:\/\/www.visit-ulcinj.com\/blog\/wp-content\/uploads\/2013\/12\/mapa.jpg"}],"twitter_misc":{"Written by":"ulqini","Est. reading time":"2 minutes"},"schema":{"@context":"https:\/\/schema.org","@graph":[{"@type":"WebSite","@id":"https:\/\/www.visit-ulcinj.com\/blog\/#website","url":"https:\/\/www.visit-ulcinj.com\/blog\/","name":"Lajme nga Ulqini","description":"Lajme,Vijesti,Ulqini,Ulqin,Crna Gora,Mali i Zi","potentialAction":[{"@type":"SearchAction","target":{"@type":"EntryPoint","urlTemplate":"https:\/\/www.visit-ulcinj.com\/blog\/?s={search_term_string}"},"query-input":"required name=search_term_string"}],"inLanguage":"en-US"},{"@type":"ImageObject","inLanguage":"en-US","@id":"https:\/\/www.visit-ulcinj.com\/blog\/2013\/12\/08\/eu-da-eliminise-velikoalbanske-udzbenike\/#primaryimage","url":"https:\/\/www.visit-ulcinj.com\/blog\/wp-content\/uploads\/2013\/12\/mapa.jpg","contentUrl":"https:\/\/www.visit-ulcinj.com\/blog\/wp-content\/uploads\/2013\/12\/mapa.jpg","width":350,"height":413},{"@type":"WebPage","@id":"https:\/\/www.visit-ulcinj.com\/blog\/2013\/12\/08\/eu-da-eliminise-velikoalbanske-udzbenike\/#webpage","url":"https:\/\/www.visit-ulcinj.com\/blog\/2013\/12\/08\/eu-da-eliminise-velikoalbanske-udzbenike\/","name":"EU da elimini\u0161e velikoalbanske ud\u017ebenike - Lajme nga Ulqini","isPartOf":{"@id":"https:\/\/www.visit-ulcinj.com\/blog\/#website"},"primaryImageOfPage":{"@id":"https:\/\/www.visit-ulcinj.com\/blog\/2013\/12\/08\/eu-da-eliminise-velikoalbanske-udzbenike\/#primaryimage"},"datePublished":"2013-12-08T19:52:37+00:00","dateModified":"2013-12-08T19:52:37+00:00","author":{"@id":"https:\/\/www.visit-ulcinj.com\/blog\/#\/schema\/person\/dcab619c614d3038751c63bc2aadc06d"},"description":"Poslanik Evropskog parlamenta (EP) Nikolaos Salavrakos postavio je pitanje komesaru Evropske komisije \u0160tefanu Fileu \u0161ta \u0107e Brisel preduzeti povodom","breadcrumb":{"@id":"https:\/\/www.visit-ulcinj.com\/blog\/2013\/12\/08\/eu-da-eliminise-velikoalbanske-udzbenike\/#breadcrumb"},"inLanguage":"en-US","potentialAction":[{"@type":"ReadAction","target":["https:\/\/www.visit-ulcinj.com\/blog\/2013\/12\/08\/eu-da-eliminise-velikoalbanske-udzbenike\/"]}]},{"@type":"BreadcrumbList","@id":"https:\/\/www.visit-ulcinj.com\/blog\/2013\/12\/08\/eu-da-eliminise-velikoalbanske-udzbenike\/#breadcrumb","itemListElement":[{"@type":"ListItem","position":1,"name":"EU da elimini\u0161e velikoalbanske ud\u017ebenike"}]},{"@type":"Person","@id":"https:\/\/www.visit-ulcinj.com\/blog\/#\/schema\/person\/dcab619c614d3038751c63bc2aadc06d","name":"ulqini","sameAs":["http:\/\/www.visit-ulcinj.com"],"url":"https:\/\/www.visit-ulcinj.com\/blog\/author\/admin\/"}]}},"jetpack_featured_media_url":"","jetpack_sharing_enabled":true,"jetpack_shortlink":"https:\/\/wp.me\/pe6lTn-k2p","_links":{"self":[{"href":"https:\/\/www.visit-ulcinj.com\/blog\/wp-json\/wp\/v2\/posts\/77029"}],"collection":[{"href":"https:\/\/www.visit-ulcinj.com\/blog\/wp-json\/wp\/v2\/posts"}],"about":[{"href":"https:\/\/www.visit-ulcinj.com\/blog\/wp-json\/wp\/v2\/types\/post"}],"author":[{"embeddable":true,"href":"https:\/\/www.visit-ulcinj.com\/blog\/wp-json\/wp\/v2\/users\/1"}],"replies":[{"embeddable":true,"href":"https:\/\/www.visit-ulcinj.com\/blog\/wp-json\/wp\/v2\/comments?post=77029"}],"version-history":[{"count":1,"href":"https:\/\/www.visit-ulcinj.com\/blog\/wp-json\/wp\/v2\/posts\/77029\/revisions"}],"predecessor-version":[{"id":77031,"href":"https:\/\/www.visit-ulcinj.com\/blog\/wp-json\/wp\/v2\/posts\/77029\/revisions\/77031"}],"wp:attachment":[{"href":"https:\/\/www.visit-ulcinj.com\/blog\/wp-json\/wp\/v2\/media?parent=77029"}],"wp:term":[{"taxonomy":"category","embeddable":true,"href":"https:\/\/www.visit-ulcinj.com\/blog\/wp-json\/wp\/v2\/categories?post=77029"},{"taxonomy":"post_tag","embeddable":true,"href":"https:\/\/www.visit-ulcinj.com\/blog\/wp-json\/wp\/v2\/tags?post=77029"}],"curies":[{"name":"wp","href":"https:\/\/api.w.org\/{rel}","templated":true}]}}