{"id":77032,"date":"2013-12-09T16:17:17","date_gmt":"2013-12-09T15:17:17","guid":{"rendered":"http:\/\/www.visit-ulcinj.com\/blog\/?p=77032"},"modified":"2013-12-10T18:23:27","modified_gmt":"2013-12-10T17:23:27","slug":"bujar-hasangjekaj-zgjidhet-anetar-knsh-se","status":"publish","type":"post","link":"https:\/\/www.visit-ulcinj.com\/blog\/2013\/12\/09\/bujar-hasangjekaj-zgjidhet-anetar-knsh-se\/","title":{"rendered":"Bujar Hasangjekaj  zgjidhet an\u00ebtar i KNSH-s\u00eb"},"content":{"rendered":"<p><strong><a href=\"http:\/\/www.visit-ulcinj.com\/blog\/wp-content\/uploads\/2013\/12\/Bujar-Hasangjekaj.jpg\"><img loading=\"lazy\" class=\"alignleft  wp-image-77033\" alt=\"Bujar-Hasangjekaj\" src=\"http:\/\/www.visit-ulcinj.com\/blog\/wp-content\/uploads\/2013\/12\/Bujar-Hasangjekaj.jpg\" width=\"508\" height=\"360\" \/><\/a>K\u00cbSHILLI NACIONAL I SHQIPTAR\u00cbVE N\u00cb MALIN E ZI<\/strong><\/p>\n<p><strong>NACIONALNI SAVJET ALBANACA U CRNOJ GORI<\/strong><\/p>\n<p><strong>ALBANIAN\u00a0 NATIONAL COUNCIL IN MONTENEGRO<\/strong><\/p>\n<p>Nr.73\/13<\/p>\n<p>Ulqin, me 07.12.2013<\/p>\n<p>&nbsp;<\/p>\n<p>&nbsp;<\/p>\n<p style=\"text-align: center;\"><strong>KUMTES\u00cb\u00a0 P\u00cbR OPINION<\/strong><\/p>\n<p>&nbsp;<\/p>\n<p>K\u00ebshilli Nacional i Shqiptar\u00ebve n\u00eb Mal t\u00eb Zi me dat\u00eb 07.12.2013 ka mbajtur mbledhjen e rregullt.<\/p>\n<p>N\u00eb k\u00ebt\u00eb mbledhje u b\u00eb zgjedhja e an\u00ebtarit t\u00eb KNSH-s\u00eb n\u00eb K\u00ebshillin drejtues t\u00eb Fondit p\u00ebr mbrojtjen dhe realizimin e t\u00eb drejtave t\u00eb pakicave n\u00eb Malin e Zi, si dhe \u00ebsht\u00eb marr\u00eb vendimi p\u00ebr formimin e dy komisioneve t\u00eb p\u00ebrkohshme.<\/p>\n<p>P\u00ebr an\u00ebtar t\u00eb KNSH-s\u00eb n\u00eb K\u00ebshillin drejtues t\u00eb Fondit p\u00ebr mbrojtjen dhe realizimin e t\u00eb drejtave t\u00eb pakicave n\u00eb Malin e Zi, me votim t\u00eb fsheht\u00eb, \u00ebsht\u00eb zgjedhur z.Bujar Hasangjekaj.<\/p>\n<p>Nd\u00ebrsa dy komisionet t\u00eb cilat jan\u00eb formuar kan\u00eb karakter t\u00eb p\u00ebrkohsh\u00ebm dhe do t\u00eb mbulojn\u00eb pun\u00ebn e komisioneve ekzistuese, deri n\u00eb zgjedhjen e komisioneve t\u00eb p\u00ebrhershme, q\u00eb do t\u00eb formohen n\u00eb p\u00ebrputhje me ndryshimet dhe plot\u00ebsimet e satatutit dhe rregullores s\u00eb pun\u00ebs q\u00eb jan\u00eb duke u p\u00ebrgatitur nga grupi punues i KNSH-s\u00eb.<\/p>\n<p>&nbsp;<\/p>\n<p>Kryetari,<\/p>\n<p>Genci Nimanbegu<\/p>\n<p>&nbsp;<\/p>\n","protected":false},"excerpt":{"rendered":"<p>K\u00cbSHILLI NACIONAL I SHQIPTAR\u00cbVE N\u00cb MALIN E ZI NACIONALNI SAVJET ALBANACA U CRNOJ GORI ALBANIAN\u00a0 NATIONAL COUNCIL IN MONTENEGRO Nr.73\/13 Ulqin, me 07.12.2013 &nbsp; &nbsp; KUMTES\u00cb\u00a0 P\u00cbR OPINION &nbsp; K\u00ebshilli Nacional i Shqiptar\u00ebve n\u00eb Mal t\u00eb Zi me dat\u00eb 07.12.2013 ka mbajtur mbledhjen e rregullt. N\u00eb k\u00ebt\u00eb mbledhje u b\u00eb zgjedhja e an\u00ebtarit t\u00eb KNSH-s\u00eb [&hellip;]<\/p>\n","protected":false},"author":1,"featured_media":0,"comment_status":"closed","ping_status":"closed","sticky":false,"template":"","format":"standard","meta":{"spay_email":"","jetpack_publicize_message":"","jetpack_is_tweetstorm":false,"jetpack_publicize_feature_enabled":true},"categories":[1,12],"tags":[],"jetpack_publicize_connections":[],"yoast_head":"<!-- This site is optimized with the Yoast SEO plugin v19.1 - https:\/\/yoast.com\/wordpress\/plugins\/seo\/ -->\n<title>Bujar Hasangjekaj zgjidhet an\u00ebtar i KNSH-s\u00eb - Lajme nga Ulqini<\/title>\n<meta name=\"description\" content=\"K\u00cbSHILLI NACIONAL I SHQIPTAR\u00cbVE N\u00cb MALIN E ZI NACIONALNI SAVJET ALBANACA U CRNOJ GORI ALBANIAN\u00a0 NATIONAL COUNCIL IN MONTENEGRO Nr.73\/13 Ulqin, me\" \/>\n<meta name=\"robots\" content=\"index, follow, max-snippet:-1, max-image-preview:large, max-video-preview:-1\" \/>\n<link rel=\"canonical\" href=\"https:\/\/www.visit-ulcinj.com\/blog\/2013\/12\/09\/bujar-hasangjekaj-zgjidhet-anetar-knsh-se\/\" \/>\n<meta property=\"og:locale\" content=\"en_US\" \/>\n<meta property=\"og:type\" content=\"article\" \/>\n<meta property=\"og:title\" content=\"Bujar Hasangjekaj zgjidhet an\u00ebtar i KNSH-s\u00eb - Lajme nga Ulqini\" \/>\n<meta property=\"og:description\" content=\"K\u00cbSHILLI NACIONAL I SHQIPTAR\u00cbVE N\u00cb MALIN E ZI NACIONALNI SAVJET ALBANACA U CRNOJ GORI ALBANIAN\u00a0 NATIONAL COUNCIL IN MONTENEGRO Nr.73\/13 Ulqin, me\" \/>\n<meta property=\"og:url\" content=\"https:\/\/www.visit-ulcinj.com\/blog\/2013\/12\/09\/bujar-hasangjekaj-zgjidhet-anetar-knsh-se\/\" \/>\n<meta property=\"og:site_name\" content=\"Lajme nga Ulqini\" \/>\n<meta property=\"article:published_time\" content=\"2013-12-09T15:17:17+00:00\" \/>\n<meta property=\"article:modified_time\" content=\"2013-12-10T17:23:27+00:00\" \/>\n<meta property=\"og:image\" content=\"http:\/\/www.visit-ulcinj.com\/blog\/wp-content\/uploads\/2013\/12\/Bujar-Hasangjekaj.jpg\" \/>\n<meta name=\"twitter:label1\" content=\"Written by\" \/>\n\t<meta name=\"twitter:data1\" content=\"ulqini\" \/>\n\t<meta name=\"twitter:label2\" content=\"Est. reading time\" \/>\n\t<meta name=\"twitter:data2\" content=\"1 minute\" \/>\n<script type=\"application\/ld+json\" class=\"yoast-schema-graph\">{\"@context\":\"https:\/\/schema.org\",\"@graph\":[{\"@type\":\"WebSite\",\"@id\":\"https:\/\/www.visit-ulcinj.com\/blog\/#website\",\"url\":\"https:\/\/www.visit-ulcinj.com\/blog\/\",\"name\":\"Lajme nga Ulqini\",\"description\":\"Lajme,Vijesti,Ulqini,Ulqin,Crna Gora,Mali i Zi\",\"potentialAction\":[{\"@type\":\"SearchAction\",\"target\":{\"@type\":\"EntryPoint\",\"urlTemplate\":\"https:\/\/www.visit-ulcinj.com\/blog\/?s={search_term_string}\"},\"query-input\":\"required name=search_term_string\"}],\"inLanguage\":\"en-US\"},{\"@type\":\"ImageObject\",\"inLanguage\":\"en-US\",\"@id\":\"https:\/\/www.visit-ulcinj.com\/blog\/2013\/12\/09\/bujar-hasangjekaj-zgjidhet-anetar-knsh-se\/#primaryimage\",\"url\":\"https:\/\/www.visit-ulcinj.com\/blog\/wp-content\/uploads\/2013\/12\/Bujar-Hasangjekaj.jpg\",\"contentUrl\":\"https:\/\/www.visit-ulcinj.com\/blog\/wp-content\/uploads\/2013\/12\/Bujar-Hasangjekaj.jpg\",\"width\":774,\"height\":593},{\"@type\":\"WebPage\",\"@id\":\"https:\/\/www.visit-ulcinj.com\/blog\/2013\/12\/09\/bujar-hasangjekaj-zgjidhet-anetar-knsh-se\/#webpage\",\"url\":\"https:\/\/www.visit-ulcinj.com\/blog\/2013\/12\/09\/bujar-hasangjekaj-zgjidhet-anetar-knsh-se\/\",\"name\":\"Bujar Hasangjekaj zgjidhet an\u00ebtar i KNSH-s\u00eb - Lajme nga Ulqini\",\"isPartOf\":{\"@id\":\"https:\/\/www.visit-ulcinj.com\/blog\/#website\"},\"primaryImageOfPage\":{\"@id\":\"https:\/\/www.visit-ulcinj.com\/blog\/2013\/12\/09\/bujar-hasangjekaj-zgjidhet-anetar-knsh-se\/#primaryimage\"},\"datePublished\":\"2013-12-09T15:17:17+00:00\",\"dateModified\":\"2013-12-10T17:23:27+00:00\",\"author\":{\"@id\":\"https:\/\/www.visit-ulcinj.com\/blog\/#\/schema\/person\/dcab619c614d3038751c63bc2aadc06d\"},\"description\":\"K\u00cbSHILLI NACIONAL I SHQIPTAR\u00cbVE N\u00cb MALIN E ZI NACIONALNI SAVJET ALBANACA U CRNOJ GORI ALBANIAN\u00a0 NATIONAL COUNCIL IN MONTENEGRO Nr.73\/13 Ulqin, me\",\"breadcrumb\":{\"@id\":\"https:\/\/www.visit-ulcinj.com\/blog\/2013\/12\/09\/bujar-hasangjekaj-zgjidhet-anetar-knsh-se\/#breadcrumb\"},\"inLanguage\":\"en-US\",\"potentialAction\":[{\"@type\":\"ReadAction\",\"target\":[\"https:\/\/www.visit-ulcinj.com\/blog\/2013\/12\/09\/bujar-hasangjekaj-zgjidhet-anetar-knsh-se\/\"]}]},{\"@type\":\"BreadcrumbList\",\"@id\":\"https:\/\/www.visit-ulcinj.com\/blog\/2013\/12\/09\/bujar-hasangjekaj-zgjidhet-anetar-knsh-se\/#breadcrumb\",\"itemListElement\":[{\"@type\":\"ListItem\",\"position\":1,\"name\":\"Bujar Hasangjekaj zgjidhet an\u00ebtar i KNSH-s\u00eb\"}]},{\"@type\":\"Person\",\"@id\":\"https:\/\/www.visit-ulcinj.com\/blog\/#\/schema\/person\/dcab619c614d3038751c63bc2aadc06d\",\"name\":\"ulqini\",\"sameAs\":[\"http:\/\/www.visit-ulcinj.com\"],\"url\":\"https:\/\/www.visit-ulcinj.com\/blog\/author\/admin\/\"}]}<\/script>\n<!-- \/ Yoast SEO plugin. -->","yoast_head_json":{"title":"Bujar Hasangjekaj zgjidhet an\u00ebtar i KNSH-s\u00eb - Lajme nga Ulqini","description":"K\u00cbSHILLI NACIONAL I SHQIPTAR\u00cbVE N\u00cb MALIN E ZI NACIONALNI SAVJET ALBANACA U CRNOJ GORI ALBANIAN\u00a0 NATIONAL COUNCIL IN MONTENEGRO Nr.73\/13 Ulqin, me","robots":{"index":"index","follow":"follow","max-snippet":"max-snippet:-1","max-image-preview":"max-image-preview:large","max-video-preview":"max-video-preview:-1"},"canonical":"https:\/\/www.visit-ulcinj.com\/blog\/2013\/12\/09\/bujar-hasangjekaj-zgjidhet-anetar-knsh-se\/","og_locale":"en_US","og_type":"article","og_title":"Bujar Hasangjekaj zgjidhet an\u00ebtar i KNSH-s\u00eb - Lajme nga Ulqini","og_description":"K\u00cbSHILLI NACIONAL I SHQIPTAR\u00cbVE N\u00cb MALIN E ZI NACIONALNI SAVJET ALBANACA U CRNOJ GORI ALBANIAN\u00a0 NATIONAL COUNCIL IN MONTENEGRO Nr.73\/13 Ulqin, me","og_url":"https:\/\/www.visit-ulcinj.com\/blog\/2013\/12\/09\/bujar-hasangjekaj-zgjidhet-anetar-knsh-se\/","og_site_name":"Lajme nga Ulqini","article_published_time":"2013-12-09T15:17:17+00:00","article_modified_time":"2013-12-10T17:23:27+00:00","og_image":[{"url":"http:\/\/www.visit-ulcinj.com\/blog\/wp-content\/uploads\/2013\/12\/Bujar-Hasangjekaj.jpg"}],"twitter_misc":{"Written by":"ulqini","Est. reading time":"1 minute"},"schema":{"@context":"https:\/\/schema.org","@graph":[{"@type":"WebSite","@id":"https:\/\/www.visit-ulcinj.com\/blog\/#website","url":"https:\/\/www.visit-ulcinj.com\/blog\/","name":"Lajme nga Ulqini","description":"Lajme,Vijesti,Ulqini,Ulqin,Crna Gora,Mali i Zi","potentialAction":[{"@type":"SearchAction","target":{"@type":"EntryPoint","urlTemplate":"https:\/\/www.visit-ulcinj.com\/blog\/?s={search_term_string}"},"query-input":"required name=search_term_string"}],"inLanguage":"en-US"},{"@type":"ImageObject","inLanguage":"en-US","@id":"https:\/\/www.visit-ulcinj.com\/blog\/2013\/12\/09\/bujar-hasangjekaj-zgjidhet-anetar-knsh-se\/#primaryimage","url":"https:\/\/www.visit-ulcinj.com\/blog\/wp-content\/uploads\/2013\/12\/Bujar-Hasangjekaj.jpg","contentUrl":"https:\/\/www.visit-ulcinj.com\/blog\/wp-content\/uploads\/2013\/12\/Bujar-Hasangjekaj.jpg","width":774,"height":593},{"@type":"WebPage","@id":"https:\/\/www.visit-ulcinj.com\/blog\/2013\/12\/09\/bujar-hasangjekaj-zgjidhet-anetar-knsh-se\/#webpage","url":"https:\/\/www.visit-ulcinj.com\/blog\/2013\/12\/09\/bujar-hasangjekaj-zgjidhet-anetar-knsh-se\/","name":"Bujar Hasangjekaj zgjidhet an\u00ebtar i KNSH-s\u00eb - Lajme nga Ulqini","isPartOf":{"@id":"https:\/\/www.visit-ulcinj.com\/blog\/#website"},"primaryImageOfPage":{"@id":"https:\/\/www.visit-ulcinj.com\/blog\/2013\/12\/09\/bujar-hasangjekaj-zgjidhet-anetar-knsh-se\/#primaryimage"},"datePublished":"2013-12-09T15:17:17+00:00","dateModified":"2013-12-10T17:23:27+00:00","author":{"@id":"https:\/\/www.visit-ulcinj.com\/blog\/#\/schema\/person\/dcab619c614d3038751c63bc2aadc06d"},"description":"K\u00cbSHILLI NACIONAL I SHQIPTAR\u00cbVE N\u00cb MALIN E ZI NACIONALNI SAVJET ALBANACA U CRNOJ GORI ALBANIAN\u00a0 NATIONAL COUNCIL IN MONTENEGRO Nr.73\/13 Ulqin, me","breadcrumb":{"@id":"https:\/\/www.visit-ulcinj.com\/blog\/2013\/12\/09\/bujar-hasangjekaj-zgjidhet-anetar-knsh-se\/#breadcrumb"},"inLanguage":"en-US","potentialAction":[{"@type":"ReadAction","target":["https:\/\/www.visit-ulcinj.com\/blog\/2013\/12\/09\/bujar-hasangjekaj-zgjidhet-anetar-knsh-se\/"]}]},{"@type":"BreadcrumbList","@id":"https:\/\/www.visit-ulcinj.com\/blog\/2013\/12\/09\/bujar-hasangjekaj-zgjidhet-anetar-knsh-se\/#breadcrumb","itemListElement":[{"@type":"ListItem","position":1,"name":"Bujar Hasangjekaj zgjidhet an\u00ebtar i KNSH-s\u00eb"}]},{"@type":"Person","@id":"https:\/\/www.visit-ulcinj.com\/blog\/#\/schema\/person\/dcab619c614d3038751c63bc2aadc06d","name":"ulqini","sameAs":["http:\/\/www.visit-ulcinj.com"],"url":"https:\/\/www.visit-ulcinj.com\/blog\/author\/admin\/"}]}},"jetpack_featured_media_url":"","jetpack_sharing_enabled":true,"jetpack_shortlink":"https:\/\/wp.me\/pe6lTn-k2s","_links":{"self":[{"href":"https:\/\/www.visit-ulcinj.com\/blog\/wp-json\/wp\/v2\/posts\/77032"}],"collection":[{"href":"https:\/\/www.visit-ulcinj.com\/blog\/wp-json\/wp\/v2\/posts"}],"about":[{"href":"https:\/\/www.visit-ulcinj.com\/blog\/wp-json\/wp\/v2\/types\/post"}],"author":[{"embeddable":true,"href":"https:\/\/www.visit-ulcinj.com\/blog\/wp-json\/wp\/v2\/users\/1"}],"replies":[{"embeddable":true,"href":"https:\/\/www.visit-ulcinj.com\/blog\/wp-json\/wp\/v2\/comments?post=77032"}],"version-history":[{"count":1,"href":"https:\/\/www.visit-ulcinj.com\/blog\/wp-json\/wp\/v2\/posts\/77032\/revisions"}],"predecessor-version":[{"id":77034,"href":"https:\/\/www.visit-ulcinj.com\/blog\/wp-json\/wp\/v2\/posts\/77032\/revisions\/77034"}],"wp:attachment":[{"href":"https:\/\/www.visit-ulcinj.com\/blog\/wp-json\/wp\/v2\/media?parent=77032"}],"wp:term":[{"taxonomy":"category","embeddable":true,"href":"https:\/\/www.visit-ulcinj.com\/blog\/wp-json\/wp\/v2\/categories?post=77032"},{"taxonomy":"post_tag","embeddable":true,"href":"https:\/\/www.visit-ulcinj.com\/blog\/wp-json\/wp\/v2\/tags?post=77032"}],"curies":[{"name":"wp","href":"https:\/\/api.w.org\/{rel}","templated":true}]}}